{"id":233997,"date":"2019-08-20T17:27:13","date_gmt":"2019-08-20T16:27:13","guid":{"rendered":"http:\/\/kapitalis.com\/tunisie\/?p=233997"},"modified":"2019-08-20T17:27:17","modified_gmt":"2019-08-20T16:27:17","slug":"bientot-des-hausses-de-135-a-180-dt-pour-le-personnel-de-la-fonction-publique","status":"publish","type":"post","link":"https:\/\/kapitalis.com\/tunisie\/2019\/08\/20\/bientot-des-hausses-de-135-a-180-dt-pour-le-personnel-de-la-fonction-publique\/","title":{"rendered":"Bient\u00f4t des hausses de 135 \u00e0 180 DT pour le personnel de la fonction publique"},"content":{"rendered":"\n<figure class=\"wp-block-image\"><img decoding=\"async\" src=\"http:\/\/kapitalis.com\/tunisie\/wp-content\/uploads\/2019\/08\/augmentation-de-salaires...-2.jpg\" alt=\"\" class=\"wp-image-234023\"\/><\/figure>\n\n\n\n<p><strong><em>L&rsquo;accord du 17 ao\u00fbt 2019 entre l&rsquo;Union g\u00e9n\u00e9rale tunisienne du travail (UGTT) et le gouvernement sur le versement de la 3e tranche des augmentations salariales<\/em><\/strong> <strong><em>va permettre au personnel de la fonction publique de b\u00e9n\u00e9ficier d&rsquo;une hausse de 170 \u00e0 180 DT pour les cadres, et de 135 \u00e0 155 DT pour les ouvriers. Contre l&rsquo;avis d\u00e9favorable du FMI&#8230;<\/em><\/strong><\/p>\n\n\n\n<!--more-->\n\n\n\n<p>Cet accord fait suite \u00e0 l&rsquo;annonce de la centrale syndicale, en f\u00e9vrier dernier, que les n\u00e9gociations sur la 3e tranche des augmentations de salaire de la fonction publique auraient lieu le 31 juillet, apr\u00e8s la signature de l\u2019accord avec le gouvernement \u00e0 ce sujet. <\/p>\n\n\n\n<p>Lequel accord avait permis l\u2019annulation de la gr\u00e8ve g\u00e9n\u00e9rale pr\u00e9vue les 20 et 21 f\u00e9vrier dans la fonction et le secteur publics.<\/p>\n\n\n\n<p>Or, tout trois mois plus tard, le 22 mai dernier, un engagement ferme avait \u00e9t\u00e9 exprim\u00e9 par le gouvernement tunisien, sign\u00e9 Youssef Chahed (chef de gouvernement) et Marouane El Abassi (gouverneur de la Banque centrale de Tunisie) dans une lettre adress\u00e9e au Fonds mon\u00e9taire international (FMI), \u00e0 ne pas augmenter les salaires en 2019 ou 2020: \u00ab<em>7. We will pursue efforts to reduce the public wage bill (&#8230;). We are not planning any new salary increases in 2019 or 2020<\/em>\u00bb, lit-on dans un courrier officiel envoy\u00e9 au FMI. <br><\/p>\n\n\n\n<p>Il est vrai que la pression syndicale est tr\u00e8s forte et que les \u00e9lections pr\u00e9sidentielles et l\u00e9gislatives auxquelles M. Chahed et son parti, Tahya Tounes, sont en lice, valent bien un nouveau sacrifice&#8230; du tr\u00e9sor public.  <\/p>\n\n\n<p style=\"text-align: right;\"><strong>A. M.<\/strong><\/p>","protected":false},"excerpt":{"rendered":"<p>L&rsquo;accord du 17 ao\u00fbt 2019 entre l&rsquo;Union g\u00e9n\u00e9rale tunisienne du travail (UGTT) et le gouvernement sur le versement de la 3e tranche des augmentations salariales va permettre au personnel de la fonction publique de b\u00e9n\u00e9ficier d&rsquo;une hausse de 170 \u00e0 180 DT pour les cadres, et de 135 \u00e0 155 DT pour les ouvriers. Contre&#8230;<\/p>\n","protected":false},"author":22,"featured_media":234023,"comment_status":"open","ping_status":"open","sticky":false,"template":"","format":"standard","meta":{"footnotes":""},"categories":[995,2433],"tags":[1194],"class_list":["post-233997","post","type-post","status-publish","format-standard","has-post-thumbnail","hentry","category-economie","category-tunisie","tag-fonction-publique"],"yoast_head":"<!-- This site is optimized with the Yoast SEO plugin v26.6 - https:\/\/yoast.com\/wordpress\/plugins\/seo\/ -->\n<title>Bient\u00f4t des hausses de 135 \u00e0 180 DT pour le personnel de la fonction publique - Kapitalis<\/title>\n<meta name=\"robots\" content=\"index, follow, max-snippet:-1, max-image-preview:large, max-video-preview:-1\" \/>\n<link rel=\"canonical\" href=\"https:\/\/kapitalis.com\/tunisie\/2019\/08\/20\/bientot-des-hausses-de-135-a-180-dt-pour-le-personnel-de-la-fonction-publique\/\" \/>\n<meta property=\"og:locale\" content=\"fr_FR\" \/>\n<meta property=\"og:type\" content=\"article\" \/>\n<meta property=\"og:title\" content=\"Bient\u00f4t des hausses de 135 \u00e0 180 DT pour le personnel de la fonction publique - Kapitalis\" \/>\n<meta property=\"og:description\" content=\"L&rsquo;accord du 17 ao\u00fbt 2019 entre l&rsquo;Union g\u00e9n\u00e9rale tunisienne du travail (UGTT) et le gouvernement sur le versement de la 3e tranche des augmentations salariales va permettre au personnel de la fonction publique de b\u00e9n\u00e9ficier d&rsquo;une hausse de 170 \u00e0 180 DT pour les cadres, et de 135 \u00e0 155 DT pour les ouvriers. Contre...\" \/>\n<meta property=\"og:url\" content=\"https:\/\/kapitalis.com\/tunisie\/2019\/08\/20\/bientot-des-hausses-de-135-a-180-dt-pour-le-personnel-de-la-fonction-publique\/\" \/>\n<meta property=\"og:site_name\" content=\"Kapitalis\" \/>\n<meta property=\"article:publisher\" content=\"https:\/\/www.facebook.com\/KapitalisInfo\/\" \/>\n<meta property=\"article:published_time\" content=\"2019-08-20T16:27:13+00:00\" \/>\n<meta property=\"article:modified_time\" content=\"2019-08-20T16:27:17+00:00\" \/>\n<meta property=\"og:image\" content=\"https:\/\/kapitalis.com\/tunisie\/wp-content\/uploads\/2022\/05\/kapitalis-logo-fb.png\" \/>\n\t<meta property=\"og:image:width\" content=\"1200\" \/>\n\t<meta property=\"og:image:height\" content=\"630\" \/>\n\t<meta property=\"og:image:type\" content=\"image\/png\" \/>\n<meta name=\"author\" content=\"Amina Mkada\" \/>\n<meta name=\"twitter:card\" content=\"summary_large_image\" \/>\n<meta name=\"twitter:creator\" content=\"@KapitalisInfo\" \/>\n<meta name=\"twitter:site\" content=\"@KapitalisInfo\" \/>\n<meta name=\"twitter:label1\" content=\"\u00c9crit par\" \/>\n\t<meta name=\"twitter:data1\" content=\"Amina Mkada\" \/>\n\t<meta name=\"twitter:label2\" content=\"Dur\u00e9e de lecture estim\u00e9e\" \/>\n\t<meta name=\"twitter:data2\" content=\"1 minute\" \/>\n<script type=\"application\/ld+json\" class=\"yoast-schema-graph\">{\"@context\":\"https:\/\/schema.org\",\"@graph\":[{\"@type\":\"Article\",\"@id\":\"https:\/\/kapitalis.com\/tunisie\/2019\/08\/20\/bientot-des-hausses-de-135-a-180-dt-pour-le-personnel-de-la-fonction-publique\/#article\",\"isPartOf\":{\"@id\":\"https:\/\/kapitalis.com\/tunisie\/2019\/08\/20\/bientot-des-hausses-de-135-a-180-dt-pour-le-personnel-de-la-fonction-publique\/\"},\"author\":{\"name\":\"Amina Mkada\",\"@id\":\"https:\/\/kapitalis.com\/tunisie\/#\/schema\/person\/093913313d3017554cb3ad077fff3fbd\"},\"headline\":\"Bient\u00f4t des hausses de 135 \u00e0 180 DT pour le personnel de la fonction publique\",\"datePublished\":\"2019-08-20T16:27:13+00:00\",\"dateModified\":\"2019-08-20T16:27:17+00:00\",\"mainEntityOfPage\":{\"@id\":\"https:\/\/kapitalis.com\/tunisie\/2019\/08\/20\/bientot-des-hausses-de-135-a-180-dt-pour-le-personnel-de-la-fonction-publique\/\"},\"wordCount\":265,\"commentCount\":1,\"publisher\":{\"@id\":\"https:\/\/kapitalis.com\/tunisie\/#organization\"},\"image\":{\"@id\":\"https:\/\/kapitalis.com\/tunisie\/2019\/08\/20\/bientot-des-hausses-de-135-a-180-dt-pour-le-personnel-de-la-fonction-publique\/#primaryimage\"},\"thumbnailUrl\":\"\",\"keywords\":[\"fonction publique\"],\"articleSection\":[\"ECONOMIE\",\"Tunisie\"],\"inLanguage\":\"fr-FR\",\"potentialAction\":[{\"@type\":\"CommentAction\",\"name\":\"Comment\",\"target\":[\"https:\/\/kapitalis.com\/tunisie\/2019\/08\/20\/bientot-des-hausses-de-135-a-180-dt-pour-le-personnel-de-la-fonction-publique\/#respond\"]}]},{\"@type\":\"WebPage\",\"@id\":\"https:\/\/kapitalis.com\/tunisie\/2019\/08\/20\/bientot-des-hausses-de-135-a-180-dt-pour-le-personnel-de-la-fonction-publique\/\",\"url\":\"https:\/\/kapitalis.com\/tunisie\/2019\/08\/20\/bientot-des-hausses-de-135-a-180-dt-pour-le-personnel-de-la-fonction-publique\/\",\"name\":\"Bient\u00f4t des hausses de 135 \u00e0 180 DT pour le personnel de la fonction publique - Kapitalis\",\"isPartOf\":{\"@id\":\"https:\/\/kapitalis.com\/tunisie\/#website\"},\"primaryImageOfPage\":{\"@id\":\"https:\/\/kapitalis.com\/tunisie\/2019\/08\/20\/bientot-des-hausses-de-135-a-180-dt-pour-le-personnel-de-la-fonction-publique\/#primaryimage\"},\"image\":{\"@id\":\"https:\/\/kapitalis.com\/tunisie\/2019\/08\/20\/bientot-des-hausses-de-135-a-180-dt-pour-le-personnel-de-la-fonction-publique\/#primaryimage\"},\"thumbnailUrl\":\"\",\"datePublished\":\"2019-08-20T16:27:13+00:00\",\"dateModified\":\"2019-08-20T16:27:17+00:00\",\"breadcrumb\":{\"@id\":\"https:\/\/kapitalis.com\/tunisie\/2019\/08\/20\/bientot-des-hausses-de-135-a-180-dt-pour-le-personnel-de-la-fonction-publique\/#breadcrumb\"},\"inLanguage\":\"fr-FR\",\"potentialAction\":[{\"@type\":\"ReadAction\",\"target\":[\"https:\/\/kapitalis.com\/tunisie\/2019\/08\/20\/bientot-des-hausses-de-135-a-180-dt-pour-le-personnel-de-la-fonction-publique\/\"]}]},{\"@type\":\"ImageObject\",\"inLanguage\":\"fr-FR\",\"@id\":\"https:\/\/kapitalis.com\/tunisie\/2019\/08\/20\/bientot-des-hausses-de-135-a-180-dt-pour-le-personnel-de-la-fonction-publique\/#primaryimage\",\"url\":\"\",\"contentUrl\":\"\"},{\"@type\":\"BreadcrumbList\",\"@id\":\"https:\/\/kapitalis.com\/tunisie\/2019\/08\/20\/bientot-des-hausses-de-135-a-180-dt-pour-le-personnel-de-la-fonction-publique\/#breadcrumb\",\"itemListElement\":[{\"@type\":\"ListItem\",\"position\":1,\"name\":\"Accueil\",\"item\":\"https:\/\/kapitalis.com\/tunisie\/\"},{\"@type\":\"ListItem\",\"position\":2,\"name\":\"Bient\u00f4t des hausses de 135 \u00e0 180 DT pour le personnel de la fonction publique\"}]},{\"@type\":\"WebSite\",\"@id\":\"https:\/\/kapitalis.com\/tunisie\/#website\",\"url\":\"https:\/\/kapitalis.com\/tunisie\/\",\"name\":\"Kapitalis\",\"description\":\"L&#039;actualit\u00e9 en Tunisie et dans le monde\",\"publisher\":{\"@id\":\"https:\/\/kapitalis.com\/tunisie\/#organization\"},\"potentialAction\":[{\"@type\":\"SearchAction\",\"target\":{\"@type\":\"EntryPoint\",\"urlTemplate\":\"https:\/\/kapitalis.com\/tunisie\/?s={search_term_string}\"},\"query-input\":{\"@type\":\"PropertyValueSpecification\",\"valueRequired\":true,\"valueName\":\"search_term_string\"}}],\"inLanguage\":\"fr-FR\"},{\"@type\":\"Organization\",\"@id\":\"https:\/\/kapitalis.com\/tunisie\/#organization\",\"name\":\"Kapitalis\",\"url\":\"https:\/\/kapitalis.com\/tunisie\/\",\"logo\":{\"@type\":\"ImageObject\",\"inLanguage\":\"fr-FR\",\"@id\":\"https:\/\/kapitalis.com\/tunisie\/#\/schema\/logo\/image\/\",\"url\":\"https:\/\/kapitalis.com\/tunisie\/wp-content\/uploads\/2022\/05\/Kapitalis-big-size.png\",\"contentUrl\":\"https:\/\/kapitalis.com\/tunisie\/wp-content\/uploads\/2022\/05\/Kapitalis-big-size.png\",\"width\":5000,\"height\":1500,\"caption\":\"Kapitalis\"},\"image\":{\"@id\":\"https:\/\/kapitalis.com\/tunisie\/#\/schema\/logo\/image\/\"},\"sameAs\":[\"https:\/\/www.facebook.com\/KapitalisInfo\/\",\"https:\/\/x.com\/KapitalisInfo\",\"https:\/\/www.youtube.com\/channel\/UC-yDYrHyfFBWWZaOw3FPg9Q\"]},{\"@type\":\"Person\",\"@id\":\"https:\/\/kapitalis.com\/tunisie\/#\/schema\/person\/093913313d3017554cb3ad077fff3fbd\",\"name\":\"Amina Mkada\",\"url\":\"https:\/\/kapitalis.com\/tunisie\/author\/amina\/\"}]}<\/script>\n<!-- \/ Yoast SEO plugin. -->","yoast_head_json":{"title":"Bient\u00f4t des hausses de 135 \u00e0 180 DT pour le personnel de la fonction publique - Kapitalis","robots":{"index":"index","follow":"follow","max-snippet":"max-snippet:-1","max-image-preview":"max-image-preview:large","max-video-preview":"max-video-preview:-1"},"canonical":"https:\/\/kapitalis.com\/tunisie\/2019\/08\/20\/bientot-des-hausses-de-135-a-180-dt-pour-le-personnel-de-la-fonction-publique\/","og_locale":"fr_FR","og_type":"article","og_title":"Bient\u00f4t des hausses de 135 \u00e0 180 DT pour le personnel de la fonction publique - Kapitalis","og_description":"L&rsquo;accord du 17 ao\u00fbt 2019 entre l&rsquo;Union g\u00e9n\u00e9rale tunisienne du travail (UGTT) et le gouvernement sur le versement de la 3e tranche des augmentations salariales va permettre au personnel de la fonction publique de b\u00e9n\u00e9ficier d&rsquo;une hausse de 170 \u00e0 180 DT pour les cadres, et de 135 \u00e0 155 DT pour les ouvriers. Contre...","og_url":"https:\/\/kapitalis.com\/tunisie\/2019\/08\/20\/bientot-des-hausses-de-135-a-180-dt-pour-le-personnel-de-la-fonction-publique\/","og_site_name":"Kapitalis","article_publisher":"https:\/\/www.facebook.com\/KapitalisInfo\/","article_published_time":"2019-08-20T16:27:13+00:00","article_modified_time":"2019-08-20T16:27:17+00:00","og_image":[{"width":1200,"height":630,"url":"https:\/\/kapitalis.com\/tunisie\/wp-content\/uploads\/2022\/05\/kapitalis-logo-fb.png","type":"image\/png"}],"author":"Amina Mkada","twitter_card":"summary_large_image","twitter_creator":"@KapitalisInfo","twitter_site":"@KapitalisInfo","twitter_misc":{"\u00c9crit par":"Amina Mkada","Dur\u00e9e de lecture estim\u00e9e":"1 minute"},"schema":{"@context":"https:\/\/schema.org","@graph":[{"@type":"Article","@id":"https:\/\/kapitalis.com\/tunisie\/2019\/08\/20\/bientot-des-hausses-de-135-a-180-dt-pour-le-personnel-de-la-fonction-publique\/#article","isPartOf":{"@id":"https:\/\/kapitalis.com\/tunisie\/2019\/08\/20\/bientot-des-hausses-de-135-a-180-dt-pour-le-personnel-de-la-fonction-publique\/"},"author":{"name":"Amina Mkada","@id":"https:\/\/kapitalis.com\/tunisie\/#\/schema\/person\/093913313d3017554cb3ad077fff3fbd"},"headline":"Bient\u00f4t des hausses de 135 \u00e0 180 DT pour le personnel de la fonction publique","datePublished":"2019-08-20T16:27:13+00:00","dateModified":"2019-08-20T16:27:17+00:00","mainEntityOfPage":{"@id":"https:\/\/kapitalis.com\/tunisie\/2019\/08\/20\/bientot-des-hausses-de-135-a-180-dt-pour-le-personnel-de-la-fonction-publique\/"},"wordCount":265,"commentCount":1,"publisher":{"@id":"https:\/\/kapitalis.com\/tunisie\/#organization"},"image":{"@id":"https:\/\/kapitalis.com\/tunisie\/2019\/08\/20\/bientot-des-hausses-de-135-a-180-dt-pour-le-personnel-de-la-fonction-publique\/#primaryimage"},"thumbnailUrl":"","keywords":["fonction publique"],"articleSection":["ECONOMIE","Tunisie"],"inLanguage":"fr-FR","potentialAction":[{"@type":"CommentAction","name":"Comment","target":["https:\/\/kapitalis.com\/tunisie\/2019\/08\/20\/bientot-des-hausses-de-135-a-180-dt-pour-le-personnel-de-la-fonction-publique\/#respond"]}]},{"@type":"WebPage","@id":"https:\/\/kapitalis.com\/tunisie\/2019\/08\/20\/bientot-des-hausses-de-135-a-180-dt-pour-le-personnel-de-la-fonction-publique\/","url":"https:\/\/kapitalis.com\/tunisie\/2019\/08\/20\/bientot-des-hausses-de-135-a-180-dt-pour-le-personnel-de-la-fonction-publique\/","name":"Bient\u00f4t des hausses de 135 \u00e0 180 DT pour le personnel de la fonction publique - Kapitalis","isPartOf":{"@id":"https:\/\/kapitalis.com\/tunisie\/#website"},"primaryImageOfPage":{"@id":"https:\/\/kapitalis.com\/tunisie\/2019\/08\/20\/bientot-des-hausses-de-135-a-180-dt-pour-le-personnel-de-la-fonction-publique\/#primaryimage"},"image":{"@id":"https:\/\/kapitalis.com\/tunisie\/2019\/08\/20\/bientot-des-hausses-de-135-a-180-dt-pour-le-personnel-de-la-fonction-publique\/#primaryimage"},"thumbnailUrl":"","datePublished":"2019-08-20T16:27:13+00:00","dateModified":"2019-08-20T16:27:17+00:00","breadcrumb":{"@id":"https:\/\/kapitalis.com\/tunisie\/2019\/08\/20\/bientot-des-hausses-de-135-a-180-dt-pour-le-personnel-de-la-fonction-publique\/#breadcrumb"},"inLanguage":"fr-FR","potentialAction":[{"@type":"ReadAction","target":["https:\/\/kapitalis.com\/tunisie\/2019\/08\/20\/bientot-des-hausses-de-135-a-180-dt-pour-le-personnel-de-la-fonction-publique\/"]}]},{"@type":"ImageObject","inLanguage":"fr-FR","@id":"https:\/\/kapitalis.com\/tunisie\/2019\/08\/20\/bientot-des-hausses-de-135-a-180-dt-pour-le-personnel-de-la-fonction-publique\/#primaryimage","url":"","contentUrl":""},{"@type":"BreadcrumbList","@id":"https:\/\/kapitalis.com\/tunisie\/2019\/08\/20\/bientot-des-hausses-de-135-a-180-dt-pour-le-personnel-de-la-fonction-publique\/#breadcrumb","itemListElement":[{"@type":"ListItem","position":1,"name":"Accueil","item":"https:\/\/kapitalis.com\/tunisie\/"},{"@type":"ListItem","position":2,"name":"Bient\u00f4t des hausses de 135 \u00e0 180 DT pour le personnel de la fonction publique"}]},{"@type":"WebSite","@id":"https:\/\/kapitalis.com\/tunisie\/#website","url":"https:\/\/kapitalis.com\/tunisie\/","name":"Kapitalis","description":"L&#039;actualit\u00e9 en Tunisie et dans le monde","publisher":{"@id":"https:\/\/kapitalis.com\/tunisie\/#organization"},"potentialAction":[{"@type":"SearchAction","target":{"@type":"EntryPoint","urlTemplate":"https:\/\/kapitalis.com\/tunisie\/?s={search_term_string}"},"query-input":{"@type":"PropertyValueSpecification","valueRequired":true,"valueName":"search_term_string"}}],"inLanguage":"fr-FR"},{"@type":"Organization","@id":"https:\/\/kapitalis.com\/tunisie\/#organization","name":"Kapitalis","url":"https:\/\/kapitalis.com\/tunisie\/","logo":{"@type":"ImageObject","inLanguage":"fr-FR","@id":"https:\/\/kapitalis.com\/tunisie\/#\/schema\/logo\/image\/","url":"https:\/\/kapitalis.com\/tunisie\/wp-content\/uploads\/2022\/05\/Kapitalis-big-size.png","contentUrl":"https:\/\/kapitalis.com\/tunisie\/wp-content\/uploads\/2022\/05\/Kapitalis-big-size.png","width":5000,"height":1500,"caption":"Kapitalis"},"image":{"@id":"https:\/\/kapitalis.com\/tunisie\/#\/schema\/logo\/image\/"},"sameAs":["https:\/\/www.facebook.com\/KapitalisInfo\/","https:\/\/x.com\/KapitalisInfo","https:\/\/www.youtube.com\/channel\/UC-yDYrHyfFBWWZaOw3FPg9Q"]},{"@type":"Person","@id":"https:\/\/kapitalis.com\/tunisie\/#\/schema\/person\/093913313d3017554cb3ad077fff3fbd","name":"Amina Mkada","url":"https:\/\/kapitalis.com\/tunisie\/author\/amina\/"}]}},"_links":{"self":[{"href":"https:\/\/kapitalis.com\/tunisie\/wp-json\/wp\/v2\/posts\/233997","targetHints":{"allow":["GET"]}}],"collection":[{"href":"https:\/\/kapitalis.com\/tunisie\/wp-json\/wp\/v2\/posts"}],"about":[{"href":"https:\/\/kapitalis.com\/tunisie\/wp-json\/wp\/v2\/types\/post"}],"author":[{"embeddable":true,"href":"https:\/\/kapitalis.com\/tunisie\/wp-json\/wp\/v2\/users\/22"}],"replies":[{"embeddable":true,"href":"https:\/\/kapitalis.com\/tunisie\/wp-json\/wp\/v2\/comments?post=233997"}],"version-history":[{"count":0,"href":"https:\/\/kapitalis.com\/tunisie\/wp-json\/wp\/v2\/posts\/233997\/revisions"}],"wp:featuredmedia":[{"embeddable":true,"href":"https:\/\/kapitalis.com\/tunisie\/wp-json\/wp\/v2\/media\/234023"}],"wp:attachment":[{"href":"https:\/\/kapitalis.com\/tunisie\/wp-json\/wp\/v2\/media?parent=233997"}],"wp:term":[{"taxonomy":"category","embeddable":true,"href":"https:\/\/kapitalis.com\/tunisie\/wp-json\/wp\/v2\/categories?post=233997"},{"taxonomy":"post_tag","embeddable":true,"href":"https:\/\/kapitalis.com\/tunisie\/wp-json\/wp\/v2\/tags?post=233997"}],"curies":[{"name":"wp","href":"https:\/\/api.w.org\/{rel}","templated":true}]}}