{"id":234072,"date":"2019-08-20T19:12:01","date_gmt":"2019-08-20T18:12:01","guid":{"rendered":"http:\/\/kapitalis.com\/tunisie\/?p=234072"},"modified":"2019-08-21T09:06:32","modified_gmt":"2019-08-21T08:06:32","slug":"football-rencontre-amicale-tunisie-cote-divoire-le-10-septembre-2019","status":"publish","type":"post","link":"https:\/\/kapitalis.com\/tunisie\/2019\/08\/20\/football-rencontre-amicale-tunisie-cote-divoire-le-10-septembre-2019\/","title":{"rendered":"Football : Rencontre amicale Tunisie-C\u00f4te d\u2019Ivoire le 10 septembre 2019"},"content":{"rendered":"\n<figure class=\"wp-block-image\"><img decoding=\"async\" src=\"http:\/\/kapitalis.com\/tunisie\/wp-content\/uploads\/2019\/08\/Tunisie-Cote-Ivoire-Foot.jpg\" alt=\"\" class=\"wp-image-234073\"\/><\/figure>\n\n\n\n<p><b><i>La F\u00e9d\u00e9ration tunisienne de football (FTF) a annonc\u00e9 aujourd&rsquo;hui, mardi 20 ao\u00fbt 2019, avoir conclu une deuxi\u00e8me rencontre amicale pour <\/i><\/b><strong><em>l\u2019\u00e9quipe de Tunisie <\/em><\/strong><b><i>au cours du mois de septembre 2019.<\/i><\/b><br><\/p>\n\n\n\n<!--more-->\n\n\n\n<p> C\u2019est le deuxi\u00e8me test programm\u00e9 pour la pr\u00e9paration de l\u2019\u00e9quipe de Tunisie aux \u00e9liminatoires de la Coupe d\u2019Afrique des Nations 2021. Le premier, contre les <a href=\"http:\/\/kapitalis.com\/tunisie\/2019\/08\/19\/football-tunisie-mauritanie-en-amical-en-septembre-2019\/\" target=\"_blank\" rel=\"noreferrer noopener\" aria-label=\"Mauritaniens (s\u2019ouvre dans un nouvel onglet)\">Mauritaniens<\/a>, aura lieu au stade de Rad\u00e8s, le 6 septembre, alors que le second opposera l\u2019\u00e9quipe de Tunisie \u00e0 la C\u00f4te d\u2019Ivoire \u00e0 Rouen, en France, le 10 septembre.<br><\/p>\n\n\n\n<p> Plac\u00e9e dans le Groupe J avec la Libye, la Tanzanie et la Guin\u00e9e-Equatoriale, la Tunisie d\u00e9butera les \u00e9liminatoires le 11 novembre 2019 contre la Libye.<br><\/p>\n\n\n\n<p> En faisant cette annonce, la FTF reste tout de m\u00eame muette sur le dossier du cadre technique de la s\u00e9lection.<br><\/p>\n\n\n\n<p> Il serait utile de communiquer sur le<em> \u00abcas\u00bb <\/em>Alain Giresse. La FTF devrait lever toutes les \u00e9quivoques et faire le point sur tout ce qui se dit \u00e0 propos de ce technicien et du staff technique de l\u2019\u00e9quipe de Tunisie.<br><\/p>\n\n\n\n<p> Si le technicien fran\u00e7ais est confirm\u00e9 (jusqu\u2019\u00e0 nouvel ordre), en est-il de m\u00eame de son premier adjoint, Maher Kanzari, que Giresse ne voudrait plus \u00e0 ses c\u00f4t\u00e9s, ou encore de Hamdi Kasraoui, l\u2019entra\u00eeneur des gardiens, jug\u00e9 en-de\u00e7\u00e0 de la mission qui lui est d\u00e9volue !<br><\/p>\n\n\n\n<p> La FTF n\u2019a pas encore d\u00e9cid\u00e9 du sort r\u00e9serv\u00e9 au cadre technique de l&rsquo;\u00e9quipe nationale. Mais le dossier est assez compliqu\u00e9 car Giresse, qui n\u2019a aucune intention de quitter son poste, a surtout rejet\u00e9 l\u2019id\u00e9e de conserver Kanzari \u2013 avec qui il avait \u00e9t\u00e9 en conflit avant et pendant la CAN, le s\u00e9lectionneur laissant entendre que ce dernier avait mont\u00e9 des joueurs contre lui.<br><\/p>\n\n\n\n<p> Le dossier divise le bureau f\u00e9d\u00e9ral. Mais jusqu\u2019\u00e0 quand restera-t-il aussi attentiste ? <br><\/p>\n\n\n\n<p style=\"text-align:right\"> <strong>H. M.<\/strong><\/p>\n\n\n\n<figure class=\"wp-block-embed is-type-rich is-provider-kapitalis\"><div class=\"wp-block-embed__wrapper\">\n<blockquote class=\"wp-embedded-content\" data-secret=\"RHYwG0mJZn\"><a href=\"https:\/\/kapitalis.com\/tunisie\/2019\/08\/19\/football-tunisie-mauritanie-en-amical-en-septembre-2019\/\">Football : Tunisie- Mauritanie en amical en septembre 2019<\/a><\/blockquote><iframe loading=\"lazy\" class=\"wp-embedded-content\" sandbox=\"allow-scripts\" security=\"restricted\" style=\"position: absolute; clip: rect(1px, 1px, 1px, 1px);\" title=\"\u00ab\u00a0Football : Tunisie- Mauritanie en amical en septembre 2019\u00a0\u00bb &#8212; Kapitalis\" src=\"https:\/\/kapitalis.com\/tunisie\/2019\/08\/19\/football-tunisie-mauritanie-en-amical-en-septembre-2019\/embed\/#?secret=RsUJCTu2ql#?secret=RHYwG0mJZn\" data-secret=\"RHYwG0mJZn\" width=\"600\" height=\"338\" frameborder=\"0\" marginwidth=\"0\" marginheight=\"0\" scrolling=\"no\"><\/iframe>\n<\/div><\/figure>\n\n\n\n<p> <br><\/p>\n","protected":false},"excerpt":{"rendered":"<p>La F\u00e9d\u00e9ration tunisienne de football (FTF) a annonc\u00e9 aujourd&rsquo;hui, mardi 20 ao\u00fbt 2019, avoir conclu une deuxi\u00e8me rencontre amicale pour l\u2019\u00e9quipe de Tunisie au cours du mois de septembre 2019.<\/p>\n","protected":false},"author":8,"featured_media":234073,"comment_status":"open","ping_status":"open","sticky":false,"template":"","format":"standard","meta":{"footnotes":""},"categories":[999,2433],"tags":[52967,240,33965,376,9015,3994,11902],"class_list":["post-234072","post","type-post","status-publish","format-standard","has-post-thumbnail","hentry","category-sport","category-tunisie","tag-alain-giresse","tag-cote-divoire","tag-equipe-de-tunisie","tag-federation-tunisienne-de-football","tag-hamdi-kasraoui","tag-maher-kanzari","tag-rouen"],"yoast_head":"<!-- This site is optimized with the Yoast SEO plugin v26.6 - https:\/\/yoast.com\/wordpress\/plugins\/seo\/ -->\n<title>Football : Rencontre amicale Tunisie-C\u00f4te d\u2019Ivoire le 10 septembre 2019 - Kapitalis<\/title>\n<meta name=\"robots\" content=\"index, follow, max-snippet:-1, max-image-preview:large, max-video-preview:-1\" \/>\n<link rel=\"canonical\" href=\"https:\/\/kapitalis.com\/tunisie\/2019\/08\/20\/football-rencontre-amicale-tunisie-cote-divoire-le-10-septembre-2019\/\" \/>\n<meta property=\"og:locale\" content=\"fr_FR\" \/>\n<meta property=\"og:type\" content=\"article\" \/>\n<meta property=\"og:title\" content=\"Football : Rencontre amicale Tunisie-C\u00f4te d\u2019Ivoire le 10 septembre 2019 - Kapitalis\" \/>\n<meta property=\"og:description\" content=\"La F\u00e9d\u00e9ration tunisienne de football (FTF) a annonc\u00e9 aujourd&rsquo;hui, mardi 20 ao\u00fbt 2019, avoir conclu une deuxi\u00e8me rencontre amicale pour l\u2019\u00e9quipe de Tunisie au cours du mois de septembre 2019.\" \/>\n<meta property=\"og:url\" content=\"https:\/\/kapitalis.com\/tunisie\/2019\/08\/20\/football-rencontre-amicale-tunisie-cote-divoire-le-10-septembre-2019\/\" \/>\n<meta property=\"og:site_name\" content=\"Kapitalis\" \/>\n<meta property=\"article:publisher\" content=\"https:\/\/www.facebook.com\/KapitalisInfo\/\" \/>\n<meta property=\"article:published_time\" content=\"2019-08-20T18:12:01+00:00\" \/>\n<meta property=\"article:modified_time\" content=\"2019-08-21T08:06:32+00:00\" \/>\n<meta property=\"og:image\" content=\"https:\/\/kapitalis.com\/tunisie\/wp-content\/uploads\/2022\/05\/kapitalis-logo-fb.png\" \/>\n\t<meta property=\"og:image:width\" content=\"1200\" \/>\n\t<meta property=\"og:image:height\" content=\"630\" \/>\n\t<meta property=\"og:image:type\" content=\"image\/png\" \/>\n<meta name=\"author\" content=\"webmaster kapitalis\" \/>\n<meta name=\"twitter:card\" content=\"summary_large_image\" \/>\n<meta name=\"twitter:creator\" content=\"@KapitalisInfo\" \/>\n<meta name=\"twitter:site\" content=\"@KapitalisInfo\" \/>\n<meta name=\"twitter:label1\" content=\"\u00c9crit par\" \/>\n\t<meta name=\"twitter:data1\" content=\"webmaster kapitalis\" \/>\n\t<meta name=\"twitter:label2\" content=\"Dur\u00e9e de lecture estim\u00e9e\" \/>\n\t<meta name=\"twitter:data2\" content=\"2 minutes\" \/>\n<script type=\"application\/ld+json\" class=\"yoast-schema-graph\">{\"@context\":\"https:\/\/schema.org\",\"@graph\":[{\"@type\":\"Article\",\"@id\":\"https:\/\/kapitalis.com\/tunisie\/2019\/08\/20\/football-rencontre-amicale-tunisie-cote-divoire-le-10-septembre-2019\/#article\",\"isPartOf\":{\"@id\":\"https:\/\/kapitalis.com\/tunisie\/2019\/08\/20\/football-rencontre-amicale-tunisie-cote-divoire-le-10-septembre-2019\/\"},\"author\":{\"name\":\"webmaster kapitalis\",\"@id\":\"https:\/\/kapitalis.com\/tunisie\/#\/schema\/person\/d71f33a9ca44f7bad4698210b480c8e9\"},\"headline\":\"Football : Rencontre amicale Tunisie-C\u00f4te d\u2019Ivoire le 10 septembre 2019\",\"datePublished\":\"2019-08-20T18:12:01+00:00\",\"dateModified\":\"2019-08-21T08:06:32+00:00\",\"mainEntityOfPage\":{\"@id\":\"https:\/\/kapitalis.com\/tunisie\/2019\/08\/20\/football-rencontre-amicale-tunisie-cote-divoire-le-10-septembre-2019\/\"},\"wordCount\":329,\"commentCount\":0,\"publisher\":{\"@id\":\"https:\/\/kapitalis.com\/tunisie\/#organization\"},\"image\":{\"@id\":\"https:\/\/kapitalis.com\/tunisie\/2019\/08\/20\/football-rencontre-amicale-tunisie-cote-divoire-le-10-septembre-2019\/#primaryimage\"},\"thumbnailUrl\":\"\",\"keywords\":[\"Alain Giresse\",\"C\u00f4te d'Ivoire\",\"\u00e9quipe de Tunisie\",\"F\u00e9d\u00e9ration tunisienne de football\",\"Hamdi Kasraoui\",\"Maher Kanzari\",\"Rouen\"],\"articleSection\":[\"SPORT\",\"Tunisie\"],\"inLanguage\":\"fr-FR\",\"potentialAction\":[{\"@type\":\"CommentAction\",\"name\":\"Comment\",\"target\":[\"https:\/\/kapitalis.com\/tunisie\/2019\/08\/20\/football-rencontre-amicale-tunisie-cote-divoire-le-10-septembre-2019\/#respond\"]}]},{\"@type\":\"WebPage\",\"@id\":\"https:\/\/kapitalis.com\/tunisie\/2019\/08\/20\/football-rencontre-amicale-tunisie-cote-divoire-le-10-septembre-2019\/\",\"url\":\"https:\/\/kapitalis.com\/tunisie\/2019\/08\/20\/football-rencontre-amicale-tunisie-cote-divoire-le-10-septembre-2019\/\",\"name\":\"Football : Rencontre amicale Tunisie-C\u00f4te d\u2019Ivoire le 10 septembre 2019 - Kapitalis\",\"isPartOf\":{\"@id\":\"https:\/\/kapitalis.com\/tunisie\/#website\"},\"primaryImageOfPage\":{\"@id\":\"https:\/\/kapitalis.com\/tunisie\/2019\/08\/20\/football-rencontre-amicale-tunisie-cote-divoire-le-10-septembre-2019\/#primaryimage\"},\"image\":{\"@id\":\"https:\/\/kapitalis.com\/tunisie\/2019\/08\/20\/football-rencontre-amicale-tunisie-cote-divoire-le-10-septembre-2019\/#primaryimage\"},\"thumbnailUrl\":\"\",\"datePublished\":\"2019-08-20T18:12:01+00:00\",\"dateModified\":\"2019-08-21T08:06:32+00:00\",\"breadcrumb\":{\"@id\":\"https:\/\/kapitalis.com\/tunisie\/2019\/08\/20\/football-rencontre-amicale-tunisie-cote-divoire-le-10-septembre-2019\/#breadcrumb\"},\"inLanguage\":\"fr-FR\",\"potentialAction\":[{\"@type\":\"ReadAction\",\"target\":[\"https:\/\/kapitalis.com\/tunisie\/2019\/08\/20\/football-rencontre-amicale-tunisie-cote-divoire-le-10-septembre-2019\/\"]}]},{\"@type\":\"ImageObject\",\"inLanguage\":\"fr-FR\",\"@id\":\"https:\/\/kapitalis.com\/tunisie\/2019\/08\/20\/football-rencontre-amicale-tunisie-cote-divoire-le-10-septembre-2019\/#primaryimage\",\"url\":\"\",\"contentUrl\":\"\"},{\"@type\":\"BreadcrumbList\",\"@id\":\"https:\/\/kapitalis.com\/tunisie\/2019\/08\/20\/football-rencontre-amicale-tunisie-cote-divoire-le-10-septembre-2019\/#breadcrumb\",\"itemListElement\":[{\"@type\":\"ListItem\",\"position\":1,\"name\":\"Accueil\",\"item\":\"https:\/\/kapitalis.com\/tunisie\/\"},{\"@type\":\"ListItem\",\"position\":2,\"name\":\"Football : Rencontre amicale Tunisie-C\u00f4te d\u2019Ivoire le 10 septembre 2019\"}]},{\"@type\":\"WebSite\",\"@id\":\"https:\/\/kapitalis.com\/tunisie\/#website\",\"url\":\"https:\/\/kapitalis.com\/tunisie\/\",\"name\":\"Kapitalis\",\"description\":\"L&#039;actualit\u00e9 en Tunisie et dans le monde\",\"publisher\":{\"@id\":\"https:\/\/kapitalis.com\/tunisie\/#organization\"},\"potentialAction\":[{\"@type\":\"SearchAction\",\"target\":{\"@type\":\"EntryPoint\",\"urlTemplate\":\"https:\/\/kapitalis.com\/tunisie\/?s={search_term_string}\"},\"query-input\":{\"@type\":\"PropertyValueSpecification\",\"valueRequired\":true,\"valueName\":\"search_term_string\"}}],\"inLanguage\":\"fr-FR\"},{\"@type\":\"Organization\",\"@id\":\"https:\/\/kapitalis.com\/tunisie\/#organization\",\"name\":\"Kapitalis\",\"url\":\"https:\/\/kapitalis.com\/tunisie\/\",\"logo\":{\"@type\":\"ImageObject\",\"inLanguage\":\"fr-FR\",\"@id\":\"https:\/\/kapitalis.com\/tunisie\/#\/schema\/logo\/image\/\",\"url\":\"https:\/\/kapitalis.com\/tunisie\/wp-content\/uploads\/2022\/05\/Kapitalis-big-size.png\",\"contentUrl\":\"https:\/\/kapitalis.com\/tunisie\/wp-content\/uploads\/2022\/05\/Kapitalis-big-size.png\",\"width\":5000,\"height\":1500,\"caption\":\"Kapitalis\"},\"image\":{\"@id\":\"https:\/\/kapitalis.com\/tunisie\/#\/schema\/logo\/image\/\"},\"sameAs\":[\"https:\/\/www.facebook.com\/KapitalisInfo\/\",\"https:\/\/x.com\/KapitalisInfo\",\"https:\/\/www.youtube.com\/channel\/UC-yDYrHyfFBWWZaOw3FPg9Q\"]},{\"@type\":\"Person\",\"@id\":\"https:\/\/kapitalis.com\/tunisie\/#\/schema\/person\/d71f33a9ca44f7bad4698210b480c8e9\",\"name\":\"webmaster kapitalis\",\"url\":\"https:\/\/kapitalis.com\/tunisie\/author\/webmaster-kapitalis\/\"}]}<\/script>\n<!-- \/ Yoast SEO plugin. -->","yoast_head_json":{"title":"Football : Rencontre amicale Tunisie-C\u00f4te d\u2019Ivoire le 10 septembre 2019 - Kapitalis","robots":{"index":"index","follow":"follow","max-snippet":"max-snippet:-1","max-image-preview":"max-image-preview:large","max-video-preview":"max-video-preview:-1"},"canonical":"https:\/\/kapitalis.com\/tunisie\/2019\/08\/20\/football-rencontre-amicale-tunisie-cote-divoire-le-10-septembre-2019\/","og_locale":"fr_FR","og_type":"article","og_title":"Football : Rencontre amicale Tunisie-C\u00f4te d\u2019Ivoire le 10 septembre 2019 - Kapitalis","og_description":"La F\u00e9d\u00e9ration tunisienne de football (FTF) a annonc\u00e9 aujourd&rsquo;hui, mardi 20 ao\u00fbt 2019, avoir conclu une deuxi\u00e8me rencontre amicale pour l\u2019\u00e9quipe de Tunisie au cours du mois de septembre 2019.","og_url":"https:\/\/kapitalis.com\/tunisie\/2019\/08\/20\/football-rencontre-amicale-tunisie-cote-divoire-le-10-septembre-2019\/","og_site_name":"Kapitalis","article_publisher":"https:\/\/www.facebook.com\/KapitalisInfo\/","article_published_time":"2019-08-20T18:12:01+00:00","article_modified_time":"2019-08-21T08:06:32+00:00","og_image":[{"width":1200,"height":630,"url":"https:\/\/kapitalis.com\/tunisie\/wp-content\/uploads\/2022\/05\/kapitalis-logo-fb.png","type":"image\/png"}],"author":"webmaster kapitalis","twitter_card":"summary_large_image","twitter_creator":"@KapitalisInfo","twitter_site":"@KapitalisInfo","twitter_misc":{"\u00c9crit par":"webmaster kapitalis","Dur\u00e9e de lecture estim\u00e9e":"2 minutes"},"schema":{"@context":"https:\/\/schema.org","@graph":[{"@type":"Article","@id":"https:\/\/kapitalis.com\/tunisie\/2019\/08\/20\/football-rencontre-amicale-tunisie-cote-divoire-le-10-septembre-2019\/#article","isPartOf":{"@id":"https:\/\/kapitalis.com\/tunisie\/2019\/08\/20\/football-rencontre-amicale-tunisie-cote-divoire-le-10-septembre-2019\/"},"author":{"name":"webmaster kapitalis","@id":"https:\/\/kapitalis.com\/tunisie\/#\/schema\/person\/d71f33a9ca44f7bad4698210b480c8e9"},"headline":"Football : Rencontre amicale Tunisie-C\u00f4te d\u2019Ivoire le 10 septembre 2019","datePublished":"2019-08-20T18:12:01+00:00","dateModified":"2019-08-21T08:06:32+00:00","mainEntityOfPage":{"@id":"https:\/\/kapitalis.com\/tunisie\/2019\/08\/20\/football-rencontre-amicale-tunisie-cote-divoire-le-10-septembre-2019\/"},"wordCount":329,"commentCount":0,"publisher":{"@id":"https:\/\/kapitalis.com\/tunisie\/#organization"},"image":{"@id":"https:\/\/kapitalis.com\/tunisie\/2019\/08\/20\/football-rencontre-amicale-tunisie-cote-divoire-le-10-septembre-2019\/#primaryimage"},"thumbnailUrl":"","keywords":["Alain Giresse","C\u00f4te d'Ivoire","\u00e9quipe de Tunisie","F\u00e9d\u00e9ration tunisienne de football","Hamdi Kasraoui","Maher Kanzari","Rouen"],"articleSection":["SPORT","Tunisie"],"inLanguage":"fr-FR","potentialAction":[{"@type":"CommentAction","name":"Comment","target":["https:\/\/kapitalis.com\/tunisie\/2019\/08\/20\/football-rencontre-amicale-tunisie-cote-divoire-le-10-septembre-2019\/#respond"]}]},{"@type":"WebPage","@id":"https:\/\/kapitalis.com\/tunisie\/2019\/08\/20\/football-rencontre-amicale-tunisie-cote-divoire-le-10-septembre-2019\/","url":"https:\/\/kapitalis.com\/tunisie\/2019\/08\/20\/football-rencontre-amicale-tunisie-cote-divoire-le-10-septembre-2019\/","name":"Football : Rencontre amicale Tunisie-C\u00f4te d\u2019Ivoire le 10 septembre 2019 - Kapitalis","isPartOf":{"@id":"https:\/\/kapitalis.com\/tunisie\/#website"},"primaryImageOfPage":{"@id":"https:\/\/kapitalis.com\/tunisie\/2019\/08\/20\/football-rencontre-amicale-tunisie-cote-divoire-le-10-septembre-2019\/#primaryimage"},"image":{"@id":"https:\/\/kapitalis.com\/tunisie\/2019\/08\/20\/football-rencontre-amicale-tunisie-cote-divoire-le-10-septembre-2019\/#primaryimage"},"thumbnailUrl":"","datePublished":"2019-08-20T18:12:01+00:00","dateModified":"2019-08-21T08:06:32+00:00","breadcrumb":{"@id":"https:\/\/kapitalis.com\/tunisie\/2019\/08\/20\/football-rencontre-amicale-tunisie-cote-divoire-le-10-septembre-2019\/#breadcrumb"},"inLanguage":"fr-FR","potentialAction":[{"@type":"ReadAction","target":["https:\/\/kapitalis.com\/tunisie\/2019\/08\/20\/football-rencontre-amicale-tunisie-cote-divoire-le-10-septembre-2019\/"]}]},{"@type":"ImageObject","inLanguage":"fr-FR","@id":"https:\/\/kapitalis.com\/tunisie\/2019\/08\/20\/football-rencontre-amicale-tunisie-cote-divoire-le-10-septembre-2019\/#primaryimage","url":"","contentUrl":""},{"@type":"BreadcrumbList","@id":"https:\/\/kapitalis.com\/tunisie\/2019\/08\/20\/football-rencontre-amicale-tunisie-cote-divoire-le-10-septembre-2019\/#breadcrumb","itemListElement":[{"@type":"ListItem","position":1,"name":"Accueil","item":"https:\/\/kapitalis.com\/tunisie\/"},{"@type":"ListItem","position":2,"name":"Football : Rencontre amicale Tunisie-C\u00f4te d\u2019Ivoire le 10 septembre 2019"}]},{"@type":"WebSite","@id":"https:\/\/kapitalis.com\/tunisie\/#website","url":"https:\/\/kapitalis.com\/tunisie\/","name":"Kapitalis","description":"L&#039;actualit\u00e9 en Tunisie et dans le monde","publisher":{"@id":"https:\/\/kapitalis.com\/tunisie\/#organization"},"potentialAction":[{"@type":"SearchAction","target":{"@type":"EntryPoint","urlTemplate":"https:\/\/kapitalis.com\/tunisie\/?s={search_term_string}"},"query-input":{"@type":"PropertyValueSpecification","valueRequired":true,"valueName":"search_term_string"}}],"inLanguage":"fr-FR"},{"@type":"Organization","@id":"https:\/\/kapitalis.com\/tunisie\/#organization","name":"Kapitalis","url":"https:\/\/kapitalis.com\/tunisie\/","logo":{"@type":"ImageObject","inLanguage":"fr-FR","@id":"https:\/\/kapitalis.com\/tunisie\/#\/schema\/logo\/image\/","url":"https:\/\/kapitalis.com\/tunisie\/wp-content\/uploads\/2022\/05\/Kapitalis-big-size.png","contentUrl":"https:\/\/kapitalis.com\/tunisie\/wp-content\/uploads\/2022\/05\/Kapitalis-big-size.png","width":5000,"height":1500,"caption":"Kapitalis"},"image":{"@id":"https:\/\/kapitalis.com\/tunisie\/#\/schema\/logo\/image\/"},"sameAs":["https:\/\/www.facebook.com\/KapitalisInfo\/","https:\/\/x.com\/KapitalisInfo","https:\/\/www.youtube.com\/channel\/UC-yDYrHyfFBWWZaOw3FPg9Q"]},{"@type":"Person","@id":"https:\/\/kapitalis.com\/tunisie\/#\/schema\/person\/d71f33a9ca44f7bad4698210b480c8e9","name":"webmaster kapitalis","url":"https:\/\/kapitalis.com\/tunisie\/author\/webmaster-kapitalis\/"}]}},"_links":{"self":[{"href":"https:\/\/kapitalis.com\/tunisie\/wp-json\/wp\/v2\/posts\/234072","targetHints":{"allow":["GET"]}}],"collection":[{"href":"https:\/\/kapitalis.com\/tunisie\/wp-json\/wp\/v2\/posts"}],"about":[{"href":"https:\/\/kapitalis.com\/tunisie\/wp-json\/wp\/v2\/types\/post"}],"author":[{"embeddable":true,"href":"https:\/\/kapitalis.com\/tunisie\/wp-json\/wp\/v2\/users\/8"}],"replies":[{"embeddable":true,"href":"https:\/\/kapitalis.com\/tunisie\/wp-json\/wp\/v2\/comments?post=234072"}],"version-history":[{"count":0,"href":"https:\/\/kapitalis.com\/tunisie\/wp-json\/wp\/v2\/posts\/234072\/revisions"}],"wp:featuredmedia":[{"embeddable":true,"href":"https:\/\/kapitalis.com\/tunisie\/wp-json\/wp\/v2\/media\/234073"}],"wp:attachment":[{"href":"https:\/\/kapitalis.com\/tunisie\/wp-json\/wp\/v2\/media?parent=234072"}],"wp:term":[{"taxonomy":"category","embeddable":true,"href":"https:\/\/kapitalis.com\/tunisie\/wp-json\/wp\/v2\/categories?post=234072"},{"taxonomy":"post_tag","embeddable":true,"href":"https:\/\/kapitalis.com\/tunisie\/wp-json\/wp\/v2\/tags?post=234072"}],"curies":[{"name":"wp","href":"https:\/\/api.w.org\/{rel}","templated":true}]}}