{"id":234087,"date":"2019-08-21T08:17:53","date_gmt":"2019-08-21T07:17:53","guid":{"rendered":"http:\/\/kapitalis.com\/tunisie\/?p=234087"},"modified":"2019-08-21T08:17:55","modified_gmt":"2019-08-21T07:17:55","slug":"tunisair-des-prix-surrealistes-prohibitifs-pour-les-tunisiens-vivant-en-europe","status":"publish","type":"post","link":"https:\/\/kapitalis.com\/tunisie\/2019\/08\/21\/tunisair-des-prix-surrealistes-prohibitifs-pour-les-tunisiens-vivant-en-europe\/","title":{"rendered":"Tunisair : Des prix surr\u00e9alistes prohibitifs pour les Tunisiens vivant en Europe"},"content":{"rendered":"\n<figure class=\"wp-block-image\"><img decoding=\"async\" src=\"http:\/\/kapitalis.com\/tunisie\/wp-content\/uploads\/2019\/08\/Tunisair-PVT.jpg\" alt=\"\" class=\"wp-image-234088\"\/><\/figure>\n\n\n\n<p><b><i>Dans un communiqu\u00e9 publi\u00e9 mardi 20 ao\u00fbt 2019, le cabinet Ponctualit\u00e9 Vols Tunisie (PVT), dirig\u00e9 par Mehdi-Thibaut Affes, pointent les \u00abtarifs surr\u00e9alistes\u00bb pratiqu\u00e9s par le transporteur national Tunisair. Nous publions communiqu\u00e9 ci-dessous\u2026  <\/i><\/b><br><\/p>\n\n\n\n<!--more-->\n\n\n\n<p> Pr\u00e8s d\u20191,5 million de citoyens tunisiens vivent en-dehors de nos fronti\u00e8res, dont l\u2019immense majorit\u00e9 en Europe. Parmi eux, plusieurs dizaines de milliers s\u2019y sont install\u00e9s depuis les derni\u00e8res \u00e9lections nationales de 2014, sans qu\u2019ils aient n\u00e9cessairement eu le r\u00e9flexe de s\u2019inscrire sur les listes \u00e9lectorales des consulats tunisiens dont ils d\u00e9pendent. <br><\/p>\n\n\n\n<p> Tous nos concitoyens se trouvant dans cette situation seront donc tent\u00e9s de rentrer en Tunisie le temps d\u2019un week-end pour prendre part au premier tour du scrutin pr\u00e9sidentiel pr\u00e9vu le 15 septembre. Mais pour cela, il leur faudra avoir, \u00e0 d\u00e9faut d\u2019un portefeuille tr\u00e8s garni, un sens aigu du patriotisme.<br><\/p>\n\n\n\n<p> Nous avons list\u00e9 ci-dessous les tarifs surr\u00e9alistes pratiqu\u00e9s par le transporteur national Tunisair, pour le week-end  du  13  au  15  septembre,  entre  les villes europ\u00e9ennes o\u00f9 r\u00e9side le plus grand nombre de Tunisiens et la capitale tunisienne:<\/p>\n\n\n\n<ul class=\"wp-block-list\"><li>Paris &#8211; Tunis (2h) : 531\u20ac<\/li><li>Marseille &#8211; Tunis (1h05) : 264\u20ac<\/li><li>Lyon &#8211; Tunis (1h35) : 370\u20ac<\/li><li>Milan &#8211; Tunis (1h30) : 403\u20ac<\/li><li>Rome &#8211; Tunis (0h50) : 406\u20ac<\/li><li>Francfort &#8211; Tunis (2h15) : 476\u20ac<\/li><li>Londres &#8211; Tunis (2h30) : 578\u00a3 (634\u20ac)<\/li><li>Bruxelles &#8211; Tunis (2h25) : 511\u20ac<\/li><li>Gen\u00e8ve &#8211; Tunis (1h35) : 483 CHF (445\u20ac).<br><\/li><\/ul>\n\n\n\n<p>  A titre de comparaison, Air France facture l\u2019aller-retour Paris &#8211; New-York (7h20) en premi\u00e8re quinzaine de septembre \u00e0 544\u20ac.<br><\/p>\n\n\n\n<p> Permettre au plus grand nombre de rentrer en Tunisie pour voter ne doit-il pas \u00eatre consid\u00e9r\u00e9 comme une des missions prioritaires de la compagnie nationale, d\u00e9tenue majoritairement par l\u2019Etat tunisien ?<br><\/p>\n\n\n\n<p><strong><em> Source<\/em><\/strong> : communiqu\u00e9.  <\/p>\n","protected":false},"excerpt":{"rendered":"<p>Dans un communiqu\u00e9 publi\u00e9 mardi 20 ao\u00fbt 2019, le cabinet Ponctualit\u00e9 Vols Tunisie (PVT), dirig\u00e9 par Mehdi-Thibaut Affes, pointent les \u00abtarifs surr\u00e9alistes\u00bb pratiqu\u00e9s par le transporteur national Tunisair. Nous publions communiqu\u00e9 ci-dessous\u2026<\/p>\n","protected":false},"author":8,"featured_media":234088,"comment_status":"open","ping_status":"open","sticky":false,"template":"","format":"standard","meta":{"footnotes":""},"categories":[993,2433],"tags":[45993,1501],"class_list":["post-234087","post","type-post","status-publish","format-standard","has-post-thumbnail","hentry","category-conso","category-tunisie","tag-mehdi-thibaut-affes","tag-tunisair"],"yoast_head":"<!-- This site is optimized with the Yoast SEO plugin v26.6 - https:\/\/yoast.com\/wordpress\/plugins\/seo\/ -->\n<title>Tunisair : Des prix surr\u00e9alistes prohibitifs pour les Tunisiens vivant en Europe - Kapitalis<\/title>\n<meta name=\"robots\" content=\"index, follow, max-snippet:-1, max-image-preview:large, max-video-preview:-1\" \/>\n<link rel=\"canonical\" href=\"https:\/\/kapitalis.com\/tunisie\/2019\/08\/21\/tunisair-des-prix-surrealistes-prohibitifs-pour-les-tunisiens-vivant-en-europe\/\" \/>\n<meta property=\"og:locale\" content=\"fr_FR\" \/>\n<meta property=\"og:type\" content=\"article\" \/>\n<meta property=\"og:title\" content=\"Tunisair : Des prix surr\u00e9alistes prohibitifs pour les Tunisiens vivant en Europe - Kapitalis\" \/>\n<meta property=\"og:description\" content=\"Dans un communiqu\u00e9 publi\u00e9 mardi 20 ao\u00fbt 2019, le cabinet Ponctualit\u00e9 Vols Tunisie (PVT), dirig\u00e9 par Mehdi-Thibaut Affes, pointent les \u00abtarifs surr\u00e9alistes\u00bb pratiqu\u00e9s par le transporteur national Tunisair. Nous publions communiqu\u00e9 ci-dessous\u2026\" \/>\n<meta property=\"og:url\" content=\"https:\/\/kapitalis.com\/tunisie\/2019\/08\/21\/tunisair-des-prix-surrealistes-prohibitifs-pour-les-tunisiens-vivant-en-europe\/\" \/>\n<meta property=\"og:site_name\" content=\"Kapitalis\" \/>\n<meta property=\"article:publisher\" content=\"https:\/\/www.facebook.com\/KapitalisInfo\/\" \/>\n<meta property=\"article:published_time\" content=\"2019-08-21T07:17:53+00:00\" \/>\n<meta property=\"article:modified_time\" content=\"2019-08-21T07:17:55+00:00\" \/>\n<meta property=\"og:image\" content=\"https:\/\/kapitalis.com\/tunisie\/wp-content\/uploads\/2022\/05\/kapitalis-logo-fb.png\" \/>\n\t<meta property=\"og:image:width\" content=\"1200\" \/>\n\t<meta property=\"og:image:height\" content=\"630\" \/>\n\t<meta property=\"og:image:type\" content=\"image\/png\" \/>\n<meta name=\"author\" content=\"webmaster kapitalis\" \/>\n<meta name=\"twitter:card\" content=\"summary_large_image\" \/>\n<meta name=\"twitter:creator\" content=\"@KapitalisInfo\" \/>\n<meta name=\"twitter:site\" content=\"@KapitalisInfo\" \/>\n<meta name=\"twitter:label1\" content=\"\u00c9crit par\" \/>\n\t<meta name=\"twitter:data1\" content=\"webmaster kapitalis\" \/>\n\t<meta name=\"twitter:label2\" content=\"Dur\u00e9e de lecture estim\u00e9e\" \/>\n\t<meta name=\"twitter:data2\" content=\"1 minute\" \/>\n<script type=\"application\/ld+json\" class=\"yoast-schema-graph\">{\"@context\":\"https:\/\/schema.org\",\"@graph\":[{\"@type\":\"Article\",\"@id\":\"https:\/\/kapitalis.com\/tunisie\/2019\/08\/21\/tunisair-des-prix-surrealistes-prohibitifs-pour-les-tunisiens-vivant-en-europe\/#article\",\"isPartOf\":{\"@id\":\"https:\/\/kapitalis.com\/tunisie\/2019\/08\/21\/tunisair-des-prix-surrealistes-prohibitifs-pour-les-tunisiens-vivant-en-europe\/\"},\"author\":{\"name\":\"webmaster kapitalis\",\"@id\":\"https:\/\/kapitalis.com\/tunisie\/#\/schema\/person\/d71f33a9ca44f7bad4698210b480c8e9\"},\"headline\":\"Tunisair : Des prix surr\u00e9alistes prohibitifs pour les Tunisiens vivant en Europe\",\"datePublished\":\"2019-08-21T07:17:53+00:00\",\"dateModified\":\"2019-08-21T07:17:55+00:00\",\"mainEntityOfPage\":{\"@id\":\"https:\/\/kapitalis.com\/tunisie\/2019\/08\/21\/tunisair-des-prix-surrealistes-prohibitifs-pour-les-tunisiens-vivant-en-europe\/\"},\"wordCount\":292,\"commentCount\":27,\"publisher\":{\"@id\":\"https:\/\/kapitalis.com\/tunisie\/#organization\"},\"image\":{\"@id\":\"https:\/\/kapitalis.com\/tunisie\/2019\/08\/21\/tunisair-des-prix-surrealistes-prohibitifs-pour-les-tunisiens-vivant-en-europe\/#primaryimage\"},\"thumbnailUrl\":\"\",\"keywords\":[\"Mehdi-Thibaut Affes\",\"Tunisair\"],\"articleSection\":[\"CONSO\",\"Tunisie\"],\"inLanguage\":\"fr-FR\",\"potentialAction\":[{\"@type\":\"CommentAction\",\"name\":\"Comment\",\"target\":[\"https:\/\/kapitalis.com\/tunisie\/2019\/08\/21\/tunisair-des-prix-surrealistes-prohibitifs-pour-les-tunisiens-vivant-en-europe\/#respond\"]}]},{\"@type\":\"WebPage\",\"@id\":\"https:\/\/kapitalis.com\/tunisie\/2019\/08\/21\/tunisair-des-prix-surrealistes-prohibitifs-pour-les-tunisiens-vivant-en-europe\/\",\"url\":\"https:\/\/kapitalis.com\/tunisie\/2019\/08\/21\/tunisair-des-prix-surrealistes-prohibitifs-pour-les-tunisiens-vivant-en-europe\/\",\"name\":\"Tunisair : Des prix surr\u00e9alistes prohibitifs pour les Tunisiens vivant en Europe - Kapitalis\",\"isPartOf\":{\"@id\":\"https:\/\/kapitalis.com\/tunisie\/#website\"},\"primaryImageOfPage\":{\"@id\":\"https:\/\/kapitalis.com\/tunisie\/2019\/08\/21\/tunisair-des-prix-surrealistes-prohibitifs-pour-les-tunisiens-vivant-en-europe\/#primaryimage\"},\"image\":{\"@id\":\"https:\/\/kapitalis.com\/tunisie\/2019\/08\/21\/tunisair-des-prix-surrealistes-prohibitifs-pour-les-tunisiens-vivant-en-europe\/#primaryimage\"},\"thumbnailUrl\":\"\",\"datePublished\":\"2019-08-21T07:17:53+00:00\",\"dateModified\":\"2019-08-21T07:17:55+00:00\",\"breadcrumb\":{\"@id\":\"https:\/\/kapitalis.com\/tunisie\/2019\/08\/21\/tunisair-des-prix-surrealistes-prohibitifs-pour-les-tunisiens-vivant-en-europe\/#breadcrumb\"},\"inLanguage\":\"fr-FR\",\"potentialAction\":[{\"@type\":\"ReadAction\",\"target\":[\"https:\/\/kapitalis.com\/tunisie\/2019\/08\/21\/tunisair-des-prix-surrealistes-prohibitifs-pour-les-tunisiens-vivant-en-europe\/\"]}]},{\"@type\":\"ImageObject\",\"inLanguage\":\"fr-FR\",\"@id\":\"https:\/\/kapitalis.com\/tunisie\/2019\/08\/21\/tunisair-des-prix-surrealistes-prohibitifs-pour-les-tunisiens-vivant-en-europe\/#primaryimage\",\"url\":\"\",\"contentUrl\":\"\"},{\"@type\":\"BreadcrumbList\",\"@id\":\"https:\/\/kapitalis.com\/tunisie\/2019\/08\/21\/tunisair-des-prix-surrealistes-prohibitifs-pour-les-tunisiens-vivant-en-europe\/#breadcrumb\",\"itemListElement\":[{\"@type\":\"ListItem\",\"position\":1,\"name\":\"Accueil\",\"item\":\"https:\/\/kapitalis.com\/tunisie\/\"},{\"@type\":\"ListItem\",\"position\":2,\"name\":\"Tunisair : Des prix surr\u00e9alistes prohibitifs pour les Tunisiens vivant en Europe\"}]},{\"@type\":\"WebSite\",\"@id\":\"https:\/\/kapitalis.com\/tunisie\/#website\",\"url\":\"https:\/\/kapitalis.com\/tunisie\/\",\"name\":\"Kapitalis\",\"description\":\"L&#039;actualit\u00e9 en Tunisie et dans le monde\",\"publisher\":{\"@id\":\"https:\/\/kapitalis.com\/tunisie\/#organization\"},\"potentialAction\":[{\"@type\":\"SearchAction\",\"target\":{\"@type\":\"EntryPoint\",\"urlTemplate\":\"https:\/\/kapitalis.com\/tunisie\/?s={search_term_string}\"},\"query-input\":{\"@type\":\"PropertyValueSpecification\",\"valueRequired\":true,\"valueName\":\"search_term_string\"}}],\"inLanguage\":\"fr-FR\"},{\"@type\":\"Organization\",\"@id\":\"https:\/\/kapitalis.com\/tunisie\/#organization\",\"name\":\"Kapitalis\",\"url\":\"https:\/\/kapitalis.com\/tunisie\/\",\"logo\":{\"@type\":\"ImageObject\",\"inLanguage\":\"fr-FR\",\"@id\":\"https:\/\/kapitalis.com\/tunisie\/#\/schema\/logo\/image\/\",\"url\":\"https:\/\/kapitalis.com\/tunisie\/wp-content\/uploads\/2022\/05\/Kapitalis-big-size.png\",\"contentUrl\":\"https:\/\/kapitalis.com\/tunisie\/wp-content\/uploads\/2022\/05\/Kapitalis-big-size.png\",\"width\":5000,\"height\":1500,\"caption\":\"Kapitalis\"},\"image\":{\"@id\":\"https:\/\/kapitalis.com\/tunisie\/#\/schema\/logo\/image\/\"},\"sameAs\":[\"https:\/\/www.facebook.com\/KapitalisInfo\/\",\"https:\/\/x.com\/KapitalisInfo\",\"https:\/\/www.youtube.com\/channel\/UC-yDYrHyfFBWWZaOw3FPg9Q\"]},{\"@type\":\"Person\",\"@id\":\"https:\/\/kapitalis.com\/tunisie\/#\/schema\/person\/d71f33a9ca44f7bad4698210b480c8e9\",\"name\":\"webmaster kapitalis\",\"url\":\"https:\/\/kapitalis.com\/tunisie\/author\/webmaster-kapitalis\/\"}]}<\/script>\n<!-- \/ Yoast SEO plugin. -->","yoast_head_json":{"title":"Tunisair : Des prix surr\u00e9alistes prohibitifs pour les Tunisiens vivant en Europe - Kapitalis","robots":{"index":"index","follow":"follow","max-snippet":"max-snippet:-1","max-image-preview":"max-image-preview:large","max-video-preview":"max-video-preview:-1"},"canonical":"https:\/\/kapitalis.com\/tunisie\/2019\/08\/21\/tunisair-des-prix-surrealistes-prohibitifs-pour-les-tunisiens-vivant-en-europe\/","og_locale":"fr_FR","og_type":"article","og_title":"Tunisair : Des prix surr\u00e9alistes prohibitifs pour les Tunisiens vivant en Europe - Kapitalis","og_description":"Dans un communiqu\u00e9 publi\u00e9 mardi 20 ao\u00fbt 2019, le cabinet Ponctualit\u00e9 Vols Tunisie (PVT), dirig\u00e9 par Mehdi-Thibaut Affes, pointent les \u00abtarifs surr\u00e9alistes\u00bb pratiqu\u00e9s par le transporteur national Tunisair. Nous publions communiqu\u00e9 ci-dessous\u2026","og_url":"https:\/\/kapitalis.com\/tunisie\/2019\/08\/21\/tunisair-des-prix-surrealistes-prohibitifs-pour-les-tunisiens-vivant-en-europe\/","og_site_name":"Kapitalis","article_publisher":"https:\/\/www.facebook.com\/KapitalisInfo\/","article_published_time":"2019-08-21T07:17:53+00:00","article_modified_time":"2019-08-21T07:17:55+00:00","og_image":[{"width":1200,"height":630,"url":"https:\/\/kapitalis.com\/tunisie\/wp-content\/uploads\/2022\/05\/kapitalis-logo-fb.png","type":"image\/png"}],"author":"webmaster kapitalis","twitter_card":"summary_large_image","twitter_creator":"@KapitalisInfo","twitter_site":"@KapitalisInfo","twitter_misc":{"\u00c9crit par":"webmaster kapitalis","Dur\u00e9e de lecture estim\u00e9e":"1 minute"},"schema":{"@context":"https:\/\/schema.org","@graph":[{"@type":"Article","@id":"https:\/\/kapitalis.com\/tunisie\/2019\/08\/21\/tunisair-des-prix-surrealistes-prohibitifs-pour-les-tunisiens-vivant-en-europe\/#article","isPartOf":{"@id":"https:\/\/kapitalis.com\/tunisie\/2019\/08\/21\/tunisair-des-prix-surrealistes-prohibitifs-pour-les-tunisiens-vivant-en-europe\/"},"author":{"name":"webmaster kapitalis","@id":"https:\/\/kapitalis.com\/tunisie\/#\/schema\/person\/d71f33a9ca44f7bad4698210b480c8e9"},"headline":"Tunisair : Des prix surr\u00e9alistes prohibitifs pour les Tunisiens vivant en Europe","datePublished":"2019-08-21T07:17:53+00:00","dateModified":"2019-08-21T07:17:55+00:00","mainEntityOfPage":{"@id":"https:\/\/kapitalis.com\/tunisie\/2019\/08\/21\/tunisair-des-prix-surrealistes-prohibitifs-pour-les-tunisiens-vivant-en-europe\/"},"wordCount":292,"commentCount":27,"publisher":{"@id":"https:\/\/kapitalis.com\/tunisie\/#organization"},"image":{"@id":"https:\/\/kapitalis.com\/tunisie\/2019\/08\/21\/tunisair-des-prix-surrealistes-prohibitifs-pour-les-tunisiens-vivant-en-europe\/#primaryimage"},"thumbnailUrl":"","keywords":["Mehdi-Thibaut Affes","Tunisair"],"articleSection":["CONSO","Tunisie"],"inLanguage":"fr-FR","potentialAction":[{"@type":"CommentAction","name":"Comment","target":["https:\/\/kapitalis.com\/tunisie\/2019\/08\/21\/tunisair-des-prix-surrealistes-prohibitifs-pour-les-tunisiens-vivant-en-europe\/#respond"]}]},{"@type":"WebPage","@id":"https:\/\/kapitalis.com\/tunisie\/2019\/08\/21\/tunisair-des-prix-surrealistes-prohibitifs-pour-les-tunisiens-vivant-en-europe\/","url":"https:\/\/kapitalis.com\/tunisie\/2019\/08\/21\/tunisair-des-prix-surrealistes-prohibitifs-pour-les-tunisiens-vivant-en-europe\/","name":"Tunisair : Des prix surr\u00e9alistes prohibitifs pour les Tunisiens vivant en Europe - Kapitalis","isPartOf":{"@id":"https:\/\/kapitalis.com\/tunisie\/#website"},"primaryImageOfPage":{"@id":"https:\/\/kapitalis.com\/tunisie\/2019\/08\/21\/tunisair-des-prix-surrealistes-prohibitifs-pour-les-tunisiens-vivant-en-europe\/#primaryimage"},"image":{"@id":"https:\/\/kapitalis.com\/tunisie\/2019\/08\/21\/tunisair-des-prix-surrealistes-prohibitifs-pour-les-tunisiens-vivant-en-europe\/#primaryimage"},"thumbnailUrl":"","datePublished":"2019-08-21T07:17:53+00:00","dateModified":"2019-08-21T07:17:55+00:00","breadcrumb":{"@id":"https:\/\/kapitalis.com\/tunisie\/2019\/08\/21\/tunisair-des-prix-surrealistes-prohibitifs-pour-les-tunisiens-vivant-en-europe\/#breadcrumb"},"inLanguage":"fr-FR","potentialAction":[{"@type":"ReadAction","target":["https:\/\/kapitalis.com\/tunisie\/2019\/08\/21\/tunisair-des-prix-surrealistes-prohibitifs-pour-les-tunisiens-vivant-en-europe\/"]}]},{"@type":"ImageObject","inLanguage":"fr-FR","@id":"https:\/\/kapitalis.com\/tunisie\/2019\/08\/21\/tunisair-des-prix-surrealistes-prohibitifs-pour-les-tunisiens-vivant-en-europe\/#primaryimage","url":"","contentUrl":""},{"@type":"BreadcrumbList","@id":"https:\/\/kapitalis.com\/tunisie\/2019\/08\/21\/tunisair-des-prix-surrealistes-prohibitifs-pour-les-tunisiens-vivant-en-europe\/#breadcrumb","itemListElement":[{"@type":"ListItem","position":1,"name":"Accueil","item":"https:\/\/kapitalis.com\/tunisie\/"},{"@type":"ListItem","position":2,"name":"Tunisair : Des prix surr\u00e9alistes prohibitifs pour les Tunisiens vivant en Europe"}]},{"@type":"WebSite","@id":"https:\/\/kapitalis.com\/tunisie\/#website","url":"https:\/\/kapitalis.com\/tunisie\/","name":"Kapitalis","description":"L&#039;actualit\u00e9 en Tunisie et dans le monde","publisher":{"@id":"https:\/\/kapitalis.com\/tunisie\/#organization"},"potentialAction":[{"@type":"SearchAction","target":{"@type":"EntryPoint","urlTemplate":"https:\/\/kapitalis.com\/tunisie\/?s={search_term_string}"},"query-input":{"@type":"PropertyValueSpecification","valueRequired":true,"valueName":"search_term_string"}}],"inLanguage":"fr-FR"},{"@type":"Organization","@id":"https:\/\/kapitalis.com\/tunisie\/#organization","name":"Kapitalis","url":"https:\/\/kapitalis.com\/tunisie\/","logo":{"@type":"ImageObject","inLanguage":"fr-FR","@id":"https:\/\/kapitalis.com\/tunisie\/#\/schema\/logo\/image\/","url":"https:\/\/kapitalis.com\/tunisie\/wp-content\/uploads\/2022\/05\/Kapitalis-big-size.png","contentUrl":"https:\/\/kapitalis.com\/tunisie\/wp-content\/uploads\/2022\/05\/Kapitalis-big-size.png","width":5000,"height":1500,"caption":"Kapitalis"},"image":{"@id":"https:\/\/kapitalis.com\/tunisie\/#\/schema\/logo\/image\/"},"sameAs":["https:\/\/www.facebook.com\/KapitalisInfo\/","https:\/\/x.com\/KapitalisInfo","https:\/\/www.youtube.com\/channel\/UC-yDYrHyfFBWWZaOw3FPg9Q"]},{"@type":"Person","@id":"https:\/\/kapitalis.com\/tunisie\/#\/schema\/person\/d71f33a9ca44f7bad4698210b480c8e9","name":"webmaster kapitalis","url":"https:\/\/kapitalis.com\/tunisie\/author\/webmaster-kapitalis\/"}]}},"_links":{"self":[{"href":"https:\/\/kapitalis.com\/tunisie\/wp-json\/wp\/v2\/posts\/234087","targetHints":{"allow":["GET"]}}],"collection":[{"href":"https:\/\/kapitalis.com\/tunisie\/wp-json\/wp\/v2\/posts"}],"about":[{"href":"https:\/\/kapitalis.com\/tunisie\/wp-json\/wp\/v2\/types\/post"}],"author":[{"embeddable":true,"href":"https:\/\/kapitalis.com\/tunisie\/wp-json\/wp\/v2\/users\/8"}],"replies":[{"embeddable":true,"href":"https:\/\/kapitalis.com\/tunisie\/wp-json\/wp\/v2\/comments?post=234087"}],"version-history":[{"count":0,"href":"https:\/\/kapitalis.com\/tunisie\/wp-json\/wp\/v2\/posts\/234087\/revisions"}],"wp:featuredmedia":[{"embeddable":true,"href":"https:\/\/kapitalis.com\/tunisie\/wp-json\/wp\/v2\/media\/234088"}],"wp:attachment":[{"href":"https:\/\/kapitalis.com\/tunisie\/wp-json\/wp\/v2\/media?parent=234087"}],"wp:term":[{"taxonomy":"category","embeddable":true,"href":"https:\/\/kapitalis.com\/tunisie\/wp-json\/wp\/v2\/categories?post=234087"},{"taxonomy":"post_tag","embeddable":true,"href":"https:\/\/kapitalis.com\/tunisie\/wp-json\/wp\/v2\/tags?post=234087"}],"curies":[{"name":"wp","href":"https:\/\/api.w.org\/{rel}","templated":true}]}}