{"id":234428,"date":"2019-08-22T11:46:45","date_gmt":"2019-08-22T10:46:45","guid":{"rendered":"http:\/\/kapitalis.com\/tunisie\/?p=234428"},"modified":"2019-08-22T11:46:48","modified_gmt":"2019-08-22T10:46:48","slug":"la-greve-partielle-des-agents-de-la-poste-tunisienne-continue-sans-preavis","status":"publish","type":"post","link":"https:\/\/kapitalis.com\/tunisie\/2019\/08\/22\/la-greve-partielle-des-agents-de-la-poste-tunisienne-continue-sans-preavis\/","title":{"rendered":"La gr\u00e8ve (partielle) des agents de la Poste tunisienne continue&#8230; sans pr\u00e9avis"},"content":{"rendered":"\n<figure class=\"wp-block-image\"><img decoding=\"async\" src=\"http:\/\/kapitalis.com\/tunisie\/wp-content\/uploads\/2019\/08\/poste-en-gr\u00e8ve...-1.jpg\" alt=\"\" class=\"wp-image-234461\"\/><\/figure>\n\n\n\n<p><strong><em>Les agents de la Poste tunisienne continuent leur gr\u00e8ve partielle pour le 2e jour cons\u00e9cutif, sans pr\u00e9avis. D&rsquo;o\u00f9 la col\u00e8re et la frustration des usagers comme ceux du bureau de poste H\u00e9di Chaker, ce matin du jeudi 22 ao\u00fbt 2019.<\/em><\/strong>  <\/p>\n\n\n\n<!--more-->\n\n\n<div>La poursuite de cette gr\u00e8ve (partielle) serait due \u00e0 l&rsquo;intervention des forces de l&rsquo;ordre, le mardi 20 ao\u00fbt, pour rompre la gr\u00e8ve du personnel de la direction g\u00e9n\u00e9rale de la poste, au si\u00e8ge du minist\u00e8re des Technologies de la communication et de l&rsquo;Economie num\u00e9rique.\u00a0<\/div>\n\n\n<p>A l&rsquo;origine, le minist\u00e8re n&rsquo;aurait pas mis en oeuvre l&rsquo;accord sign\u00e9 avec le syndicat. Les revendications des agents de la poste portent sur leurs promotions et d&rsquo;autres aspects sociaux, dont le statut des agents, objet d&rsquo;un accord entre le syndicat et l&rsquo;administration concern\u00e9e.<\/p>\n\n\n\n<p>Le minist\u00e8re a d\u00e9nonc\u00e9, dans un communiqu\u00e9, les <em>\u00abfake news\u00bb<\/em> qui parlent  <em>\u00abd&rsquo;agressions contre les gr\u00e9vistes, et leur expulsion du minist\u00e8re par la force\u00bb.      <\/em><\/p>\n\n\n\n<p>Le minist\u00e8re a d\u00e9nonc\u00e9 par ailleurs, les \u00e9carts de conduite de \u00ab\u00a0certains\u00a0\u00bb gr\u00e9vistes qui ont emp\u00each\u00e9 ses employ\u00e9s et des invit\u00e9s, \u00e0 y entrer et o\u00f9 des d\u00e9g\u00e2ts mat\u00e9riels ont \u00e9t\u00e9 constat\u00e9s selon le minist\u00e8re.<\/p>\n\n\n\n<p>Le minist\u00e8re a demand\u00e9 aux gr\u00e9vistes, dans son communiqu\u00e9, de mettre l\u2019int\u00e9r\u00eat public avant toute autre consid\u00e9ration, de maintenir le dialogue et de continuer les n\u00e9gociations afin d&rsquo;aboutir \u00e0 un accord, sans porter pr\u00e9judice \u00e0 l\u2019int\u00e9r\u00eat du citoyen.<\/p>\n\n\n\n<p style=\"text-align:right\"><strong>A. M.<\/strong><\/p>\n","protected":false},"excerpt":{"rendered":"<p>Les agents de la Poste tunisienne continuent leur gr\u00e8ve partielle pour le 2e jour cons\u00e9cutif, sans pr\u00e9avis. D&rsquo;o\u00f9 la col\u00e8re et la frustration des usagers comme ceux du bureau de poste H\u00e9di Chaker, ce matin du jeudi 22 ao\u00fbt 2019.<\/p>\n","protected":false},"author":22,"featured_media":0,"comment_status":"open","ping_status":"open","sticky":false,"template":"","format":"standard","meta":{"footnotes":""},"categories":[998,2433],"tags":[425],"class_list":["post-234428","post","type-post","status-publish","format-standard","hentry","category-societe","category-tunisie","tag-greve"],"yoast_head":"<!-- This site is optimized with the Yoast SEO plugin v26.6 - https:\/\/yoast.com\/wordpress\/plugins\/seo\/ -->\n<title>La gr\u00e8ve (partielle) des agents de la Poste tunisienne continue... sans pr\u00e9avis - Kapitalis<\/title>\n<meta name=\"robots\" content=\"index, follow, max-snippet:-1, max-image-preview:large, max-video-preview:-1\" \/>\n<link rel=\"canonical\" href=\"https:\/\/kapitalis.com\/tunisie\/2019\/08\/22\/la-greve-partielle-des-agents-de-la-poste-tunisienne-continue-sans-preavis\/\" \/>\n<meta property=\"og:locale\" content=\"fr_FR\" \/>\n<meta property=\"og:type\" content=\"article\" \/>\n<meta property=\"og:title\" content=\"La gr\u00e8ve (partielle) des agents de la Poste tunisienne continue... sans pr\u00e9avis - Kapitalis\" \/>\n<meta property=\"og:description\" content=\"Les agents de la Poste tunisienne continuent leur gr\u00e8ve partielle pour le 2e jour cons\u00e9cutif, sans pr\u00e9avis. D&rsquo;o\u00f9 la col\u00e8re et la frustration des usagers comme ceux du bureau de poste H\u00e9di Chaker, ce matin du jeudi 22 ao\u00fbt 2019.\" \/>\n<meta property=\"og:url\" content=\"https:\/\/kapitalis.com\/tunisie\/2019\/08\/22\/la-greve-partielle-des-agents-de-la-poste-tunisienne-continue-sans-preavis\/\" \/>\n<meta property=\"og:site_name\" content=\"Kapitalis\" \/>\n<meta property=\"article:publisher\" content=\"https:\/\/www.facebook.com\/KapitalisInfo\/\" \/>\n<meta property=\"article:published_time\" content=\"2019-08-22T10:46:45+00:00\" \/>\n<meta property=\"article:modified_time\" content=\"2019-08-22T10:46:48+00:00\" \/>\n<meta property=\"og:image\" content=\"https:\/\/kapitalis.com\/tunisie\/wp-content\/uploads\/2022\/05\/kapitalis-logo-fb.png\" \/>\n\t<meta property=\"og:image:width\" content=\"1200\" \/>\n\t<meta property=\"og:image:height\" content=\"630\" \/>\n\t<meta property=\"og:image:type\" content=\"image\/png\" \/>\n<meta name=\"author\" content=\"Amina Mkada\" \/>\n<meta name=\"twitter:card\" content=\"summary_large_image\" \/>\n<meta name=\"twitter:creator\" content=\"@KapitalisInfo\" \/>\n<meta name=\"twitter:site\" content=\"@KapitalisInfo\" \/>\n<meta name=\"twitter:label1\" content=\"\u00c9crit par\" \/>\n\t<meta name=\"twitter:data1\" content=\"Amina Mkada\" \/>\n\t<meta name=\"twitter:label2\" content=\"Dur\u00e9e de lecture estim\u00e9e\" \/>\n\t<meta name=\"twitter:data2\" content=\"1 minute\" \/>\n<script type=\"application\/ld+json\" class=\"yoast-schema-graph\">{\"@context\":\"https:\/\/schema.org\",\"@graph\":[{\"@type\":\"Article\",\"@id\":\"https:\/\/kapitalis.com\/tunisie\/2019\/08\/22\/la-greve-partielle-des-agents-de-la-poste-tunisienne-continue-sans-preavis\/#article\",\"isPartOf\":{\"@id\":\"https:\/\/kapitalis.com\/tunisie\/2019\/08\/22\/la-greve-partielle-des-agents-de-la-poste-tunisienne-continue-sans-preavis\/\"},\"author\":{\"name\":\"Amina Mkada\",\"@id\":\"https:\/\/kapitalis.com\/tunisie\/#\/schema\/person\/093913313d3017554cb3ad077fff3fbd\"},\"headline\":\"La gr\u00e8ve (partielle) des agents de la Poste tunisienne continue&#8230; sans pr\u00e9avis\",\"datePublished\":\"2019-08-22T10:46:45+00:00\",\"dateModified\":\"2019-08-22T10:46:48+00:00\",\"mainEntityOfPage\":{\"@id\":\"https:\/\/kapitalis.com\/tunisie\/2019\/08\/22\/la-greve-partielle-des-agents-de-la-poste-tunisienne-continue-sans-preavis\/\"},\"wordCount\":275,\"commentCount\":6,\"publisher\":{\"@id\":\"https:\/\/kapitalis.com\/tunisie\/#organization\"},\"keywords\":[\"gr\u00e8ve\"],\"articleSection\":[\"SOCIETE\",\"Tunisie\"],\"inLanguage\":\"fr-FR\",\"potentialAction\":[{\"@type\":\"CommentAction\",\"name\":\"Comment\",\"target\":[\"https:\/\/kapitalis.com\/tunisie\/2019\/08\/22\/la-greve-partielle-des-agents-de-la-poste-tunisienne-continue-sans-preavis\/#respond\"]}]},{\"@type\":\"WebPage\",\"@id\":\"https:\/\/kapitalis.com\/tunisie\/2019\/08\/22\/la-greve-partielle-des-agents-de-la-poste-tunisienne-continue-sans-preavis\/\",\"url\":\"https:\/\/kapitalis.com\/tunisie\/2019\/08\/22\/la-greve-partielle-des-agents-de-la-poste-tunisienne-continue-sans-preavis\/\",\"name\":\"La gr\u00e8ve (partielle) des agents de la Poste tunisienne continue... sans pr\u00e9avis - Kapitalis\",\"isPartOf\":{\"@id\":\"https:\/\/kapitalis.com\/tunisie\/#website\"},\"datePublished\":\"2019-08-22T10:46:45+00:00\",\"dateModified\":\"2019-08-22T10:46:48+00:00\",\"breadcrumb\":{\"@id\":\"https:\/\/kapitalis.com\/tunisie\/2019\/08\/22\/la-greve-partielle-des-agents-de-la-poste-tunisienne-continue-sans-preavis\/#breadcrumb\"},\"inLanguage\":\"fr-FR\",\"potentialAction\":[{\"@type\":\"ReadAction\",\"target\":[\"https:\/\/kapitalis.com\/tunisie\/2019\/08\/22\/la-greve-partielle-des-agents-de-la-poste-tunisienne-continue-sans-preavis\/\"]}]},{\"@type\":\"BreadcrumbList\",\"@id\":\"https:\/\/kapitalis.com\/tunisie\/2019\/08\/22\/la-greve-partielle-des-agents-de-la-poste-tunisienne-continue-sans-preavis\/#breadcrumb\",\"itemListElement\":[{\"@type\":\"ListItem\",\"position\":1,\"name\":\"Accueil\",\"item\":\"https:\/\/kapitalis.com\/tunisie\/\"},{\"@type\":\"ListItem\",\"position\":2,\"name\":\"La gr\u00e8ve (partielle) des agents de la Poste tunisienne continue&#8230; sans pr\u00e9avis\"}]},{\"@type\":\"WebSite\",\"@id\":\"https:\/\/kapitalis.com\/tunisie\/#website\",\"url\":\"https:\/\/kapitalis.com\/tunisie\/\",\"name\":\"Kapitalis\",\"description\":\"L&#039;actualit\u00e9 en Tunisie et dans le monde\",\"publisher\":{\"@id\":\"https:\/\/kapitalis.com\/tunisie\/#organization\"},\"potentialAction\":[{\"@type\":\"SearchAction\",\"target\":{\"@type\":\"EntryPoint\",\"urlTemplate\":\"https:\/\/kapitalis.com\/tunisie\/?s={search_term_string}\"},\"query-input\":{\"@type\":\"PropertyValueSpecification\",\"valueRequired\":true,\"valueName\":\"search_term_string\"}}],\"inLanguage\":\"fr-FR\"},{\"@type\":\"Organization\",\"@id\":\"https:\/\/kapitalis.com\/tunisie\/#organization\",\"name\":\"Kapitalis\",\"url\":\"https:\/\/kapitalis.com\/tunisie\/\",\"logo\":{\"@type\":\"ImageObject\",\"inLanguage\":\"fr-FR\",\"@id\":\"https:\/\/kapitalis.com\/tunisie\/#\/schema\/logo\/image\/\",\"url\":\"https:\/\/kapitalis.com\/tunisie\/wp-content\/uploads\/2022\/05\/Kapitalis-big-size.png\",\"contentUrl\":\"https:\/\/kapitalis.com\/tunisie\/wp-content\/uploads\/2022\/05\/Kapitalis-big-size.png\",\"width\":5000,\"height\":1500,\"caption\":\"Kapitalis\"},\"image\":{\"@id\":\"https:\/\/kapitalis.com\/tunisie\/#\/schema\/logo\/image\/\"},\"sameAs\":[\"https:\/\/www.facebook.com\/KapitalisInfo\/\",\"https:\/\/x.com\/KapitalisInfo\",\"https:\/\/www.youtube.com\/channel\/UC-yDYrHyfFBWWZaOw3FPg9Q\"]},{\"@type\":\"Person\",\"@id\":\"https:\/\/kapitalis.com\/tunisie\/#\/schema\/person\/093913313d3017554cb3ad077fff3fbd\",\"name\":\"Amina Mkada\",\"url\":\"https:\/\/kapitalis.com\/tunisie\/author\/amina\/\"}]}<\/script>\n<!-- \/ Yoast SEO plugin. -->","yoast_head_json":{"title":"La gr\u00e8ve (partielle) des agents de la Poste tunisienne continue... sans pr\u00e9avis - Kapitalis","robots":{"index":"index","follow":"follow","max-snippet":"max-snippet:-1","max-image-preview":"max-image-preview:large","max-video-preview":"max-video-preview:-1"},"canonical":"https:\/\/kapitalis.com\/tunisie\/2019\/08\/22\/la-greve-partielle-des-agents-de-la-poste-tunisienne-continue-sans-preavis\/","og_locale":"fr_FR","og_type":"article","og_title":"La gr\u00e8ve (partielle) des agents de la Poste tunisienne continue... sans pr\u00e9avis - Kapitalis","og_description":"Les agents de la Poste tunisienne continuent leur gr\u00e8ve partielle pour le 2e jour cons\u00e9cutif, sans pr\u00e9avis. D&rsquo;o\u00f9 la col\u00e8re et la frustration des usagers comme ceux du bureau de poste H\u00e9di Chaker, ce matin du jeudi 22 ao\u00fbt 2019.","og_url":"https:\/\/kapitalis.com\/tunisie\/2019\/08\/22\/la-greve-partielle-des-agents-de-la-poste-tunisienne-continue-sans-preavis\/","og_site_name":"Kapitalis","article_publisher":"https:\/\/www.facebook.com\/KapitalisInfo\/","article_published_time":"2019-08-22T10:46:45+00:00","article_modified_time":"2019-08-22T10:46:48+00:00","og_image":[{"width":1200,"height":630,"url":"https:\/\/kapitalis.com\/tunisie\/wp-content\/uploads\/2022\/05\/kapitalis-logo-fb.png","type":"image\/png"}],"author":"Amina Mkada","twitter_card":"summary_large_image","twitter_creator":"@KapitalisInfo","twitter_site":"@KapitalisInfo","twitter_misc":{"\u00c9crit par":"Amina Mkada","Dur\u00e9e de lecture estim\u00e9e":"1 minute"},"schema":{"@context":"https:\/\/schema.org","@graph":[{"@type":"Article","@id":"https:\/\/kapitalis.com\/tunisie\/2019\/08\/22\/la-greve-partielle-des-agents-de-la-poste-tunisienne-continue-sans-preavis\/#article","isPartOf":{"@id":"https:\/\/kapitalis.com\/tunisie\/2019\/08\/22\/la-greve-partielle-des-agents-de-la-poste-tunisienne-continue-sans-preavis\/"},"author":{"name":"Amina Mkada","@id":"https:\/\/kapitalis.com\/tunisie\/#\/schema\/person\/093913313d3017554cb3ad077fff3fbd"},"headline":"La gr\u00e8ve (partielle) des agents de la Poste tunisienne continue&#8230; sans pr\u00e9avis","datePublished":"2019-08-22T10:46:45+00:00","dateModified":"2019-08-22T10:46:48+00:00","mainEntityOfPage":{"@id":"https:\/\/kapitalis.com\/tunisie\/2019\/08\/22\/la-greve-partielle-des-agents-de-la-poste-tunisienne-continue-sans-preavis\/"},"wordCount":275,"commentCount":6,"publisher":{"@id":"https:\/\/kapitalis.com\/tunisie\/#organization"},"keywords":["gr\u00e8ve"],"articleSection":["SOCIETE","Tunisie"],"inLanguage":"fr-FR","potentialAction":[{"@type":"CommentAction","name":"Comment","target":["https:\/\/kapitalis.com\/tunisie\/2019\/08\/22\/la-greve-partielle-des-agents-de-la-poste-tunisienne-continue-sans-preavis\/#respond"]}]},{"@type":"WebPage","@id":"https:\/\/kapitalis.com\/tunisie\/2019\/08\/22\/la-greve-partielle-des-agents-de-la-poste-tunisienne-continue-sans-preavis\/","url":"https:\/\/kapitalis.com\/tunisie\/2019\/08\/22\/la-greve-partielle-des-agents-de-la-poste-tunisienne-continue-sans-preavis\/","name":"La gr\u00e8ve (partielle) des agents de la Poste tunisienne continue... sans pr\u00e9avis - Kapitalis","isPartOf":{"@id":"https:\/\/kapitalis.com\/tunisie\/#website"},"datePublished":"2019-08-22T10:46:45+00:00","dateModified":"2019-08-22T10:46:48+00:00","breadcrumb":{"@id":"https:\/\/kapitalis.com\/tunisie\/2019\/08\/22\/la-greve-partielle-des-agents-de-la-poste-tunisienne-continue-sans-preavis\/#breadcrumb"},"inLanguage":"fr-FR","potentialAction":[{"@type":"ReadAction","target":["https:\/\/kapitalis.com\/tunisie\/2019\/08\/22\/la-greve-partielle-des-agents-de-la-poste-tunisienne-continue-sans-preavis\/"]}]},{"@type":"BreadcrumbList","@id":"https:\/\/kapitalis.com\/tunisie\/2019\/08\/22\/la-greve-partielle-des-agents-de-la-poste-tunisienne-continue-sans-preavis\/#breadcrumb","itemListElement":[{"@type":"ListItem","position":1,"name":"Accueil","item":"https:\/\/kapitalis.com\/tunisie\/"},{"@type":"ListItem","position":2,"name":"La gr\u00e8ve (partielle) des agents de la Poste tunisienne continue&#8230; sans pr\u00e9avis"}]},{"@type":"WebSite","@id":"https:\/\/kapitalis.com\/tunisie\/#website","url":"https:\/\/kapitalis.com\/tunisie\/","name":"Kapitalis","description":"L&#039;actualit\u00e9 en Tunisie et dans le monde","publisher":{"@id":"https:\/\/kapitalis.com\/tunisie\/#organization"},"potentialAction":[{"@type":"SearchAction","target":{"@type":"EntryPoint","urlTemplate":"https:\/\/kapitalis.com\/tunisie\/?s={search_term_string}"},"query-input":{"@type":"PropertyValueSpecification","valueRequired":true,"valueName":"search_term_string"}}],"inLanguage":"fr-FR"},{"@type":"Organization","@id":"https:\/\/kapitalis.com\/tunisie\/#organization","name":"Kapitalis","url":"https:\/\/kapitalis.com\/tunisie\/","logo":{"@type":"ImageObject","inLanguage":"fr-FR","@id":"https:\/\/kapitalis.com\/tunisie\/#\/schema\/logo\/image\/","url":"https:\/\/kapitalis.com\/tunisie\/wp-content\/uploads\/2022\/05\/Kapitalis-big-size.png","contentUrl":"https:\/\/kapitalis.com\/tunisie\/wp-content\/uploads\/2022\/05\/Kapitalis-big-size.png","width":5000,"height":1500,"caption":"Kapitalis"},"image":{"@id":"https:\/\/kapitalis.com\/tunisie\/#\/schema\/logo\/image\/"},"sameAs":["https:\/\/www.facebook.com\/KapitalisInfo\/","https:\/\/x.com\/KapitalisInfo","https:\/\/www.youtube.com\/channel\/UC-yDYrHyfFBWWZaOw3FPg9Q"]},{"@type":"Person","@id":"https:\/\/kapitalis.com\/tunisie\/#\/schema\/person\/093913313d3017554cb3ad077fff3fbd","name":"Amina Mkada","url":"https:\/\/kapitalis.com\/tunisie\/author\/amina\/"}]}},"_links":{"self":[{"href":"https:\/\/kapitalis.com\/tunisie\/wp-json\/wp\/v2\/posts\/234428","targetHints":{"allow":["GET"]}}],"collection":[{"href":"https:\/\/kapitalis.com\/tunisie\/wp-json\/wp\/v2\/posts"}],"about":[{"href":"https:\/\/kapitalis.com\/tunisie\/wp-json\/wp\/v2\/types\/post"}],"author":[{"embeddable":true,"href":"https:\/\/kapitalis.com\/tunisie\/wp-json\/wp\/v2\/users\/22"}],"replies":[{"embeddable":true,"href":"https:\/\/kapitalis.com\/tunisie\/wp-json\/wp\/v2\/comments?post=234428"}],"version-history":[{"count":0,"href":"https:\/\/kapitalis.com\/tunisie\/wp-json\/wp\/v2\/posts\/234428\/revisions"}],"wp:attachment":[{"href":"https:\/\/kapitalis.com\/tunisie\/wp-json\/wp\/v2\/media?parent=234428"}],"wp:term":[{"taxonomy":"category","embeddable":true,"href":"https:\/\/kapitalis.com\/tunisie\/wp-json\/wp\/v2\/categories?post=234428"},{"taxonomy":"post_tag","embeddable":true,"href":"https:\/\/kapitalis.com\/tunisie\/wp-json\/wp\/v2\/tags?post=234428"}],"curies":[{"name":"wp","href":"https:\/\/api.w.org\/{rel}","templated":true}]}}