{"id":234581,"date":"2019-08-22T17:06:49","date_gmt":"2019-08-22T16:06:49","guid":{"rendered":"http:\/\/kapitalis.com\/tunisie\/?p=234581"},"modified":"2019-08-22T17:06:57","modified_gmt":"2019-08-22T16:06:57","slug":"presidentielle-lequipe-de-la-campagne-electorale-dabdelkrim-zbidi","status":"publish","type":"post","link":"https:\/\/kapitalis.com\/tunisie\/2019\/08\/22\/presidentielle-lequipe-de-la-campagne-electorale-dabdelkrim-zbidi\/","title":{"rendered":"Pr\u00e9sidentielle : L&rsquo;\u00e9quipe de la campagne \u00e9lectorale d&rsquo;Abdelkrim Zbidi"},"content":{"rendered":"\n<figure class=\"wp-block-image\"><img decoding=\"async\" src=\"http:\/\/kapitalis.com\/tunisie\/wp-content\/uploads\/2019\/07\/Zbidi.jpg\" alt=\"\" class=\"wp-image-223083\"\/><\/figure>\n\n\n\n<p><strong><em>Le ministre de la D\u00e9fense, Dr. Abdelkrim Zbidi, candidat aux \u00e9lections pr\u00e9sidentielles du 15 septembre 2019, a rendu public aujourd&rsquo;hui, jeudi 22 ao\u00fbt, la liste des 23 membres de son \u00e9quipe de campagne.<\/em><\/strong><\/p>\n\n\n\n<!--more-->\n\n\n<div>La campagne sera dirig\u00e9e par Faouzi Abderrahmen, alors que la coordination g\u00e9n\u00e9rale a \u00e9t\u00e9 confi\u00e9e au Dr. Khaled Kaddour, deux anciens membres du gouvernement Youssef Chahed.<\/div>\n\n\n<p>La gestion administrative de la campagne a \u00e9t\u00e9 confi\u00e9e \u00e0 Fakher Gafsi. Quant \u00e0 son chef de cabinet, M. Zbidi a nomm\u00e9 Hamed Mbarek.  <\/p>\n\n\n\n<p>Autres membres de l&rsquo;\u00e9quipe, Sahar Mechri, attach\u00e9e de presse, Ines Oueslati, charg\u00e9e de la communication, Hassan Baklouti, charg\u00e9 des relations publiques, Sana Ghenima et Mohamed Hidaya Bennani, porte-paroles de sa campagne.<\/p>\n\n\n\n<p>Trois personnes ont \u00e9t\u00e9 affect\u00e9es au poste de coordinateurs nationaux aupr\u00e8s des r\u00e9gions et de l&rsquo;\u00e9tranger. Il s&rsquo;agit en l&rsquo;occurrence d&rsquo;Ali Trabelsi, Mehdi Zaoui, et Fay\u00e7al Mbarek. <\/p>\n\n\n\n<p>Les 11 autres membres sont les repr\u00e9sentants des partis et des listes ind\u00e9pendantes appuyant le candidat: Rym Mahjoub, Walid Sfar, Mohamed Chakroun, Khaled Chouket, Chaker Ayadi, Ines Ben Nasr, Wafa Makhlouf, Zohra Ben Nasr, Fay\u00e7al Tebbini, Sarhan Nasri, et Selma Zenaidi.<\/p>\n\n\n\n<p>Le communiqu\u00e9 de M. Zbidi informe, par ailleurs, que la composition des autres commissions seront annonc\u00e9es ult\u00e9rieurement. Celles-ci seront ouvertes \u00e0 toutes les personnalit\u00e9s et les comp\u00e9tences nationales.<\/p>\n\n\n\n<p style=\"text-align:right\"><strong>A. M.<\/strong> <em>(avec communiqu\u00e9).<\/em><\/p>\n","protected":false},"excerpt":{"rendered":"<p>Le ministre de la D\u00e9fense, Dr. Abdelkrim Zbidi, candidat aux \u00e9lections pr\u00e9sidentielles du 15 septembre 2019, a rendu public aujourd&rsquo;hui, jeudi 22 ao\u00fbt, la liste des 23 membres de son \u00e9quipe de campagne.<\/p>\n","protected":false},"author":22,"featured_media":0,"comment_status":"open","ping_status":"open","sticky":false,"template":"","format":"standard","meta":{"footnotes":""},"categories":[997,2433],"tags":[4758,9314],"class_list":["post-234581","post","type-post","status-publish","format-standard","hentry","category-politique","category-tunisie","tag-campagne-electorale","tag-elections-presidentielles"],"yoast_head":"<!-- This site is optimized with the Yoast SEO plugin v26.6 - https:\/\/yoast.com\/wordpress\/plugins\/seo\/ -->\n<title>Pr\u00e9sidentielle : L&#039;\u00e9quipe de la campagne \u00e9lectorale d&#039;Abdelkrim Zbidi - Kapitalis<\/title>\n<meta name=\"robots\" content=\"index, follow, max-snippet:-1, max-image-preview:large, max-video-preview:-1\" \/>\n<link rel=\"canonical\" href=\"https:\/\/kapitalis.com\/tunisie\/2019\/08\/22\/presidentielle-lequipe-de-la-campagne-electorale-dabdelkrim-zbidi\/\" \/>\n<meta property=\"og:locale\" content=\"fr_FR\" \/>\n<meta property=\"og:type\" content=\"article\" \/>\n<meta property=\"og:title\" content=\"Pr\u00e9sidentielle : L&#039;\u00e9quipe de la campagne \u00e9lectorale d&#039;Abdelkrim Zbidi - Kapitalis\" \/>\n<meta property=\"og:description\" content=\"Le ministre de la D\u00e9fense, Dr. Abdelkrim Zbidi, candidat aux \u00e9lections pr\u00e9sidentielles du 15 septembre 2019, a rendu public aujourd&rsquo;hui, jeudi 22 ao\u00fbt, la liste des 23 membres de son \u00e9quipe de campagne.\" \/>\n<meta property=\"og:url\" content=\"https:\/\/kapitalis.com\/tunisie\/2019\/08\/22\/presidentielle-lequipe-de-la-campagne-electorale-dabdelkrim-zbidi\/\" \/>\n<meta property=\"og:site_name\" content=\"Kapitalis\" \/>\n<meta property=\"article:publisher\" content=\"https:\/\/www.facebook.com\/KapitalisInfo\/\" \/>\n<meta property=\"article:published_time\" content=\"2019-08-22T16:06:49+00:00\" \/>\n<meta property=\"article:modified_time\" content=\"2019-08-22T16:06:57+00:00\" \/>\n<meta property=\"og:image\" content=\"http:\/\/kapitalis.com\/tunisie\/wp-content\/uploads\/2019\/07\/Zbidi.jpg\" \/>\n<meta name=\"author\" content=\"Amina Mkada\" \/>\n<meta name=\"twitter:card\" content=\"summary_large_image\" \/>\n<meta name=\"twitter:creator\" content=\"@KapitalisInfo\" \/>\n<meta name=\"twitter:site\" content=\"@KapitalisInfo\" \/>\n<meta name=\"twitter:label1\" content=\"\u00c9crit par\" \/>\n\t<meta name=\"twitter:data1\" content=\"Amina Mkada\" \/>\n\t<meta name=\"twitter:label2\" content=\"Dur\u00e9e de lecture estim\u00e9e\" \/>\n\t<meta name=\"twitter:data2\" content=\"1 minute\" \/>\n<script type=\"application\/ld+json\" class=\"yoast-schema-graph\">{\"@context\":\"https:\/\/schema.org\",\"@graph\":[{\"@type\":\"Article\",\"@id\":\"https:\/\/kapitalis.com\/tunisie\/2019\/08\/22\/presidentielle-lequipe-de-la-campagne-electorale-dabdelkrim-zbidi\/#article\",\"isPartOf\":{\"@id\":\"https:\/\/kapitalis.com\/tunisie\/2019\/08\/22\/presidentielle-lequipe-de-la-campagne-electorale-dabdelkrim-zbidi\/\"},\"author\":{\"name\":\"Amina Mkada\",\"@id\":\"https:\/\/kapitalis.com\/tunisie\/#\/schema\/person\/093913313d3017554cb3ad077fff3fbd\"},\"headline\":\"Pr\u00e9sidentielle : L&rsquo;\u00e9quipe de la campagne \u00e9lectorale d&rsquo;Abdelkrim Zbidi\",\"datePublished\":\"2019-08-22T16:06:49+00:00\",\"dateModified\":\"2019-08-22T16:06:57+00:00\",\"mainEntityOfPage\":{\"@id\":\"https:\/\/kapitalis.com\/tunisie\/2019\/08\/22\/presidentielle-lequipe-de-la-campagne-electorale-dabdelkrim-zbidi\/\"},\"wordCount\":239,\"commentCount\":1,\"publisher\":{\"@id\":\"https:\/\/kapitalis.com\/tunisie\/#organization\"},\"image\":{\"@id\":\"https:\/\/kapitalis.com\/tunisie\/2019\/08\/22\/presidentielle-lequipe-de-la-campagne-electorale-dabdelkrim-zbidi\/#primaryimage\"},\"thumbnailUrl\":\"http:\/\/kapitalis.com\/tunisie\/wp-content\/uploads\/2019\/07\/Zbidi.jpg\",\"keywords\":[\"campagne \u00e9lectorale\",\"\u00e9lections pr\u00e9sidentielles\"],\"articleSection\":[\"POLITIQUE\",\"Tunisie\"],\"inLanguage\":\"fr-FR\",\"potentialAction\":[{\"@type\":\"CommentAction\",\"name\":\"Comment\",\"target\":[\"https:\/\/kapitalis.com\/tunisie\/2019\/08\/22\/presidentielle-lequipe-de-la-campagne-electorale-dabdelkrim-zbidi\/#respond\"]}]},{\"@type\":\"WebPage\",\"@id\":\"https:\/\/kapitalis.com\/tunisie\/2019\/08\/22\/presidentielle-lequipe-de-la-campagne-electorale-dabdelkrim-zbidi\/\",\"url\":\"https:\/\/kapitalis.com\/tunisie\/2019\/08\/22\/presidentielle-lequipe-de-la-campagne-electorale-dabdelkrim-zbidi\/\",\"name\":\"Pr\u00e9sidentielle : L'\u00e9quipe de la campagne \u00e9lectorale d'Abdelkrim Zbidi - Kapitalis\",\"isPartOf\":{\"@id\":\"https:\/\/kapitalis.com\/tunisie\/#website\"},\"primaryImageOfPage\":{\"@id\":\"https:\/\/kapitalis.com\/tunisie\/2019\/08\/22\/presidentielle-lequipe-de-la-campagne-electorale-dabdelkrim-zbidi\/#primaryimage\"},\"image\":{\"@id\":\"https:\/\/kapitalis.com\/tunisie\/2019\/08\/22\/presidentielle-lequipe-de-la-campagne-electorale-dabdelkrim-zbidi\/#primaryimage\"},\"thumbnailUrl\":\"http:\/\/kapitalis.com\/tunisie\/wp-content\/uploads\/2019\/07\/Zbidi.jpg\",\"datePublished\":\"2019-08-22T16:06:49+00:00\",\"dateModified\":\"2019-08-22T16:06:57+00:00\",\"breadcrumb\":{\"@id\":\"https:\/\/kapitalis.com\/tunisie\/2019\/08\/22\/presidentielle-lequipe-de-la-campagne-electorale-dabdelkrim-zbidi\/#breadcrumb\"},\"inLanguage\":\"fr-FR\",\"potentialAction\":[{\"@type\":\"ReadAction\",\"target\":[\"https:\/\/kapitalis.com\/tunisie\/2019\/08\/22\/presidentielle-lequipe-de-la-campagne-electorale-dabdelkrim-zbidi\/\"]}]},{\"@type\":\"ImageObject\",\"inLanguage\":\"fr-FR\",\"@id\":\"https:\/\/kapitalis.com\/tunisie\/2019\/08\/22\/presidentielle-lequipe-de-la-campagne-electorale-dabdelkrim-zbidi\/#primaryimage\",\"url\":\"http:\/\/kapitalis.com\/tunisie\/wp-content\/uploads\/2019\/07\/Zbidi.jpg\",\"contentUrl\":\"http:\/\/kapitalis.com\/tunisie\/wp-content\/uploads\/2019\/07\/Zbidi.jpg\"},{\"@type\":\"BreadcrumbList\",\"@id\":\"https:\/\/kapitalis.com\/tunisie\/2019\/08\/22\/presidentielle-lequipe-de-la-campagne-electorale-dabdelkrim-zbidi\/#breadcrumb\",\"itemListElement\":[{\"@type\":\"ListItem\",\"position\":1,\"name\":\"Accueil\",\"item\":\"https:\/\/kapitalis.com\/tunisie\/\"},{\"@type\":\"ListItem\",\"position\":2,\"name\":\"Pr\u00e9sidentielle : L&rsquo;\u00e9quipe de la campagne \u00e9lectorale d&rsquo;Abdelkrim Zbidi\"}]},{\"@type\":\"WebSite\",\"@id\":\"https:\/\/kapitalis.com\/tunisie\/#website\",\"url\":\"https:\/\/kapitalis.com\/tunisie\/\",\"name\":\"Kapitalis\",\"description\":\"L&#039;actualit\u00e9 en Tunisie et dans le monde\",\"publisher\":{\"@id\":\"https:\/\/kapitalis.com\/tunisie\/#organization\"},\"potentialAction\":[{\"@type\":\"SearchAction\",\"target\":{\"@type\":\"EntryPoint\",\"urlTemplate\":\"https:\/\/kapitalis.com\/tunisie\/?s={search_term_string}\"},\"query-input\":{\"@type\":\"PropertyValueSpecification\",\"valueRequired\":true,\"valueName\":\"search_term_string\"}}],\"inLanguage\":\"fr-FR\"},{\"@type\":\"Organization\",\"@id\":\"https:\/\/kapitalis.com\/tunisie\/#organization\",\"name\":\"Kapitalis\",\"url\":\"https:\/\/kapitalis.com\/tunisie\/\",\"logo\":{\"@type\":\"ImageObject\",\"inLanguage\":\"fr-FR\",\"@id\":\"https:\/\/kapitalis.com\/tunisie\/#\/schema\/logo\/image\/\",\"url\":\"https:\/\/kapitalis.com\/tunisie\/wp-content\/uploads\/2022\/05\/Kapitalis-big-size.png\",\"contentUrl\":\"https:\/\/kapitalis.com\/tunisie\/wp-content\/uploads\/2022\/05\/Kapitalis-big-size.png\",\"width\":5000,\"height\":1500,\"caption\":\"Kapitalis\"},\"image\":{\"@id\":\"https:\/\/kapitalis.com\/tunisie\/#\/schema\/logo\/image\/\"},\"sameAs\":[\"https:\/\/www.facebook.com\/KapitalisInfo\/\",\"https:\/\/x.com\/KapitalisInfo\",\"https:\/\/www.youtube.com\/channel\/UC-yDYrHyfFBWWZaOw3FPg9Q\"]},{\"@type\":\"Person\",\"@id\":\"https:\/\/kapitalis.com\/tunisie\/#\/schema\/person\/093913313d3017554cb3ad077fff3fbd\",\"name\":\"Amina Mkada\",\"url\":\"https:\/\/kapitalis.com\/tunisie\/author\/amina\/\"}]}<\/script>\n<!-- \/ Yoast SEO plugin. -->","yoast_head_json":{"title":"Pr\u00e9sidentielle : L'\u00e9quipe de la campagne \u00e9lectorale d'Abdelkrim Zbidi - Kapitalis","robots":{"index":"index","follow":"follow","max-snippet":"max-snippet:-1","max-image-preview":"max-image-preview:large","max-video-preview":"max-video-preview:-1"},"canonical":"https:\/\/kapitalis.com\/tunisie\/2019\/08\/22\/presidentielle-lequipe-de-la-campagne-electorale-dabdelkrim-zbidi\/","og_locale":"fr_FR","og_type":"article","og_title":"Pr\u00e9sidentielle : L'\u00e9quipe de la campagne \u00e9lectorale d'Abdelkrim Zbidi - Kapitalis","og_description":"Le ministre de la D\u00e9fense, Dr. Abdelkrim Zbidi, candidat aux \u00e9lections pr\u00e9sidentielles du 15 septembre 2019, a rendu public aujourd&rsquo;hui, jeudi 22 ao\u00fbt, la liste des 23 membres de son \u00e9quipe de campagne.","og_url":"https:\/\/kapitalis.com\/tunisie\/2019\/08\/22\/presidentielle-lequipe-de-la-campagne-electorale-dabdelkrim-zbidi\/","og_site_name":"Kapitalis","article_publisher":"https:\/\/www.facebook.com\/KapitalisInfo\/","article_published_time":"2019-08-22T16:06:49+00:00","article_modified_time":"2019-08-22T16:06:57+00:00","og_image":[{"url":"http:\/\/kapitalis.com\/tunisie\/wp-content\/uploads\/2019\/07\/Zbidi.jpg","type":"","width":"","height":""}],"author":"Amina Mkada","twitter_card":"summary_large_image","twitter_creator":"@KapitalisInfo","twitter_site":"@KapitalisInfo","twitter_misc":{"\u00c9crit par":"Amina Mkada","Dur\u00e9e de lecture estim\u00e9e":"1 minute"},"schema":{"@context":"https:\/\/schema.org","@graph":[{"@type":"Article","@id":"https:\/\/kapitalis.com\/tunisie\/2019\/08\/22\/presidentielle-lequipe-de-la-campagne-electorale-dabdelkrim-zbidi\/#article","isPartOf":{"@id":"https:\/\/kapitalis.com\/tunisie\/2019\/08\/22\/presidentielle-lequipe-de-la-campagne-electorale-dabdelkrim-zbidi\/"},"author":{"name":"Amina Mkada","@id":"https:\/\/kapitalis.com\/tunisie\/#\/schema\/person\/093913313d3017554cb3ad077fff3fbd"},"headline":"Pr\u00e9sidentielle : L&rsquo;\u00e9quipe de la campagne \u00e9lectorale d&rsquo;Abdelkrim Zbidi","datePublished":"2019-08-22T16:06:49+00:00","dateModified":"2019-08-22T16:06:57+00:00","mainEntityOfPage":{"@id":"https:\/\/kapitalis.com\/tunisie\/2019\/08\/22\/presidentielle-lequipe-de-la-campagne-electorale-dabdelkrim-zbidi\/"},"wordCount":239,"commentCount":1,"publisher":{"@id":"https:\/\/kapitalis.com\/tunisie\/#organization"},"image":{"@id":"https:\/\/kapitalis.com\/tunisie\/2019\/08\/22\/presidentielle-lequipe-de-la-campagne-electorale-dabdelkrim-zbidi\/#primaryimage"},"thumbnailUrl":"http:\/\/kapitalis.com\/tunisie\/wp-content\/uploads\/2019\/07\/Zbidi.jpg","keywords":["campagne \u00e9lectorale","\u00e9lections pr\u00e9sidentielles"],"articleSection":["POLITIQUE","Tunisie"],"inLanguage":"fr-FR","potentialAction":[{"@type":"CommentAction","name":"Comment","target":["https:\/\/kapitalis.com\/tunisie\/2019\/08\/22\/presidentielle-lequipe-de-la-campagne-electorale-dabdelkrim-zbidi\/#respond"]}]},{"@type":"WebPage","@id":"https:\/\/kapitalis.com\/tunisie\/2019\/08\/22\/presidentielle-lequipe-de-la-campagne-electorale-dabdelkrim-zbidi\/","url":"https:\/\/kapitalis.com\/tunisie\/2019\/08\/22\/presidentielle-lequipe-de-la-campagne-electorale-dabdelkrim-zbidi\/","name":"Pr\u00e9sidentielle : L'\u00e9quipe de la campagne \u00e9lectorale d'Abdelkrim Zbidi - Kapitalis","isPartOf":{"@id":"https:\/\/kapitalis.com\/tunisie\/#website"},"primaryImageOfPage":{"@id":"https:\/\/kapitalis.com\/tunisie\/2019\/08\/22\/presidentielle-lequipe-de-la-campagne-electorale-dabdelkrim-zbidi\/#primaryimage"},"image":{"@id":"https:\/\/kapitalis.com\/tunisie\/2019\/08\/22\/presidentielle-lequipe-de-la-campagne-electorale-dabdelkrim-zbidi\/#primaryimage"},"thumbnailUrl":"http:\/\/kapitalis.com\/tunisie\/wp-content\/uploads\/2019\/07\/Zbidi.jpg","datePublished":"2019-08-22T16:06:49+00:00","dateModified":"2019-08-22T16:06:57+00:00","breadcrumb":{"@id":"https:\/\/kapitalis.com\/tunisie\/2019\/08\/22\/presidentielle-lequipe-de-la-campagne-electorale-dabdelkrim-zbidi\/#breadcrumb"},"inLanguage":"fr-FR","potentialAction":[{"@type":"ReadAction","target":["https:\/\/kapitalis.com\/tunisie\/2019\/08\/22\/presidentielle-lequipe-de-la-campagne-electorale-dabdelkrim-zbidi\/"]}]},{"@type":"ImageObject","inLanguage":"fr-FR","@id":"https:\/\/kapitalis.com\/tunisie\/2019\/08\/22\/presidentielle-lequipe-de-la-campagne-electorale-dabdelkrim-zbidi\/#primaryimage","url":"http:\/\/kapitalis.com\/tunisie\/wp-content\/uploads\/2019\/07\/Zbidi.jpg","contentUrl":"http:\/\/kapitalis.com\/tunisie\/wp-content\/uploads\/2019\/07\/Zbidi.jpg"},{"@type":"BreadcrumbList","@id":"https:\/\/kapitalis.com\/tunisie\/2019\/08\/22\/presidentielle-lequipe-de-la-campagne-electorale-dabdelkrim-zbidi\/#breadcrumb","itemListElement":[{"@type":"ListItem","position":1,"name":"Accueil","item":"https:\/\/kapitalis.com\/tunisie\/"},{"@type":"ListItem","position":2,"name":"Pr\u00e9sidentielle : L&rsquo;\u00e9quipe de la campagne \u00e9lectorale d&rsquo;Abdelkrim Zbidi"}]},{"@type":"WebSite","@id":"https:\/\/kapitalis.com\/tunisie\/#website","url":"https:\/\/kapitalis.com\/tunisie\/","name":"Kapitalis","description":"L&#039;actualit\u00e9 en Tunisie et dans le monde","publisher":{"@id":"https:\/\/kapitalis.com\/tunisie\/#organization"},"potentialAction":[{"@type":"SearchAction","target":{"@type":"EntryPoint","urlTemplate":"https:\/\/kapitalis.com\/tunisie\/?s={search_term_string}"},"query-input":{"@type":"PropertyValueSpecification","valueRequired":true,"valueName":"search_term_string"}}],"inLanguage":"fr-FR"},{"@type":"Organization","@id":"https:\/\/kapitalis.com\/tunisie\/#organization","name":"Kapitalis","url":"https:\/\/kapitalis.com\/tunisie\/","logo":{"@type":"ImageObject","inLanguage":"fr-FR","@id":"https:\/\/kapitalis.com\/tunisie\/#\/schema\/logo\/image\/","url":"https:\/\/kapitalis.com\/tunisie\/wp-content\/uploads\/2022\/05\/Kapitalis-big-size.png","contentUrl":"https:\/\/kapitalis.com\/tunisie\/wp-content\/uploads\/2022\/05\/Kapitalis-big-size.png","width":5000,"height":1500,"caption":"Kapitalis"},"image":{"@id":"https:\/\/kapitalis.com\/tunisie\/#\/schema\/logo\/image\/"},"sameAs":["https:\/\/www.facebook.com\/KapitalisInfo\/","https:\/\/x.com\/KapitalisInfo","https:\/\/www.youtube.com\/channel\/UC-yDYrHyfFBWWZaOw3FPg9Q"]},{"@type":"Person","@id":"https:\/\/kapitalis.com\/tunisie\/#\/schema\/person\/093913313d3017554cb3ad077fff3fbd","name":"Amina Mkada","url":"https:\/\/kapitalis.com\/tunisie\/author\/amina\/"}]}},"_links":{"self":[{"href":"https:\/\/kapitalis.com\/tunisie\/wp-json\/wp\/v2\/posts\/234581","targetHints":{"allow":["GET"]}}],"collection":[{"href":"https:\/\/kapitalis.com\/tunisie\/wp-json\/wp\/v2\/posts"}],"about":[{"href":"https:\/\/kapitalis.com\/tunisie\/wp-json\/wp\/v2\/types\/post"}],"author":[{"embeddable":true,"href":"https:\/\/kapitalis.com\/tunisie\/wp-json\/wp\/v2\/users\/22"}],"replies":[{"embeddable":true,"href":"https:\/\/kapitalis.com\/tunisie\/wp-json\/wp\/v2\/comments?post=234581"}],"version-history":[{"count":0,"href":"https:\/\/kapitalis.com\/tunisie\/wp-json\/wp\/v2\/posts\/234581\/revisions"}],"wp:attachment":[{"href":"https:\/\/kapitalis.com\/tunisie\/wp-json\/wp\/v2\/media?parent=234581"}],"wp:term":[{"taxonomy":"category","embeddable":true,"href":"https:\/\/kapitalis.com\/tunisie\/wp-json\/wp\/v2\/categories?post=234581"},{"taxonomy":"post_tag","embeddable":true,"href":"https:\/\/kapitalis.com\/tunisie\/wp-json\/wp\/v2\/tags?post=234581"}],"curies":[{"name":"wp","href":"https:\/\/api.w.org\/{rel}","templated":true}]}}