{"id":2346402,"date":"2022-07-18T11:25:04","date_gmt":"2022-07-18T10:25:04","guid":{"rendered":"https:\/\/kapitalis.com\/tunisie\/?p=2346402"},"modified":"2022-07-18T13:14:20","modified_gmt":"2022-07-18T12:14:20","slug":"tunisie-il-en-faut-beaucoup-pour-choquer-me-el-euchi","status":"publish","type":"post","link":"https:\/\/kapitalis.com\/tunisie\/2022\/07\/18\/tunisie-il-en-faut-beaucoup-pour-choquer-me-el-euchi\/","title":{"rendered":"Tunisie\u00a0: Il en faut beaucoup pour choquer Me El-Euchi"},"content":{"rendered":"\n<p><strong><em>Me Hatem El-Euchi a affirm\u00e9 aujourd&rsquo;hui, lundi 18 juillet 2022, que le fils du ministre de l&rsquo;Int\u00e9rieur, Taoufik Charfeddine, a le droit d&rsquo;obtenir un passeport diplomatique.<\/em><\/strong><\/p>\n\n\n\n<!--more-->\n\n\n\n<p>Me El-Euchi, qui intervenait \u00e0 la Matinale de Shems FM, commentait la pol\u00e9mique suscit\u00e9e durant le weekend, par le passeport diplomatique fi\u00e8rement arbor\u00e9 par le fils du ministre de l\u2019Int\u00e9rieur sur les r\u00e9seaux sociaux. <\/p>\n\n\n\n<p><em>\u00abLe d\u00e9cret accordant des privil\u00e8ges \u00e0 la famille des membres du gouvernement date de l&rsquo;\u00e9poque de l&rsquo;ancien pr\u00e9sident Zine El Abidine Ben Ali, mais il n&rsquo;a pas \u00e9t\u00e9 publi\u00e9 dans le Journal officiel\u00bb<\/em>, a expliqu\u00e9 Me El-Euchi, que cette r\u00e9f\u00e9rence \u00e0 l\u2019\u00e8re Ben Ali &#8211; Trabelsi ne semble pas d\u00e9ranger outre mesure, et sans pr\u00e9ciser pourquoi cette d\u00e9cision a-t-elle \u00e9t\u00e9 prise en catimini et si, comme telle, elle avait encore quelque valeur l\u00e9gale, sans parler du probl\u00e8me moral et \u00e9thique qu\u2019elle pose.&nbsp; <\/p>\n\n\n\n<p>M. El-Euchi a d\u00e9clar\u00e9 que le d\u00e9cret publi\u00e9e (en catimini faut-il le pr\u00e9ciser) stipule que l&rsquo;\u00e9pouse et les enfants du ministre peuvent obtenir un passeport diplomatique pour la dur\u00e9e du mandat de l\u2019int\u00e9ress\u00e9, ajoutant que ce document officiel est accord\u00e9 aux hommes avant l&rsquo;\u00e2ge de 27 ans et aussi longtemps qu&rsquo;ils poursuivent leurs \u00e9tudes, et pour les femmes tant qu&rsquo;elles sont sous la garde de leur p\u00e8re (sic&nbsp;!).<\/p>\n\n\n\n<p>L\u2019ancien ministre &nbsp;des Domaines de l\u2019Etat et des Affaires fonci\u00e8res a, par la m\u00eame occasion, affirm\u00e9 avoir fait b\u00e9n\u00e9ficier lui-m\u00eame son fils d\u2019un passeport diplomatique, et \u00e0 l&rsquo;expiration de son mandat de ministre, il dit avoir renvoy\u00e9 le document sur lequel on avait indiqu\u00e9 qu\u2019il n\u2019\u00e9tait plus valide. On a aussi la possibilit\u00e9, apr\u00e8s cela, de conserver le document, a-t-il encore expliqu\u00e9.<\/p>\n\n\n\n<p>Me El-Euchi, rappel utile s\u2019il en est, \u00e9tait magistrat et membre dirigeant de&nbsp;l&rsquo;Union patriotique libre (UPL), parti fond\u00e9 en 2011 par l\u2019homme d\u2019affaires Slim Riahi, aujourd\u2019hui en fuite \u00e0 l\u2019\u00e9tranger et qui est poursuivi dans plusieurs affaires de corruption financi\u00e8re. <\/p>\n\n\n\n<p>C&rsquo;est gr\u00e2ce \u00e0 ce parti qu&rsquo;il eut son poste de ministre, et c&rsquo;est pour garder ce poste qu&rsquo;il a d\u00e9missionn\u00e9 de l&rsquo;UPL, tomb\u00e9 entretemps en disgr\u00e2ce, pour rejoindre Tahya Tounes, fond\u00e9 par l&rsquo;ancien chef de gouvernement Youssef Chahed. Si \u00e7a se trouve, il a peut-\u00eatre d\u00e9j\u00e0 quitt\u00e9 ce parti pour se pr\u00e9parer \u00e0 une autre aventure partisane. <\/p>\n\n\n\n<p>De l\u00e0 \u00e0 dire qu\u2019il en faut vraiment beaucoup pour choquer Me El-Euchi, qui, autre rappel utile, fait partie des personnalit\u00e9s qui soutiennent le pr\u00e9sident de la r\u00e9publique Ka\u00efs Sa\u00efed et son projet de nouvelle constitution devant faire l&rsquo;objet d&rsquo;un r\u00e9f\u00e9rendum le 25 juillet courant&#8230; <\/p>\n\n\n\n<p>Que celui qui a d\u00e9j\u00e0 tout compris explique \u00e0 celui qui a encore du mal \u00e0 comprendre !<\/p>\n\n\n\n<p class=\"has-text-align-right\"><strong>I. B<\/strong>. <\/p>\n","protected":false},"excerpt":{"rendered":"<p>Selon Me Hatem El-Euchi, le fils du ministre de l&rsquo;Int\u00e9rieur, Taoufik Charfeddine, a le droit d&rsquo;obtenir un passeport diplomatique. <\/p>\n","protected":false},"author":8,"featured_media":2346813,"comment_status":"open","ping_status":"open","sticky":false,"template":"","format":"standard","meta":{"footnotes":""},"categories":[997,2433],"tags":[4973,76012,86079,54991,82067,3316,11246],"class_list":["post-2346402","post","type-post","status-publish","format-standard","has-post-thumbnail","hentry","category-politique","category-tunisie","tag-hatem-el-euchi","tag-kais-saied-2","tag-passeport-diplomatique","tag-tahya-tounes","tag-taoufik-charfeddine","tag-upl","tag-youssef-chahed"],"yoast_head":"<!-- This site is optimized with the Yoast SEO plugin v26.6 - https:\/\/yoast.com\/wordpress\/plugins\/seo\/ -->\n<title>Tunisie\u00a0: Il en faut beaucoup pour choquer Me El-Euchi - Kapitalis<\/title>\n<meta name=\"robots\" content=\"index, follow, max-snippet:-1, max-image-preview:large, max-video-preview:-1\" \/>\n<link rel=\"canonical\" href=\"https:\/\/kapitalis.com\/tunisie\/2022\/07\/18\/tunisie-il-en-faut-beaucoup-pour-choquer-me-el-euchi\/\" \/>\n<meta property=\"og:locale\" content=\"fr_FR\" \/>\n<meta property=\"og:type\" content=\"article\" \/>\n<meta property=\"og:title\" content=\"Tunisie\u00a0: Il en faut beaucoup pour choquer Me El-Euchi - Kapitalis\" \/>\n<meta property=\"og:description\" content=\"Selon Me Hatem El-Euchi, le fils du ministre de l&#039;Int\u00e9rieur, Taoufik Charfeddine, a le droit d&#039;obtenir un passeport diplomatique.\" \/>\n<meta property=\"og:url\" content=\"https:\/\/kapitalis.com\/tunisie\/2022\/07\/18\/tunisie-il-en-faut-beaucoup-pour-choquer-me-el-euchi\/\" \/>\n<meta property=\"og:site_name\" content=\"Kapitalis\" \/>\n<meta property=\"article:publisher\" content=\"https:\/\/www.facebook.com\/KapitalisInfo\/\" \/>\n<meta property=\"article:published_time\" content=\"2022-07-18T10:25:04+00:00\" \/>\n<meta property=\"article:modified_time\" content=\"2022-07-18T12:14:20+00:00\" \/>\n<meta property=\"og:image\" content=\"https:\/\/kapitalis.com\/tunisie\/wp-content\/uploads\/2022\/07\/Hatem-El-Euchi.jpg\" \/>\n\t<meta property=\"og:image:width\" content=\"1200\" \/>\n\t<meta property=\"og:image:height\" content=\"630\" \/>\n\t<meta property=\"og:image:type\" content=\"image\/jpeg\" \/>\n<meta name=\"author\" content=\"webmaster kapitalis\" \/>\n<meta name=\"twitter:card\" content=\"summary_large_image\" \/>\n<meta name=\"twitter:creator\" content=\"@KapitalisInfo\" \/>\n<meta name=\"twitter:site\" content=\"@KapitalisInfo\" \/>\n<meta name=\"twitter:label1\" content=\"\u00c9crit par\" \/>\n\t<meta name=\"twitter:data1\" content=\"webmaster kapitalis\" \/>\n\t<meta name=\"twitter:label2\" content=\"Dur\u00e9e de lecture estim\u00e9e\" \/>\n\t<meta name=\"twitter:data2\" content=\"3 minutes\" \/>\n<script type=\"application\/ld+json\" class=\"yoast-schema-graph\">{\"@context\":\"https:\/\/schema.org\",\"@graph\":[{\"@type\":\"Article\",\"@id\":\"https:\/\/kapitalis.com\/tunisie\/2022\/07\/18\/tunisie-il-en-faut-beaucoup-pour-choquer-me-el-euchi\/#article\",\"isPartOf\":{\"@id\":\"https:\/\/kapitalis.com\/tunisie\/2022\/07\/18\/tunisie-il-en-faut-beaucoup-pour-choquer-me-el-euchi\/\"},\"author\":{\"name\":\"webmaster kapitalis\",\"@id\":\"https:\/\/kapitalis.com\/tunisie\/#\/schema\/person\/d71f33a9ca44f7bad4698210b480c8e9\"},\"headline\":\"Tunisie\u00a0: Il en faut beaucoup pour choquer Me El-Euchi\",\"datePublished\":\"2022-07-18T10:25:04+00:00\",\"dateModified\":\"2022-07-18T12:14:20+00:00\",\"mainEntityOfPage\":{\"@id\":\"https:\/\/kapitalis.com\/tunisie\/2022\/07\/18\/tunisie-il-en-faut-beaucoup-pour-choquer-me-el-euchi\/\"},\"wordCount\":494,\"commentCount\":0,\"publisher\":{\"@id\":\"https:\/\/kapitalis.com\/tunisie\/#organization\"},\"image\":{\"@id\":\"https:\/\/kapitalis.com\/tunisie\/2022\/07\/18\/tunisie-il-en-faut-beaucoup-pour-choquer-me-el-euchi\/#primaryimage\"},\"thumbnailUrl\":\"https:\/\/kapitalis.com\/tunisie\/wp-content\/uploads\/2022\/07\/Hatem-El-Euchi.jpg\",\"keywords\":[\"Hatem El-Euchi\",\"Ka\u00efs Sa\u00efed\",\"passeport diplomatique\",\"Tahya Tounes\",\"Taoufik Charfeddine\",\"UPL\",\"Youssef Chahed\"],\"articleSection\":[\"POLITIQUE\",\"Tunisie\"],\"inLanguage\":\"fr-FR\",\"potentialAction\":[{\"@type\":\"CommentAction\",\"name\":\"Comment\",\"target\":[\"https:\/\/kapitalis.com\/tunisie\/2022\/07\/18\/tunisie-il-en-faut-beaucoup-pour-choquer-me-el-euchi\/#respond\"]}]},{\"@type\":\"WebPage\",\"@id\":\"https:\/\/kapitalis.com\/tunisie\/2022\/07\/18\/tunisie-il-en-faut-beaucoup-pour-choquer-me-el-euchi\/\",\"url\":\"https:\/\/kapitalis.com\/tunisie\/2022\/07\/18\/tunisie-il-en-faut-beaucoup-pour-choquer-me-el-euchi\/\",\"name\":\"Tunisie\u00a0: Il en faut beaucoup pour choquer Me El-Euchi - Kapitalis\",\"isPartOf\":{\"@id\":\"https:\/\/kapitalis.com\/tunisie\/#website\"},\"primaryImageOfPage\":{\"@id\":\"https:\/\/kapitalis.com\/tunisie\/2022\/07\/18\/tunisie-il-en-faut-beaucoup-pour-choquer-me-el-euchi\/#primaryimage\"},\"image\":{\"@id\":\"https:\/\/kapitalis.com\/tunisie\/2022\/07\/18\/tunisie-il-en-faut-beaucoup-pour-choquer-me-el-euchi\/#primaryimage\"},\"thumbnailUrl\":\"https:\/\/kapitalis.com\/tunisie\/wp-content\/uploads\/2022\/07\/Hatem-El-Euchi.jpg\",\"datePublished\":\"2022-07-18T10:25:04+00:00\",\"dateModified\":\"2022-07-18T12:14:20+00:00\",\"breadcrumb\":{\"@id\":\"https:\/\/kapitalis.com\/tunisie\/2022\/07\/18\/tunisie-il-en-faut-beaucoup-pour-choquer-me-el-euchi\/#breadcrumb\"},\"inLanguage\":\"fr-FR\",\"potentialAction\":[{\"@type\":\"ReadAction\",\"target\":[\"https:\/\/kapitalis.com\/tunisie\/2022\/07\/18\/tunisie-il-en-faut-beaucoup-pour-choquer-me-el-euchi\/\"]}]},{\"@type\":\"ImageObject\",\"inLanguage\":\"fr-FR\",\"@id\":\"https:\/\/kapitalis.com\/tunisie\/2022\/07\/18\/tunisie-il-en-faut-beaucoup-pour-choquer-me-el-euchi\/#primaryimage\",\"url\":\"https:\/\/kapitalis.com\/tunisie\/wp-content\/uploads\/2022\/07\/Hatem-El-Euchi.jpg\",\"contentUrl\":\"https:\/\/kapitalis.com\/tunisie\/wp-content\/uploads\/2022\/07\/Hatem-El-Euchi.jpg\",\"width\":1200,\"height\":630},{\"@type\":\"BreadcrumbList\",\"@id\":\"https:\/\/kapitalis.com\/tunisie\/2022\/07\/18\/tunisie-il-en-faut-beaucoup-pour-choquer-me-el-euchi\/#breadcrumb\",\"itemListElement\":[{\"@type\":\"ListItem\",\"position\":1,\"name\":\"Accueil\",\"item\":\"https:\/\/kapitalis.com\/tunisie\/\"},{\"@type\":\"ListItem\",\"position\":2,\"name\":\"Tunisie\u00a0: Il en faut beaucoup pour choquer Me El-Euchi\"}]},{\"@type\":\"WebSite\",\"@id\":\"https:\/\/kapitalis.com\/tunisie\/#website\",\"url\":\"https:\/\/kapitalis.com\/tunisie\/\",\"name\":\"Kapitalis\",\"description\":\"L&#039;actualit\u00e9 en Tunisie et dans le monde\",\"publisher\":{\"@id\":\"https:\/\/kapitalis.com\/tunisie\/#organization\"},\"potentialAction\":[{\"@type\":\"SearchAction\",\"target\":{\"@type\":\"EntryPoint\",\"urlTemplate\":\"https:\/\/kapitalis.com\/tunisie\/?s={search_term_string}\"},\"query-input\":{\"@type\":\"PropertyValueSpecification\",\"valueRequired\":true,\"valueName\":\"search_term_string\"}}],\"inLanguage\":\"fr-FR\"},{\"@type\":\"Organization\",\"@id\":\"https:\/\/kapitalis.com\/tunisie\/#organization\",\"name\":\"Kapitalis\",\"url\":\"https:\/\/kapitalis.com\/tunisie\/\",\"logo\":{\"@type\":\"ImageObject\",\"inLanguage\":\"fr-FR\",\"@id\":\"https:\/\/kapitalis.com\/tunisie\/#\/schema\/logo\/image\/\",\"url\":\"https:\/\/kapitalis.com\/tunisie\/wp-content\/uploads\/2022\/05\/Kapitalis-big-size.png\",\"contentUrl\":\"https:\/\/kapitalis.com\/tunisie\/wp-content\/uploads\/2022\/05\/Kapitalis-big-size.png\",\"width\":5000,\"height\":1500,\"caption\":\"Kapitalis\"},\"image\":{\"@id\":\"https:\/\/kapitalis.com\/tunisie\/#\/schema\/logo\/image\/\"},\"sameAs\":[\"https:\/\/www.facebook.com\/KapitalisInfo\/\",\"https:\/\/x.com\/KapitalisInfo\",\"https:\/\/www.youtube.com\/channel\/UC-yDYrHyfFBWWZaOw3FPg9Q\"]},{\"@type\":\"Person\",\"@id\":\"https:\/\/kapitalis.com\/tunisie\/#\/schema\/person\/d71f33a9ca44f7bad4698210b480c8e9\",\"name\":\"webmaster kapitalis\",\"url\":\"https:\/\/kapitalis.com\/tunisie\/author\/webmaster-kapitalis\/\"}]}<\/script>\n<!-- \/ Yoast SEO plugin. -->","yoast_head_json":{"title":"Tunisie\u00a0: Il en faut beaucoup pour choquer Me El-Euchi - Kapitalis","robots":{"index":"index","follow":"follow","max-snippet":"max-snippet:-1","max-image-preview":"max-image-preview:large","max-video-preview":"max-video-preview:-1"},"canonical":"https:\/\/kapitalis.com\/tunisie\/2022\/07\/18\/tunisie-il-en-faut-beaucoup-pour-choquer-me-el-euchi\/","og_locale":"fr_FR","og_type":"article","og_title":"Tunisie\u00a0: Il en faut beaucoup pour choquer Me El-Euchi - Kapitalis","og_description":"Selon Me Hatem El-Euchi, le fils du ministre de l'Int\u00e9rieur, Taoufik Charfeddine, a le droit d'obtenir un passeport diplomatique.","og_url":"https:\/\/kapitalis.com\/tunisie\/2022\/07\/18\/tunisie-il-en-faut-beaucoup-pour-choquer-me-el-euchi\/","og_site_name":"Kapitalis","article_publisher":"https:\/\/www.facebook.com\/KapitalisInfo\/","article_published_time":"2022-07-18T10:25:04+00:00","article_modified_time":"2022-07-18T12:14:20+00:00","og_image":[{"width":1200,"height":630,"url":"https:\/\/kapitalis.com\/tunisie\/wp-content\/uploads\/2022\/07\/Hatem-El-Euchi.jpg","type":"image\/jpeg"}],"author":"webmaster kapitalis","twitter_card":"summary_large_image","twitter_creator":"@KapitalisInfo","twitter_site":"@KapitalisInfo","twitter_misc":{"\u00c9crit par":"webmaster kapitalis","Dur\u00e9e de lecture estim\u00e9e":"3 minutes"},"schema":{"@context":"https:\/\/schema.org","@graph":[{"@type":"Article","@id":"https:\/\/kapitalis.com\/tunisie\/2022\/07\/18\/tunisie-il-en-faut-beaucoup-pour-choquer-me-el-euchi\/#article","isPartOf":{"@id":"https:\/\/kapitalis.com\/tunisie\/2022\/07\/18\/tunisie-il-en-faut-beaucoup-pour-choquer-me-el-euchi\/"},"author":{"name":"webmaster kapitalis","@id":"https:\/\/kapitalis.com\/tunisie\/#\/schema\/person\/d71f33a9ca44f7bad4698210b480c8e9"},"headline":"Tunisie\u00a0: Il en faut beaucoup pour choquer Me El-Euchi","datePublished":"2022-07-18T10:25:04+00:00","dateModified":"2022-07-18T12:14:20+00:00","mainEntityOfPage":{"@id":"https:\/\/kapitalis.com\/tunisie\/2022\/07\/18\/tunisie-il-en-faut-beaucoup-pour-choquer-me-el-euchi\/"},"wordCount":494,"commentCount":0,"publisher":{"@id":"https:\/\/kapitalis.com\/tunisie\/#organization"},"image":{"@id":"https:\/\/kapitalis.com\/tunisie\/2022\/07\/18\/tunisie-il-en-faut-beaucoup-pour-choquer-me-el-euchi\/#primaryimage"},"thumbnailUrl":"https:\/\/kapitalis.com\/tunisie\/wp-content\/uploads\/2022\/07\/Hatem-El-Euchi.jpg","keywords":["Hatem El-Euchi","Ka\u00efs Sa\u00efed","passeport diplomatique","Tahya Tounes","Taoufik Charfeddine","UPL","Youssef Chahed"],"articleSection":["POLITIQUE","Tunisie"],"inLanguage":"fr-FR","potentialAction":[{"@type":"CommentAction","name":"Comment","target":["https:\/\/kapitalis.com\/tunisie\/2022\/07\/18\/tunisie-il-en-faut-beaucoup-pour-choquer-me-el-euchi\/#respond"]}]},{"@type":"WebPage","@id":"https:\/\/kapitalis.com\/tunisie\/2022\/07\/18\/tunisie-il-en-faut-beaucoup-pour-choquer-me-el-euchi\/","url":"https:\/\/kapitalis.com\/tunisie\/2022\/07\/18\/tunisie-il-en-faut-beaucoup-pour-choquer-me-el-euchi\/","name":"Tunisie\u00a0: Il en faut beaucoup pour choquer Me El-Euchi - Kapitalis","isPartOf":{"@id":"https:\/\/kapitalis.com\/tunisie\/#website"},"primaryImageOfPage":{"@id":"https:\/\/kapitalis.com\/tunisie\/2022\/07\/18\/tunisie-il-en-faut-beaucoup-pour-choquer-me-el-euchi\/#primaryimage"},"image":{"@id":"https:\/\/kapitalis.com\/tunisie\/2022\/07\/18\/tunisie-il-en-faut-beaucoup-pour-choquer-me-el-euchi\/#primaryimage"},"thumbnailUrl":"https:\/\/kapitalis.com\/tunisie\/wp-content\/uploads\/2022\/07\/Hatem-El-Euchi.jpg","datePublished":"2022-07-18T10:25:04+00:00","dateModified":"2022-07-18T12:14:20+00:00","breadcrumb":{"@id":"https:\/\/kapitalis.com\/tunisie\/2022\/07\/18\/tunisie-il-en-faut-beaucoup-pour-choquer-me-el-euchi\/#breadcrumb"},"inLanguage":"fr-FR","potentialAction":[{"@type":"ReadAction","target":["https:\/\/kapitalis.com\/tunisie\/2022\/07\/18\/tunisie-il-en-faut-beaucoup-pour-choquer-me-el-euchi\/"]}]},{"@type":"ImageObject","inLanguage":"fr-FR","@id":"https:\/\/kapitalis.com\/tunisie\/2022\/07\/18\/tunisie-il-en-faut-beaucoup-pour-choquer-me-el-euchi\/#primaryimage","url":"https:\/\/kapitalis.com\/tunisie\/wp-content\/uploads\/2022\/07\/Hatem-El-Euchi.jpg","contentUrl":"https:\/\/kapitalis.com\/tunisie\/wp-content\/uploads\/2022\/07\/Hatem-El-Euchi.jpg","width":1200,"height":630},{"@type":"BreadcrumbList","@id":"https:\/\/kapitalis.com\/tunisie\/2022\/07\/18\/tunisie-il-en-faut-beaucoup-pour-choquer-me-el-euchi\/#breadcrumb","itemListElement":[{"@type":"ListItem","position":1,"name":"Accueil","item":"https:\/\/kapitalis.com\/tunisie\/"},{"@type":"ListItem","position":2,"name":"Tunisie\u00a0: Il en faut beaucoup pour choquer Me El-Euchi"}]},{"@type":"WebSite","@id":"https:\/\/kapitalis.com\/tunisie\/#website","url":"https:\/\/kapitalis.com\/tunisie\/","name":"Kapitalis","description":"L&#039;actualit\u00e9 en Tunisie et dans le monde","publisher":{"@id":"https:\/\/kapitalis.com\/tunisie\/#organization"},"potentialAction":[{"@type":"SearchAction","target":{"@type":"EntryPoint","urlTemplate":"https:\/\/kapitalis.com\/tunisie\/?s={search_term_string}"},"query-input":{"@type":"PropertyValueSpecification","valueRequired":true,"valueName":"search_term_string"}}],"inLanguage":"fr-FR"},{"@type":"Organization","@id":"https:\/\/kapitalis.com\/tunisie\/#organization","name":"Kapitalis","url":"https:\/\/kapitalis.com\/tunisie\/","logo":{"@type":"ImageObject","inLanguage":"fr-FR","@id":"https:\/\/kapitalis.com\/tunisie\/#\/schema\/logo\/image\/","url":"https:\/\/kapitalis.com\/tunisie\/wp-content\/uploads\/2022\/05\/Kapitalis-big-size.png","contentUrl":"https:\/\/kapitalis.com\/tunisie\/wp-content\/uploads\/2022\/05\/Kapitalis-big-size.png","width":5000,"height":1500,"caption":"Kapitalis"},"image":{"@id":"https:\/\/kapitalis.com\/tunisie\/#\/schema\/logo\/image\/"},"sameAs":["https:\/\/www.facebook.com\/KapitalisInfo\/","https:\/\/x.com\/KapitalisInfo","https:\/\/www.youtube.com\/channel\/UC-yDYrHyfFBWWZaOw3FPg9Q"]},{"@type":"Person","@id":"https:\/\/kapitalis.com\/tunisie\/#\/schema\/person\/d71f33a9ca44f7bad4698210b480c8e9","name":"webmaster kapitalis","url":"https:\/\/kapitalis.com\/tunisie\/author\/webmaster-kapitalis\/"}]}},"_links":{"self":[{"href":"https:\/\/kapitalis.com\/tunisie\/wp-json\/wp\/v2\/posts\/2346402","targetHints":{"allow":["GET"]}}],"collection":[{"href":"https:\/\/kapitalis.com\/tunisie\/wp-json\/wp\/v2\/posts"}],"about":[{"href":"https:\/\/kapitalis.com\/tunisie\/wp-json\/wp\/v2\/types\/post"}],"author":[{"embeddable":true,"href":"https:\/\/kapitalis.com\/tunisie\/wp-json\/wp\/v2\/users\/8"}],"replies":[{"embeddable":true,"href":"https:\/\/kapitalis.com\/tunisie\/wp-json\/wp\/v2\/comments?post=2346402"}],"version-history":[{"count":0,"href":"https:\/\/kapitalis.com\/tunisie\/wp-json\/wp\/v2\/posts\/2346402\/revisions"}],"wp:featuredmedia":[{"embeddable":true,"href":"https:\/\/kapitalis.com\/tunisie\/wp-json\/wp\/v2\/media\/2346813"}],"wp:attachment":[{"href":"https:\/\/kapitalis.com\/tunisie\/wp-json\/wp\/v2\/media?parent=2346402"}],"wp:term":[{"taxonomy":"category","embeddable":true,"href":"https:\/\/kapitalis.com\/tunisie\/wp-json\/wp\/v2\/categories?post=2346402"},{"taxonomy":"post_tag","embeddable":true,"href":"https:\/\/kapitalis.com\/tunisie\/wp-json\/wp\/v2\/tags?post=2346402"}],"curies":[{"name":"wp","href":"https:\/\/api.w.org\/{rel}","templated":true}]}}