{"id":234767,"date":"2019-08-23T15:07:39","date_gmt":"2019-08-23T14:07:39","guid":{"rendered":"http:\/\/kapitalis.com\/tunisie\/?p=234767"},"modified":"2019-08-23T15:13:18","modified_gmt":"2019-08-23T14:13:18","slug":"zeramdine-mise-en-vente-judiciaire-de-3-societes-du-groupe-ali-mhenni","status":"publish","type":"post","link":"https:\/\/kapitalis.com\/tunisie\/2019\/08\/23\/zeramdine-mise-en-vente-judiciaire-de-3-societes-du-groupe-ali-mhenni\/","title":{"rendered":"Zeramdine : Mise en vente judiciaire de 3 soci\u00e9t\u00e9s du Groupe Ali Mhenni"},"content":{"rendered":"\n<figure class=\"wp-block-image\"><img decoding=\"async\" src=\"http:\/\/kapitalis.com\/tunisie\/wp-content\/uploads\/2019\/08\/Prosami-et-Bami....jpg\" alt=\"\" class=\"wp-image-234781\"\/><figcaption><em>R\u00e9union en 2017 au gouvernorat de Monastir, sur la situation sociale \u00e0 Bami et Prosami.<\/em><\/figcaption><\/figure>\n\n\n\n<p><strong><em>Le Groupe Ali Mhenni va devoir se s\u00e9parer de 3 de ses soci\u00e9t\u00e9s qui composent le Complexe industriel de Zeramdine, sur d\u00e9cision du Tribunal de 1\u00e8re instance de Monastir.<\/em><\/strong><\/p>\n\n\n\n<!--more-->\n\n\n<div>Le Complexe industriel de Zeramdine, qui va \u00eatre c\u00e9d\u00e9, se compose de 3 soci\u00e9t\u00e9s: Pami (Pr\u00e9fabriqu\u00e9s Ali Mhenni), Prosami (Produits sp\u00e9ciaux Ali Mhenni) de briques et tuiles, et Bami (Briqueterie Ali Mheni).<\/div>\n\n\n<p>Les soci\u00e9t\u00e9s semblent passer par de s\u00e9rieux probl\u00e8mes sociaux et \u00e9conomiques, depuis plusieurs ann\u00e9es. Aussi, leur sauvetage avait \u00e9t\u00e9 d\u00e9clar\u00e9 impossible par le tribunal en question. <\/p>\n\n\n\n<p>A cet effet, un cahier des charges est en cours d&rsquo;\u00e9laboration par le commissaire \u00e0 l&rsquo;ex\u00e9cution de la cession, d\u00e9sign\u00e9 par le Tribunal de 1\u00e8re instance de Monastir. <\/p>\n\n\n\n<p>Le partage des 3 soci\u00e9t\u00e9s du Complexe, d\u00e9cid\u00e9 en 2008, avait fait l&rsquo;objet d&rsquo;un plan entre les 9 h\u00e9ritiers du d\u00e9funt Ali Mhenni, magnat du BTP. Lequel plan avait \u00e9t\u00e9 adopt\u00e9, la m\u00eame ann\u00e9e, par le tribunal en question. <\/p>\n\n\n\n<p>Notons que le Groupe Mhenni est compos\u00e9 de plus de 11 soci\u00e9t\u00e9s, dont des briqueteries, des complexes h\u00f4teliers, des soci\u00e9t\u00e9s de mat\u00e9riaux de construction, etc. Apr\u00e8s la mort du fondateur, la r\u00e9partition de l&rsquo;h\u00e9ritage a fait l&rsquo;objet d&rsquo;un long feuilleton judiciaire opposant les h\u00e9ritiers. <\/p>\n\n\n\n<p style=\"text-align:right\"><strong>A. M.<\/strong><\/p>\n","protected":false},"excerpt":{"rendered":"<p>Le Groupe Ali Mhenni va devoir se s\u00e9parer de 3 de ses soci\u00e9t\u00e9s qui composent le Complexe industriel de Zeramdine, sur d\u00e9cision du Tribunal de 1\u00e8re instance de Monastir.<\/p>\n","protected":false},"author":22,"featured_media":234781,"comment_status":"open","ping_status":"open","sticky":false,"template":"","format":"standard","meta":{"footnotes":""},"categories":[995,2433],"tags":[633],"class_list":["post-234767","post","type-post","status-publish","format-standard","has-post-thumbnail","hentry","category-economie","category-tunisie","tag-monastir"],"yoast_head":"<!-- This site is optimized with the Yoast SEO plugin v26.6 - https:\/\/yoast.com\/wordpress\/plugins\/seo\/ -->\n<title>Zeramdine : Mise en vente judiciaire de 3 soci\u00e9t\u00e9s du Groupe Ali Mhenni - Kapitalis<\/title>\n<meta name=\"robots\" content=\"index, follow, max-snippet:-1, max-image-preview:large, max-video-preview:-1\" \/>\n<link rel=\"canonical\" href=\"https:\/\/kapitalis.com\/tunisie\/2019\/08\/23\/zeramdine-mise-en-vente-judiciaire-de-3-societes-du-groupe-ali-mhenni\/\" \/>\n<meta property=\"og:locale\" content=\"fr_FR\" \/>\n<meta property=\"og:type\" content=\"article\" \/>\n<meta property=\"og:title\" content=\"Zeramdine : Mise en vente judiciaire de 3 soci\u00e9t\u00e9s du Groupe Ali Mhenni - Kapitalis\" \/>\n<meta property=\"og:description\" content=\"Le Groupe Ali Mhenni va devoir se s\u00e9parer de 3 de ses soci\u00e9t\u00e9s qui composent le Complexe industriel de Zeramdine, sur d\u00e9cision du Tribunal de 1\u00e8re instance de Monastir.\" \/>\n<meta property=\"og:url\" content=\"https:\/\/kapitalis.com\/tunisie\/2019\/08\/23\/zeramdine-mise-en-vente-judiciaire-de-3-societes-du-groupe-ali-mhenni\/\" \/>\n<meta property=\"og:site_name\" content=\"Kapitalis\" \/>\n<meta property=\"article:publisher\" content=\"https:\/\/www.facebook.com\/KapitalisInfo\/\" \/>\n<meta property=\"article:published_time\" content=\"2019-08-23T14:07:39+00:00\" \/>\n<meta property=\"article:modified_time\" content=\"2019-08-23T14:13:18+00:00\" \/>\n<meta property=\"og:image\" content=\"https:\/\/kapitalis.com\/tunisie\/wp-content\/uploads\/2022\/05\/kapitalis-logo-fb.png\" \/>\n\t<meta property=\"og:image:width\" content=\"1200\" \/>\n\t<meta property=\"og:image:height\" content=\"630\" \/>\n\t<meta property=\"og:image:type\" content=\"image\/png\" \/>\n<meta name=\"author\" content=\"Amina Mkada\" \/>\n<meta name=\"twitter:card\" content=\"summary_large_image\" \/>\n<meta name=\"twitter:creator\" content=\"@KapitalisInfo\" \/>\n<meta name=\"twitter:site\" content=\"@KapitalisInfo\" \/>\n<meta name=\"twitter:label1\" content=\"\u00c9crit par\" \/>\n\t<meta name=\"twitter:data1\" content=\"Amina Mkada\" \/>\n\t<meta name=\"twitter:label2\" content=\"Dur\u00e9e de lecture estim\u00e9e\" \/>\n\t<meta name=\"twitter:data2\" content=\"1 minute\" \/>\n<script type=\"application\/ld+json\" class=\"yoast-schema-graph\">{\"@context\":\"https:\/\/schema.org\",\"@graph\":[{\"@type\":\"Article\",\"@id\":\"https:\/\/kapitalis.com\/tunisie\/2019\/08\/23\/zeramdine-mise-en-vente-judiciaire-de-3-societes-du-groupe-ali-mhenni\/#article\",\"isPartOf\":{\"@id\":\"https:\/\/kapitalis.com\/tunisie\/2019\/08\/23\/zeramdine-mise-en-vente-judiciaire-de-3-societes-du-groupe-ali-mhenni\/\"},\"author\":{\"name\":\"Amina Mkada\",\"@id\":\"https:\/\/kapitalis.com\/tunisie\/#\/schema\/person\/093913313d3017554cb3ad077fff3fbd\"},\"headline\":\"Zeramdine : Mise en vente judiciaire de 3 soci\u00e9t\u00e9s du Groupe Ali Mhenni\",\"datePublished\":\"2019-08-23T14:07:39+00:00\",\"dateModified\":\"2019-08-23T14:13:18+00:00\",\"mainEntityOfPage\":{\"@id\":\"https:\/\/kapitalis.com\/tunisie\/2019\/08\/23\/zeramdine-mise-en-vente-judiciaire-de-3-societes-du-groupe-ali-mhenni\/\"},\"wordCount\":256,\"commentCount\":1,\"publisher\":{\"@id\":\"https:\/\/kapitalis.com\/tunisie\/#organization\"},\"image\":{\"@id\":\"https:\/\/kapitalis.com\/tunisie\/2019\/08\/23\/zeramdine-mise-en-vente-judiciaire-de-3-societes-du-groupe-ali-mhenni\/#primaryimage\"},\"thumbnailUrl\":\"\",\"keywords\":[\"Monastir\"],\"articleSection\":[\"ECONOMIE\",\"Tunisie\"],\"inLanguage\":\"fr-FR\",\"potentialAction\":[{\"@type\":\"CommentAction\",\"name\":\"Comment\",\"target\":[\"https:\/\/kapitalis.com\/tunisie\/2019\/08\/23\/zeramdine-mise-en-vente-judiciaire-de-3-societes-du-groupe-ali-mhenni\/#respond\"]}]},{\"@type\":\"WebPage\",\"@id\":\"https:\/\/kapitalis.com\/tunisie\/2019\/08\/23\/zeramdine-mise-en-vente-judiciaire-de-3-societes-du-groupe-ali-mhenni\/\",\"url\":\"https:\/\/kapitalis.com\/tunisie\/2019\/08\/23\/zeramdine-mise-en-vente-judiciaire-de-3-societes-du-groupe-ali-mhenni\/\",\"name\":\"Zeramdine : Mise en vente judiciaire de 3 soci\u00e9t\u00e9s du Groupe Ali Mhenni - Kapitalis\",\"isPartOf\":{\"@id\":\"https:\/\/kapitalis.com\/tunisie\/#website\"},\"primaryImageOfPage\":{\"@id\":\"https:\/\/kapitalis.com\/tunisie\/2019\/08\/23\/zeramdine-mise-en-vente-judiciaire-de-3-societes-du-groupe-ali-mhenni\/#primaryimage\"},\"image\":{\"@id\":\"https:\/\/kapitalis.com\/tunisie\/2019\/08\/23\/zeramdine-mise-en-vente-judiciaire-de-3-societes-du-groupe-ali-mhenni\/#primaryimage\"},\"thumbnailUrl\":\"\",\"datePublished\":\"2019-08-23T14:07:39+00:00\",\"dateModified\":\"2019-08-23T14:13:18+00:00\",\"breadcrumb\":{\"@id\":\"https:\/\/kapitalis.com\/tunisie\/2019\/08\/23\/zeramdine-mise-en-vente-judiciaire-de-3-societes-du-groupe-ali-mhenni\/#breadcrumb\"},\"inLanguage\":\"fr-FR\",\"potentialAction\":[{\"@type\":\"ReadAction\",\"target\":[\"https:\/\/kapitalis.com\/tunisie\/2019\/08\/23\/zeramdine-mise-en-vente-judiciaire-de-3-societes-du-groupe-ali-mhenni\/\"]}]},{\"@type\":\"ImageObject\",\"inLanguage\":\"fr-FR\",\"@id\":\"https:\/\/kapitalis.com\/tunisie\/2019\/08\/23\/zeramdine-mise-en-vente-judiciaire-de-3-societes-du-groupe-ali-mhenni\/#primaryimage\",\"url\":\"\",\"contentUrl\":\"\"},{\"@type\":\"BreadcrumbList\",\"@id\":\"https:\/\/kapitalis.com\/tunisie\/2019\/08\/23\/zeramdine-mise-en-vente-judiciaire-de-3-societes-du-groupe-ali-mhenni\/#breadcrumb\",\"itemListElement\":[{\"@type\":\"ListItem\",\"position\":1,\"name\":\"Accueil\",\"item\":\"https:\/\/kapitalis.com\/tunisie\/\"},{\"@type\":\"ListItem\",\"position\":2,\"name\":\"Zeramdine : Mise en vente judiciaire de 3 soci\u00e9t\u00e9s du Groupe Ali Mhenni\"}]},{\"@type\":\"WebSite\",\"@id\":\"https:\/\/kapitalis.com\/tunisie\/#website\",\"url\":\"https:\/\/kapitalis.com\/tunisie\/\",\"name\":\"Kapitalis\",\"description\":\"L&#039;actualit\u00e9 en Tunisie et dans le monde\",\"publisher\":{\"@id\":\"https:\/\/kapitalis.com\/tunisie\/#organization\"},\"potentialAction\":[{\"@type\":\"SearchAction\",\"target\":{\"@type\":\"EntryPoint\",\"urlTemplate\":\"https:\/\/kapitalis.com\/tunisie\/?s={search_term_string}\"},\"query-input\":{\"@type\":\"PropertyValueSpecification\",\"valueRequired\":true,\"valueName\":\"search_term_string\"}}],\"inLanguage\":\"fr-FR\"},{\"@type\":\"Organization\",\"@id\":\"https:\/\/kapitalis.com\/tunisie\/#organization\",\"name\":\"Kapitalis\",\"url\":\"https:\/\/kapitalis.com\/tunisie\/\",\"logo\":{\"@type\":\"ImageObject\",\"inLanguage\":\"fr-FR\",\"@id\":\"https:\/\/kapitalis.com\/tunisie\/#\/schema\/logo\/image\/\",\"url\":\"https:\/\/kapitalis.com\/tunisie\/wp-content\/uploads\/2022\/05\/Kapitalis-big-size.png\",\"contentUrl\":\"https:\/\/kapitalis.com\/tunisie\/wp-content\/uploads\/2022\/05\/Kapitalis-big-size.png\",\"width\":5000,\"height\":1500,\"caption\":\"Kapitalis\"},\"image\":{\"@id\":\"https:\/\/kapitalis.com\/tunisie\/#\/schema\/logo\/image\/\"},\"sameAs\":[\"https:\/\/www.facebook.com\/KapitalisInfo\/\",\"https:\/\/x.com\/KapitalisInfo\",\"https:\/\/www.youtube.com\/channel\/UC-yDYrHyfFBWWZaOw3FPg9Q\"]},{\"@type\":\"Person\",\"@id\":\"https:\/\/kapitalis.com\/tunisie\/#\/schema\/person\/093913313d3017554cb3ad077fff3fbd\",\"name\":\"Amina Mkada\",\"url\":\"https:\/\/kapitalis.com\/tunisie\/author\/amina\/\"}]}<\/script>\n<!-- \/ Yoast SEO plugin. -->","yoast_head_json":{"title":"Zeramdine : Mise en vente judiciaire de 3 soci\u00e9t\u00e9s du Groupe Ali Mhenni - Kapitalis","robots":{"index":"index","follow":"follow","max-snippet":"max-snippet:-1","max-image-preview":"max-image-preview:large","max-video-preview":"max-video-preview:-1"},"canonical":"https:\/\/kapitalis.com\/tunisie\/2019\/08\/23\/zeramdine-mise-en-vente-judiciaire-de-3-societes-du-groupe-ali-mhenni\/","og_locale":"fr_FR","og_type":"article","og_title":"Zeramdine : Mise en vente judiciaire de 3 soci\u00e9t\u00e9s du Groupe Ali Mhenni - Kapitalis","og_description":"Le Groupe Ali Mhenni va devoir se s\u00e9parer de 3 de ses soci\u00e9t\u00e9s qui composent le Complexe industriel de Zeramdine, sur d\u00e9cision du Tribunal de 1\u00e8re instance de Monastir.","og_url":"https:\/\/kapitalis.com\/tunisie\/2019\/08\/23\/zeramdine-mise-en-vente-judiciaire-de-3-societes-du-groupe-ali-mhenni\/","og_site_name":"Kapitalis","article_publisher":"https:\/\/www.facebook.com\/KapitalisInfo\/","article_published_time":"2019-08-23T14:07:39+00:00","article_modified_time":"2019-08-23T14:13:18+00:00","og_image":[{"width":1200,"height":630,"url":"https:\/\/kapitalis.com\/tunisie\/wp-content\/uploads\/2022\/05\/kapitalis-logo-fb.png","type":"image\/png"}],"author":"Amina Mkada","twitter_card":"summary_large_image","twitter_creator":"@KapitalisInfo","twitter_site":"@KapitalisInfo","twitter_misc":{"\u00c9crit par":"Amina Mkada","Dur\u00e9e de lecture estim\u00e9e":"1 minute"},"schema":{"@context":"https:\/\/schema.org","@graph":[{"@type":"Article","@id":"https:\/\/kapitalis.com\/tunisie\/2019\/08\/23\/zeramdine-mise-en-vente-judiciaire-de-3-societes-du-groupe-ali-mhenni\/#article","isPartOf":{"@id":"https:\/\/kapitalis.com\/tunisie\/2019\/08\/23\/zeramdine-mise-en-vente-judiciaire-de-3-societes-du-groupe-ali-mhenni\/"},"author":{"name":"Amina Mkada","@id":"https:\/\/kapitalis.com\/tunisie\/#\/schema\/person\/093913313d3017554cb3ad077fff3fbd"},"headline":"Zeramdine : Mise en vente judiciaire de 3 soci\u00e9t\u00e9s du Groupe Ali Mhenni","datePublished":"2019-08-23T14:07:39+00:00","dateModified":"2019-08-23T14:13:18+00:00","mainEntityOfPage":{"@id":"https:\/\/kapitalis.com\/tunisie\/2019\/08\/23\/zeramdine-mise-en-vente-judiciaire-de-3-societes-du-groupe-ali-mhenni\/"},"wordCount":256,"commentCount":1,"publisher":{"@id":"https:\/\/kapitalis.com\/tunisie\/#organization"},"image":{"@id":"https:\/\/kapitalis.com\/tunisie\/2019\/08\/23\/zeramdine-mise-en-vente-judiciaire-de-3-societes-du-groupe-ali-mhenni\/#primaryimage"},"thumbnailUrl":"","keywords":["Monastir"],"articleSection":["ECONOMIE","Tunisie"],"inLanguage":"fr-FR","potentialAction":[{"@type":"CommentAction","name":"Comment","target":["https:\/\/kapitalis.com\/tunisie\/2019\/08\/23\/zeramdine-mise-en-vente-judiciaire-de-3-societes-du-groupe-ali-mhenni\/#respond"]}]},{"@type":"WebPage","@id":"https:\/\/kapitalis.com\/tunisie\/2019\/08\/23\/zeramdine-mise-en-vente-judiciaire-de-3-societes-du-groupe-ali-mhenni\/","url":"https:\/\/kapitalis.com\/tunisie\/2019\/08\/23\/zeramdine-mise-en-vente-judiciaire-de-3-societes-du-groupe-ali-mhenni\/","name":"Zeramdine : Mise en vente judiciaire de 3 soci\u00e9t\u00e9s du Groupe Ali Mhenni - Kapitalis","isPartOf":{"@id":"https:\/\/kapitalis.com\/tunisie\/#website"},"primaryImageOfPage":{"@id":"https:\/\/kapitalis.com\/tunisie\/2019\/08\/23\/zeramdine-mise-en-vente-judiciaire-de-3-societes-du-groupe-ali-mhenni\/#primaryimage"},"image":{"@id":"https:\/\/kapitalis.com\/tunisie\/2019\/08\/23\/zeramdine-mise-en-vente-judiciaire-de-3-societes-du-groupe-ali-mhenni\/#primaryimage"},"thumbnailUrl":"","datePublished":"2019-08-23T14:07:39+00:00","dateModified":"2019-08-23T14:13:18+00:00","breadcrumb":{"@id":"https:\/\/kapitalis.com\/tunisie\/2019\/08\/23\/zeramdine-mise-en-vente-judiciaire-de-3-societes-du-groupe-ali-mhenni\/#breadcrumb"},"inLanguage":"fr-FR","potentialAction":[{"@type":"ReadAction","target":["https:\/\/kapitalis.com\/tunisie\/2019\/08\/23\/zeramdine-mise-en-vente-judiciaire-de-3-societes-du-groupe-ali-mhenni\/"]}]},{"@type":"ImageObject","inLanguage":"fr-FR","@id":"https:\/\/kapitalis.com\/tunisie\/2019\/08\/23\/zeramdine-mise-en-vente-judiciaire-de-3-societes-du-groupe-ali-mhenni\/#primaryimage","url":"","contentUrl":""},{"@type":"BreadcrumbList","@id":"https:\/\/kapitalis.com\/tunisie\/2019\/08\/23\/zeramdine-mise-en-vente-judiciaire-de-3-societes-du-groupe-ali-mhenni\/#breadcrumb","itemListElement":[{"@type":"ListItem","position":1,"name":"Accueil","item":"https:\/\/kapitalis.com\/tunisie\/"},{"@type":"ListItem","position":2,"name":"Zeramdine : Mise en vente judiciaire de 3 soci\u00e9t\u00e9s du Groupe Ali Mhenni"}]},{"@type":"WebSite","@id":"https:\/\/kapitalis.com\/tunisie\/#website","url":"https:\/\/kapitalis.com\/tunisie\/","name":"Kapitalis","description":"L&#039;actualit\u00e9 en Tunisie et dans le monde","publisher":{"@id":"https:\/\/kapitalis.com\/tunisie\/#organization"},"potentialAction":[{"@type":"SearchAction","target":{"@type":"EntryPoint","urlTemplate":"https:\/\/kapitalis.com\/tunisie\/?s={search_term_string}"},"query-input":{"@type":"PropertyValueSpecification","valueRequired":true,"valueName":"search_term_string"}}],"inLanguage":"fr-FR"},{"@type":"Organization","@id":"https:\/\/kapitalis.com\/tunisie\/#organization","name":"Kapitalis","url":"https:\/\/kapitalis.com\/tunisie\/","logo":{"@type":"ImageObject","inLanguage":"fr-FR","@id":"https:\/\/kapitalis.com\/tunisie\/#\/schema\/logo\/image\/","url":"https:\/\/kapitalis.com\/tunisie\/wp-content\/uploads\/2022\/05\/Kapitalis-big-size.png","contentUrl":"https:\/\/kapitalis.com\/tunisie\/wp-content\/uploads\/2022\/05\/Kapitalis-big-size.png","width":5000,"height":1500,"caption":"Kapitalis"},"image":{"@id":"https:\/\/kapitalis.com\/tunisie\/#\/schema\/logo\/image\/"},"sameAs":["https:\/\/www.facebook.com\/KapitalisInfo\/","https:\/\/x.com\/KapitalisInfo","https:\/\/www.youtube.com\/channel\/UC-yDYrHyfFBWWZaOw3FPg9Q"]},{"@type":"Person","@id":"https:\/\/kapitalis.com\/tunisie\/#\/schema\/person\/093913313d3017554cb3ad077fff3fbd","name":"Amina Mkada","url":"https:\/\/kapitalis.com\/tunisie\/author\/amina\/"}]}},"_links":{"self":[{"href":"https:\/\/kapitalis.com\/tunisie\/wp-json\/wp\/v2\/posts\/234767","targetHints":{"allow":["GET"]}}],"collection":[{"href":"https:\/\/kapitalis.com\/tunisie\/wp-json\/wp\/v2\/posts"}],"about":[{"href":"https:\/\/kapitalis.com\/tunisie\/wp-json\/wp\/v2\/types\/post"}],"author":[{"embeddable":true,"href":"https:\/\/kapitalis.com\/tunisie\/wp-json\/wp\/v2\/users\/22"}],"replies":[{"embeddable":true,"href":"https:\/\/kapitalis.com\/tunisie\/wp-json\/wp\/v2\/comments?post=234767"}],"version-history":[{"count":0,"href":"https:\/\/kapitalis.com\/tunisie\/wp-json\/wp\/v2\/posts\/234767\/revisions"}],"wp:featuredmedia":[{"embeddable":true,"href":"https:\/\/kapitalis.com\/tunisie\/wp-json\/wp\/v2\/media\/234781"}],"wp:attachment":[{"href":"https:\/\/kapitalis.com\/tunisie\/wp-json\/wp\/v2\/media?parent=234767"}],"wp:term":[{"taxonomy":"category","embeddable":true,"href":"https:\/\/kapitalis.com\/tunisie\/wp-json\/wp\/v2\/categories?post=234767"},{"taxonomy":"post_tag","embeddable":true,"href":"https:\/\/kapitalis.com\/tunisie\/wp-json\/wp\/v2\/tags?post=234767"}],"curies":[{"name":"wp","href":"https:\/\/api.w.org\/{rel}","templated":true}]}}