{"id":235124,"date":"2019-08-26T08:44:21","date_gmt":"2019-08-26T07:44:21","guid":{"rendered":"http:\/\/kapitalis.com\/tunisie\/?p=235124"},"modified":"2019-08-26T08:44:24","modified_gmt":"2019-08-26T07:44:24","slug":"presidentielle-le-cercle-kheireddine-pour-un-candidat-unique-federateur-des-forces-modernistes","status":"publish","type":"post","link":"https:\/\/kapitalis.com\/tunisie\/2019\/08\/26\/presidentielle-le-cercle-kheireddine-pour-un-candidat-unique-federateur-des-forces-modernistes\/","title":{"rendered":"Pr\u00e9sidentielle : Le Cercle Kheireddine pour un candidat unique f\u00e9d\u00e9rateur des forces modernistes"},"content":{"rendered":"\n<figure class=\"wp-block-image\"><img decoding=\"async\" src=\"http:\/\/kapitalis.com\/tunisie\/wp-content\/uploads\/2019\/08\/Cercle-Khaireddine-Candidat-pr\u00e9sidentielle.jpg\" alt=\"\" class=\"wp-image-235125\"\/><\/figure>\n\n\n\n<p><strong><em>Le Cercle Kheireddine a lanc\u00e9 un appel solennel aux candidats r\u00e9publicains  aux \u00e9lections pr\u00e9sidentielles du 15 septembre 2019 pour qu\u2019ils se  d\u00e9sistent au profit du \u00abcandidat f\u00e9d\u00e9rateur le mieux plac\u00e9\u00bb. Nous reproduisons ci-dessous cet appel dat\u00e9 du 24 ao\u00fbt 2019\u2026 <\/em><\/strong><br><\/p>\n\n\n\n<!--more-->\n\n\n\n<p><em> \u00abR\u00e9it\u00e9rant son plein attachement \u00e0 la Tunisie r\u00e9publicaine et d\u00e9mocratique issue des valeurs de la r\u00e9volution de 2011 et des dispositions de la constitution de 2014; dans le respect de l\u2019Etat souverain, de l\u2019unit\u00e9 nationale et de la solidarit\u00e9 sociale ; r\u00e9affirmant son profond attachement au mod\u00e8le soci\u00e9tal tunisien fond\u00e9 sur l\u2019ouverture, le progr\u00e8s, la tol\u00e9rance et l\u2019\u00e9galit\u00e9; pr\u00e9occup\u00e9 par la situation de pr\u00e9carit\u00e9 \u00e9conomique et financi\u00e8re \u00e0 laquelle est confront\u00e9 notre  pays et par l\u2019\u00e9rosion inqui\u00e9tante de l\u2019autorit\u00e9 de l\u2019Etat; convaincu de la n\u00e9cessit\u00e9 d\u2019une direction politique nationale solide et cr\u00e9dible, capable de pr\u00e9server les acquis de notre pays et d\u2019engager son redressement; le Cercle Kheireddine constate avec une profonde inqui\u00e9tude le tr\u00e8s grand nombre de candidatures r\u00e9publicaines et patriotiques aux \u00e9lections pr\u00e9sidentielles et la fragmentation des forces politiques repr\u00e9sentatives du courant d\u00e9mocratique ne pouvant profiter qu\u2019aux forces et id\u00e9ologies int\u00e9gristes et populistes.<\/em><br><\/p>\n\n\n\n<p> <em>Face aux risques av\u00e9r\u00e9s d\u2019instabilit\u00e9 et d\u2019impasse politique grave qui guettent notre pays, le Cercle Kheireddine lance un appel solennel et urgent  \u00e0 tous les candidats de la mouvance  d\u00e9mocratique et moderniste pour qu\u2019ils se d\u00e9sistent au profit du candidat f\u00e9d\u00e9rateur le mieux plac\u00e9, celui dont le patriotisme, la probit\u00e9, l\u2019exp\u00e9rience et la confiance qu\u2019il suscite sont les plus reconnues.<\/em><br><\/p>\n\n\n\n<p> <em>En pla\u00e7ant l\u2019int\u00e9r\u00eat sup\u00e9rieur de la nation au-dessus de leurs ambitions personnelles, ces candidats pourront ainsi redonner confiance en la classe politique  et  espoir en notre pays.\u00bb<\/em><\/p>\n","protected":false},"excerpt":{"rendered":"<p>Le Cercle Kheireddine a lanc\u00e9 un appel solennel aux candidats r\u00e9publicains aux \u00e9lections pr\u00e9sidentielles du 15 septembre 2019 pour qu\u2019ils se d\u00e9sistent au profit du \u00abcandidat f\u00e9d\u00e9rateur le mieux plac\u00e9\u00bb. Nous reproduisons ci-dessous cet appel dat\u00e9 du 24 ao\u00fbt 2019\u2026<\/p>\n","protected":false},"author":8,"featured_media":235125,"comment_status":"open","ping_status":"open","sticky":false,"template":"","format":"standard","meta":{"footnotes":""},"categories":[997,2433],"tags":[10882,9314],"class_list":["post-235124","post","type-post","status-publish","format-standard","has-post-thumbnail","hentry","category-politique","category-tunisie","tag-cercle-kheireddine","tag-elections-presidentielles"],"yoast_head":"<!-- This site is optimized with the Yoast SEO plugin v26.6 - https:\/\/yoast.com\/wordpress\/plugins\/seo\/ -->\n<title>Pr\u00e9sidentielle : Le Cercle Kheireddine pour un candidat unique f\u00e9d\u00e9rateur des forces modernistes - Kapitalis<\/title>\n<meta name=\"robots\" content=\"index, follow, max-snippet:-1, max-image-preview:large, max-video-preview:-1\" \/>\n<link rel=\"canonical\" href=\"https:\/\/kapitalis.com\/tunisie\/2019\/08\/26\/presidentielle-le-cercle-kheireddine-pour-un-candidat-unique-federateur-des-forces-modernistes\/\" \/>\n<meta property=\"og:locale\" content=\"fr_FR\" \/>\n<meta property=\"og:type\" content=\"article\" \/>\n<meta property=\"og:title\" content=\"Pr\u00e9sidentielle : Le Cercle Kheireddine pour un candidat unique f\u00e9d\u00e9rateur des forces modernistes - Kapitalis\" \/>\n<meta property=\"og:description\" content=\"Le Cercle Kheireddine a lanc\u00e9 un appel solennel aux candidats r\u00e9publicains aux \u00e9lections pr\u00e9sidentielles du 15 septembre 2019 pour qu\u2019ils se d\u00e9sistent au profit du \u00abcandidat f\u00e9d\u00e9rateur le mieux plac\u00e9\u00bb. Nous reproduisons ci-dessous cet appel dat\u00e9 du 24 ao\u00fbt 2019\u2026\" \/>\n<meta property=\"og:url\" content=\"https:\/\/kapitalis.com\/tunisie\/2019\/08\/26\/presidentielle-le-cercle-kheireddine-pour-un-candidat-unique-federateur-des-forces-modernistes\/\" \/>\n<meta property=\"og:site_name\" content=\"Kapitalis\" \/>\n<meta property=\"article:publisher\" content=\"https:\/\/www.facebook.com\/KapitalisInfo\/\" \/>\n<meta property=\"article:published_time\" content=\"2019-08-26T07:44:21+00:00\" \/>\n<meta property=\"article:modified_time\" content=\"2019-08-26T07:44:24+00:00\" \/>\n<meta property=\"og:image\" content=\"https:\/\/kapitalis.com\/tunisie\/wp-content\/uploads\/2022\/05\/kapitalis-logo-fb.png\" \/>\n\t<meta property=\"og:image:width\" content=\"1200\" \/>\n\t<meta property=\"og:image:height\" content=\"630\" \/>\n\t<meta property=\"og:image:type\" content=\"image\/png\" \/>\n<meta name=\"author\" content=\"webmaster kapitalis\" \/>\n<meta name=\"twitter:card\" content=\"summary_large_image\" \/>\n<meta name=\"twitter:creator\" content=\"@KapitalisInfo\" \/>\n<meta name=\"twitter:site\" content=\"@KapitalisInfo\" \/>\n<meta name=\"twitter:label1\" content=\"\u00c9crit par\" \/>\n\t<meta name=\"twitter:data1\" content=\"webmaster kapitalis\" \/>\n\t<meta name=\"twitter:label2\" content=\"Dur\u00e9e de lecture estim\u00e9e\" \/>\n\t<meta name=\"twitter:data2\" content=\"2 minutes\" \/>\n<script type=\"application\/ld+json\" class=\"yoast-schema-graph\">{\"@context\":\"https:\/\/schema.org\",\"@graph\":[{\"@type\":\"Article\",\"@id\":\"https:\/\/kapitalis.com\/tunisie\/2019\/08\/26\/presidentielle-le-cercle-kheireddine-pour-un-candidat-unique-federateur-des-forces-modernistes\/#article\",\"isPartOf\":{\"@id\":\"https:\/\/kapitalis.com\/tunisie\/2019\/08\/26\/presidentielle-le-cercle-kheireddine-pour-un-candidat-unique-federateur-des-forces-modernistes\/\"},\"author\":{\"name\":\"webmaster kapitalis\",\"@id\":\"https:\/\/kapitalis.com\/tunisie\/#\/schema\/person\/d71f33a9ca44f7bad4698210b480c8e9\"},\"headline\":\"Pr\u00e9sidentielle : Le Cercle Kheireddine pour un candidat unique f\u00e9d\u00e9rateur des forces modernistes\",\"datePublished\":\"2019-08-26T07:44:21+00:00\",\"dateModified\":\"2019-08-26T07:44:24+00:00\",\"mainEntityOfPage\":{\"@id\":\"https:\/\/kapitalis.com\/tunisie\/2019\/08\/26\/presidentielle-le-cercle-kheireddine-pour-un-candidat-unique-federateur-des-forces-modernistes\/\"},\"wordCount\":335,\"commentCount\":4,\"publisher\":{\"@id\":\"https:\/\/kapitalis.com\/tunisie\/#organization\"},\"image\":{\"@id\":\"https:\/\/kapitalis.com\/tunisie\/2019\/08\/26\/presidentielle-le-cercle-kheireddine-pour-un-candidat-unique-federateur-des-forces-modernistes\/#primaryimage\"},\"thumbnailUrl\":\"\",\"keywords\":[\"Cercle Kheireddine\",\"\u00e9lections pr\u00e9sidentielles\"],\"articleSection\":[\"POLITIQUE\",\"Tunisie\"],\"inLanguage\":\"fr-FR\",\"potentialAction\":[{\"@type\":\"CommentAction\",\"name\":\"Comment\",\"target\":[\"https:\/\/kapitalis.com\/tunisie\/2019\/08\/26\/presidentielle-le-cercle-kheireddine-pour-un-candidat-unique-federateur-des-forces-modernistes\/#respond\"]}]},{\"@type\":\"WebPage\",\"@id\":\"https:\/\/kapitalis.com\/tunisie\/2019\/08\/26\/presidentielle-le-cercle-kheireddine-pour-un-candidat-unique-federateur-des-forces-modernistes\/\",\"url\":\"https:\/\/kapitalis.com\/tunisie\/2019\/08\/26\/presidentielle-le-cercle-kheireddine-pour-un-candidat-unique-federateur-des-forces-modernistes\/\",\"name\":\"Pr\u00e9sidentielle : Le Cercle Kheireddine pour un candidat unique f\u00e9d\u00e9rateur des forces modernistes - Kapitalis\",\"isPartOf\":{\"@id\":\"https:\/\/kapitalis.com\/tunisie\/#website\"},\"primaryImageOfPage\":{\"@id\":\"https:\/\/kapitalis.com\/tunisie\/2019\/08\/26\/presidentielle-le-cercle-kheireddine-pour-un-candidat-unique-federateur-des-forces-modernistes\/#primaryimage\"},\"image\":{\"@id\":\"https:\/\/kapitalis.com\/tunisie\/2019\/08\/26\/presidentielle-le-cercle-kheireddine-pour-un-candidat-unique-federateur-des-forces-modernistes\/#primaryimage\"},\"thumbnailUrl\":\"\",\"datePublished\":\"2019-08-26T07:44:21+00:00\",\"dateModified\":\"2019-08-26T07:44:24+00:00\",\"breadcrumb\":{\"@id\":\"https:\/\/kapitalis.com\/tunisie\/2019\/08\/26\/presidentielle-le-cercle-kheireddine-pour-un-candidat-unique-federateur-des-forces-modernistes\/#breadcrumb\"},\"inLanguage\":\"fr-FR\",\"potentialAction\":[{\"@type\":\"ReadAction\",\"target\":[\"https:\/\/kapitalis.com\/tunisie\/2019\/08\/26\/presidentielle-le-cercle-kheireddine-pour-un-candidat-unique-federateur-des-forces-modernistes\/\"]}]},{\"@type\":\"ImageObject\",\"inLanguage\":\"fr-FR\",\"@id\":\"https:\/\/kapitalis.com\/tunisie\/2019\/08\/26\/presidentielle-le-cercle-kheireddine-pour-un-candidat-unique-federateur-des-forces-modernistes\/#primaryimage\",\"url\":\"\",\"contentUrl\":\"\"},{\"@type\":\"BreadcrumbList\",\"@id\":\"https:\/\/kapitalis.com\/tunisie\/2019\/08\/26\/presidentielle-le-cercle-kheireddine-pour-un-candidat-unique-federateur-des-forces-modernistes\/#breadcrumb\",\"itemListElement\":[{\"@type\":\"ListItem\",\"position\":1,\"name\":\"Accueil\",\"item\":\"https:\/\/kapitalis.com\/tunisie\/\"},{\"@type\":\"ListItem\",\"position\":2,\"name\":\"Pr\u00e9sidentielle : Le Cercle Kheireddine pour un candidat unique f\u00e9d\u00e9rateur des forces modernistes\"}]},{\"@type\":\"WebSite\",\"@id\":\"https:\/\/kapitalis.com\/tunisie\/#website\",\"url\":\"https:\/\/kapitalis.com\/tunisie\/\",\"name\":\"Kapitalis\",\"description\":\"L&#039;actualit\u00e9 en Tunisie et dans le monde\",\"publisher\":{\"@id\":\"https:\/\/kapitalis.com\/tunisie\/#organization\"},\"potentialAction\":[{\"@type\":\"SearchAction\",\"target\":{\"@type\":\"EntryPoint\",\"urlTemplate\":\"https:\/\/kapitalis.com\/tunisie\/?s={search_term_string}\"},\"query-input\":{\"@type\":\"PropertyValueSpecification\",\"valueRequired\":true,\"valueName\":\"search_term_string\"}}],\"inLanguage\":\"fr-FR\"},{\"@type\":\"Organization\",\"@id\":\"https:\/\/kapitalis.com\/tunisie\/#organization\",\"name\":\"Kapitalis\",\"url\":\"https:\/\/kapitalis.com\/tunisie\/\",\"logo\":{\"@type\":\"ImageObject\",\"inLanguage\":\"fr-FR\",\"@id\":\"https:\/\/kapitalis.com\/tunisie\/#\/schema\/logo\/image\/\",\"url\":\"https:\/\/kapitalis.com\/tunisie\/wp-content\/uploads\/2022\/05\/Kapitalis-big-size.png\",\"contentUrl\":\"https:\/\/kapitalis.com\/tunisie\/wp-content\/uploads\/2022\/05\/Kapitalis-big-size.png\",\"width\":5000,\"height\":1500,\"caption\":\"Kapitalis\"},\"image\":{\"@id\":\"https:\/\/kapitalis.com\/tunisie\/#\/schema\/logo\/image\/\"},\"sameAs\":[\"https:\/\/www.facebook.com\/KapitalisInfo\/\",\"https:\/\/x.com\/KapitalisInfo\",\"https:\/\/www.youtube.com\/channel\/UC-yDYrHyfFBWWZaOw3FPg9Q\"]},{\"@type\":\"Person\",\"@id\":\"https:\/\/kapitalis.com\/tunisie\/#\/schema\/person\/d71f33a9ca44f7bad4698210b480c8e9\",\"name\":\"webmaster kapitalis\",\"url\":\"https:\/\/kapitalis.com\/tunisie\/author\/webmaster-kapitalis\/\"}]}<\/script>\n<!-- \/ Yoast SEO plugin. -->","yoast_head_json":{"title":"Pr\u00e9sidentielle : Le Cercle Kheireddine pour un candidat unique f\u00e9d\u00e9rateur des forces modernistes - Kapitalis","robots":{"index":"index","follow":"follow","max-snippet":"max-snippet:-1","max-image-preview":"max-image-preview:large","max-video-preview":"max-video-preview:-1"},"canonical":"https:\/\/kapitalis.com\/tunisie\/2019\/08\/26\/presidentielle-le-cercle-kheireddine-pour-un-candidat-unique-federateur-des-forces-modernistes\/","og_locale":"fr_FR","og_type":"article","og_title":"Pr\u00e9sidentielle : Le Cercle Kheireddine pour un candidat unique f\u00e9d\u00e9rateur des forces modernistes - Kapitalis","og_description":"Le Cercle Kheireddine a lanc\u00e9 un appel solennel aux candidats r\u00e9publicains aux \u00e9lections pr\u00e9sidentielles du 15 septembre 2019 pour qu\u2019ils se d\u00e9sistent au profit du \u00abcandidat f\u00e9d\u00e9rateur le mieux plac\u00e9\u00bb. Nous reproduisons ci-dessous cet appel dat\u00e9 du 24 ao\u00fbt 2019\u2026","og_url":"https:\/\/kapitalis.com\/tunisie\/2019\/08\/26\/presidentielle-le-cercle-kheireddine-pour-un-candidat-unique-federateur-des-forces-modernistes\/","og_site_name":"Kapitalis","article_publisher":"https:\/\/www.facebook.com\/KapitalisInfo\/","article_published_time":"2019-08-26T07:44:21+00:00","article_modified_time":"2019-08-26T07:44:24+00:00","og_image":[{"width":1200,"height":630,"url":"https:\/\/kapitalis.com\/tunisie\/wp-content\/uploads\/2022\/05\/kapitalis-logo-fb.png","type":"image\/png"}],"author":"webmaster kapitalis","twitter_card":"summary_large_image","twitter_creator":"@KapitalisInfo","twitter_site":"@KapitalisInfo","twitter_misc":{"\u00c9crit par":"webmaster kapitalis","Dur\u00e9e de lecture estim\u00e9e":"2 minutes"},"schema":{"@context":"https:\/\/schema.org","@graph":[{"@type":"Article","@id":"https:\/\/kapitalis.com\/tunisie\/2019\/08\/26\/presidentielle-le-cercle-kheireddine-pour-un-candidat-unique-federateur-des-forces-modernistes\/#article","isPartOf":{"@id":"https:\/\/kapitalis.com\/tunisie\/2019\/08\/26\/presidentielle-le-cercle-kheireddine-pour-un-candidat-unique-federateur-des-forces-modernistes\/"},"author":{"name":"webmaster kapitalis","@id":"https:\/\/kapitalis.com\/tunisie\/#\/schema\/person\/d71f33a9ca44f7bad4698210b480c8e9"},"headline":"Pr\u00e9sidentielle : Le Cercle Kheireddine pour un candidat unique f\u00e9d\u00e9rateur des forces modernistes","datePublished":"2019-08-26T07:44:21+00:00","dateModified":"2019-08-26T07:44:24+00:00","mainEntityOfPage":{"@id":"https:\/\/kapitalis.com\/tunisie\/2019\/08\/26\/presidentielle-le-cercle-kheireddine-pour-un-candidat-unique-federateur-des-forces-modernistes\/"},"wordCount":335,"commentCount":4,"publisher":{"@id":"https:\/\/kapitalis.com\/tunisie\/#organization"},"image":{"@id":"https:\/\/kapitalis.com\/tunisie\/2019\/08\/26\/presidentielle-le-cercle-kheireddine-pour-un-candidat-unique-federateur-des-forces-modernistes\/#primaryimage"},"thumbnailUrl":"","keywords":["Cercle Kheireddine","\u00e9lections pr\u00e9sidentielles"],"articleSection":["POLITIQUE","Tunisie"],"inLanguage":"fr-FR","potentialAction":[{"@type":"CommentAction","name":"Comment","target":["https:\/\/kapitalis.com\/tunisie\/2019\/08\/26\/presidentielle-le-cercle-kheireddine-pour-un-candidat-unique-federateur-des-forces-modernistes\/#respond"]}]},{"@type":"WebPage","@id":"https:\/\/kapitalis.com\/tunisie\/2019\/08\/26\/presidentielle-le-cercle-kheireddine-pour-un-candidat-unique-federateur-des-forces-modernistes\/","url":"https:\/\/kapitalis.com\/tunisie\/2019\/08\/26\/presidentielle-le-cercle-kheireddine-pour-un-candidat-unique-federateur-des-forces-modernistes\/","name":"Pr\u00e9sidentielle : Le Cercle Kheireddine pour un candidat unique f\u00e9d\u00e9rateur des forces modernistes - Kapitalis","isPartOf":{"@id":"https:\/\/kapitalis.com\/tunisie\/#website"},"primaryImageOfPage":{"@id":"https:\/\/kapitalis.com\/tunisie\/2019\/08\/26\/presidentielle-le-cercle-kheireddine-pour-un-candidat-unique-federateur-des-forces-modernistes\/#primaryimage"},"image":{"@id":"https:\/\/kapitalis.com\/tunisie\/2019\/08\/26\/presidentielle-le-cercle-kheireddine-pour-un-candidat-unique-federateur-des-forces-modernistes\/#primaryimage"},"thumbnailUrl":"","datePublished":"2019-08-26T07:44:21+00:00","dateModified":"2019-08-26T07:44:24+00:00","breadcrumb":{"@id":"https:\/\/kapitalis.com\/tunisie\/2019\/08\/26\/presidentielle-le-cercle-kheireddine-pour-un-candidat-unique-federateur-des-forces-modernistes\/#breadcrumb"},"inLanguage":"fr-FR","potentialAction":[{"@type":"ReadAction","target":["https:\/\/kapitalis.com\/tunisie\/2019\/08\/26\/presidentielle-le-cercle-kheireddine-pour-un-candidat-unique-federateur-des-forces-modernistes\/"]}]},{"@type":"ImageObject","inLanguage":"fr-FR","@id":"https:\/\/kapitalis.com\/tunisie\/2019\/08\/26\/presidentielle-le-cercle-kheireddine-pour-un-candidat-unique-federateur-des-forces-modernistes\/#primaryimage","url":"","contentUrl":""},{"@type":"BreadcrumbList","@id":"https:\/\/kapitalis.com\/tunisie\/2019\/08\/26\/presidentielle-le-cercle-kheireddine-pour-un-candidat-unique-federateur-des-forces-modernistes\/#breadcrumb","itemListElement":[{"@type":"ListItem","position":1,"name":"Accueil","item":"https:\/\/kapitalis.com\/tunisie\/"},{"@type":"ListItem","position":2,"name":"Pr\u00e9sidentielle : Le Cercle Kheireddine pour un candidat unique f\u00e9d\u00e9rateur des forces modernistes"}]},{"@type":"WebSite","@id":"https:\/\/kapitalis.com\/tunisie\/#website","url":"https:\/\/kapitalis.com\/tunisie\/","name":"Kapitalis","description":"L&#039;actualit\u00e9 en Tunisie et dans le monde","publisher":{"@id":"https:\/\/kapitalis.com\/tunisie\/#organization"},"potentialAction":[{"@type":"SearchAction","target":{"@type":"EntryPoint","urlTemplate":"https:\/\/kapitalis.com\/tunisie\/?s={search_term_string}"},"query-input":{"@type":"PropertyValueSpecification","valueRequired":true,"valueName":"search_term_string"}}],"inLanguage":"fr-FR"},{"@type":"Organization","@id":"https:\/\/kapitalis.com\/tunisie\/#organization","name":"Kapitalis","url":"https:\/\/kapitalis.com\/tunisie\/","logo":{"@type":"ImageObject","inLanguage":"fr-FR","@id":"https:\/\/kapitalis.com\/tunisie\/#\/schema\/logo\/image\/","url":"https:\/\/kapitalis.com\/tunisie\/wp-content\/uploads\/2022\/05\/Kapitalis-big-size.png","contentUrl":"https:\/\/kapitalis.com\/tunisie\/wp-content\/uploads\/2022\/05\/Kapitalis-big-size.png","width":5000,"height":1500,"caption":"Kapitalis"},"image":{"@id":"https:\/\/kapitalis.com\/tunisie\/#\/schema\/logo\/image\/"},"sameAs":["https:\/\/www.facebook.com\/KapitalisInfo\/","https:\/\/x.com\/KapitalisInfo","https:\/\/www.youtube.com\/channel\/UC-yDYrHyfFBWWZaOw3FPg9Q"]},{"@type":"Person","@id":"https:\/\/kapitalis.com\/tunisie\/#\/schema\/person\/d71f33a9ca44f7bad4698210b480c8e9","name":"webmaster kapitalis","url":"https:\/\/kapitalis.com\/tunisie\/author\/webmaster-kapitalis\/"}]}},"_links":{"self":[{"href":"https:\/\/kapitalis.com\/tunisie\/wp-json\/wp\/v2\/posts\/235124","targetHints":{"allow":["GET"]}}],"collection":[{"href":"https:\/\/kapitalis.com\/tunisie\/wp-json\/wp\/v2\/posts"}],"about":[{"href":"https:\/\/kapitalis.com\/tunisie\/wp-json\/wp\/v2\/types\/post"}],"author":[{"embeddable":true,"href":"https:\/\/kapitalis.com\/tunisie\/wp-json\/wp\/v2\/users\/8"}],"replies":[{"embeddable":true,"href":"https:\/\/kapitalis.com\/tunisie\/wp-json\/wp\/v2\/comments?post=235124"}],"version-history":[{"count":0,"href":"https:\/\/kapitalis.com\/tunisie\/wp-json\/wp\/v2\/posts\/235124\/revisions"}],"wp:featuredmedia":[{"embeddable":true,"href":"https:\/\/kapitalis.com\/tunisie\/wp-json\/wp\/v2\/media\/235125"}],"wp:attachment":[{"href":"https:\/\/kapitalis.com\/tunisie\/wp-json\/wp\/v2\/media?parent=235124"}],"wp:term":[{"taxonomy":"category","embeddable":true,"href":"https:\/\/kapitalis.com\/tunisie\/wp-json\/wp\/v2\/categories?post=235124"},{"taxonomy":"post_tag","embeddable":true,"href":"https:\/\/kapitalis.com\/tunisie\/wp-json\/wp\/v2\/tags?post=235124"}],"curies":[{"name":"wp","href":"https:\/\/api.w.org\/{rel}","templated":true}]}}