{"id":2351362,"date":"2022-07-18T14:37:42","date_gmt":"2022-07-18T13:37:42","guid":{"rendered":"https:\/\/kapitalis.com\/tunisie\/?p=2351362"},"modified":"2022-07-18T14:37:44","modified_gmt":"2022-07-18T13:37:44","slug":"tunisie-transfert-du-materiel-electoral-vers-les-entrepots-de-lisie","status":"publish","type":"post","link":"https:\/\/kapitalis.com\/tunisie\/2022\/07\/18\/tunisie-transfert-du-materiel-electoral-vers-les-entrepots-de-lisie\/","title":{"rendered":"Tunisie : Transfert du mat\u00e9riel \u00e9lectoral vers les entrep\u00f4ts de l&rsquo;Isie"},"content":{"rendered":"\n<p><em><strong>Le minist\u00e8re de l\u2019Int\u00e9rieur tunisien a indiqu\u00e9, ce lundi 18 juillet 2022, que le mat\u00e9riel \u00e9lectoral a \u00e9t\u00e9 transf\u00e9r\u00e9 vers les sous-entrep\u00f4ts des instances r\u00e9gionales de l&rsquo;Isie dans les diff\u00e9rentes r\u00e9gions du pays en vue du r\u00e9f\u00e9rendum du 25 juillet, qui portera, pour rappel, le projet de constitution propos\u00e9 par le pr\u00e9sident de la r\u00e9publique Ka\u00efs Sa\u00efed.<\/strong><\/em><\/p>\n\n\n\n<!--more-->\n\n\n\n<p>Les unit\u00e9s s\u00e9curitaires ont assur\u00e9, hier et avant-hier, le transfert du mat\u00e9riel \u00e9lectoral vers 26 instances r\u00e9gionales, pr\u00e9cise le communiqu\u00e9 du minist\u00e8re, ajoutant que le transport du mat\u00e9riel \u00e9lectoral r\u00e9serv\u00e9 aux bureaux de vote \u00e0 l\u2019\u00e9tranger se poursuivra, jusqu\u2019\u00e0 demain, \u00e0 travers l\u2019a\u00e9roport de Tunis-Carthage.<\/p>\n\n\n\n<p class=\"has-text-align-right\"><strong>C. B. Y.<\/strong><\/p>\n","protected":false},"excerpt":{"rendered":"<p>Le minist\u00e8re de l\u2019Int\u00e9rieur tunisien a indiqu\u00e9, ce lundi 18 juillet 2022, que le mat\u00e9riel \u00e9lectoral a \u00e9t\u00e9 transf\u00e9r\u00e9 vers les sous-entrep\u00f4ts des instances r\u00e9gionales de l&rsquo;Isie dans les diff\u00e9rentes r\u00e9gions du pays en vue du r\u00e9f\u00e9rendum du 25 juillet, qui portera, pour rappel, le projet de constitution propos\u00e9 par le pr\u00e9sident de la r\u00e9publique&#8230;<\/p>\n","protected":false},"author":24,"featured_media":1754463,"comment_status":"open","ping_status":"open","sticky":false,"template":"","format":"standard","meta":{"footnotes":""},"categories":[997,2433],"tags":[76920,499,76012,613,2889,62643],"class_list":["post-2351362","post","type-post","status-publish","format-standard","has-post-thumbnail","hentry","category-politique","category-tunisie","tag-25-juillet","tag-isie","tag-kais-saied-2","tag-ministere-de-linterieur","tag-referendum","tag-tunisie"],"yoast_head":"<!-- This site is optimized with the Yoast SEO plugin v26.6 - https:\/\/yoast.com\/wordpress\/plugins\/seo\/ -->\n<title>Tunisie : Transfert du mat\u00e9riel \u00e9lectoral vers les entrep\u00f4ts de l&#039;Isie - Kapitalis<\/title>\n<meta name=\"robots\" content=\"index, follow, max-snippet:-1, max-image-preview:large, max-video-preview:-1\" \/>\n<link rel=\"canonical\" href=\"https:\/\/kapitalis.com\/tunisie\/2022\/07\/18\/tunisie-transfert-du-materiel-electoral-vers-les-entrepots-de-lisie\/\" \/>\n<meta property=\"og:locale\" content=\"fr_FR\" \/>\n<meta property=\"og:type\" content=\"article\" \/>\n<meta property=\"og:title\" content=\"Tunisie : Transfert du mat\u00e9riel \u00e9lectoral vers les entrep\u00f4ts de l&#039;Isie - Kapitalis\" \/>\n<meta property=\"og:description\" content=\"Le minist\u00e8re de l\u2019Int\u00e9rieur tunisien a indiqu\u00e9, ce lundi 18 juillet 2022, que le mat\u00e9riel \u00e9lectoral a \u00e9t\u00e9 transf\u00e9r\u00e9 vers les sous-entrep\u00f4ts des instances r\u00e9gionales de l&rsquo;Isie dans les diff\u00e9rentes r\u00e9gions du pays en vue du r\u00e9f\u00e9rendum du 25 juillet, qui portera, pour rappel, le projet de constitution propos\u00e9 par le pr\u00e9sident de la r\u00e9publique...\" \/>\n<meta property=\"og:url\" content=\"https:\/\/kapitalis.com\/tunisie\/2022\/07\/18\/tunisie-transfert-du-materiel-electoral-vers-les-entrepots-de-lisie\/\" \/>\n<meta property=\"og:site_name\" content=\"Kapitalis\" \/>\n<meta property=\"article:publisher\" content=\"https:\/\/www.facebook.com\/KapitalisInfo\/\" \/>\n<meta property=\"article:published_time\" content=\"2022-07-18T13:37:42+00:00\" \/>\n<meta property=\"article:modified_time\" content=\"2022-07-18T13:37:44+00:00\" \/>\n<meta property=\"og:image\" content=\"https:\/\/kapitalis.com\/tunisie\/wp-content\/uploads\/2022\/06\/Ministere-de-lInterieur.jpg\" \/>\n\t<meta property=\"og:image:width\" content=\"1200\" \/>\n\t<meta property=\"og:image:height\" content=\"630\" \/>\n\t<meta property=\"og:image:type\" content=\"image\/jpeg\" \/>\n<meta name=\"author\" content=\"Cherif Benyounes\" \/>\n<meta name=\"twitter:card\" content=\"summary_large_image\" \/>\n<meta name=\"twitter:creator\" content=\"@KapitalisInfo\" \/>\n<meta name=\"twitter:site\" content=\"@KapitalisInfo\" \/>\n<meta name=\"twitter:label1\" content=\"\u00c9crit par\" \/>\n\t<meta name=\"twitter:data1\" content=\"Cherif Benyounes\" \/>\n\t<meta name=\"twitter:label2\" content=\"Dur\u00e9e de lecture estim\u00e9e\" \/>\n\t<meta name=\"twitter:data2\" content=\"1 minute\" \/>\n<script type=\"application\/ld+json\" class=\"yoast-schema-graph\">{\"@context\":\"https:\/\/schema.org\",\"@graph\":[{\"@type\":\"Article\",\"@id\":\"https:\/\/kapitalis.com\/tunisie\/2022\/07\/18\/tunisie-transfert-du-materiel-electoral-vers-les-entrepots-de-lisie\/#article\",\"isPartOf\":{\"@id\":\"https:\/\/kapitalis.com\/tunisie\/2022\/07\/18\/tunisie-transfert-du-materiel-electoral-vers-les-entrepots-de-lisie\/\"},\"author\":{\"name\":\"Cherif Benyounes\",\"@id\":\"https:\/\/kapitalis.com\/tunisie\/#\/schema\/person\/b35b8d631961131107263178aeb8019e\"},\"headline\":\"Tunisie : Transfert du mat\u00e9riel \u00e9lectoral vers les entrep\u00f4ts de l&rsquo;Isie\",\"datePublished\":\"2022-07-18T13:37:42+00:00\",\"dateModified\":\"2022-07-18T13:37:44+00:00\",\"mainEntityOfPage\":{\"@id\":\"https:\/\/kapitalis.com\/tunisie\/2022\/07\/18\/tunisie-transfert-du-materiel-electoral-vers-les-entrepots-de-lisie\/\"},\"wordCount\":137,\"commentCount\":0,\"publisher\":{\"@id\":\"https:\/\/kapitalis.com\/tunisie\/#organization\"},\"image\":{\"@id\":\"https:\/\/kapitalis.com\/tunisie\/2022\/07\/18\/tunisie-transfert-du-materiel-electoral-vers-les-entrepots-de-lisie\/#primaryimage\"},\"thumbnailUrl\":\"https:\/\/kapitalis.com\/tunisie\/wp-content\/uploads\/2022\/06\/Ministere-de-lInterieur.jpg\",\"keywords\":[\"25 juillet\",\"Isie\",\"Ka\u00efs Sa\u00efed\",\"minist\u00e8re de l\u2019Int\u00e9rieur\",\"r\u00e9f\u00e9rendum\",\"Tunisie\"],\"articleSection\":[\"POLITIQUE\",\"Tunisie\"],\"inLanguage\":\"fr-FR\",\"potentialAction\":[{\"@type\":\"CommentAction\",\"name\":\"Comment\",\"target\":[\"https:\/\/kapitalis.com\/tunisie\/2022\/07\/18\/tunisie-transfert-du-materiel-electoral-vers-les-entrepots-de-lisie\/#respond\"]}]},{\"@type\":\"WebPage\",\"@id\":\"https:\/\/kapitalis.com\/tunisie\/2022\/07\/18\/tunisie-transfert-du-materiel-electoral-vers-les-entrepots-de-lisie\/\",\"url\":\"https:\/\/kapitalis.com\/tunisie\/2022\/07\/18\/tunisie-transfert-du-materiel-electoral-vers-les-entrepots-de-lisie\/\",\"name\":\"Tunisie : Transfert du mat\u00e9riel \u00e9lectoral vers les entrep\u00f4ts de l'Isie - Kapitalis\",\"isPartOf\":{\"@id\":\"https:\/\/kapitalis.com\/tunisie\/#website\"},\"primaryImageOfPage\":{\"@id\":\"https:\/\/kapitalis.com\/tunisie\/2022\/07\/18\/tunisie-transfert-du-materiel-electoral-vers-les-entrepots-de-lisie\/#primaryimage\"},\"image\":{\"@id\":\"https:\/\/kapitalis.com\/tunisie\/2022\/07\/18\/tunisie-transfert-du-materiel-electoral-vers-les-entrepots-de-lisie\/#primaryimage\"},\"thumbnailUrl\":\"https:\/\/kapitalis.com\/tunisie\/wp-content\/uploads\/2022\/06\/Ministere-de-lInterieur.jpg\",\"datePublished\":\"2022-07-18T13:37:42+00:00\",\"dateModified\":\"2022-07-18T13:37:44+00:00\",\"breadcrumb\":{\"@id\":\"https:\/\/kapitalis.com\/tunisie\/2022\/07\/18\/tunisie-transfert-du-materiel-electoral-vers-les-entrepots-de-lisie\/#breadcrumb\"},\"inLanguage\":\"fr-FR\",\"potentialAction\":[{\"@type\":\"ReadAction\",\"target\":[\"https:\/\/kapitalis.com\/tunisie\/2022\/07\/18\/tunisie-transfert-du-materiel-electoral-vers-les-entrepots-de-lisie\/\"]}]},{\"@type\":\"ImageObject\",\"inLanguage\":\"fr-FR\",\"@id\":\"https:\/\/kapitalis.com\/tunisie\/2022\/07\/18\/tunisie-transfert-du-materiel-electoral-vers-les-entrepots-de-lisie\/#primaryimage\",\"url\":\"https:\/\/kapitalis.com\/tunisie\/wp-content\/uploads\/2022\/06\/Ministere-de-lInterieur.jpg\",\"contentUrl\":\"https:\/\/kapitalis.com\/tunisie\/wp-content\/uploads\/2022\/06\/Ministere-de-lInterieur.jpg\",\"width\":1200,\"height\":630},{\"@type\":\"BreadcrumbList\",\"@id\":\"https:\/\/kapitalis.com\/tunisie\/2022\/07\/18\/tunisie-transfert-du-materiel-electoral-vers-les-entrepots-de-lisie\/#breadcrumb\",\"itemListElement\":[{\"@type\":\"ListItem\",\"position\":1,\"name\":\"Accueil\",\"item\":\"https:\/\/kapitalis.com\/tunisie\/\"},{\"@type\":\"ListItem\",\"position\":2,\"name\":\"Tunisie : Transfert du mat\u00e9riel \u00e9lectoral vers les entrep\u00f4ts de l&rsquo;Isie\"}]},{\"@type\":\"WebSite\",\"@id\":\"https:\/\/kapitalis.com\/tunisie\/#website\",\"url\":\"https:\/\/kapitalis.com\/tunisie\/\",\"name\":\"Kapitalis\",\"description\":\"L&#039;actualit\u00e9 en Tunisie et dans le monde\",\"publisher\":{\"@id\":\"https:\/\/kapitalis.com\/tunisie\/#organization\"},\"potentialAction\":[{\"@type\":\"SearchAction\",\"target\":{\"@type\":\"EntryPoint\",\"urlTemplate\":\"https:\/\/kapitalis.com\/tunisie\/?s={search_term_string}\"},\"query-input\":{\"@type\":\"PropertyValueSpecification\",\"valueRequired\":true,\"valueName\":\"search_term_string\"}}],\"inLanguage\":\"fr-FR\"},{\"@type\":\"Organization\",\"@id\":\"https:\/\/kapitalis.com\/tunisie\/#organization\",\"name\":\"Kapitalis\",\"url\":\"https:\/\/kapitalis.com\/tunisie\/\",\"logo\":{\"@type\":\"ImageObject\",\"inLanguage\":\"fr-FR\",\"@id\":\"https:\/\/kapitalis.com\/tunisie\/#\/schema\/logo\/image\/\",\"url\":\"https:\/\/kapitalis.com\/tunisie\/wp-content\/uploads\/2022\/05\/Kapitalis-big-size.png\",\"contentUrl\":\"https:\/\/kapitalis.com\/tunisie\/wp-content\/uploads\/2022\/05\/Kapitalis-big-size.png\",\"width\":5000,\"height\":1500,\"caption\":\"Kapitalis\"},\"image\":{\"@id\":\"https:\/\/kapitalis.com\/tunisie\/#\/schema\/logo\/image\/\"},\"sameAs\":[\"https:\/\/www.facebook.com\/KapitalisInfo\/\",\"https:\/\/x.com\/KapitalisInfo\",\"https:\/\/www.youtube.com\/channel\/UC-yDYrHyfFBWWZaOw3FPg9Q\"]},{\"@type\":\"Person\",\"@id\":\"https:\/\/kapitalis.com\/tunisie\/#\/schema\/person\/b35b8d631961131107263178aeb8019e\",\"name\":\"Cherif Benyounes\",\"url\":\"https:\/\/kapitalis.com\/tunisie\/author\/cherif\/\"}]}<\/script>\n<!-- \/ Yoast SEO plugin. -->","yoast_head_json":{"title":"Tunisie : Transfert du mat\u00e9riel \u00e9lectoral vers les entrep\u00f4ts de l'Isie - Kapitalis","robots":{"index":"index","follow":"follow","max-snippet":"max-snippet:-1","max-image-preview":"max-image-preview:large","max-video-preview":"max-video-preview:-1"},"canonical":"https:\/\/kapitalis.com\/tunisie\/2022\/07\/18\/tunisie-transfert-du-materiel-electoral-vers-les-entrepots-de-lisie\/","og_locale":"fr_FR","og_type":"article","og_title":"Tunisie : Transfert du mat\u00e9riel \u00e9lectoral vers les entrep\u00f4ts de l'Isie - Kapitalis","og_description":"Le minist\u00e8re de l\u2019Int\u00e9rieur tunisien a indiqu\u00e9, ce lundi 18 juillet 2022, que le mat\u00e9riel \u00e9lectoral a \u00e9t\u00e9 transf\u00e9r\u00e9 vers les sous-entrep\u00f4ts des instances r\u00e9gionales de l&rsquo;Isie dans les diff\u00e9rentes r\u00e9gions du pays en vue du r\u00e9f\u00e9rendum du 25 juillet, qui portera, pour rappel, le projet de constitution propos\u00e9 par le pr\u00e9sident de la r\u00e9publique...","og_url":"https:\/\/kapitalis.com\/tunisie\/2022\/07\/18\/tunisie-transfert-du-materiel-electoral-vers-les-entrepots-de-lisie\/","og_site_name":"Kapitalis","article_publisher":"https:\/\/www.facebook.com\/KapitalisInfo\/","article_published_time":"2022-07-18T13:37:42+00:00","article_modified_time":"2022-07-18T13:37:44+00:00","og_image":[{"width":1200,"height":630,"url":"https:\/\/kapitalis.com\/tunisie\/wp-content\/uploads\/2022\/06\/Ministere-de-lInterieur.jpg","type":"image\/jpeg"}],"author":"Cherif Benyounes","twitter_card":"summary_large_image","twitter_creator":"@KapitalisInfo","twitter_site":"@KapitalisInfo","twitter_misc":{"\u00c9crit par":"Cherif Benyounes","Dur\u00e9e de lecture estim\u00e9e":"1 minute"},"schema":{"@context":"https:\/\/schema.org","@graph":[{"@type":"Article","@id":"https:\/\/kapitalis.com\/tunisie\/2022\/07\/18\/tunisie-transfert-du-materiel-electoral-vers-les-entrepots-de-lisie\/#article","isPartOf":{"@id":"https:\/\/kapitalis.com\/tunisie\/2022\/07\/18\/tunisie-transfert-du-materiel-electoral-vers-les-entrepots-de-lisie\/"},"author":{"name":"Cherif Benyounes","@id":"https:\/\/kapitalis.com\/tunisie\/#\/schema\/person\/b35b8d631961131107263178aeb8019e"},"headline":"Tunisie : Transfert du mat\u00e9riel \u00e9lectoral vers les entrep\u00f4ts de l&rsquo;Isie","datePublished":"2022-07-18T13:37:42+00:00","dateModified":"2022-07-18T13:37:44+00:00","mainEntityOfPage":{"@id":"https:\/\/kapitalis.com\/tunisie\/2022\/07\/18\/tunisie-transfert-du-materiel-electoral-vers-les-entrepots-de-lisie\/"},"wordCount":137,"commentCount":0,"publisher":{"@id":"https:\/\/kapitalis.com\/tunisie\/#organization"},"image":{"@id":"https:\/\/kapitalis.com\/tunisie\/2022\/07\/18\/tunisie-transfert-du-materiel-electoral-vers-les-entrepots-de-lisie\/#primaryimage"},"thumbnailUrl":"https:\/\/kapitalis.com\/tunisie\/wp-content\/uploads\/2022\/06\/Ministere-de-lInterieur.jpg","keywords":["25 juillet","Isie","Ka\u00efs Sa\u00efed","minist\u00e8re de l\u2019Int\u00e9rieur","r\u00e9f\u00e9rendum","Tunisie"],"articleSection":["POLITIQUE","Tunisie"],"inLanguage":"fr-FR","potentialAction":[{"@type":"CommentAction","name":"Comment","target":["https:\/\/kapitalis.com\/tunisie\/2022\/07\/18\/tunisie-transfert-du-materiel-electoral-vers-les-entrepots-de-lisie\/#respond"]}]},{"@type":"WebPage","@id":"https:\/\/kapitalis.com\/tunisie\/2022\/07\/18\/tunisie-transfert-du-materiel-electoral-vers-les-entrepots-de-lisie\/","url":"https:\/\/kapitalis.com\/tunisie\/2022\/07\/18\/tunisie-transfert-du-materiel-electoral-vers-les-entrepots-de-lisie\/","name":"Tunisie : Transfert du mat\u00e9riel \u00e9lectoral vers les entrep\u00f4ts de l'Isie - Kapitalis","isPartOf":{"@id":"https:\/\/kapitalis.com\/tunisie\/#website"},"primaryImageOfPage":{"@id":"https:\/\/kapitalis.com\/tunisie\/2022\/07\/18\/tunisie-transfert-du-materiel-electoral-vers-les-entrepots-de-lisie\/#primaryimage"},"image":{"@id":"https:\/\/kapitalis.com\/tunisie\/2022\/07\/18\/tunisie-transfert-du-materiel-electoral-vers-les-entrepots-de-lisie\/#primaryimage"},"thumbnailUrl":"https:\/\/kapitalis.com\/tunisie\/wp-content\/uploads\/2022\/06\/Ministere-de-lInterieur.jpg","datePublished":"2022-07-18T13:37:42+00:00","dateModified":"2022-07-18T13:37:44+00:00","breadcrumb":{"@id":"https:\/\/kapitalis.com\/tunisie\/2022\/07\/18\/tunisie-transfert-du-materiel-electoral-vers-les-entrepots-de-lisie\/#breadcrumb"},"inLanguage":"fr-FR","potentialAction":[{"@type":"ReadAction","target":["https:\/\/kapitalis.com\/tunisie\/2022\/07\/18\/tunisie-transfert-du-materiel-electoral-vers-les-entrepots-de-lisie\/"]}]},{"@type":"ImageObject","inLanguage":"fr-FR","@id":"https:\/\/kapitalis.com\/tunisie\/2022\/07\/18\/tunisie-transfert-du-materiel-electoral-vers-les-entrepots-de-lisie\/#primaryimage","url":"https:\/\/kapitalis.com\/tunisie\/wp-content\/uploads\/2022\/06\/Ministere-de-lInterieur.jpg","contentUrl":"https:\/\/kapitalis.com\/tunisie\/wp-content\/uploads\/2022\/06\/Ministere-de-lInterieur.jpg","width":1200,"height":630},{"@type":"BreadcrumbList","@id":"https:\/\/kapitalis.com\/tunisie\/2022\/07\/18\/tunisie-transfert-du-materiel-electoral-vers-les-entrepots-de-lisie\/#breadcrumb","itemListElement":[{"@type":"ListItem","position":1,"name":"Accueil","item":"https:\/\/kapitalis.com\/tunisie\/"},{"@type":"ListItem","position":2,"name":"Tunisie : Transfert du mat\u00e9riel \u00e9lectoral vers les entrep\u00f4ts de l&rsquo;Isie"}]},{"@type":"WebSite","@id":"https:\/\/kapitalis.com\/tunisie\/#website","url":"https:\/\/kapitalis.com\/tunisie\/","name":"Kapitalis","description":"L&#039;actualit\u00e9 en Tunisie et dans le monde","publisher":{"@id":"https:\/\/kapitalis.com\/tunisie\/#organization"},"potentialAction":[{"@type":"SearchAction","target":{"@type":"EntryPoint","urlTemplate":"https:\/\/kapitalis.com\/tunisie\/?s={search_term_string}"},"query-input":{"@type":"PropertyValueSpecification","valueRequired":true,"valueName":"search_term_string"}}],"inLanguage":"fr-FR"},{"@type":"Organization","@id":"https:\/\/kapitalis.com\/tunisie\/#organization","name":"Kapitalis","url":"https:\/\/kapitalis.com\/tunisie\/","logo":{"@type":"ImageObject","inLanguage":"fr-FR","@id":"https:\/\/kapitalis.com\/tunisie\/#\/schema\/logo\/image\/","url":"https:\/\/kapitalis.com\/tunisie\/wp-content\/uploads\/2022\/05\/Kapitalis-big-size.png","contentUrl":"https:\/\/kapitalis.com\/tunisie\/wp-content\/uploads\/2022\/05\/Kapitalis-big-size.png","width":5000,"height":1500,"caption":"Kapitalis"},"image":{"@id":"https:\/\/kapitalis.com\/tunisie\/#\/schema\/logo\/image\/"},"sameAs":["https:\/\/www.facebook.com\/KapitalisInfo\/","https:\/\/x.com\/KapitalisInfo","https:\/\/www.youtube.com\/channel\/UC-yDYrHyfFBWWZaOw3FPg9Q"]},{"@type":"Person","@id":"https:\/\/kapitalis.com\/tunisie\/#\/schema\/person\/b35b8d631961131107263178aeb8019e","name":"Cherif Benyounes","url":"https:\/\/kapitalis.com\/tunisie\/author\/cherif\/"}]}},"_links":{"self":[{"href":"https:\/\/kapitalis.com\/tunisie\/wp-json\/wp\/v2\/posts\/2351362","targetHints":{"allow":["GET"]}}],"collection":[{"href":"https:\/\/kapitalis.com\/tunisie\/wp-json\/wp\/v2\/posts"}],"about":[{"href":"https:\/\/kapitalis.com\/tunisie\/wp-json\/wp\/v2\/types\/post"}],"author":[{"embeddable":true,"href":"https:\/\/kapitalis.com\/tunisie\/wp-json\/wp\/v2\/users\/24"}],"replies":[{"embeddable":true,"href":"https:\/\/kapitalis.com\/tunisie\/wp-json\/wp\/v2\/comments?post=2351362"}],"version-history":[{"count":0,"href":"https:\/\/kapitalis.com\/tunisie\/wp-json\/wp\/v2\/posts\/2351362\/revisions"}],"wp:featuredmedia":[{"embeddable":true,"href":"https:\/\/kapitalis.com\/tunisie\/wp-json\/wp\/v2\/media\/1754463"}],"wp:attachment":[{"href":"https:\/\/kapitalis.com\/tunisie\/wp-json\/wp\/v2\/media?parent=2351362"}],"wp:term":[{"taxonomy":"category","embeddable":true,"href":"https:\/\/kapitalis.com\/tunisie\/wp-json\/wp\/v2\/categories?post=2351362"},{"taxonomy":"post_tag","embeddable":true,"href":"https:\/\/kapitalis.com\/tunisie\/wp-json\/wp\/v2\/tags?post=2351362"}],"curies":[{"name":"wp","href":"https:\/\/api.w.org\/{rel}","templated":true}]}}