{"id":235273,"date":"2019-08-26T17:51:58","date_gmt":"2019-08-26T16:51:58","guid":{"rendered":"http:\/\/kapitalis.com\/tunisie\/?p=235273"},"modified":"2019-08-26T17:52:02","modified_gmt":"2019-08-26T16:52:02","slug":"le-tunisiens-nejib-belhedi-sera-couronne-du-titre-mondial-du-marathon-de-nage-en-eau-libre-en-octobre-2019-a-los-angeles","status":"publish","type":"post","link":"https:\/\/kapitalis.com\/tunisie\/2019\/08\/26\/le-tunisiens-nejib-belhedi-sera-couronne-du-titre-mondial-du-marathon-de-nage-en-eau-libre-en-octobre-2019-a-los-angeles\/","title":{"rendered":"Le Tunisiens N\u00e9jib Belh\u00e9di sera couronn\u00e9 du titre mondial du marathon de nage en eau libre, en octobre 2019 \u00e0 Los Angeles"},"content":{"rendered":"\n<figure class=\"wp-block-image\"><img decoding=\"async\" src=\"http:\/\/kapitalis.com\/tunisie\/wp-content\/uploads\/2019\/08\/N\u00e9jib-Belh\u00e9di-1....jpg\" alt=\"\" class=\"wp-image-235285\"\/><\/figure>\n\n\n\n<p><strong><em>Le Tunisien N\u00e9jib Belh\u00e9di sera couronn\u00e9 du titre mondial du marathon de nage le plus durable en solo, non stop et non assist\u00e9, en eau de mer, et ce au Sommet de l\u2019Eau Libre 2019 \u00e0 Los Angeles (4-6 octobre 2019).<\/em><\/strong><\/p>\n\n\n\n<!--more-->\n\n\n\n<p>N\u00e9jib Belh\u00e9di a r\u00e9alis\u00e9 un record mondial en parcourant au moins 120 km \u00e0 la nage de Sfax \u00e0 Djerba en 76h30, entre les 15 et 18 septembre 2018.  <\/p>\n\n\n\n<p>Le nageur marathonien n\u00e9 en 1952 est lieutenant-colonel retrait\u00e9 de l&rsquo;arm\u00e9e de l&rsquo;air tunisienne. Il r\u00e9alise son 1er exploit en Tunisie par sa travers\u00e9e \u00e0 la nage Kerkennah-Sfax, le 25 Juin 1991, et au niveau mondial, le 16 septembre 1993, avec la travers\u00e9e de la Manche en un temps record de 16h35, dans un courant de marnage de plus de 7 m\u00e8tres d&rsquo;amplitude, et \u00e0 une temp\u00e9rature de 14\u00b0C. <\/p>\n\n\n\n<h4 class=\"wp-block-heading\" style=\"text-align:left\"> \u00abBelh\u00e9di Trophy\u00bb <\/h4>\n\n\n\n<p>Depuis son record, le \u00ab<em>Belh\u00e9di Trophy<\/em>\u00bb est d\u00e9cern\u00e9 chaque ann\u00e9e au nageur vainqueur de la travers\u00e9e de la Manche dans le plus haut courant marin.<\/p>\n\n\n\n<div class=\"wp-block-image\"><figure class=\"aligncenter is-resized\"><img loading=\"lazy\" decoding=\"async\" src=\"http:\/\/kapitalis.com\/tunisie\/wp-content\/uploads\/2019\/08\/N\u00e9jib-Belh\u00e9di-2....jpg\" alt=\"\" class=\"wp-image-235286\" width=\"500\" height=\"304\"\/><\/figure><\/div>\n\n\n\n<p>N\u00e9jib est en train de travailler pas \u00e0 pas dans les diff\u00e9rentes r\u00e9gions pour lutter contre \u00ab<em>l\u2019analphab\u00e9tisme de nager<\/em>\u00bb, comme il dit, au profit des enfants qui n\u2019ont pas les moyens d\u2019aller \u00e0 la piscine, ou sans piscine dans leur r\u00e9gion. Ils constituent 99% de la population des enfants tunisiens.  <\/p>\n\n\n\n<h4 class=\"wp-block-heading\" style=\"text-align:left\">\u00abOuma\u00bb (\u0639\u0648\u0645\u0629)<\/h4>\n\n\n\n<p>Son projet s&rsquo;appelle \u00abOuma\u00bb (\u0639\u0648\u0645\u0629). Il porte en lui une invitation amicale \u00e0 nager ensemble ainsi qu\u2019un v\u0153u (\u00ab\u00a0<em>Inchallah mawma\u00a0\u00bb<\/em> ) qu\u2019on adresse \u00e0 \u00a0autrui pour lui souhaiter la chance, et l&rsquo;a inscrit \u00e0 l\u2019Encyclop\u00e9die de l\u2019Eau Libre (Openwaterpedia) de la WOWSA (Association mondiale de natation en eau libre).<\/p>\n\n\n\n<p>Son objectif est d&rsquo;atteindre 10.000 enfants dans 30 sites c\u00f4tiers, aux lacs des barrages et aux divers \u00ab\u00a0birkas\u00a0\u00bb (lagons) au sud Tunisien pour apprendre \u00e0 nager, ou am\u00e9liorer leur talent avec un programme d\u2019accompagnement au sec durant l\u2019hiver.<\/p>\n\n\n<p style=\"text-align: right;\"><strong>A. M.<\/strong><em> (d&rsquo;apr\u00e8s \u00ab\u00a0<span style=\"color: #0000ff;\"><a style=\"color: #0000ff;\" href=\"https:\/\/lepetitjournal.com\/vivre-a-tunis\/sport-interview-nejib-belhedi-nageur-marathonien-263483\" target=\"_blank\" rel=\"noopener noreferrer\">Le Petit Journal\u00a0\u00bb<\/a>).<\/span><\/em><\/p>\n\n\n<figure class=\"wp-block-embed is-type-rich is-provider-kapitalis\"><div class=\"wp-block-embed__wrapper\">\n<blockquote class=\"wp-embedded-content\" data-secret=\"arzpKkVPML\"><a href=\"https:\/\/kapitalis.com\/tunisie\/2017\/10\/05\/belhedi-homme-mondial-de-lannee-pour-la-nage-en-eau-libre\/\">Belhedi : \u00abHomme mondial de l\u2019ann\u00e9e\u00bb pour la nage en eau libre<\/a><\/blockquote><iframe loading=\"lazy\" class=\"wp-embedded-content\" sandbox=\"allow-scripts\" security=\"restricted\" style=\"position: absolute; clip: rect(1px, 1px, 1px, 1px);\" title=\"\u00ab\u00a0Belhedi : \u00abHomme mondial de l\u2019ann\u00e9e\u00bb pour la nage en eau libre\u00a0\u00bb &#8212; Kapitalis\" src=\"https:\/\/kapitalis.com\/tunisie\/2017\/10\/05\/belhedi-homme-mondial-de-lannee-pour-la-nage-en-eau-libre\/embed\/#?secret=xpg0sAnnzH#?secret=arzpKkVPML\" data-secret=\"arzpKkVPML\" width=\"600\" height=\"338\" frameborder=\"0\" marginwidth=\"0\" marginheight=\"0\" scrolling=\"no\"><\/iframe>\n<\/div><\/figure>\n","protected":false},"excerpt":{"rendered":"<p>Le Tunisien N\u00e9jib Belh\u00e9di sera couronn\u00e9 du titre mondial du marathon de nage le plus durable en solo, non stop et non assist\u00e9, en eau de mer, et ce au Sommet de l\u2019Eau Libre 2019 \u00e0 Los Angeles (4-6 octobre 2019).<\/p>\n","protected":false},"author":22,"featured_media":235285,"comment_status":"open","ping_status":"open","sticky":false,"template":"","format":"standard","meta":{"footnotes":""},"categories":[999,2433],"tags":[],"class_list":["post-235273","post","type-post","status-publish","format-standard","has-post-thumbnail","hentry","category-sport","category-tunisie"],"yoast_head":"<!-- This site is optimized with the Yoast SEO plugin v26.6 - https:\/\/yoast.com\/wordpress\/plugins\/seo\/ -->\n<title>Le Tunisiens N\u00e9jib Belh\u00e9di sera couronn\u00e9 du titre mondial du marathon de nage en eau libre, en octobre 2019 \u00e0 Los Angeles - Kapitalis<\/title>\n<meta name=\"robots\" content=\"index, follow, max-snippet:-1, max-image-preview:large, max-video-preview:-1\" \/>\n<link rel=\"canonical\" href=\"https:\/\/kapitalis.com\/tunisie\/2019\/08\/26\/le-tunisiens-nejib-belhedi-sera-couronne-du-titre-mondial-du-marathon-de-nage-en-eau-libre-en-octobre-2019-a-los-angeles\/\" \/>\n<meta property=\"og:locale\" content=\"fr_FR\" \/>\n<meta property=\"og:type\" content=\"article\" \/>\n<meta property=\"og:title\" content=\"Le Tunisiens N\u00e9jib Belh\u00e9di sera couronn\u00e9 du titre mondial du marathon de nage en eau libre, en octobre 2019 \u00e0 Los Angeles - Kapitalis\" \/>\n<meta property=\"og:description\" content=\"Le Tunisien N\u00e9jib Belh\u00e9di sera couronn\u00e9 du titre mondial du marathon de nage le plus durable en solo, non stop et non assist\u00e9, en eau de mer, et ce au Sommet de l\u2019Eau Libre 2019 \u00e0 Los Angeles (4-6 octobre 2019).\" \/>\n<meta property=\"og:url\" content=\"https:\/\/kapitalis.com\/tunisie\/2019\/08\/26\/le-tunisiens-nejib-belhedi-sera-couronne-du-titre-mondial-du-marathon-de-nage-en-eau-libre-en-octobre-2019-a-los-angeles\/\" \/>\n<meta property=\"og:site_name\" content=\"Kapitalis\" \/>\n<meta property=\"article:publisher\" content=\"https:\/\/www.facebook.com\/KapitalisInfo\/\" \/>\n<meta property=\"article:published_time\" content=\"2019-08-26T16:51:58+00:00\" \/>\n<meta property=\"article:modified_time\" content=\"2019-08-26T16:52:02+00:00\" \/>\n<meta property=\"og:image\" content=\"https:\/\/kapitalis.com\/tunisie\/wp-content\/uploads\/2022\/05\/kapitalis-logo-fb.png\" \/>\n\t<meta property=\"og:image:width\" content=\"1200\" \/>\n\t<meta property=\"og:image:height\" content=\"630\" \/>\n\t<meta property=\"og:image:type\" content=\"image\/png\" \/>\n<meta name=\"author\" content=\"Amina Mkada\" \/>\n<meta name=\"twitter:card\" content=\"summary_large_image\" \/>\n<meta name=\"twitter:creator\" content=\"@KapitalisInfo\" \/>\n<meta name=\"twitter:site\" content=\"@KapitalisInfo\" \/>\n<meta name=\"twitter:label1\" content=\"\u00c9crit par\" \/>\n\t<meta name=\"twitter:data1\" content=\"Amina Mkada\" \/>\n\t<meta name=\"twitter:label2\" content=\"Dur\u00e9e de lecture estim\u00e9e\" \/>\n\t<meta name=\"twitter:data2\" content=\"2 minutes\" \/>\n<script type=\"application\/ld+json\" class=\"yoast-schema-graph\">{\"@context\":\"https:\/\/schema.org\",\"@graph\":[{\"@type\":\"Article\",\"@id\":\"https:\/\/kapitalis.com\/tunisie\/2019\/08\/26\/le-tunisiens-nejib-belhedi-sera-couronne-du-titre-mondial-du-marathon-de-nage-en-eau-libre-en-octobre-2019-a-los-angeles\/#article\",\"isPartOf\":{\"@id\":\"https:\/\/kapitalis.com\/tunisie\/2019\/08\/26\/le-tunisiens-nejib-belhedi-sera-couronne-du-titre-mondial-du-marathon-de-nage-en-eau-libre-en-octobre-2019-a-los-angeles\/\"},\"author\":{\"name\":\"Amina Mkada\",\"@id\":\"https:\/\/kapitalis.com\/tunisie\/#\/schema\/person\/093913313d3017554cb3ad077fff3fbd\"},\"headline\":\"Le Tunisiens N\u00e9jib Belh\u00e9di sera couronn\u00e9 du titre mondial du marathon de nage en eau libre, en octobre 2019 \u00e0 Los Angeles\",\"datePublished\":\"2019-08-26T16:51:58+00:00\",\"dateModified\":\"2019-08-26T16:52:02+00:00\",\"mainEntityOfPage\":{\"@id\":\"https:\/\/kapitalis.com\/tunisie\/2019\/08\/26\/le-tunisiens-nejib-belhedi-sera-couronne-du-titre-mondial-du-marathon-de-nage-en-eau-libre-en-octobre-2019-a-los-angeles\/\"},\"wordCount\":345,\"commentCount\":0,\"publisher\":{\"@id\":\"https:\/\/kapitalis.com\/tunisie\/#organization\"},\"image\":{\"@id\":\"https:\/\/kapitalis.com\/tunisie\/2019\/08\/26\/le-tunisiens-nejib-belhedi-sera-couronne-du-titre-mondial-du-marathon-de-nage-en-eau-libre-en-octobre-2019-a-los-angeles\/#primaryimage\"},\"thumbnailUrl\":\"\",\"articleSection\":[\"SPORT\",\"Tunisie\"],\"inLanguage\":\"fr-FR\",\"potentialAction\":[{\"@type\":\"CommentAction\",\"name\":\"Comment\",\"target\":[\"https:\/\/kapitalis.com\/tunisie\/2019\/08\/26\/le-tunisiens-nejib-belhedi-sera-couronne-du-titre-mondial-du-marathon-de-nage-en-eau-libre-en-octobre-2019-a-los-angeles\/#respond\"]}]},{\"@type\":\"WebPage\",\"@id\":\"https:\/\/kapitalis.com\/tunisie\/2019\/08\/26\/le-tunisiens-nejib-belhedi-sera-couronne-du-titre-mondial-du-marathon-de-nage-en-eau-libre-en-octobre-2019-a-los-angeles\/\",\"url\":\"https:\/\/kapitalis.com\/tunisie\/2019\/08\/26\/le-tunisiens-nejib-belhedi-sera-couronne-du-titre-mondial-du-marathon-de-nage-en-eau-libre-en-octobre-2019-a-los-angeles\/\",\"name\":\"Le Tunisiens N\u00e9jib Belh\u00e9di sera couronn\u00e9 du titre mondial du marathon de nage en eau libre, en octobre 2019 \u00e0 Los Angeles - Kapitalis\",\"isPartOf\":{\"@id\":\"https:\/\/kapitalis.com\/tunisie\/#website\"},\"primaryImageOfPage\":{\"@id\":\"https:\/\/kapitalis.com\/tunisie\/2019\/08\/26\/le-tunisiens-nejib-belhedi-sera-couronne-du-titre-mondial-du-marathon-de-nage-en-eau-libre-en-octobre-2019-a-los-angeles\/#primaryimage\"},\"image\":{\"@id\":\"https:\/\/kapitalis.com\/tunisie\/2019\/08\/26\/le-tunisiens-nejib-belhedi-sera-couronne-du-titre-mondial-du-marathon-de-nage-en-eau-libre-en-octobre-2019-a-los-angeles\/#primaryimage\"},\"thumbnailUrl\":\"\",\"datePublished\":\"2019-08-26T16:51:58+00:00\",\"dateModified\":\"2019-08-26T16:52:02+00:00\",\"breadcrumb\":{\"@id\":\"https:\/\/kapitalis.com\/tunisie\/2019\/08\/26\/le-tunisiens-nejib-belhedi-sera-couronne-du-titre-mondial-du-marathon-de-nage-en-eau-libre-en-octobre-2019-a-los-angeles\/#breadcrumb\"},\"inLanguage\":\"fr-FR\",\"potentialAction\":[{\"@type\":\"ReadAction\",\"target\":[\"https:\/\/kapitalis.com\/tunisie\/2019\/08\/26\/le-tunisiens-nejib-belhedi-sera-couronne-du-titre-mondial-du-marathon-de-nage-en-eau-libre-en-octobre-2019-a-los-angeles\/\"]}]},{\"@type\":\"ImageObject\",\"inLanguage\":\"fr-FR\",\"@id\":\"https:\/\/kapitalis.com\/tunisie\/2019\/08\/26\/le-tunisiens-nejib-belhedi-sera-couronne-du-titre-mondial-du-marathon-de-nage-en-eau-libre-en-octobre-2019-a-los-angeles\/#primaryimage\",\"url\":\"\",\"contentUrl\":\"\"},{\"@type\":\"BreadcrumbList\",\"@id\":\"https:\/\/kapitalis.com\/tunisie\/2019\/08\/26\/le-tunisiens-nejib-belhedi-sera-couronne-du-titre-mondial-du-marathon-de-nage-en-eau-libre-en-octobre-2019-a-los-angeles\/#breadcrumb\",\"itemListElement\":[{\"@type\":\"ListItem\",\"position\":1,\"name\":\"Accueil\",\"item\":\"https:\/\/kapitalis.com\/tunisie\/\"},{\"@type\":\"ListItem\",\"position\":2,\"name\":\"Le Tunisiens N\u00e9jib Belh\u00e9di sera couronn\u00e9 du titre mondial du marathon de nage en eau libre, en octobre 2019 \u00e0 Los Angeles\"}]},{\"@type\":\"WebSite\",\"@id\":\"https:\/\/kapitalis.com\/tunisie\/#website\",\"url\":\"https:\/\/kapitalis.com\/tunisie\/\",\"name\":\"Kapitalis\",\"description\":\"L&#039;actualit\u00e9 en Tunisie et dans le monde\",\"publisher\":{\"@id\":\"https:\/\/kapitalis.com\/tunisie\/#organization\"},\"potentialAction\":[{\"@type\":\"SearchAction\",\"target\":{\"@type\":\"EntryPoint\",\"urlTemplate\":\"https:\/\/kapitalis.com\/tunisie\/?s={search_term_string}\"},\"query-input\":{\"@type\":\"PropertyValueSpecification\",\"valueRequired\":true,\"valueName\":\"search_term_string\"}}],\"inLanguage\":\"fr-FR\"},{\"@type\":\"Organization\",\"@id\":\"https:\/\/kapitalis.com\/tunisie\/#organization\",\"name\":\"Kapitalis\",\"url\":\"https:\/\/kapitalis.com\/tunisie\/\",\"logo\":{\"@type\":\"ImageObject\",\"inLanguage\":\"fr-FR\",\"@id\":\"https:\/\/kapitalis.com\/tunisie\/#\/schema\/logo\/image\/\",\"url\":\"https:\/\/kapitalis.com\/tunisie\/wp-content\/uploads\/2022\/05\/Kapitalis-big-size.png\",\"contentUrl\":\"https:\/\/kapitalis.com\/tunisie\/wp-content\/uploads\/2022\/05\/Kapitalis-big-size.png\",\"width\":5000,\"height\":1500,\"caption\":\"Kapitalis\"},\"image\":{\"@id\":\"https:\/\/kapitalis.com\/tunisie\/#\/schema\/logo\/image\/\"},\"sameAs\":[\"https:\/\/www.facebook.com\/KapitalisInfo\/\",\"https:\/\/x.com\/KapitalisInfo\",\"https:\/\/www.youtube.com\/channel\/UC-yDYrHyfFBWWZaOw3FPg9Q\"]},{\"@type\":\"Person\",\"@id\":\"https:\/\/kapitalis.com\/tunisie\/#\/schema\/person\/093913313d3017554cb3ad077fff3fbd\",\"name\":\"Amina Mkada\",\"url\":\"https:\/\/kapitalis.com\/tunisie\/author\/amina\/\"}]}<\/script>\n<!-- \/ Yoast SEO plugin. -->","yoast_head_json":{"title":"Le Tunisiens N\u00e9jib Belh\u00e9di sera couronn\u00e9 du titre mondial du marathon de nage en eau libre, en octobre 2019 \u00e0 Los Angeles - Kapitalis","robots":{"index":"index","follow":"follow","max-snippet":"max-snippet:-1","max-image-preview":"max-image-preview:large","max-video-preview":"max-video-preview:-1"},"canonical":"https:\/\/kapitalis.com\/tunisie\/2019\/08\/26\/le-tunisiens-nejib-belhedi-sera-couronne-du-titre-mondial-du-marathon-de-nage-en-eau-libre-en-octobre-2019-a-los-angeles\/","og_locale":"fr_FR","og_type":"article","og_title":"Le Tunisiens N\u00e9jib Belh\u00e9di sera couronn\u00e9 du titre mondial du marathon de nage en eau libre, en octobre 2019 \u00e0 Los Angeles - Kapitalis","og_description":"Le Tunisien N\u00e9jib Belh\u00e9di sera couronn\u00e9 du titre mondial du marathon de nage le plus durable en solo, non stop et non assist\u00e9, en eau de mer, et ce au Sommet de l\u2019Eau Libre 2019 \u00e0 Los Angeles (4-6 octobre 2019).","og_url":"https:\/\/kapitalis.com\/tunisie\/2019\/08\/26\/le-tunisiens-nejib-belhedi-sera-couronne-du-titre-mondial-du-marathon-de-nage-en-eau-libre-en-octobre-2019-a-los-angeles\/","og_site_name":"Kapitalis","article_publisher":"https:\/\/www.facebook.com\/KapitalisInfo\/","article_published_time":"2019-08-26T16:51:58+00:00","article_modified_time":"2019-08-26T16:52:02+00:00","og_image":[{"width":1200,"height":630,"url":"https:\/\/kapitalis.com\/tunisie\/wp-content\/uploads\/2022\/05\/kapitalis-logo-fb.png","type":"image\/png"}],"author":"Amina Mkada","twitter_card":"summary_large_image","twitter_creator":"@KapitalisInfo","twitter_site":"@KapitalisInfo","twitter_misc":{"\u00c9crit par":"Amina Mkada","Dur\u00e9e de lecture estim\u00e9e":"2 minutes"},"schema":{"@context":"https:\/\/schema.org","@graph":[{"@type":"Article","@id":"https:\/\/kapitalis.com\/tunisie\/2019\/08\/26\/le-tunisiens-nejib-belhedi-sera-couronne-du-titre-mondial-du-marathon-de-nage-en-eau-libre-en-octobre-2019-a-los-angeles\/#article","isPartOf":{"@id":"https:\/\/kapitalis.com\/tunisie\/2019\/08\/26\/le-tunisiens-nejib-belhedi-sera-couronne-du-titre-mondial-du-marathon-de-nage-en-eau-libre-en-octobre-2019-a-los-angeles\/"},"author":{"name":"Amina Mkada","@id":"https:\/\/kapitalis.com\/tunisie\/#\/schema\/person\/093913313d3017554cb3ad077fff3fbd"},"headline":"Le Tunisiens N\u00e9jib Belh\u00e9di sera couronn\u00e9 du titre mondial du marathon de nage en eau libre, en octobre 2019 \u00e0 Los Angeles","datePublished":"2019-08-26T16:51:58+00:00","dateModified":"2019-08-26T16:52:02+00:00","mainEntityOfPage":{"@id":"https:\/\/kapitalis.com\/tunisie\/2019\/08\/26\/le-tunisiens-nejib-belhedi-sera-couronne-du-titre-mondial-du-marathon-de-nage-en-eau-libre-en-octobre-2019-a-los-angeles\/"},"wordCount":345,"commentCount":0,"publisher":{"@id":"https:\/\/kapitalis.com\/tunisie\/#organization"},"image":{"@id":"https:\/\/kapitalis.com\/tunisie\/2019\/08\/26\/le-tunisiens-nejib-belhedi-sera-couronne-du-titre-mondial-du-marathon-de-nage-en-eau-libre-en-octobre-2019-a-los-angeles\/#primaryimage"},"thumbnailUrl":"","articleSection":["SPORT","Tunisie"],"inLanguage":"fr-FR","potentialAction":[{"@type":"CommentAction","name":"Comment","target":["https:\/\/kapitalis.com\/tunisie\/2019\/08\/26\/le-tunisiens-nejib-belhedi-sera-couronne-du-titre-mondial-du-marathon-de-nage-en-eau-libre-en-octobre-2019-a-los-angeles\/#respond"]}]},{"@type":"WebPage","@id":"https:\/\/kapitalis.com\/tunisie\/2019\/08\/26\/le-tunisiens-nejib-belhedi-sera-couronne-du-titre-mondial-du-marathon-de-nage-en-eau-libre-en-octobre-2019-a-los-angeles\/","url":"https:\/\/kapitalis.com\/tunisie\/2019\/08\/26\/le-tunisiens-nejib-belhedi-sera-couronne-du-titre-mondial-du-marathon-de-nage-en-eau-libre-en-octobre-2019-a-los-angeles\/","name":"Le Tunisiens N\u00e9jib Belh\u00e9di sera couronn\u00e9 du titre mondial du marathon de nage en eau libre, en octobre 2019 \u00e0 Los Angeles - Kapitalis","isPartOf":{"@id":"https:\/\/kapitalis.com\/tunisie\/#website"},"primaryImageOfPage":{"@id":"https:\/\/kapitalis.com\/tunisie\/2019\/08\/26\/le-tunisiens-nejib-belhedi-sera-couronne-du-titre-mondial-du-marathon-de-nage-en-eau-libre-en-octobre-2019-a-los-angeles\/#primaryimage"},"image":{"@id":"https:\/\/kapitalis.com\/tunisie\/2019\/08\/26\/le-tunisiens-nejib-belhedi-sera-couronne-du-titre-mondial-du-marathon-de-nage-en-eau-libre-en-octobre-2019-a-los-angeles\/#primaryimage"},"thumbnailUrl":"","datePublished":"2019-08-26T16:51:58+00:00","dateModified":"2019-08-26T16:52:02+00:00","breadcrumb":{"@id":"https:\/\/kapitalis.com\/tunisie\/2019\/08\/26\/le-tunisiens-nejib-belhedi-sera-couronne-du-titre-mondial-du-marathon-de-nage-en-eau-libre-en-octobre-2019-a-los-angeles\/#breadcrumb"},"inLanguage":"fr-FR","potentialAction":[{"@type":"ReadAction","target":["https:\/\/kapitalis.com\/tunisie\/2019\/08\/26\/le-tunisiens-nejib-belhedi-sera-couronne-du-titre-mondial-du-marathon-de-nage-en-eau-libre-en-octobre-2019-a-los-angeles\/"]}]},{"@type":"ImageObject","inLanguage":"fr-FR","@id":"https:\/\/kapitalis.com\/tunisie\/2019\/08\/26\/le-tunisiens-nejib-belhedi-sera-couronne-du-titre-mondial-du-marathon-de-nage-en-eau-libre-en-octobre-2019-a-los-angeles\/#primaryimage","url":"","contentUrl":""},{"@type":"BreadcrumbList","@id":"https:\/\/kapitalis.com\/tunisie\/2019\/08\/26\/le-tunisiens-nejib-belhedi-sera-couronne-du-titre-mondial-du-marathon-de-nage-en-eau-libre-en-octobre-2019-a-los-angeles\/#breadcrumb","itemListElement":[{"@type":"ListItem","position":1,"name":"Accueil","item":"https:\/\/kapitalis.com\/tunisie\/"},{"@type":"ListItem","position":2,"name":"Le Tunisiens N\u00e9jib Belh\u00e9di sera couronn\u00e9 du titre mondial du marathon de nage en eau libre, en octobre 2019 \u00e0 Los Angeles"}]},{"@type":"WebSite","@id":"https:\/\/kapitalis.com\/tunisie\/#website","url":"https:\/\/kapitalis.com\/tunisie\/","name":"Kapitalis","description":"L&#039;actualit\u00e9 en Tunisie et dans le monde","publisher":{"@id":"https:\/\/kapitalis.com\/tunisie\/#organization"},"potentialAction":[{"@type":"SearchAction","target":{"@type":"EntryPoint","urlTemplate":"https:\/\/kapitalis.com\/tunisie\/?s={search_term_string}"},"query-input":{"@type":"PropertyValueSpecification","valueRequired":true,"valueName":"search_term_string"}}],"inLanguage":"fr-FR"},{"@type":"Organization","@id":"https:\/\/kapitalis.com\/tunisie\/#organization","name":"Kapitalis","url":"https:\/\/kapitalis.com\/tunisie\/","logo":{"@type":"ImageObject","inLanguage":"fr-FR","@id":"https:\/\/kapitalis.com\/tunisie\/#\/schema\/logo\/image\/","url":"https:\/\/kapitalis.com\/tunisie\/wp-content\/uploads\/2022\/05\/Kapitalis-big-size.png","contentUrl":"https:\/\/kapitalis.com\/tunisie\/wp-content\/uploads\/2022\/05\/Kapitalis-big-size.png","width":5000,"height":1500,"caption":"Kapitalis"},"image":{"@id":"https:\/\/kapitalis.com\/tunisie\/#\/schema\/logo\/image\/"},"sameAs":["https:\/\/www.facebook.com\/KapitalisInfo\/","https:\/\/x.com\/KapitalisInfo","https:\/\/www.youtube.com\/channel\/UC-yDYrHyfFBWWZaOw3FPg9Q"]},{"@type":"Person","@id":"https:\/\/kapitalis.com\/tunisie\/#\/schema\/person\/093913313d3017554cb3ad077fff3fbd","name":"Amina Mkada","url":"https:\/\/kapitalis.com\/tunisie\/author\/amina\/"}]}},"_links":{"self":[{"href":"https:\/\/kapitalis.com\/tunisie\/wp-json\/wp\/v2\/posts\/235273","targetHints":{"allow":["GET"]}}],"collection":[{"href":"https:\/\/kapitalis.com\/tunisie\/wp-json\/wp\/v2\/posts"}],"about":[{"href":"https:\/\/kapitalis.com\/tunisie\/wp-json\/wp\/v2\/types\/post"}],"author":[{"embeddable":true,"href":"https:\/\/kapitalis.com\/tunisie\/wp-json\/wp\/v2\/users\/22"}],"replies":[{"embeddable":true,"href":"https:\/\/kapitalis.com\/tunisie\/wp-json\/wp\/v2\/comments?post=235273"}],"version-history":[{"count":0,"href":"https:\/\/kapitalis.com\/tunisie\/wp-json\/wp\/v2\/posts\/235273\/revisions"}],"wp:featuredmedia":[{"embeddable":true,"href":"https:\/\/kapitalis.com\/tunisie\/wp-json\/wp\/v2\/media\/235285"}],"wp:attachment":[{"href":"https:\/\/kapitalis.com\/tunisie\/wp-json\/wp\/v2\/media?parent=235273"}],"wp:term":[{"taxonomy":"category","embeddable":true,"href":"https:\/\/kapitalis.com\/tunisie\/wp-json\/wp\/v2\/categories?post=235273"},{"taxonomy":"post_tag","embeddable":true,"href":"https:\/\/kapitalis.com\/tunisie\/wp-json\/wp\/v2\/tags?post=235273"}],"curies":[{"name":"wp","href":"https:\/\/api.w.org\/{rel}","templated":true}]}}