{"id":2352786,"date":"2022-07-18T15:11:04","date_gmt":"2022-07-18T14:11:04","guid":{"rendered":"https:\/\/kapitalis.com\/tunisie\/?p=2352786"},"modified":"2022-07-18T15:11:05","modified_gmt":"2022-07-18T14:11:05","slug":"tunisie-la-cnss-communique-le-dernier-delai-pour-profiter-de-lamnistie-sociale","status":"publish","type":"post","link":"https:\/\/kapitalis.com\/tunisie\/2022\/07\/18\/tunisie-la-cnss-communique-le-dernier-delai-pour-profiter-de-lamnistie-sociale\/","title":{"rendered":"Tunisie : La CNSS communique le dernier d\u00e9lai pour profiter de l\u2019amnistie sociale"},"content":{"rendered":"\n<p><strong><em>La Caisse nationale de s\u00e9curit\u00e9 sociale (CNSS) a annonc\u00e9, ce lundi 18 juillet 2022, que le dernier d\u00e9lai pour les d\u00e9biteurs au titre des r\u00e9gimes de s\u00e9curit\u00e9 sociale (entreprises et travailleurs ind\u00e9pendants des secteurs agricole et non agricole) de b\u00e9n\u00e9ficier de l\u2019amnistie sociale et des conditions d\u2019applications des p\u00e9nalit\u00e9s de retard exig\u00e9es sera le 27 juillet.<\/em><\/strong><\/p>\n\n\n\n<!--more-->\n\n\n\n<p>Par ailleurs, pour profiter de la remise partielle ou int\u00e9grale des montants des p\u00e9nalit\u00e9s de retard, les personnes int\u00e9ress\u00e9es sont appel\u00e9es \u00e0 contacter les bureaux r\u00e9gionaux de la CNSS pour payer les arri\u00e9r\u00e9s, et ce, soit en une seule tranche ou par tranches mensuelles selon un calendrier bien d\u00e9fini.<\/p>\n\n\n\n<p>la CNSS a, dans le m\u00eame contexte, pr\u00e9cis\u00e9, dans son communiqu\u00e9, que selon le d\u00e9cret-loi n\u00b0 2022-6 du 26 janvier 2022, portant remise des p\u00e9nalit\u00e9s de retard exig\u00e9es au titre des r\u00e9gimes de s\u00e9curit\u00e9 sociale, les d\u00e9biteurs au titre des r\u00e9gimes de s\u00e9curit\u00e9 sociale des salari\u00e9s dans les secteurs agricole et non agricole peuvent b\u00e9n\u00e9ficier de la remise int\u00e9grale et syst\u00e9matique des montants des p\u00e9nalit\u00e9s de retard, \u00e0 condition de s\u2019acquitter du total du principal de la dette et des frais de poursuites conform\u00e9ment \u00e0 un calendrier de paiement sur une p\u00e9riode maximum de 36 mois \u00e0 compter de la date de sa souscription avec la caisse.<\/p>\n\n\n\n<p>Ils peuvent aussi b\u00e9n\u00e9ficier de la remise partielle et syst\u00e9matique \u00e0 concurrence de 50% des montants des p\u00e9nalit\u00e9s de retard, \u00e0 condition de s\u2019acquitter du total du principal de la dette et des frais de poursuites conform\u00e9ment \u00e0 un calendrier de paiement sur une p\u00e9riode maximum de 60 mois \u00e0 compter de la date de sa souscription avec la caisse.<\/p>\n\n\n\n<p>Les d\u00e9biteurs au titre des r\u00e9gimes de s\u00e9curit\u00e9 sociale des non- salari\u00e9s dans les secteurs agricole et non agricole peuvent, de leur c\u00f4t\u00e9, b\u00e9n\u00e9ficier de la remise int\u00e9grale et syst\u00e9matique des montants des p\u00e9nalit\u00e9s de retard, \u00e0 condition de s\u2019acquitter de la totalit\u00e9 du principal de la dette et des frais de poursuites, selon un calendrier de paiement sur une p\u00e9riode ne d\u00e9passant pas les 60 mois, et ce, \u00e0 compter de la date de sa souscription avec la caisse et sans que le montant de la tranche mensuelle du calendrier souscrit ne soit inf\u00e9rieur au montant de la fraction mensuelle des cotisations.<\/p>\n","protected":false},"excerpt":{"rendered":"<p>La Caisse nationale de s\u00e9curit\u00e9 sociale (CNSS) a annonc\u00e9, ce lundi 18 juillet 2022, que le dernier d\u00e9lai pour les d\u00e9biteurs au titre des r\u00e9gimes de s\u00e9curit\u00e9 sociale (entreprises et travailleurs ind\u00e9pendants des secteurs agricole et non agricole) de b\u00e9n\u00e9ficier de l\u2019amnistie sociale et des conditions d\u2019applications des p\u00e9nalit\u00e9s de retard exig\u00e9es sera le 27&#8230;<\/p>\n","protected":false},"author":24,"featured_media":1657887,"comment_status":"open","ping_status":"open","sticky":false,"template":"","format":"standard","meta":{"footnotes":""},"categories":[998,2433],"tags":[93258,212,62643],"class_list":["post-2352786","post","type-post","status-publish","format-standard","has-post-thumbnail","hentry","category-societe","category-tunisie","tag-amnistie-sociale","tag-cnss","tag-tunisie"],"yoast_head":"<!-- This site is optimized with the Yoast SEO plugin v26.6 - https:\/\/yoast.com\/wordpress\/plugins\/seo\/ -->\n<title>Tunisie : La CNSS communique le dernier d\u00e9lai pour profiter de l\u2019amnistie sociale - Kapitalis<\/title>\n<meta name=\"robots\" content=\"index, follow, max-snippet:-1, max-image-preview:large, max-video-preview:-1\" \/>\n<link rel=\"canonical\" href=\"https:\/\/kapitalis.com\/tunisie\/2022\/07\/18\/tunisie-la-cnss-communique-le-dernier-delai-pour-profiter-de-lamnistie-sociale\/\" \/>\n<meta property=\"og:locale\" content=\"fr_FR\" \/>\n<meta property=\"og:type\" content=\"article\" \/>\n<meta property=\"og:title\" content=\"Tunisie : La CNSS communique le dernier d\u00e9lai pour profiter de l\u2019amnistie sociale - Kapitalis\" \/>\n<meta property=\"og:description\" content=\"La Caisse nationale de s\u00e9curit\u00e9 sociale (CNSS) a annonc\u00e9, ce lundi 18 juillet 2022, que le dernier d\u00e9lai pour les d\u00e9biteurs au titre des r\u00e9gimes de s\u00e9curit\u00e9 sociale (entreprises et travailleurs ind\u00e9pendants des secteurs agricole et non agricole) de b\u00e9n\u00e9ficier de l\u2019amnistie sociale et des conditions d\u2019applications des p\u00e9nalit\u00e9s de retard exig\u00e9es sera le 27...\" \/>\n<meta property=\"og:url\" content=\"https:\/\/kapitalis.com\/tunisie\/2022\/07\/18\/tunisie-la-cnss-communique-le-dernier-delai-pour-profiter-de-lamnistie-sociale\/\" \/>\n<meta property=\"og:site_name\" content=\"Kapitalis\" \/>\n<meta property=\"article:publisher\" content=\"https:\/\/www.facebook.com\/KapitalisInfo\/\" \/>\n<meta property=\"article:published_time\" content=\"2022-07-18T14:11:04+00:00\" \/>\n<meta property=\"article:modified_time\" content=\"2022-07-18T14:11:05+00:00\" \/>\n<meta property=\"og:image\" content=\"https:\/\/kapitalis.com\/tunisie\/wp-content\/uploads\/2022\/06\/cnss.jpg\" \/>\n\t<meta property=\"og:image:width\" content=\"1200\" \/>\n\t<meta property=\"og:image:height\" content=\"630\" \/>\n\t<meta property=\"og:image:type\" content=\"image\/jpeg\" \/>\n<meta name=\"author\" content=\"Cherif Benyounes\" \/>\n<meta name=\"twitter:card\" content=\"summary_large_image\" \/>\n<meta name=\"twitter:creator\" content=\"@KapitalisInfo\" \/>\n<meta name=\"twitter:site\" content=\"@KapitalisInfo\" \/>\n<meta name=\"twitter:label1\" content=\"\u00c9crit par\" \/>\n\t<meta name=\"twitter:data1\" content=\"Cherif Benyounes\" \/>\n\t<meta name=\"twitter:label2\" content=\"Dur\u00e9e de lecture estim\u00e9e\" \/>\n\t<meta name=\"twitter:data2\" content=\"2 minutes\" \/>\n<script type=\"application\/ld+json\" class=\"yoast-schema-graph\">{\"@context\":\"https:\/\/schema.org\",\"@graph\":[{\"@type\":\"Article\",\"@id\":\"https:\/\/kapitalis.com\/tunisie\/2022\/07\/18\/tunisie-la-cnss-communique-le-dernier-delai-pour-profiter-de-lamnistie-sociale\/#article\",\"isPartOf\":{\"@id\":\"https:\/\/kapitalis.com\/tunisie\/2022\/07\/18\/tunisie-la-cnss-communique-le-dernier-delai-pour-profiter-de-lamnistie-sociale\/\"},\"author\":{\"name\":\"Cherif Benyounes\",\"@id\":\"https:\/\/kapitalis.com\/tunisie\/#\/schema\/person\/b35b8d631961131107263178aeb8019e\"},\"headline\":\"Tunisie : La CNSS communique le dernier d\u00e9lai pour profiter de l\u2019amnistie sociale\",\"datePublished\":\"2022-07-18T14:11:04+00:00\",\"dateModified\":\"2022-07-18T14:11:05+00:00\",\"mainEntityOfPage\":{\"@id\":\"https:\/\/kapitalis.com\/tunisie\/2022\/07\/18\/tunisie-la-cnss-communique-le-dernier-delai-pour-profiter-de-lamnistie-sociale\/\"},\"wordCount\":437,\"commentCount\":0,\"publisher\":{\"@id\":\"https:\/\/kapitalis.com\/tunisie\/#organization\"},\"image\":{\"@id\":\"https:\/\/kapitalis.com\/tunisie\/2022\/07\/18\/tunisie-la-cnss-communique-le-dernier-delai-pour-profiter-de-lamnistie-sociale\/#primaryimage\"},\"thumbnailUrl\":\"https:\/\/kapitalis.com\/tunisie\/wp-content\/uploads\/2022\/06\/cnss.jpg\",\"keywords\":[\"amnistie sociale\",\"CNSS\",\"Tunisie\"],\"articleSection\":[\"SOCIETE\",\"Tunisie\"],\"inLanguage\":\"fr-FR\",\"potentialAction\":[{\"@type\":\"CommentAction\",\"name\":\"Comment\",\"target\":[\"https:\/\/kapitalis.com\/tunisie\/2022\/07\/18\/tunisie-la-cnss-communique-le-dernier-delai-pour-profiter-de-lamnistie-sociale\/#respond\"]}]},{\"@type\":\"WebPage\",\"@id\":\"https:\/\/kapitalis.com\/tunisie\/2022\/07\/18\/tunisie-la-cnss-communique-le-dernier-delai-pour-profiter-de-lamnistie-sociale\/\",\"url\":\"https:\/\/kapitalis.com\/tunisie\/2022\/07\/18\/tunisie-la-cnss-communique-le-dernier-delai-pour-profiter-de-lamnistie-sociale\/\",\"name\":\"Tunisie : La CNSS communique le dernier d\u00e9lai pour profiter de l\u2019amnistie sociale - Kapitalis\",\"isPartOf\":{\"@id\":\"https:\/\/kapitalis.com\/tunisie\/#website\"},\"primaryImageOfPage\":{\"@id\":\"https:\/\/kapitalis.com\/tunisie\/2022\/07\/18\/tunisie-la-cnss-communique-le-dernier-delai-pour-profiter-de-lamnistie-sociale\/#primaryimage\"},\"image\":{\"@id\":\"https:\/\/kapitalis.com\/tunisie\/2022\/07\/18\/tunisie-la-cnss-communique-le-dernier-delai-pour-profiter-de-lamnistie-sociale\/#primaryimage\"},\"thumbnailUrl\":\"https:\/\/kapitalis.com\/tunisie\/wp-content\/uploads\/2022\/06\/cnss.jpg\",\"datePublished\":\"2022-07-18T14:11:04+00:00\",\"dateModified\":\"2022-07-18T14:11:05+00:00\",\"breadcrumb\":{\"@id\":\"https:\/\/kapitalis.com\/tunisie\/2022\/07\/18\/tunisie-la-cnss-communique-le-dernier-delai-pour-profiter-de-lamnistie-sociale\/#breadcrumb\"},\"inLanguage\":\"fr-FR\",\"potentialAction\":[{\"@type\":\"ReadAction\",\"target\":[\"https:\/\/kapitalis.com\/tunisie\/2022\/07\/18\/tunisie-la-cnss-communique-le-dernier-delai-pour-profiter-de-lamnistie-sociale\/\"]}]},{\"@type\":\"ImageObject\",\"inLanguage\":\"fr-FR\",\"@id\":\"https:\/\/kapitalis.com\/tunisie\/2022\/07\/18\/tunisie-la-cnss-communique-le-dernier-delai-pour-profiter-de-lamnistie-sociale\/#primaryimage\",\"url\":\"https:\/\/kapitalis.com\/tunisie\/wp-content\/uploads\/2022\/06\/cnss.jpg\",\"contentUrl\":\"https:\/\/kapitalis.com\/tunisie\/wp-content\/uploads\/2022\/06\/cnss.jpg\",\"width\":1200,\"height\":630},{\"@type\":\"BreadcrumbList\",\"@id\":\"https:\/\/kapitalis.com\/tunisie\/2022\/07\/18\/tunisie-la-cnss-communique-le-dernier-delai-pour-profiter-de-lamnistie-sociale\/#breadcrumb\",\"itemListElement\":[{\"@type\":\"ListItem\",\"position\":1,\"name\":\"Accueil\",\"item\":\"https:\/\/kapitalis.com\/tunisie\/\"},{\"@type\":\"ListItem\",\"position\":2,\"name\":\"Tunisie : La CNSS communique le dernier d\u00e9lai pour profiter de l\u2019amnistie sociale\"}]},{\"@type\":\"WebSite\",\"@id\":\"https:\/\/kapitalis.com\/tunisie\/#website\",\"url\":\"https:\/\/kapitalis.com\/tunisie\/\",\"name\":\"Kapitalis\",\"description\":\"L&#039;actualit\u00e9 en Tunisie et dans le monde\",\"publisher\":{\"@id\":\"https:\/\/kapitalis.com\/tunisie\/#organization\"},\"potentialAction\":[{\"@type\":\"SearchAction\",\"target\":{\"@type\":\"EntryPoint\",\"urlTemplate\":\"https:\/\/kapitalis.com\/tunisie\/?s={search_term_string}\"},\"query-input\":{\"@type\":\"PropertyValueSpecification\",\"valueRequired\":true,\"valueName\":\"search_term_string\"}}],\"inLanguage\":\"fr-FR\"},{\"@type\":\"Organization\",\"@id\":\"https:\/\/kapitalis.com\/tunisie\/#organization\",\"name\":\"Kapitalis\",\"url\":\"https:\/\/kapitalis.com\/tunisie\/\",\"logo\":{\"@type\":\"ImageObject\",\"inLanguage\":\"fr-FR\",\"@id\":\"https:\/\/kapitalis.com\/tunisie\/#\/schema\/logo\/image\/\",\"url\":\"https:\/\/kapitalis.com\/tunisie\/wp-content\/uploads\/2022\/05\/Kapitalis-big-size.png\",\"contentUrl\":\"https:\/\/kapitalis.com\/tunisie\/wp-content\/uploads\/2022\/05\/Kapitalis-big-size.png\",\"width\":5000,\"height\":1500,\"caption\":\"Kapitalis\"},\"image\":{\"@id\":\"https:\/\/kapitalis.com\/tunisie\/#\/schema\/logo\/image\/\"},\"sameAs\":[\"https:\/\/www.facebook.com\/KapitalisInfo\/\",\"https:\/\/x.com\/KapitalisInfo\",\"https:\/\/www.youtube.com\/channel\/UC-yDYrHyfFBWWZaOw3FPg9Q\"]},{\"@type\":\"Person\",\"@id\":\"https:\/\/kapitalis.com\/tunisie\/#\/schema\/person\/b35b8d631961131107263178aeb8019e\",\"name\":\"Cherif Benyounes\",\"url\":\"https:\/\/kapitalis.com\/tunisie\/author\/cherif\/\"}]}<\/script>\n<!-- \/ Yoast SEO plugin. -->","yoast_head_json":{"title":"Tunisie : La CNSS communique le dernier d\u00e9lai pour profiter de l\u2019amnistie sociale - Kapitalis","robots":{"index":"index","follow":"follow","max-snippet":"max-snippet:-1","max-image-preview":"max-image-preview:large","max-video-preview":"max-video-preview:-1"},"canonical":"https:\/\/kapitalis.com\/tunisie\/2022\/07\/18\/tunisie-la-cnss-communique-le-dernier-delai-pour-profiter-de-lamnistie-sociale\/","og_locale":"fr_FR","og_type":"article","og_title":"Tunisie : La CNSS communique le dernier d\u00e9lai pour profiter de l\u2019amnistie sociale - Kapitalis","og_description":"La Caisse nationale de s\u00e9curit\u00e9 sociale (CNSS) a annonc\u00e9, ce lundi 18 juillet 2022, que le dernier d\u00e9lai pour les d\u00e9biteurs au titre des r\u00e9gimes de s\u00e9curit\u00e9 sociale (entreprises et travailleurs ind\u00e9pendants des secteurs agricole et non agricole) de b\u00e9n\u00e9ficier de l\u2019amnistie sociale et des conditions d\u2019applications des p\u00e9nalit\u00e9s de retard exig\u00e9es sera le 27...","og_url":"https:\/\/kapitalis.com\/tunisie\/2022\/07\/18\/tunisie-la-cnss-communique-le-dernier-delai-pour-profiter-de-lamnistie-sociale\/","og_site_name":"Kapitalis","article_publisher":"https:\/\/www.facebook.com\/KapitalisInfo\/","article_published_time":"2022-07-18T14:11:04+00:00","article_modified_time":"2022-07-18T14:11:05+00:00","og_image":[{"width":1200,"height":630,"url":"https:\/\/kapitalis.com\/tunisie\/wp-content\/uploads\/2022\/06\/cnss.jpg","type":"image\/jpeg"}],"author":"Cherif Benyounes","twitter_card":"summary_large_image","twitter_creator":"@KapitalisInfo","twitter_site":"@KapitalisInfo","twitter_misc":{"\u00c9crit par":"Cherif Benyounes","Dur\u00e9e de lecture estim\u00e9e":"2 minutes"},"schema":{"@context":"https:\/\/schema.org","@graph":[{"@type":"Article","@id":"https:\/\/kapitalis.com\/tunisie\/2022\/07\/18\/tunisie-la-cnss-communique-le-dernier-delai-pour-profiter-de-lamnistie-sociale\/#article","isPartOf":{"@id":"https:\/\/kapitalis.com\/tunisie\/2022\/07\/18\/tunisie-la-cnss-communique-le-dernier-delai-pour-profiter-de-lamnistie-sociale\/"},"author":{"name":"Cherif Benyounes","@id":"https:\/\/kapitalis.com\/tunisie\/#\/schema\/person\/b35b8d631961131107263178aeb8019e"},"headline":"Tunisie : La CNSS communique le dernier d\u00e9lai pour profiter de l\u2019amnistie sociale","datePublished":"2022-07-18T14:11:04+00:00","dateModified":"2022-07-18T14:11:05+00:00","mainEntityOfPage":{"@id":"https:\/\/kapitalis.com\/tunisie\/2022\/07\/18\/tunisie-la-cnss-communique-le-dernier-delai-pour-profiter-de-lamnistie-sociale\/"},"wordCount":437,"commentCount":0,"publisher":{"@id":"https:\/\/kapitalis.com\/tunisie\/#organization"},"image":{"@id":"https:\/\/kapitalis.com\/tunisie\/2022\/07\/18\/tunisie-la-cnss-communique-le-dernier-delai-pour-profiter-de-lamnistie-sociale\/#primaryimage"},"thumbnailUrl":"https:\/\/kapitalis.com\/tunisie\/wp-content\/uploads\/2022\/06\/cnss.jpg","keywords":["amnistie sociale","CNSS","Tunisie"],"articleSection":["SOCIETE","Tunisie"],"inLanguage":"fr-FR","potentialAction":[{"@type":"CommentAction","name":"Comment","target":["https:\/\/kapitalis.com\/tunisie\/2022\/07\/18\/tunisie-la-cnss-communique-le-dernier-delai-pour-profiter-de-lamnistie-sociale\/#respond"]}]},{"@type":"WebPage","@id":"https:\/\/kapitalis.com\/tunisie\/2022\/07\/18\/tunisie-la-cnss-communique-le-dernier-delai-pour-profiter-de-lamnistie-sociale\/","url":"https:\/\/kapitalis.com\/tunisie\/2022\/07\/18\/tunisie-la-cnss-communique-le-dernier-delai-pour-profiter-de-lamnistie-sociale\/","name":"Tunisie : La CNSS communique le dernier d\u00e9lai pour profiter de l\u2019amnistie sociale - Kapitalis","isPartOf":{"@id":"https:\/\/kapitalis.com\/tunisie\/#website"},"primaryImageOfPage":{"@id":"https:\/\/kapitalis.com\/tunisie\/2022\/07\/18\/tunisie-la-cnss-communique-le-dernier-delai-pour-profiter-de-lamnistie-sociale\/#primaryimage"},"image":{"@id":"https:\/\/kapitalis.com\/tunisie\/2022\/07\/18\/tunisie-la-cnss-communique-le-dernier-delai-pour-profiter-de-lamnistie-sociale\/#primaryimage"},"thumbnailUrl":"https:\/\/kapitalis.com\/tunisie\/wp-content\/uploads\/2022\/06\/cnss.jpg","datePublished":"2022-07-18T14:11:04+00:00","dateModified":"2022-07-18T14:11:05+00:00","breadcrumb":{"@id":"https:\/\/kapitalis.com\/tunisie\/2022\/07\/18\/tunisie-la-cnss-communique-le-dernier-delai-pour-profiter-de-lamnistie-sociale\/#breadcrumb"},"inLanguage":"fr-FR","potentialAction":[{"@type":"ReadAction","target":["https:\/\/kapitalis.com\/tunisie\/2022\/07\/18\/tunisie-la-cnss-communique-le-dernier-delai-pour-profiter-de-lamnistie-sociale\/"]}]},{"@type":"ImageObject","inLanguage":"fr-FR","@id":"https:\/\/kapitalis.com\/tunisie\/2022\/07\/18\/tunisie-la-cnss-communique-le-dernier-delai-pour-profiter-de-lamnistie-sociale\/#primaryimage","url":"https:\/\/kapitalis.com\/tunisie\/wp-content\/uploads\/2022\/06\/cnss.jpg","contentUrl":"https:\/\/kapitalis.com\/tunisie\/wp-content\/uploads\/2022\/06\/cnss.jpg","width":1200,"height":630},{"@type":"BreadcrumbList","@id":"https:\/\/kapitalis.com\/tunisie\/2022\/07\/18\/tunisie-la-cnss-communique-le-dernier-delai-pour-profiter-de-lamnistie-sociale\/#breadcrumb","itemListElement":[{"@type":"ListItem","position":1,"name":"Accueil","item":"https:\/\/kapitalis.com\/tunisie\/"},{"@type":"ListItem","position":2,"name":"Tunisie : La CNSS communique le dernier d\u00e9lai pour profiter de l\u2019amnistie sociale"}]},{"@type":"WebSite","@id":"https:\/\/kapitalis.com\/tunisie\/#website","url":"https:\/\/kapitalis.com\/tunisie\/","name":"Kapitalis","description":"L&#039;actualit\u00e9 en Tunisie et dans le monde","publisher":{"@id":"https:\/\/kapitalis.com\/tunisie\/#organization"},"potentialAction":[{"@type":"SearchAction","target":{"@type":"EntryPoint","urlTemplate":"https:\/\/kapitalis.com\/tunisie\/?s={search_term_string}"},"query-input":{"@type":"PropertyValueSpecification","valueRequired":true,"valueName":"search_term_string"}}],"inLanguage":"fr-FR"},{"@type":"Organization","@id":"https:\/\/kapitalis.com\/tunisie\/#organization","name":"Kapitalis","url":"https:\/\/kapitalis.com\/tunisie\/","logo":{"@type":"ImageObject","inLanguage":"fr-FR","@id":"https:\/\/kapitalis.com\/tunisie\/#\/schema\/logo\/image\/","url":"https:\/\/kapitalis.com\/tunisie\/wp-content\/uploads\/2022\/05\/Kapitalis-big-size.png","contentUrl":"https:\/\/kapitalis.com\/tunisie\/wp-content\/uploads\/2022\/05\/Kapitalis-big-size.png","width":5000,"height":1500,"caption":"Kapitalis"},"image":{"@id":"https:\/\/kapitalis.com\/tunisie\/#\/schema\/logo\/image\/"},"sameAs":["https:\/\/www.facebook.com\/KapitalisInfo\/","https:\/\/x.com\/KapitalisInfo","https:\/\/www.youtube.com\/channel\/UC-yDYrHyfFBWWZaOw3FPg9Q"]},{"@type":"Person","@id":"https:\/\/kapitalis.com\/tunisie\/#\/schema\/person\/b35b8d631961131107263178aeb8019e","name":"Cherif Benyounes","url":"https:\/\/kapitalis.com\/tunisie\/author\/cherif\/"}]}},"_links":{"self":[{"href":"https:\/\/kapitalis.com\/tunisie\/wp-json\/wp\/v2\/posts\/2352786","targetHints":{"allow":["GET"]}}],"collection":[{"href":"https:\/\/kapitalis.com\/tunisie\/wp-json\/wp\/v2\/posts"}],"about":[{"href":"https:\/\/kapitalis.com\/tunisie\/wp-json\/wp\/v2\/types\/post"}],"author":[{"embeddable":true,"href":"https:\/\/kapitalis.com\/tunisie\/wp-json\/wp\/v2\/users\/24"}],"replies":[{"embeddable":true,"href":"https:\/\/kapitalis.com\/tunisie\/wp-json\/wp\/v2\/comments?post=2352786"}],"version-history":[{"count":0,"href":"https:\/\/kapitalis.com\/tunisie\/wp-json\/wp\/v2\/posts\/2352786\/revisions"}],"wp:featuredmedia":[{"embeddable":true,"href":"https:\/\/kapitalis.com\/tunisie\/wp-json\/wp\/v2\/media\/1657887"}],"wp:attachment":[{"href":"https:\/\/kapitalis.com\/tunisie\/wp-json\/wp\/v2\/media?parent=2352786"}],"wp:term":[{"taxonomy":"category","embeddable":true,"href":"https:\/\/kapitalis.com\/tunisie\/wp-json\/wp\/v2\/categories?post=2352786"},{"taxonomy":"post_tag","embeddable":true,"href":"https:\/\/kapitalis.com\/tunisie\/wp-json\/wp\/v2\/tags?post=2352786"}],"curies":[{"name":"wp","href":"https:\/\/api.w.org\/{rel}","templated":true}]}}