{"id":235322,"date":"2019-08-26T18:19:46","date_gmt":"2019-08-26T17:19:46","guid":{"rendered":"http:\/\/kapitalis.com\/tunisie\/?p=235322"},"modified":"2019-08-27T09:59:50","modified_gmt":"2019-08-27T08:59:50","slug":"la-2e-edition-du-forum-de-la-mer-le-21-septembre-2019-a-bizerte","status":"publish","type":"post","link":"https:\/\/kapitalis.com\/tunisie\/2019\/08\/26\/la-2e-edition-du-forum-de-la-mer-le-21-septembre-2019-a-bizerte\/","title":{"rendered":"La 2e \u00e9dition du Forum de la Mer, le 21 septembre 2019 \u00e0 Bizerte"},"content":{"rendered":"\n<figure class=\"wp-block-image\"><img decoding=\"async\" src=\"http:\/\/kapitalis.com\/tunisie\/wp-content\/uploads\/2019\/08\/Forum-de-la-Mer....jpg\" alt=\"\" class=\"wp-image-235337\"\/><\/figure>\n\n\n\n<p> <strong><em>La 2e \u00e9dition<\/em><\/strong> <strong><em>du Forum de la Mer,<\/em><\/strong> <strong><em>organis\u00e9 par la Saison Bleue, se tiendra le 21 septembre 2019, \u00e0 Bizerte, au nord de la Tunisie. Les inscriptions sont d\u00e9j\u00e0 ouvertes.<\/em><\/strong><\/p>\n\n\n\n<!--more-->\n\n\n\n<p>Le Forum est organis\u00e9 par la Saison Bleue, en collaboration avec l&rsquo;Union europ\u00e9enne et l&rsquo;Union pour la M\u00e9diterran\u00e9e (UpM).<\/p>\n\n\n\n<p>Pascal Lamy, ancien directeur g\u00e9n\u00e9ral de l\u2019Organisation mondiale du commerce (OMC), pr\u00e9sidera l\u2019\u00e9dition 2019 du Forum, de m\u00eame que l\u2019appel \u00e0 projets Amwej, qui permettra de distinguer plusieurs initiatives locales en faveur de l\u2019environnement maritime. <\/p>\n\n\n\n<p>Le programme de la manifestation pr\u00e9voit 4 panels portant sur les collectivit\u00e9s locales, les  grands projets en M\u00e9diterran\u00e9e, l&rsquo;Economie bleue \u00ab\u00a0<em>sociale et solidaire<\/em>\u00ab\u00a0, et les perceptions et attentes des employeurs de la r\u00e9gion Euro-Med.<\/p>\n\n\n\n<p>Le Forum de la Mer est l\u2019un des points d\u2019orgue de la Saison Bleue<strong>&nbsp;<\/strong>(juin-octobre 2019) qui rassemble plus de 200 manifestations sur tout le littoral tunisien, de Tabarka \u00e0 Zarzis. Elle a d\u00e9j\u00e0 touch\u00e9 cette ann\u00e9e plus de 400.000 personnes.<\/p>\n\n\n<p style=\"text-align: right;\"><strong>A. M. <\/strong><em>(avec <span style=\"color: #0000ff;\"><a style=\"color: #0000ff;\" href=\"http:\/\/forumdelamerbizerte.com\" target=\"_blank\" rel=\"noopener noreferrer\">Forumdelamerbizerte.com<\/a>).<\/span><\/em><\/p>","protected":false},"excerpt":{"rendered":"<p>La 2e \u00e9dition du Forum de la Mer, organis\u00e9 par la Saison Bleue, se tiendra le 21 septembre 2019, \u00e0 Bizerte, au nord de la Tunisie. Les inscriptions sont d\u00e9j\u00e0 ouvertes.<\/p>\n","protected":false},"author":22,"featured_media":235337,"comment_status":"open","ping_status":"open","sticky":false,"template":"","format":"standard","meta":{"footnotes":""},"categories":[995,2433],"tags":[148,43635],"class_list":["post-235322","post","type-post","status-publish","format-standard","has-post-thumbnail","hentry","category-economie","category-tunisie","tag-bizerte","tag-saison-bleue"],"yoast_head":"<!-- This site is optimized with the Yoast SEO plugin v26.6 - https:\/\/yoast.com\/wordpress\/plugins\/seo\/ -->\n<title>La 2e \u00e9dition du Forum de la Mer, le 21 septembre 2019 \u00e0 Bizerte - Kapitalis<\/title>\n<meta name=\"robots\" content=\"index, follow, max-snippet:-1, max-image-preview:large, max-video-preview:-1\" \/>\n<link rel=\"canonical\" href=\"https:\/\/kapitalis.com\/tunisie\/2019\/08\/26\/la-2e-edition-du-forum-de-la-mer-le-21-septembre-2019-a-bizerte\/\" \/>\n<meta property=\"og:locale\" content=\"fr_FR\" \/>\n<meta property=\"og:type\" content=\"article\" \/>\n<meta property=\"og:title\" content=\"La 2e \u00e9dition du Forum de la Mer, le 21 septembre 2019 \u00e0 Bizerte - Kapitalis\" \/>\n<meta property=\"og:description\" content=\"La 2e \u00e9dition du Forum de la Mer, organis\u00e9 par la Saison Bleue, se tiendra le 21 septembre 2019, \u00e0 Bizerte, au nord de la Tunisie. Les inscriptions sont d\u00e9j\u00e0 ouvertes.\" \/>\n<meta property=\"og:url\" content=\"https:\/\/kapitalis.com\/tunisie\/2019\/08\/26\/la-2e-edition-du-forum-de-la-mer-le-21-septembre-2019-a-bizerte\/\" \/>\n<meta property=\"og:site_name\" content=\"Kapitalis\" \/>\n<meta property=\"article:publisher\" content=\"https:\/\/www.facebook.com\/KapitalisInfo\/\" \/>\n<meta property=\"article:published_time\" content=\"2019-08-26T17:19:46+00:00\" \/>\n<meta property=\"article:modified_time\" content=\"2019-08-27T08:59:50+00:00\" \/>\n<meta property=\"og:image\" content=\"https:\/\/kapitalis.com\/tunisie\/wp-content\/uploads\/2022\/05\/kapitalis-logo-fb.png\" \/>\n\t<meta property=\"og:image:width\" content=\"1200\" \/>\n\t<meta property=\"og:image:height\" content=\"630\" \/>\n\t<meta property=\"og:image:type\" content=\"image\/png\" \/>\n<meta name=\"author\" content=\"Amina Mkada\" \/>\n<meta name=\"twitter:card\" content=\"summary_large_image\" \/>\n<meta name=\"twitter:creator\" content=\"@KapitalisInfo\" \/>\n<meta name=\"twitter:site\" content=\"@KapitalisInfo\" \/>\n<meta name=\"twitter:label1\" content=\"\u00c9crit par\" \/>\n\t<meta name=\"twitter:data1\" content=\"Amina Mkada\" \/>\n\t<meta name=\"twitter:label2\" content=\"Dur\u00e9e de lecture estim\u00e9e\" \/>\n\t<meta name=\"twitter:data2\" content=\"1 minute\" \/>\n<script type=\"application\/ld+json\" class=\"yoast-schema-graph\">{\"@context\":\"https:\/\/schema.org\",\"@graph\":[{\"@type\":\"Article\",\"@id\":\"https:\/\/kapitalis.com\/tunisie\/2019\/08\/26\/la-2e-edition-du-forum-de-la-mer-le-21-septembre-2019-a-bizerte\/#article\",\"isPartOf\":{\"@id\":\"https:\/\/kapitalis.com\/tunisie\/2019\/08\/26\/la-2e-edition-du-forum-de-la-mer-le-21-septembre-2019-a-bizerte\/\"},\"author\":{\"name\":\"Amina Mkada\",\"@id\":\"https:\/\/kapitalis.com\/tunisie\/#\/schema\/person\/093913313d3017554cb3ad077fff3fbd\"},\"headline\":\"La 2e \u00e9dition du Forum de la Mer, le 21 septembre 2019 \u00e0 Bizerte\",\"datePublished\":\"2019-08-26T17:19:46+00:00\",\"dateModified\":\"2019-08-27T08:59:50+00:00\",\"mainEntityOfPage\":{\"@id\":\"https:\/\/kapitalis.com\/tunisie\/2019\/08\/26\/la-2e-edition-du-forum-de-la-mer-le-21-septembre-2019-a-bizerte\/\"},\"wordCount\":188,\"commentCount\":4,\"publisher\":{\"@id\":\"https:\/\/kapitalis.com\/tunisie\/#organization\"},\"image\":{\"@id\":\"https:\/\/kapitalis.com\/tunisie\/2019\/08\/26\/la-2e-edition-du-forum-de-la-mer-le-21-septembre-2019-a-bizerte\/#primaryimage\"},\"thumbnailUrl\":\"\",\"keywords\":[\"Bizerte\",\"Saison bleue\"],\"articleSection\":[\"ECONOMIE\",\"Tunisie\"],\"inLanguage\":\"fr-FR\",\"potentialAction\":[{\"@type\":\"CommentAction\",\"name\":\"Comment\",\"target\":[\"https:\/\/kapitalis.com\/tunisie\/2019\/08\/26\/la-2e-edition-du-forum-de-la-mer-le-21-septembre-2019-a-bizerte\/#respond\"]}]},{\"@type\":\"WebPage\",\"@id\":\"https:\/\/kapitalis.com\/tunisie\/2019\/08\/26\/la-2e-edition-du-forum-de-la-mer-le-21-septembre-2019-a-bizerte\/\",\"url\":\"https:\/\/kapitalis.com\/tunisie\/2019\/08\/26\/la-2e-edition-du-forum-de-la-mer-le-21-septembre-2019-a-bizerte\/\",\"name\":\"La 2e \u00e9dition du Forum de la Mer, le 21 septembre 2019 \u00e0 Bizerte - Kapitalis\",\"isPartOf\":{\"@id\":\"https:\/\/kapitalis.com\/tunisie\/#website\"},\"primaryImageOfPage\":{\"@id\":\"https:\/\/kapitalis.com\/tunisie\/2019\/08\/26\/la-2e-edition-du-forum-de-la-mer-le-21-septembre-2019-a-bizerte\/#primaryimage\"},\"image\":{\"@id\":\"https:\/\/kapitalis.com\/tunisie\/2019\/08\/26\/la-2e-edition-du-forum-de-la-mer-le-21-septembre-2019-a-bizerte\/#primaryimage\"},\"thumbnailUrl\":\"\",\"datePublished\":\"2019-08-26T17:19:46+00:00\",\"dateModified\":\"2019-08-27T08:59:50+00:00\",\"breadcrumb\":{\"@id\":\"https:\/\/kapitalis.com\/tunisie\/2019\/08\/26\/la-2e-edition-du-forum-de-la-mer-le-21-septembre-2019-a-bizerte\/#breadcrumb\"},\"inLanguage\":\"fr-FR\",\"potentialAction\":[{\"@type\":\"ReadAction\",\"target\":[\"https:\/\/kapitalis.com\/tunisie\/2019\/08\/26\/la-2e-edition-du-forum-de-la-mer-le-21-septembre-2019-a-bizerte\/\"]}]},{\"@type\":\"ImageObject\",\"inLanguage\":\"fr-FR\",\"@id\":\"https:\/\/kapitalis.com\/tunisie\/2019\/08\/26\/la-2e-edition-du-forum-de-la-mer-le-21-septembre-2019-a-bizerte\/#primaryimage\",\"url\":\"\",\"contentUrl\":\"\"},{\"@type\":\"BreadcrumbList\",\"@id\":\"https:\/\/kapitalis.com\/tunisie\/2019\/08\/26\/la-2e-edition-du-forum-de-la-mer-le-21-septembre-2019-a-bizerte\/#breadcrumb\",\"itemListElement\":[{\"@type\":\"ListItem\",\"position\":1,\"name\":\"Accueil\",\"item\":\"https:\/\/kapitalis.com\/tunisie\/\"},{\"@type\":\"ListItem\",\"position\":2,\"name\":\"La 2e \u00e9dition du Forum de la Mer, le 21 septembre 2019 \u00e0 Bizerte\"}]},{\"@type\":\"WebSite\",\"@id\":\"https:\/\/kapitalis.com\/tunisie\/#website\",\"url\":\"https:\/\/kapitalis.com\/tunisie\/\",\"name\":\"Kapitalis\",\"description\":\"L&#039;actualit\u00e9 en Tunisie et dans le monde\",\"publisher\":{\"@id\":\"https:\/\/kapitalis.com\/tunisie\/#organization\"},\"potentialAction\":[{\"@type\":\"SearchAction\",\"target\":{\"@type\":\"EntryPoint\",\"urlTemplate\":\"https:\/\/kapitalis.com\/tunisie\/?s={search_term_string}\"},\"query-input\":{\"@type\":\"PropertyValueSpecification\",\"valueRequired\":true,\"valueName\":\"search_term_string\"}}],\"inLanguage\":\"fr-FR\"},{\"@type\":\"Organization\",\"@id\":\"https:\/\/kapitalis.com\/tunisie\/#organization\",\"name\":\"Kapitalis\",\"url\":\"https:\/\/kapitalis.com\/tunisie\/\",\"logo\":{\"@type\":\"ImageObject\",\"inLanguage\":\"fr-FR\",\"@id\":\"https:\/\/kapitalis.com\/tunisie\/#\/schema\/logo\/image\/\",\"url\":\"https:\/\/kapitalis.com\/tunisie\/wp-content\/uploads\/2022\/05\/Kapitalis-big-size.png\",\"contentUrl\":\"https:\/\/kapitalis.com\/tunisie\/wp-content\/uploads\/2022\/05\/Kapitalis-big-size.png\",\"width\":5000,\"height\":1500,\"caption\":\"Kapitalis\"},\"image\":{\"@id\":\"https:\/\/kapitalis.com\/tunisie\/#\/schema\/logo\/image\/\"},\"sameAs\":[\"https:\/\/www.facebook.com\/KapitalisInfo\/\",\"https:\/\/x.com\/KapitalisInfo\",\"https:\/\/www.youtube.com\/channel\/UC-yDYrHyfFBWWZaOw3FPg9Q\"]},{\"@type\":\"Person\",\"@id\":\"https:\/\/kapitalis.com\/tunisie\/#\/schema\/person\/093913313d3017554cb3ad077fff3fbd\",\"name\":\"Amina Mkada\",\"url\":\"https:\/\/kapitalis.com\/tunisie\/author\/amina\/\"}]}<\/script>\n<!-- \/ Yoast SEO plugin. -->","yoast_head_json":{"title":"La 2e \u00e9dition du Forum de la Mer, le 21 septembre 2019 \u00e0 Bizerte - Kapitalis","robots":{"index":"index","follow":"follow","max-snippet":"max-snippet:-1","max-image-preview":"max-image-preview:large","max-video-preview":"max-video-preview:-1"},"canonical":"https:\/\/kapitalis.com\/tunisie\/2019\/08\/26\/la-2e-edition-du-forum-de-la-mer-le-21-septembre-2019-a-bizerte\/","og_locale":"fr_FR","og_type":"article","og_title":"La 2e \u00e9dition du Forum de la Mer, le 21 septembre 2019 \u00e0 Bizerte - Kapitalis","og_description":"La 2e \u00e9dition du Forum de la Mer, organis\u00e9 par la Saison Bleue, se tiendra le 21 septembre 2019, \u00e0 Bizerte, au nord de la Tunisie. Les inscriptions sont d\u00e9j\u00e0 ouvertes.","og_url":"https:\/\/kapitalis.com\/tunisie\/2019\/08\/26\/la-2e-edition-du-forum-de-la-mer-le-21-septembre-2019-a-bizerte\/","og_site_name":"Kapitalis","article_publisher":"https:\/\/www.facebook.com\/KapitalisInfo\/","article_published_time":"2019-08-26T17:19:46+00:00","article_modified_time":"2019-08-27T08:59:50+00:00","og_image":[{"width":1200,"height":630,"url":"https:\/\/kapitalis.com\/tunisie\/wp-content\/uploads\/2022\/05\/kapitalis-logo-fb.png","type":"image\/png"}],"author":"Amina Mkada","twitter_card":"summary_large_image","twitter_creator":"@KapitalisInfo","twitter_site":"@KapitalisInfo","twitter_misc":{"\u00c9crit par":"Amina Mkada","Dur\u00e9e de lecture estim\u00e9e":"1 minute"},"schema":{"@context":"https:\/\/schema.org","@graph":[{"@type":"Article","@id":"https:\/\/kapitalis.com\/tunisie\/2019\/08\/26\/la-2e-edition-du-forum-de-la-mer-le-21-septembre-2019-a-bizerte\/#article","isPartOf":{"@id":"https:\/\/kapitalis.com\/tunisie\/2019\/08\/26\/la-2e-edition-du-forum-de-la-mer-le-21-septembre-2019-a-bizerte\/"},"author":{"name":"Amina Mkada","@id":"https:\/\/kapitalis.com\/tunisie\/#\/schema\/person\/093913313d3017554cb3ad077fff3fbd"},"headline":"La 2e \u00e9dition du Forum de la Mer, le 21 septembre 2019 \u00e0 Bizerte","datePublished":"2019-08-26T17:19:46+00:00","dateModified":"2019-08-27T08:59:50+00:00","mainEntityOfPage":{"@id":"https:\/\/kapitalis.com\/tunisie\/2019\/08\/26\/la-2e-edition-du-forum-de-la-mer-le-21-septembre-2019-a-bizerte\/"},"wordCount":188,"commentCount":4,"publisher":{"@id":"https:\/\/kapitalis.com\/tunisie\/#organization"},"image":{"@id":"https:\/\/kapitalis.com\/tunisie\/2019\/08\/26\/la-2e-edition-du-forum-de-la-mer-le-21-septembre-2019-a-bizerte\/#primaryimage"},"thumbnailUrl":"","keywords":["Bizerte","Saison bleue"],"articleSection":["ECONOMIE","Tunisie"],"inLanguage":"fr-FR","potentialAction":[{"@type":"CommentAction","name":"Comment","target":["https:\/\/kapitalis.com\/tunisie\/2019\/08\/26\/la-2e-edition-du-forum-de-la-mer-le-21-septembre-2019-a-bizerte\/#respond"]}]},{"@type":"WebPage","@id":"https:\/\/kapitalis.com\/tunisie\/2019\/08\/26\/la-2e-edition-du-forum-de-la-mer-le-21-septembre-2019-a-bizerte\/","url":"https:\/\/kapitalis.com\/tunisie\/2019\/08\/26\/la-2e-edition-du-forum-de-la-mer-le-21-septembre-2019-a-bizerte\/","name":"La 2e \u00e9dition du Forum de la Mer, le 21 septembre 2019 \u00e0 Bizerte - Kapitalis","isPartOf":{"@id":"https:\/\/kapitalis.com\/tunisie\/#website"},"primaryImageOfPage":{"@id":"https:\/\/kapitalis.com\/tunisie\/2019\/08\/26\/la-2e-edition-du-forum-de-la-mer-le-21-septembre-2019-a-bizerte\/#primaryimage"},"image":{"@id":"https:\/\/kapitalis.com\/tunisie\/2019\/08\/26\/la-2e-edition-du-forum-de-la-mer-le-21-septembre-2019-a-bizerte\/#primaryimage"},"thumbnailUrl":"","datePublished":"2019-08-26T17:19:46+00:00","dateModified":"2019-08-27T08:59:50+00:00","breadcrumb":{"@id":"https:\/\/kapitalis.com\/tunisie\/2019\/08\/26\/la-2e-edition-du-forum-de-la-mer-le-21-septembre-2019-a-bizerte\/#breadcrumb"},"inLanguage":"fr-FR","potentialAction":[{"@type":"ReadAction","target":["https:\/\/kapitalis.com\/tunisie\/2019\/08\/26\/la-2e-edition-du-forum-de-la-mer-le-21-septembre-2019-a-bizerte\/"]}]},{"@type":"ImageObject","inLanguage":"fr-FR","@id":"https:\/\/kapitalis.com\/tunisie\/2019\/08\/26\/la-2e-edition-du-forum-de-la-mer-le-21-septembre-2019-a-bizerte\/#primaryimage","url":"","contentUrl":""},{"@type":"BreadcrumbList","@id":"https:\/\/kapitalis.com\/tunisie\/2019\/08\/26\/la-2e-edition-du-forum-de-la-mer-le-21-septembre-2019-a-bizerte\/#breadcrumb","itemListElement":[{"@type":"ListItem","position":1,"name":"Accueil","item":"https:\/\/kapitalis.com\/tunisie\/"},{"@type":"ListItem","position":2,"name":"La 2e \u00e9dition du Forum de la Mer, le 21 septembre 2019 \u00e0 Bizerte"}]},{"@type":"WebSite","@id":"https:\/\/kapitalis.com\/tunisie\/#website","url":"https:\/\/kapitalis.com\/tunisie\/","name":"Kapitalis","description":"L&#039;actualit\u00e9 en Tunisie et dans le monde","publisher":{"@id":"https:\/\/kapitalis.com\/tunisie\/#organization"},"potentialAction":[{"@type":"SearchAction","target":{"@type":"EntryPoint","urlTemplate":"https:\/\/kapitalis.com\/tunisie\/?s={search_term_string}"},"query-input":{"@type":"PropertyValueSpecification","valueRequired":true,"valueName":"search_term_string"}}],"inLanguage":"fr-FR"},{"@type":"Organization","@id":"https:\/\/kapitalis.com\/tunisie\/#organization","name":"Kapitalis","url":"https:\/\/kapitalis.com\/tunisie\/","logo":{"@type":"ImageObject","inLanguage":"fr-FR","@id":"https:\/\/kapitalis.com\/tunisie\/#\/schema\/logo\/image\/","url":"https:\/\/kapitalis.com\/tunisie\/wp-content\/uploads\/2022\/05\/Kapitalis-big-size.png","contentUrl":"https:\/\/kapitalis.com\/tunisie\/wp-content\/uploads\/2022\/05\/Kapitalis-big-size.png","width":5000,"height":1500,"caption":"Kapitalis"},"image":{"@id":"https:\/\/kapitalis.com\/tunisie\/#\/schema\/logo\/image\/"},"sameAs":["https:\/\/www.facebook.com\/KapitalisInfo\/","https:\/\/x.com\/KapitalisInfo","https:\/\/www.youtube.com\/channel\/UC-yDYrHyfFBWWZaOw3FPg9Q"]},{"@type":"Person","@id":"https:\/\/kapitalis.com\/tunisie\/#\/schema\/person\/093913313d3017554cb3ad077fff3fbd","name":"Amina Mkada","url":"https:\/\/kapitalis.com\/tunisie\/author\/amina\/"}]}},"_links":{"self":[{"href":"https:\/\/kapitalis.com\/tunisie\/wp-json\/wp\/v2\/posts\/235322","targetHints":{"allow":["GET"]}}],"collection":[{"href":"https:\/\/kapitalis.com\/tunisie\/wp-json\/wp\/v2\/posts"}],"about":[{"href":"https:\/\/kapitalis.com\/tunisie\/wp-json\/wp\/v2\/types\/post"}],"author":[{"embeddable":true,"href":"https:\/\/kapitalis.com\/tunisie\/wp-json\/wp\/v2\/users\/22"}],"replies":[{"embeddable":true,"href":"https:\/\/kapitalis.com\/tunisie\/wp-json\/wp\/v2\/comments?post=235322"}],"version-history":[{"count":0,"href":"https:\/\/kapitalis.com\/tunisie\/wp-json\/wp\/v2\/posts\/235322\/revisions"}],"wp:featuredmedia":[{"embeddable":true,"href":"https:\/\/kapitalis.com\/tunisie\/wp-json\/wp\/v2\/media\/235337"}],"wp:attachment":[{"href":"https:\/\/kapitalis.com\/tunisie\/wp-json\/wp\/v2\/media?parent=235322"}],"wp:term":[{"taxonomy":"category","embeddable":true,"href":"https:\/\/kapitalis.com\/tunisie\/wp-json\/wp\/v2\/categories?post=235322"},{"taxonomy":"post_tag","embeddable":true,"href":"https:\/\/kapitalis.com\/tunisie\/wp-json\/wp\/v2\/tags?post=235322"}],"curies":[{"name":"wp","href":"https:\/\/api.w.org\/{rel}","templated":true}]}}