{"id":235625,"date":"2019-08-28T10:52:58","date_gmt":"2019-08-28T09:52:58","guid":{"rendered":"http:\/\/kapitalis.com\/tunisie\/?p=235625"},"modified":"2019-08-28T11:04:55","modified_gmt":"2019-08-28T10:04:55","slug":"la-presidentielle-dans-les-medias-ou-les-lecons-de-laffaire-zbidi-attessia","status":"publish","type":"post","link":"https:\/\/kapitalis.com\/tunisie\/2019\/08\/28\/la-presidentielle-dans-les-medias-ou-les-lecons-de-laffaire-zbidi-attessia\/","title":{"rendered":"La pr\u00e9sidentielle dans les m\u00e9dias ou les le\u00e7ons de l\u2019\u00abaffaire\u00bb Zbidi &#8211; Attessia"},"content":{"rendered":"\n<figure class=\"wp-block-image\"><img decoding=\"async\" src=\"http:\/\/kapitalis.com\/tunisie\/wp-content\/uploads\/2019\/08\/Boubaker-Ben-Akacha-et-Abdelkarim-Zbidi.jpg\" alt=\"\" class=\"wp-image-235626\"\/><figcaption><em>Boubaker Ben Akacha \/ Abdelkarim Zbidi.<\/em><\/figcaption><\/figure>\n\n\n\n<p><strong><em>L\u2019affaire n\u2019est pas anodine : un candidat \u00e0 la pr\u00e9sidentielle, Abdelkarim Zbidi, donne son accord pour passer dans une \u00e9mission politique, puis, les responsables de sa campagne interviennent pour demander \u00e0 voir les questions devant lui \u00eatre pos\u00e9es.  <\/em><\/strong><br><\/p>\n\n\n\n<p> Par <strong>Ridha K\u00e9fi<\/strong> <br><\/p>\n\n\n\n<!--more-->\n\n\n\n<div class=\"wp-block-image\"><figure class=\"alignleft\"><img decoding=\"async\" src=\"http:\/\/kapitalis.com\/tunisie\/wp-content\/uploads\/2019\/03\/Ridha-Kefi.jpg\" alt=\"\" class=\"wp-image-203122\"\/><\/figure><\/div>\n\n\n\n<p>D&rsquo;abord, retour sur les faits : M. Zbidi a donn\u00e9 son accord \u00e0 notre coll\u00e8gue Boubaker Ben Akacha pour \u00eatre l\u2019invit\u00e9 de son \u00e9mission<em> \u2018\u2018Saken Carthage\u2019\u2019 <\/em>sur Attessia TV, demain, jeudi 29 ao\u00fbt 2019.  Entre-temps, son \u00e9quipe de campagne est entr\u00e9e en ligne pour demander au journaliste-animateur de lui remettre les questions ou les th\u00e8mes qui seront d\u00e9battus durant l\u2019\u00e9mission. Ils ont, bien s\u00fbr, essuy\u00e9 un refus cat\u00e9gorique, car cela transgresserait les r\u00e8gles du jeu et serait injuste \u00e0 l\u2019\u00e9gard des autres candidats d\u00e9j\u00e0 pass\u00e9s ou qui passeront au cours des deux prochaines semaines, et qui, eux, n\u2019ont pas eu ce genre d\u2019exigence, surtout que l\u2019\u00e9mission passe en direct, comme l\u2019exige cet exercice dans tous les pays d\u00e9mocratiques. <br><\/p>\n\n\n\n<p> Comment expliquer ce faux-pas de l\u2019\u00e9quipe de campagne de M. Zbidi ? Ses membres ont, dans un premier temps, mis en doute la neutralit\u00e9 de notre coll\u00e8gue Boubaker Ben Akacha et exig\u00e9 des assurances que leur candidat ne sera pas malmen\u00e9 ou tourn\u00e9 en d\u00e9rision, notamment par \u2018\u2018<em>Cam\u00e9ra Houssem<\/em>\u2019\u2019, l\u2019une des parties de l\u2019\u00e9mission diffusant et commentant, sur un ton humoristique, des vid\u00e9os o\u00f9 appara\u00eet le candidat, rarement \u00e0 son avantage. <\/p>\n\n\n\n<h3 class=\"wp-block-heading\">Un candidat <em>\u00absurvendu\u00bb<\/em> a-t-il droit \u00e0 un traitement de faveur ?  <\/h3>\n\n\n\n<p> Face \u00e0 l\u2019intransigeance de Boubaker Ben Akacha : <em>\u00abTous les candidats sont soumis aux m\u00eames \u00e9preuves de v\u00e9rit\u00e9. Et c\u2019est le but de l\u2019\u00e9mission\u00bb, <\/em>explique-t-il. Il ne fallait pas plus pour que M. Zbidi et son \u00e9quipe de campagne se d\u00e9binent. <br><\/p>\n\n\n\n<p> Pis encore : le journaliste-animateur ayant \u00e9bruit\u00e9 l\u2019affaire, pour expliquer l\u2019absence de son \u00e9mission quotidienne demain, jeudi 29 ao\u00fbt, il a eu droit \u00e0 une campagne de d\u00e9nigrement et de d\u00e9sinformation sur les r\u00e9seaux sociaux, colport\u00e9e par les fans de M. Zbidi, avec la diffusion de faux \u00e9changes sur Messenger entre Boubaker Ben Akacha et Selim Azzabi, secr\u00e9taire g\u00e9n\u00e9ral du parti Tahya Tounes, sur un soi-disant arrangement pour pi\u00e9ger M. Zbidi et favoriser un autre candidat, Youssef Chahed en l\u2019occurrence. La ficelle est trop grosse et la m\u00e9thode protesque.<br><\/p>\n\n\n\n<p> Bien entendu, ces \u00e9changes n\u2019ont jamais eu lieu et les<em> \u00abfaussaires\u00bb<\/em> sont tellement maladroits qu\u2019ils ont mal transcris le pr\u00e9nom de M. Azzabi : Salim au lieu de Selim. <br><\/p>\n\n\n\n<p> Bref, tout cela ne sert pas M. Zbidi, mais le dessert \u00e9norm\u00e9ment au regard des \u00e9lecteurs et confirme les manipulations que beaucoup soup\u00e7onnent derri\u00e8re sa candidature de derni\u00e8re minute, pr\u00e9c\u00e9d\u00e9e et accompagn\u00e9e par des campagnes massives de marketing politique sur les r\u00e9seaux sociaux. <br><\/p>\n\n\n\n<p> L\u2019homme a, d\u2019ailleurs, \u00e9t\u00e9 tellement <em>\u00absurvendu\u00bb<\/em> par les campagnes sponsoris\u00e9es sur Facebook et Instagram que ses premi\u00e8res apparitions m\u00e9diatiques, bien que soigneusement arrang\u00e9es avec des journalistes <em>\u00abmaison\u00bb <\/em>et des m\u00e9dias <em>\u00abamis\u00bb<\/em> (\u00e0 l\u2019exception de <em>\u2018\u2018Midi Show\u2019\u2019<\/em> sur Mosa\u00efque FM), ont \u00e9t\u00e9 un fiasco en termes de communication politique, montrant un homme h\u00e9sitant, ind\u00e9cis, mal inform\u00e9, fuyant les questions et terminant rarement ses phrases. Bref, un tr\u00e8s mauvais orateur, peu familier des joutes oratoires, qui aurait du mal \u00e0 tenir une interview en bonne et due forme, y pr\u00e9f\u00e9rant les interventions encadr\u00e9es, enregistr\u00e9es et diffus\u00e9es en diff\u00e9r\u00e9, avec les coupures et les arrangements requis pour appara\u00eetre sous son meilleur jour possible\u2026 comme le faisait, en son temps, l\u2019ancien pr\u00e9sident Zine El Abidine Ben Ali. Mais les temps ont chang\u00e9\u2026 Ce que M. Zbidi et son \u00e9quipe n\u2019ont pas compris\u2026    <br><\/p>\n\n\n\n<h3 class=\"wp-block-heading\">Les m\u00e9dias neutres et les m\u00e9dias embarqu\u00e9s <\/h3>\n\n\n\n<p> Cette affaire, car c\u2019en est une, pose plusieurs questions sur le s\u00e9rieux de certains candidats, qui se sont jet\u00e9s dans la bataille de la pr\u00e9sidentielle sans avoir les armes n\u00e9cessaires pour une telle aventure ou en surestimant leur capacit\u00e9s \u00e0 tenir la route. <\/p>\n\n\n\n<p> On peut aussi s\u2019interroger sur la difficult\u00e9 que pose ce genre de candidats aux m\u00e9dias qui veulent faire leur travail dans le strict respect des normes internationales de neutralit\u00e9 lors des campagnes \u00e9lectorales. <br><\/p>\n\n\n\n<p> En revanche, les m\u00e9dias peu regardants sur les r\u00e8gles d\u00e9ontologiques vont trouver chaussures \u00e0 leurs pieds, c\u2019est-\u00e0-dire des candidats pr\u00eats \u00e0 payer cher pour \u00eatre pr\u00e9sent\u00e9s sous la meilleure image possible dans ce qu\u2019il convient de qualifier de la publicit\u00e9 politique, laquelle, rappelons-le, est interdite par l\u2019Instance sup\u00e9rieure ind\u00e9pendante pour les \u00e9lections (Isie) et par la Haute autorit\u00e9 ind\u00e9pendante de la communication audiovisuelle (Haica). <br><\/p>\n\n\n\n<p> Comment alors traquer et, surtout, sanctionner ces m\u00e9dias et ces candidats qui transgressent les lois? C\u2019est tout l\u2019enjeu de la campagne \u00e9lectorale pour la pr\u00e9sidentielle qui va d\u00e9marrer officiellement le 2 septembre prochain, campagne qui, on le craint s\u00e9rieusement, au vu des comportements d\u00e9j\u00e0 constat\u00e9s, ne se d\u00e9roulera pas dans les meilleures conditions de transparence, les tricheurs ayant toujours une longueur d\u2019avance sur les gardiens de la loi, souvent d\u00e9sarm\u00e9s ou complices\u2026 par calcul ou par impuissance. <\/p>\n\n\n\n<h3 class=\"wp-block-heading\">Articles du m\u00eame auteur dans Kapitalis : <\/h3>\n\n\n\n<figure class=\"wp-block-embed is-type-rich is-provider-kapitalis\"><div class=\"wp-block-embed__wrapper\">\n<blockquote class=\"wp-embedded-content\" data-secret=\"sjCdkNUdCf\"><a href=\"https:\/\/kapitalis.com\/tunisie\/2019\/08\/27\/affaire-karoui-les-pressions-sur-la-justice-ne-serviront-qua-attiser-les-tensions\/\">Retour sur l\u2019affaire Karoui : Les pressions sur la justice ne serviront qu\u2019\u00e0 attiser les tensions<\/a><\/blockquote><iframe loading=\"lazy\" class=\"wp-embedded-content\" sandbox=\"allow-scripts\" security=\"restricted\" style=\"position: absolute; clip: rect(1px, 1px, 1px, 1px);\" title=\"\u00ab\u00a0Retour sur l\u2019affaire Karoui : Les pressions sur la justice ne serviront qu\u2019\u00e0 attiser les tensions\u00a0\u00bb &#8212; Kapitalis\" src=\"https:\/\/kapitalis.com\/tunisie\/2019\/08\/27\/affaire-karoui-les-pressions-sur-la-justice-ne-serviront-qua-attiser-les-tensions\/embed\/#?secret=lQX4zo2MN2#?secret=sjCdkNUdCf\" data-secret=\"sjCdkNUdCf\" width=\"600\" height=\"338\" frameborder=\"0\" marginwidth=\"0\" marginheight=\"0\" scrolling=\"no\"><\/iframe>\n<\/div><\/figure>\n\n\n\n<figure class=\"wp-block-embed is-type-rich is-provider-kapitalis\"><div class=\"wp-block-embed__wrapper\">\n<blockquote class=\"wp-embedded-content\" data-secret=\"AYkASV1uxQ\"><a href=\"https:\/\/kapitalis.com\/tunisie\/2019\/08\/23\/le-prochain-president-de-la-tunisie-doit-etre-a-la-fois-un-homme-integre-et-un-grand-tribun\/\">Le prochain pr\u00e9sident de la Tunisie doit \u00eatre, \u00e0 la fois, un homme int\u00e8gre et un grand tribun<\/a><\/blockquote><iframe loading=\"lazy\" class=\"wp-embedded-content\" sandbox=\"allow-scripts\" security=\"restricted\" style=\"position: absolute; clip: rect(1px, 1px, 1px, 1px);\" title=\"\u00ab\u00a0Le prochain pr\u00e9sident de la Tunisie doit \u00eatre, \u00e0 la fois, un homme int\u00e8gre et un grand tribun\u00a0\u00bb &#8212; Kapitalis\" src=\"https:\/\/kapitalis.com\/tunisie\/2019\/08\/23\/le-prochain-president-de-la-tunisie-doit-etre-a-la-fois-un-homme-integre-et-un-grand-tribun\/embed\/#?secret=kPBSz5BN6u#?secret=AYkASV1uxQ\" data-secret=\"AYkASV1uxQ\" width=\"600\" height=\"338\" frameborder=\"0\" marginwidth=\"0\" marginheight=\"0\" scrolling=\"no\"><\/iframe>\n<\/div><\/figure>\n\n\n\n<figure class=\"wp-block-embed is-type-rich is-provider-kapitalis\"><div class=\"wp-block-embed__wrapper\">\n<blockquote class=\"wp-embedded-content\" data-secret=\"pktpb5cV8D\"><a href=\"https:\/\/kapitalis.com\/tunisie\/2019\/08\/17\/medias-et-politique-pourquoi-sami-fehri-roule-t-il-pour-nabil-karoui\/\">M\u00e9dias et politique : Pourquoi Sami Fehri roule-t-il pour Nabil Karoui ?<\/a><\/blockquote><iframe loading=\"lazy\" class=\"wp-embedded-content\" sandbox=\"allow-scripts\" security=\"restricted\" style=\"position: absolute; clip: rect(1px, 1px, 1px, 1px);\" title=\"\u00ab\u00a0M\u00e9dias et politique : Pourquoi Sami Fehri roule-t-il pour Nabil Karoui ?\u00a0\u00bb &#8212; Kapitalis\" src=\"https:\/\/kapitalis.com\/tunisie\/2019\/08\/17\/medias-et-politique-pourquoi-sami-fehri-roule-t-il-pour-nabil-karoui\/embed\/#?secret=DjuccM2951#?secret=pktpb5cV8D\" data-secret=\"pktpb5cV8D\" width=\"600\" height=\"338\" frameborder=\"0\" marginwidth=\"0\" marginheight=\"0\" scrolling=\"no\"><\/iframe>\n<\/div><\/figure>\n","protected":false},"excerpt":{"rendered":"<p>L\u2019affaire n\u2019est pas anodine : un candidat \u00e0 la pr\u00e9sidentielle, Abdelkarim Zbidi, donne son accord pour passer dans une \u00e9mission politique, puis, les responsables de sa campagne interviennent pour demander \u00e0 voir les questions devant lui \u00eatre pos\u00e9es. Par Ridha K\u00e9fi<\/p>\n","protected":false},"author":8,"featured_media":235626,"comment_status":"open","ping_status":"open","sticky":false,"template":"","format":"standard","meta":{"footnotes":""},"categories":[992,996,997,2433],"tags":[19116,1843,499,13610,54991,11246],"class_list":["post-235625","post","type-post","status-publish","format-standard","has-post-thumbnail","hentry","category-a-la-une","category-media","category-politique","category-tunisie","tag-attessia","tag-haica","tag-isie","tag-selim-azzabi","tag-tahya-tounes","tag-youssef-chahed"],"yoast_head":"<!-- This site is optimized with the Yoast SEO plugin v26.6 - https:\/\/yoast.com\/wordpress\/plugins\/seo\/ -->\n<title>La pr\u00e9sidentielle dans les m\u00e9dias ou les le\u00e7ons de l\u2019\u00abaffaire\u00bb Zbidi - Attessia - Kapitalis<\/title>\n<meta name=\"robots\" content=\"index, follow, max-snippet:-1, max-image-preview:large, max-video-preview:-1\" \/>\n<link rel=\"canonical\" href=\"https:\/\/kapitalis.com\/tunisie\/2019\/08\/28\/la-presidentielle-dans-les-medias-ou-les-lecons-de-laffaire-zbidi-attessia\/\" \/>\n<meta property=\"og:locale\" content=\"fr_FR\" \/>\n<meta property=\"og:type\" content=\"article\" \/>\n<meta property=\"og:title\" content=\"La pr\u00e9sidentielle dans les m\u00e9dias ou les le\u00e7ons de l\u2019\u00abaffaire\u00bb Zbidi - Attessia - Kapitalis\" \/>\n<meta property=\"og:description\" content=\"L\u2019affaire n\u2019est pas anodine : un candidat \u00e0 la pr\u00e9sidentielle, Abdelkarim Zbidi, donne son accord pour passer dans une \u00e9mission politique, puis, les responsables de sa campagne interviennent pour demander \u00e0 voir les questions devant lui \u00eatre pos\u00e9es. Par Ridha K\u00e9fi\" \/>\n<meta property=\"og:url\" content=\"https:\/\/kapitalis.com\/tunisie\/2019\/08\/28\/la-presidentielle-dans-les-medias-ou-les-lecons-de-laffaire-zbidi-attessia\/\" \/>\n<meta property=\"og:site_name\" content=\"Kapitalis\" \/>\n<meta property=\"article:publisher\" content=\"https:\/\/www.facebook.com\/KapitalisInfo\/\" \/>\n<meta property=\"article:published_time\" content=\"2019-08-28T09:52:58+00:00\" \/>\n<meta property=\"article:modified_time\" content=\"2019-08-28T10:04:55+00:00\" \/>\n<meta property=\"og:image\" content=\"https:\/\/kapitalis.com\/tunisie\/wp-content\/uploads\/2022\/05\/kapitalis-logo-fb.png\" \/>\n\t<meta property=\"og:image:width\" content=\"1200\" \/>\n\t<meta property=\"og:image:height\" content=\"630\" \/>\n\t<meta property=\"og:image:type\" content=\"image\/png\" \/>\n<meta name=\"author\" content=\"webmaster kapitalis\" \/>\n<meta name=\"twitter:card\" content=\"summary_large_image\" \/>\n<meta name=\"twitter:creator\" content=\"@KapitalisInfo\" \/>\n<meta name=\"twitter:site\" content=\"@KapitalisInfo\" \/>\n<meta name=\"twitter:label1\" content=\"\u00c9crit par\" \/>\n\t<meta name=\"twitter:data1\" content=\"webmaster kapitalis\" \/>\n\t<meta name=\"twitter:label2\" content=\"Dur\u00e9e de lecture estim\u00e9e\" \/>\n\t<meta name=\"twitter:data2\" content=\"5 minutes\" \/>\n<script type=\"application\/ld+json\" class=\"yoast-schema-graph\">{\"@context\":\"https:\/\/schema.org\",\"@graph\":[{\"@type\":\"Article\",\"@id\":\"https:\/\/kapitalis.com\/tunisie\/2019\/08\/28\/la-presidentielle-dans-les-medias-ou-les-lecons-de-laffaire-zbidi-attessia\/#article\",\"isPartOf\":{\"@id\":\"https:\/\/kapitalis.com\/tunisie\/2019\/08\/28\/la-presidentielle-dans-les-medias-ou-les-lecons-de-laffaire-zbidi-attessia\/\"},\"author\":{\"name\":\"webmaster kapitalis\",\"@id\":\"https:\/\/kapitalis.com\/tunisie\/#\/schema\/person\/d71f33a9ca44f7bad4698210b480c8e9\"},\"headline\":\"La pr\u00e9sidentielle dans les m\u00e9dias ou les le\u00e7ons de l\u2019\u00abaffaire\u00bb Zbidi &#8211; Attessia\",\"datePublished\":\"2019-08-28T09:52:58+00:00\",\"dateModified\":\"2019-08-28T10:04:55+00:00\",\"mainEntityOfPage\":{\"@id\":\"https:\/\/kapitalis.com\/tunisie\/2019\/08\/28\/la-presidentielle-dans-les-medias-ou-les-lecons-de-laffaire-zbidi-attessia\/\"},\"wordCount\":945,\"commentCount\":11,\"publisher\":{\"@id\":\"https:\/\/kapitalis.com\/tunisie\/#organization\"},\"image\":{\"@id\":\"https:\/\/kapitalis.com\/tunisie\/2019\/08\/28\/la-presidentielle-dans-les-medias-ou-les-lecons-de-laffaire-zbidi-attessia\/#primaryimage\"},\"thumbnailUrl\":\"\",\"keywords\":[\"Attessia\",\"Haica\",\"Isie\",\"S\u00e9lim Azzabi\",\"Tahya Tounes\",\"Youssef Chahed\"],\"articleSection\":[\"A LA UNE\",\"MEDIA\",\"POLITIQUE\",\"Tunisie\"],\"inLanguage\":\"fr-FR\",\"potentialAction\":[{\"@type\":\"CommentAction\",\"name\":\"Comment\",\"target\":[\"https:\/\/kapitalis.com\/tunisie\/2019\/08\/28\/la-presidentielle-dans-les-medias-ou-les-lecons-de-laffaire-zbidi-attessia\/#respond\"]}]},{\"@type\":\"WebPage\",\"@id\":\"https:\/\/kapitalis.com\/tunisie\/2019\/08\/28\/la-presidentielle-dans-les-medias-ou-les-lecons-de-laffaire-zbidi-attessia\/\",\"url\":\"https:\/\/kapitalis.com\/tunisie\/2019\/08\/28\/la-presidentielle-dans-les-medias-ou-les-lecons-de-laffaire-zbidi-attessia\/\",\"name\":\"La pr\u00e9sidentielle dans les m\u00e9dias ou les le\u00e7ons de l\u2019\u00abaffaire\u00bb Zbidi - Attessia - Kapitalis\",\"isPartOf\":{\"@id\":\"https:\/\/kapitalis.com\/tunisie\/#website\"},\"primaryImageOfPage\":{\"@id\":\"https:\/\/kapitalis.com\/tunisie\/2019\/08\/28\/la-presidentielle-dans-les-medias-ou-les-lecons-de-laffaire-zbidi-attessia\/#primaryimage\"},\"image\":{\"@id\":\"https:\/\/kapitalis.com\/tunisie\/2019\/08\/28\/la-presidentielle-dans-les-medias-ou-les-lecons-de-laffaire-zbidi-attessia\/#primaryimage\"},\"thumbnailUrl\":\"\",\"datePublished\":\"2019-08-28T09:52:58+00:00\",\"dateModified\":\"2019-08-28T10:04:55+00:00\",\"breadcrumb\":{\"@id\":\"https:\/\/kapitalis.com\/tunisie\/2019\/08\/28\/la-presidentielle-dans-les-medias-ou-les-lecons-de-laffaire-zbidi-attessia\/#breadcrumb\"},\"inLanguage\":\"fr-FR\",\"potentialAction\":[{\"@type\":\"ReadAction\",\"target\":[\"https:\/\/kapitalis.com\/tunisie\/2019\/08\/28\/la-presidentielle-dans-les-medias-ou-les-lecons-de-laffaire-zbidi-attessia\/\"]}]},{\"@type\":\"ImageObject\",\"inLanguage\":\"fr-FR\",\"@id\":\"https:\/\/kapitalis.com\/tunisie\/2019\/08\/28\/la-presidentielle-dans-les-medias-ou-les-lecons-de-laffaire-zbidi-attessia\/#primaryimage\",\"url\":\"\",\"contentUrl\":\"\"},{\"@type\":\"BreadcrumbList\",\"@id\":\"https:\/\/kapitalis.com\/tunisie\/2019\/08\/28\/la-presidentielle-dans-les-medias-ou-les-lecons-de-laffaire-zbidi-attessia\/#breadcrumb\",\"itemListElement\":[{\"@type\":\"ListItem\",\"position\":1,\"name\":\"Accueil\",\"item\":\"https:\/\/kapitalis.com\/tunisie\/\"},{\"@type\":\"ListItem\",\"position\":2,\"name\":\"La pr\u00e9sidentielle dans les m\u00e9dias ou les le\u00e7ons de l\u2019\u00abaffaire\u00bb Zbidi &#8211; Attessia\"}]},{\"@type\":\"WebSite\",\"@id\":\"https:\/\/kapitalis.com\/tunisie\/#website\",\"url\":\"https:\/\/kapitalis.com\/tunisie\/\",\"name\":\"Kapitalis\",\"description\":\"L&#039;actualit\u00e9 en Tunisie et dans le monde\",\"publisher\":{\"@id\":\"https:\/\/kapitalis.com\/tunisie\/#organization\"},\"potentialAction\":[{\"@type\":\"SearchAction\",\"target\":{\"@type\":\"EntryPoint\",\"urlTemplate\":\"https:\/\/kapitalis.com\/tunisie\/?s={search_term_string}\"},\"query-input\":{\"@type\":\"PropertyValueSpecification\",\"valueRequired\":true,\"valueName\":\"search_term_string\"}}],\"inLanguage\":\"fr-FR\"},{\"@type\":\"Organization\",\"@id\":\"https:\/\/kapitalis.com\/tunisie\/#organization\",\"name\":\"Kapitalis\",\"url\":\"https:\/\/kapitalis.com\/tunisie\/\",\"logo\":{\"@type\":\"ImageObject\",\"inLanguage\":\"fr-FR\",\"@id\":\"https:\/\/kapitalis.com\/tunisie\/#\/schema\/logo\/image\/\",\"url\":\"https:\/\/kapitalis.com\/tunisie\/wp-content\/uploads\/2022\/05\/Kapitalis-big-size.png\",\"contentUrl\":\"https:\/\/kapitalis.com\/tunisie\/wp-content\/uploads\/2022\/05\/Kapitalis-big-size.png\",\"width\":5000,\"height\":1500,\"caption\":\"Kapitalis\"},\"image\":{\"@id\":\"https:\/\/kapitalis.com\/tunisie\/#\/schema\/logo\/image\/\"},\"sameAs\":[\"https:\/\/www.facebook.com\/KapitalisInfo\/\",\"https:\/\/x.com\/KapitalisInfo\",\"https:\/\/www.youtube.com\/channel\/UC-yDYrHyfFBWWZaOw3FPg9Q\"]},{\"@type\":\"Person\",\"@id\":\"https:\/\/kapitalis.com\/tunisie\/#\/schema\/person\/d71f33a9ca44f7bad4698210b480c8e9\",\"name\":\"webmaster kapitalis\",\"url\":\"https:\/\/kapitalis.com\/tunisie\/author\/webmaster-kapitalis\/\"}]}<\/script>\n<!-- \/ Yoast SEO plugin. -->","yoast_head_json":{"title":"La pr\u00e9sidentielle dans les m\u00e9dias ou les le\u00e7ons de l\u2019\u00abaffaire\u00bb Zbidi - Attessia - Kapitalis","robots":{"index":"index","follow":"follow","max-snippet":"max-snippet:-1","max-image-preview":"max-image-preview:large","max-video-preview":"max-video-preview:-1"},"canonical":"https:\/\/kapitalis.com\/tunisie\/2019\/08\/28\/la-presidentielle-dans-les-medias-ou-les-lecons-de-laffaire-zbidi-attessia\/","og_locale":"fr_FR","og_type":"article","og_title":"La pr\u00e9sidentielle dans les m\u00e9dias ou les le\u00e7ons de l\u2019\u00abaffaire\u00bb Zbidi - Attessia - Kapitalis","og_description":"L\u2019affaire n\u2019est pas anodine : un candidat \u00e0 la pr\u00e9sidentielle, Abdelkarim Zbidi, donne son accord pour passer dans une \u00e9mission politique, puis, les responsables de sa campagne interviennent pour demander \u00e0 voir les questions devant lui \u00eatre pos\u00e9es. Par Ridha K\u00e9fi","og_url":"https:\/\/kapitalis.com\/tunisie\/2019\/08\/28\/la-presidentielle-dans-les-medias-ou-les-lecons-de-laffaire-zbidi-attessia\/","og_site_name":"Kapitalis","article_publisher":"https:\/\/www.facebook.com\/KapitalisInfo\/","article_published_time":"2019-08-28T09:52:58+00:00","article_modified_time":"2019-08-28T10:04:55+00:00","og_image":[{"width":1200,"height":630,"url":"https:\/\/kapitalis.com\/tunisie\/wp-content\/uploads\/2022\/05\/kapitalis-logo-fb.png","type":"image\/png"}],"author":"webmaster kapitalis","twitter_card":"summary_large_image","twitter_creator":"@KapitalisInfo","twitter_site":"@KapitalisInfo","twitter_misc":{"\u00c9crit par":"webmaster kapitalis","Dur\u00e9e de lecture estim\u00e9e":"5 minutes"},"schema":{"@context":"https:\/\/schema.org","@graph":[{"@type":"Article","@id":"https:\/\/kapitalis.com\/tunisie\/2019\/08\/28\/la-presidentielle-dans-les-medias-ou-les-lecons-de-laffaire-zbidi-attessia\/#article","isPartOf":{"@id":"https:\/\/kapitalis.com\/tunisie\/2019\/08\/28\/la-presidentielle-dans-les-medias-ou-les-lecons-de-laffaire-zbidi-attessia\/"},"author":{"name":"webmaster kapitalis","@id":"https:\/\/kapitalis.com\/tunisie\/#\/schema\/person\/d71f33a9ca44f7bad4698210b480c8e9"},"headline":"La pr\u00e9sidentielle dans les m\u00e9dias ou les le\u00e7ons de l\u2019\u00abaffaire\u00bb Zbidi &#8211; Attessia","datePublished":"2019-08-28T09:52:58+00:00","dateModified":"2019-08-28T10:04:55+00:00","mainEntityOfPage":{"@id":"https:\/\/kapitalis.com\/tunisie\/2019\/08\/28\/la-presidentielle-dans-les-medias-ou-les-lecons-de-laffaire-zbidi-attessia\/"},"wordCount":945,"commentCount":11,"publisher":{"@id":"https:\/\/kapitalis.com\/tunisie\/#organization"},"image":{"@id":"https:\/\/kapitalis.com\/tunisie\/2019\/08\/28\/la-presidentielle-dans-les-medias-ou-les-lecons-de-laffaire-zbidi-attessia\/#primaryimage"},"thumbnailUrl":"","keywords":["Attessia","Haica","Isie","S\u00e9lim Azzabi","Tahya Tounes","Youssef Chahed"],"articleSection":["A LA UNE","MEDIA","POLITIQUE","Tunisie"],"inLanguage":"fr-FR","potentialAction":[{"@type":"CommentAction","name":"Comment","target":["https:\/\/kapitalis.com\/tunisie\/2019\/08\/28\/la-presidentielle-dans-les-medias-ou-les-lecons-de-laffaire-zbidi-attessia\/#respond"]}]},{"@type":"WebPage","@id":"https:\/\/kapitalis.com\/tunisie\/2019\/08\/28\/la-presidentielle-dans-les-medias-ou-les-lecons-de-laffaire-zbidi-attessia\/","url":"https:\/\/kapitalis.com\/tunisie\/2019\/08\/28\/la-presidentielle-dans-les-medias-ou-les-lecons-de-laffaire-zbidi-attessia\/","name":"La pr\u00e9sidentielle dans les m\u00e9dias ou les le\u00e7ons de l\u2019\u00abaffaire\u00bb Zbidi - Attessia - Kapitalis","isPartOf":{"@id":"https:\/\/kapitalis.com\/tunisie\/#website"},"primaryImageOfPage":{"@id":"https:\/\/kapitalis.com\/tunisie\/2019\/08\/28\/la-presidentielle-dans-les-medias-ou-les-lecons-de-laffaire-zbidi-attessia\/#primaryimage"},"image":{"@id":"https:\/\/kapitalis.com\/tunisie\/2019\/08\/28\/la-presidentielle-dans-les-medias-ou-les-lecons-de-laffaire-zbidi-attessia\/#primaryimage"},"thumbnailUrl":"","datePublished":"2019-08-28T09:52:58+00:00","dateModified":"2019-08-28T10:04:55+00:00","breadcrumb":{"@id":"https:\/\/kapitalis.com\/tunisie\/2019\/08\/28\/la-presidentielle-dans-les-medias-ou-les-lecons-de-laffaire-zbidi-attessia\/#breadcrumb"},"inLanguage":"fr-FR","potentialAction":[{"@type":"ReadAction","target":["https:\/\/kapitalis.com\/tunisie\/2019\/08\/28\/la-presidentielle-dans-les-medias-ou-les-lecons-de-laffaire-zbidi-attessia\/"]}]},{"@type":"ImageObject","inLanguage":"fr-FR","@id":"https:\/\/kapitalis.com\/tunisie\/2019\/08\/28\/la-presidentielle-dans-les-medias-ou-les-lecons-de-laffaire-zbidi-attessia\/#primaryimage","url":"","contentUrl":""},{"@type":"BreadcrumbList","@id":"https:\/\/kapitalis.com\/tunisie\/2019\/08\/28\/la-presidentielle-dans-les-medias-ou-les-lecons-de-laffaire-zbidi-attessia\/#breadcrumb","itemListElement":[{"@type":"ListItem","position":1,"name":"Accueil","item":"https:\/\/kapitalis.com\/tunisie\/"},{"@type":"ListItem","position":2,"name":"La pr\u00e9sidentielle dans les m\u00e9dias ou les le\u00e7ons de l\u2019\u00abaffaire\u00bb Zbidi &#8211; Attessia"}]},{"@type":"WebSite","@id":"https:\/\/kapitalis.com\/tunisie\/#website","url":"https:\/\/kapitalis.com\/tunisie\/","name":"Kapitalis","description":"L&#039;actualit\u00e9 en Tunisie et dans le monde","publisher":{"@id":"https:\/\/kapitalis.com\/tunisie\/#organization"},"potentialAction":[{"@type":"SearchAction","target":{"@type":"EntryPoint","urlTemplate":"https:\/\/kapitalis.com\/tunisie\/?s={search_term_string}"},"query-input":{"@type":"PropertyValueSpecification","valueRequired":true,"valueName":"search_term_string"}}],"inLanguage":"fr-FR"},{"@type":"Organization","@id":"https:\/\/kapitalis.com\/tunisie\/#organization","name":"Kapitalis","url":"https:\/\/kapitalis.com\/tunisie\/","logo":{"@type":"ImageObject","inLanguage":"fr-FR","@id":"https:\/\/kapitalis.com\/tunisie\/#\/schema\/logo\/image\/","url":"https:\/\/kapitalis.com\/tunisie\/wp-content\/uploads\/2022\/05\/Kapitalis-big-size.png","contentUrl":"https:\/\/kapitalis.com\/tunisie\/wp-content\/uploads\/2022\/05\/Kapitalis-big-size.png","width":5000,"height":1500,"caption":"Kapitalis"},"image":{"@id":"https:\/\/kapitalis.com\/tunisie\/#\/schema\/logo\/image\/"},"sameAs":["https:\/\/www.facebook.com\/KapitalisInfo\/","https:\/\/x.com\/KapitalisInfo","https:\/\/www.youtube.com\/channel\/UC-yDYrHyfFBWWZaOw3FPg9Q"]},{"@type":"Person","@id":"https:\/\/kapitalis.com\/tunisie\/#\/schema\/person\/d71f33a9ca44f7bad4698210b480c8e9","name":"webmaster kapitalis","url":"https:\/\/kapitalis.com\/tunisie\/author\/webmaster-kapitalis\/"}]}},"_links":{"self":[{"href":"https:\/\/kapitalis.com\/tunisie\/wp-json\/wp\/v2\/posts\/235625","targetHints":{"allow":["GET"]}}],"collection":[{"href":"https:\/\/kapitalis.com\/tunisie\/wp-json\/wp\/v2\/posts"}],"about":[{"href":"https:\/\/kapitalis.com\/tunisie\/wp-json\/wp\/v2\/types\/post"}],"author":[{"embeddable":true,"href":"https:\/\/kapitalis.com\/tunisie\/wp-json\/wp\/v2\/users\/8"}],"replies":[{"embeddable":true,"href":"https:\/\/kapitalis.com\/tunisie\/wp-json\/wp\/v2\/comments?post=235625"}],"version-history":[{"count":0,"href":"https:\/\/kapitalis.com\/tunisie\/wp-json\/wp\/v2\/posts\/235625\/revisions"}],"wp:featuredmedia":[{"embeddable":true,"href":"https:\/\/kapitalis.com\/tunisie\/wp-json\/wp\/v2\/media\/235626"}],"wp:attachment":[{"href":"https:\/\/kapitalis.com\/tunisie\/wp-json\/wp\/v2\/media?parent=235625"}],"wp:term":[{"taxonomy":"category","embeddable":true,"href":"https:\/\/kapitalis.com\/tunisie\/wp-json\/wp\/v2\/categories?post=235625"},{"taxonomy":"post_tag","embeddable":true,"href":"https:\/\/kapitalis.com\/tunisie\/wp-json\/wp\/v2\/tags?post=235625"}],"curies":[{"name":"wp","href":"https:\/\/api.w.org\/{rel}","templated":true}]}}