{"id":235659,"date":"2019-08-28T15:06:46","date_gmt":"2019-08-28T14:06:46","guid":{"rendered":"http:\/\/kapitalis.com\/tunisie\/?p=235659"},"modified":"2019-08-28T15:06:50","modified_gmt":"2019-08-28T14:06:50","slug":"tunisie-le-proche-orient-nouveau-front-de-la-campagne-presidentielle","status":"publish","type":"post","link":"https:\/\/kapitalis.com\/tunisie\/2019\/08\/28\/tunisie-le-proche-orient-nouveau-front-de-la-campagne-presidentielle\/","title":{"rendered":"Tunisie : Le Proche Orient, nouveau front de la campagne pr\u00e9sidentielle"},"content":{"rendered":"\n<figure class=\"wp-block-image\"><img decoding=\"async\" src=\"http:\/\/kapitalis.com\/tunisie\/wp-content\/uploads\/2019\/08\/Palais-de-Carthage.jpg\" alt=\"\" class=\"wp-image-233575\"\/><\/figure>\n\n\n\n<p><strong><em>On peut craindre que, dans la course actuelle \u00e0 l\u2019investiture supr\u00eame, en Tunisie, des partis politiques, des candidats et des m\u00e9dias d\u00e9nu\u00e9s de tout scrupule, fassent porter \u00e0 tel candidat l\u2019\u00e9tiquette du sioniste, et \u00e0 tel autre, le turban noir du r\u00e9sistant, au risque de trahir la confiance des \u00e9lecteurs et de ternir la cr\u00e9dibilit\u00e9 et la r\u00e9putation de l\u2019Etat tunisien.<\/em><\/strong><br><\/p>\n\n\n\n<p> Par <strong>Mounir Hanablia<\/strong> *<br><\/p>\n\n\n\n<!--more-->\n\n\n\n<p> Peu de Tunisiens ont sans doute regard\u00e9 l\u2019allocution du chef du Hezbollah, dimanche 25 ao\u00fbt 2019, \u00e0 la t\u00e9l\u00e9vision apr\u00e8s les attaques de drones contre quelques unes des positions des forces de son parti \u00e0 Beyrouth et \u00e0 Damas. <\/p>\n\n\n\n<p>Le plus \u00e9trange c\u2019est que le lendemain la Radio culturelle relevant de l\u2019Etablissement de la radio nationale en a diffus\u00e9 des extraits, particuli\u00e8rement ceux o\u00f9 il annon\u00e7ait qu\u2019il ferait tout ce qui est possible pour abattre d\u00e9sormais tout appareil de ce genre qui s\u2019aventurerait au-dessus du territoire libanais. <\/p>\n\n\n\n<p> Le m\u00eame jour, \u00e0 la m\u00eame heure, une radio priv\u00e9e tunisienne, ML, \u00e9voquait l\u2019interview accord\u00e9e \u00e0 la cha\u00eene isra\u00e9lienne i24 par un Tunisien arabe, un certain Mondher Guefrach, se pr\u00e9sentant comme un membre de la campagne \u00e9lectorale de Abdelkarim Zbidi, dans laquelle il annon\u00e7ait qu\u2019en cas de victoire aux \u00e9lections pr\u00e9sidentielles, la Tunisie normaliserait ses relations diplomatiques avec l\u2019Etat juif. Evidemment le staff de campagne de M. Zbidi, en prenant connaissance de ces propos, a imm\u00e9diatement d\u00e9menti conna\u00eetre l\u2019individu en question ni l\u2019avoir mandat\u00e9 pour parler d\u2019une quelconque mani\u00e8re en son nom. <br><\/p>\n\n\n\n<p>Ces deux faits simultan\u00e9s signifient plusieurs choses, dont la plus importante est le processus fr\u00e9n\u00e9tique engag\u00e9 de r\u00e9cup\u00e9ration politique de l\u2019actualit\u00e9, dans le cadre de la campagne \u00e9lectorale en cours, ainsi que l\u2019a amplement d\u00e9montr\u00e9 la tentative d\u2019implication du ministre de la D\u00e9fense par radio ML, dont le commentateur a certes pris soin de souligner son scepticisme concernant la v\u00e9racit\u00e9 de l\u2019information, apr\u00e8s avoir fait \u00e9tat du d\u00e9menti apport\u00e9 par l\u2019int\u00e9ress\u00e9, mais en sugg\u00e9rant au passage tout de m\u00eame que M. Zbidi ne ma\u00eetrisant pas l\u2019art de la communication, il n\u2019\u00e9tait pas surprenant que de telles tentatives pour lui nuire aient lieu. <br><\/p>\n\n\n\n<h3 class=\"wp-block-heading\">La machine \u00e0 propagande \u00e9lectorale mise en branle<br><\/h3>\n\n\n\n<p> Autrement dit, en admettant que le speaker en ait \u00e9t\u00e9 le porte-parole, le message que l\u2019on voulait diffuser aupr\u00e8s du public, c\u2019est-\u00e0-dire le corps \u00e9lectoral tunisien, serait le suivant : M. Zbidi \u00e9tait certes une victime, mais avant tout celle de son incomp\u00e9tence. Et pour peu qu\u2019on admettrait que le candidat ne soit pas celui des sionistes, ce dont certainement nombre de ses concurrents ne se feront pas faute de l\u2019accuser apr\u00e8s cette affaire, son incapacit\u00e9 \u00e0 convaincre l\u2019exclurait automatiquement de la course \u00e0 la pr\u00e9sidence dans un pays o\u00f9 le dernier pr\u00e9sident, B\u00e9ji Caid Essebsi, avait pourtant laiss\u00e9 le souvenir d\u2019une ma\u00eetrise parfaite de l\u2019art de la rh\u00e9torique, fort nuanc\u00e9 certes par celui des promesses \u00e9lectorales non tenues. <br><\/p>\n\n\n\n<p> Cependant, la machine \u00e0 propagande \u00e9lectorale mise en branle, dont certains m\u00e9dias se font l\u2019\u00e9cho, ignore dans le cas pr\u00e9cis une r\u00e9alit\u00e9, celle que M. Zbidi demeure le ministre de la D\u00e9fense en exercice qui a, presque sans discontinuer, si\u00e9g\u00e9 \u00e0 son poste depuis 2011, et qui, dans les difficiles conditions que le pays a travers\u00e9es, s\u2019est montr\u00e9 autant soucieux de s\u2019acquitter de sa t\u00e2che avec efficacit\u00e9, honneur et conscience, celle de prot\u00e9ger la s\u00e9curit\u00e9 et l\u2019int\u00e9grit\u00e9 du pays, que de respecter l\u2019esprit et la lettre de la Constitution et de l\u00e9galit\u00e9, en particulier en d\u00e9missionnant de son poste de responsabilit\u00e9 politique. <br><\/p>\n\n\n\n<p> La question qui se pose est donc bien \u00e9videmment de savoir dans quelle mesure une cha\u00eene de radio priv\u00e9e a ainsi le droit de porter un jugement d\u2019une mani\u00e8re aussi directe sur un candidat aux \u00e9lections sans susciter de la part de la Haute autorit\u00e9 ind\u00e9pendante de la communication audiovisuelle (Haica) une salutaire intervention, particuli\u00e8rement apr\u00e8s le r\u00f4le jou\u00e9 par la cha\u00eene Nessma dans la mont\u00e9e au pinacle de son patron, \u00e9galement candidat \u00e0 la pr\u00e9sidentielle, Nabil Karoui. Mais pr\u00e9tendre que les cha\u00eenes et radios publiques ne soient pas en reste serait certes un euph\u00e9misme. Dans un monde arabe et musulman, o\u00f9 l\u2019id\u00e9e d\u2019unit\u00e9 subit  depuis 1917 une cascade ininterrompue de d\u00e9faites politiques, militaires, et qui depuis 2001 est mis au ban de la civilisation,  l\u2019inconscient collectif cache sans doute toujours le r\u00eave d\u2019un leader charismatique ma\u00eetrisant le verbe qui, \u00e0 l\u2019instar du proph\u00e8te Mohamed, le m\u00e8nerait \u00e0 la victoire, le discours fort du chef du Hezbollah annon\u00e7ant la destruction de deux drones isra\u00e9liens et promettant des repr\u00e9sailles pr\u00e9cises et significatives contre les actes d\u2019agression de l\u2019arm\u00e9e isra\u00e9lienne, n\u2019est sans aucun doute pas pass\u00e9 inaper\u00e7u, malgr\u00e9 le clivage sunnite-chiite et le conflit entre l\u2019Iran et l\u2019Arabie Saoudite. <br><\/p>\n\n\n\n<h3 class=\"wp-block-heading\"> L\u2019\u00e9tiquette du sioniste et le turban noir du r\u00e9sistant<br><\/h3>\n\n\n\n<p> On ne peut certes pas reprocher \u00e0 un patriote quel qu\u2019il soit, sauf \u00e9videmment en Tunisie, quand il se nomme Abdelkarim Zbidi, de d\u00e9fendre son pays contre des agressions ext\u00e9rieures, particuli\u00e8rement quand celles-ci sont sanglantes et s\u2019accompagnent de destructions, et on ne peut pas reprocher aux m\u00e9dias du pays en question de s\u2019en faire l\u2019\u00e9cho ni de glorifier la r\u00e9sistance, quand la s\u00e9curit\u00e9 de ce pays est en cause. <br><\/p>\n\n\n\n<p> Certes, ceci dit, on ne peut d\u00e9j\u00e0 que s\u2019\u00e9tonner qu\u2019une station radio publique, d\u00e9di\u00e9e \u00e0 la Culture, se transforme en une cha\u00eene v\u00e9hiculant des informations et des discussions politiques d\u2019actualit\u00e9. Il y a en principe d\u2019autres cha\u00eenes pour cela, autant publiques que priv\u00e9es, qui diffusent r\u00e9guli\u00e8rement des bulletins d\u2019informations, mais o\u00f9 les d\u00e9clarations diffus\u00e9es sont celles de personnalit\u00e9s nationales, ministres, syndicalistes, d\u00e9put\u00e9s, responsables administratifs, simples citoyens, et se rapportant \u00e0 des pr\u00e9occupations du moment. <br><\/p>\n\n\n\n<p> En reprenant donc les passages guerriers du discours de M. Nasrallah, un homme \u00e0 la t\u00eate d\u2019une organisation capable de ma\u00eetriser quelques unes des technologies modernes les plus complexes au point de se d\u00e9fendre contre les agressions d\u2019un pays beaucoup plus puissant, et de briser ainsi l\u2019image raciste de l\u2019Arabo-musulman trop born\u00e9 ou paresseux pour avoir droit \u00e0 la libert\u00e9 et la dignit\u00e9, la radio publique consacr\u00e9e \u00e0 la culture et sans doute sous la houlette du minist\u00e8re des Technologies de l\u2019information et de l\u2019Economie num\u00e9rique ( MTIEN ), a n\u00e9anmoins fait une s\u00e9rieuse entorse \u00e0 sa mission, m\u00eame si en le faisant, elle a fait vibrer quelque peu la fibre patriotique arabe momifi\u00e9e dans nos c\u0153urs depuis des d\u00e9cennies, ce dont tous ceux qui ont v\u00e9cu la grande vague du nationalisme arabe \u00e0 l\u2019\u00e9poque de feu le pr\u00e9sident Nasser lui sauraient gr\u00e9 pour avoir ainsi fait resurgir des souvenirs li\u00e9s \u00e0 leurs  jeunesses. <br><\/p>\n\n\n\n<p> On peut supputer que cette initiative ob\u00e9isse \u00e0 des consid\u00e9rations opportunistes internes, probablement \u00e9lectorales, d\u2019origine islamiste et se drapant de l\u2019aura de la r\u00e9sistance \u00e0 l\u2019imp\u00e9rialisme et au sionisme, ou du patriotisme, et dont l\u2019Etat, c\u2019est-\u00e0-dire ses dirigeants, en tant que patron des m\u00e9dias publiques, s\u2019attribuerait en dernier lieu le m\u00e9rite. <br><\/p>\n\n\n\n<p> Il n\u2019en demeure pas moins , qu\u2019en se faisant la tribune des propos d\u2019un parti politique \u00e9tranger, acteur d\u2019un conflit complexe de dimension plan\u00e9taire, et consid\u00e9r\u00e9 par plusieurs pays comme un parti terroriste, la radio publique normalement consacr\u00e9e \u00e0 la Culture, s\u2019est faite l\u2019\u00e9cho d\u2019une prise de position irresponsable engageant  l\u2019Etat tunisien sur la sc\u00e8ne mondiale, et pas de la meilleure mani\u00e8re, alors que l\u2019ind\u00e9pendance nationale est de plus en plus ali\u00e9n\u00e9e par une dette ext\u00e9rieure croissante, dont le r\u00e9\u00e9chelonnement n\u00e9cessite la bienveillance des cr\u00e9diteurs . <br><\/p>\n\n\n\n<p> Ceci rappelle bien \u00e9videmment l\u2019\u00e9poque de l\u2019attaque de l\u2019ambassade am\u00e9ricaine \u00e0 Tunis, en septembre 2012, o\u00f9 le parti Ennahdha alors au pouvoir, avait adopt\u00e9 une attitude schizophr\u00e8ne, celle de cultiver la bienveillance des Etats-Unis, tout en prenant bien soin de m\u00e9nager ceux en qui il voyait des alli\u00e9s naturels dans son grand projet de changer la soci\u00e9t\u00e9, les jihadistes de Ansar Charia. Ceci rappelle quelque peu la politique adopt\u00e9e par M. Chahed, celle de tol\u00e9rer \u2013 pour asseoir sa majorit\u00e9 parlementaire \u2013 des cha\u00eenes officiellement coraniques mais qui ne se privent pas prendre des prises de position politiques plusieurs fois par jour, ou de r\u00e9sister aux d\u00e9cisions de la Haica ou de la justice. On peut sans risque de se tromper pr\u00e9tendre \u00e9galement que les m\u00e9dias publics soient noyaut\u00e9s par des \u00e9l\u00e9ments pas toujours bien intentionn\u00e9s, mais que l\u2019on tol\u00e8re, naturellement, au nom de consid\u00e9rations politiques. <br><\/p>\n\n\n\n<p> Finalement, si dans la course \u00e0 l\u2019investiture supr\u00eame, M. Zbidi finisse par porter l\u2019\u00e9tiquette du sioniste, qui en tant que ministre de la D\u00e9fense nous avait tout de m\u00eame prot\u00e9g\u00e9s avec quelle efficacit\u00e9 du terrorisme int\u00e9rieur ou ext\u00e9rieur, et M. Chahed, le turban noir du r\u00e9sistant, on ne le vaudra qu\u2019\u00e0 des partis politiques et des candidats d\u00e9nu\u00e9s de tout scrupule, trahissant la confiance des \u00e9lecteurs et ternissant la cr\u00e9dibilit\u00e9 et la r\u00e9putation de l\u2019Etat tunisien.<br><\/p>\n\n\n\n<p><em>*  Cardiologue, Gammarth, La Marsa.  <\/em><\/p>\n\n\n\n<h3 class=\"wp-block-heading\"><em>Article li\u00e9 : <\/em><\/h3>\n\n\n\n<figure class=\"wp-block-embed is-type-rich is-provider-kapitalis\"><div class=\"wp-block-embed__wrapper\">\n<blockquote class=\"wp-embedded-content\" data-secret=\"9ueLSL53ew\"><a href=\"https:\/\/kapitalis.com\/tunisie\/2019\/08\/25\/mondher-guerfrach-sur-la-chaine-i24-m-zbidi-pourrait-oeuvrer-pour-letablissement-des-relations-entre-la-tunisie-et-israel\/\">Mondher Guerfrach sur la cha\u00eene i24 : M. Zbidi pourrait \u0153uvrer pour l&rsquo;\u00e9tablissement des relations entre la Tunisie et Isra\u00ebl<\/a><\/blockquote><iframe loading=\"lazy\" class=\"wp-embedded-content\" sandbox=\"allow-scripts\" security=\"restricted\" style=\"position: absolute; clip: rect(1px, 1px, 1px, 1px);\" title=\"\u00ab\u00a0Mondher Guerfrach sur la cha\u00eene i24 : M. Zbidi pourrait \u0153uvrer pour l&rsquo;\u00e9tablissement des relations entre la Tunisie et Isra\u00ebl\u00a0\u00bb &#8212; Kapitalis\" src=\"https:\/\/kapitalis.com\/tunisie\/2019\/08\/25\/mondher-guerfrach-sur-la-chaine-i24-m-zbidi-pourrait-oeuvrer-pour-letablissement-des-relations-entre-la-tunisie-et-israel\/embed\/#?secret=Hxtcgfn06m#?secret=9ueLSL53ew\" data-secret=\"9ueLSL53ew\" width=\"600\" height=\"338\" frameborder=\"0\" marginwidth=\"0\" marginheight=\"0\" scrolling=\"no\"><\/iframe>\n<\/div><\/figure>\n\n\n\n<h3 class=\"wp-block-heading\"><em>Articles du m\u00eame auteur dans Kapitalis : <\/em><\/h3>\n\n\n\n<figure class=\"wp-block-embed is-type-rich is-provider-kapitalis\"><div class=\"wp-block-embed__wrapper\">\n<blockquote class=\"wp-embedded-content\" data-secret=\"JxK4opGNgg\"><a href=\"https:\/\/kapitalis.com\/tunisie\/2019\/07\/03\/les-mysteres-de-tunis-entre-attentats-kamikazes-et-rumeurs-de-coup-detat\/\">Les myst\u00e8res de Tunis entre attentats kamikazes et rumeurs de coup d\u2019Etat<\/a><\/blockquote><iframe loading=\"lazy\" class=\"wp-embedded-content\" sandbox=\"allow-scripts\" security=\"restricted\" style=\"position: absolute; clip: rect(1px, 1px, 1px, 1px);\" title=\"\u00ab\u00a0Les myst\u00e8res de Tunis entre attentats kamikazes et rumeurs de coup d\u2019Etat\u00a0\u00bb &#8212; Kapitalis\" src=\"https:\/\/kapitalis.com\/tunisie\/2019\/07\/03\/les-mysteres-de-tunis-entre-attentats-kamikazes-et-rumeurs-de-coup-detat\/embed\/#?secret=1Feuqq9G75#?secret=JxK4opGNgg\" data-secret=\"JxK4opGNgg\" width=\"600\" height=\"338\" frameborder=\"0\" marginwidth=\"0\" marginheight=\"0\" scrolling=\"no\"><\/iframe>\n<\/div><\/figure>\n\n\n\n<figure class=\"wp-block-embed is-type-rich is-provider-kapitalis\"><div class=\"wp-block-embed__wrapper\">\n<blockquote class=\"wp-embedded-content\" data-secret=\"srwdcVQsjX\"><a href=\"https:\/\/kapitalis.com\/tunisie\/2019\/05\/24\/la-vraie-fausse-affaire-ben-youssef-ou-la-chasse-aux-fantomes\/\">La vraie fausse affaire Ben Youssef o\u00f9 la chasse aux fant\u00f4mes<\/a><\/blockquote><iframe loading=\"lazy\" class=\"wp-embedded-content\" sandbox=\"allow-scripts\" security=\"restricted\" style=\"position: absolute; clip: rect(1px, 1px, 1px, 1px);\" title=\"\u00ab\u00a0La vraie fausse affaire Ben Youssef o\u00f9 la chasse aux fant\u00f4mes\u00a0\u00bb &#8212; Kapitalis\" src=\"https:\/\/kapitalis.com\/tunisie\/2019\/05\/24\/la-vraie-fausse-affaire-ben-youssef-ou-la-chasse-aux-fantomes\/embed\/#?secret=7j3N91e70L#?secret=srwdcVQsjX\" data-secret=\"srwdcVQsjX\" width=\"600\" height=\"338\" frameborder=\"0\" marginwidth=\"0\" marginheight=\"0\" scrolling=\"no\"><\/iframe>\n<\/div><\/figure>\n\n\n\n<figure class=\"wp-block-embed is-type-rich is-provider-kapitalis\"><div class=\"wp-block-embed__wrapper\">\n<blockquote class=\"wp-embedded-content\" data-secret=\"6uPq4r7HhY\"><a href=\"https:\/\/kapitalis.com\/tunisie\/2019\/04\/23\/affaire-des-gardes-francais-a-ras-jedir-poivre-sel-et-fil-blanc\/\">Affaire des \u00abgardes\u00bb fran\u00e7ais \u00e0 Ras Jedir : Poivre, sel, et fil blanc\u2026<\/a><\/blockquote><iframe loading=\"lazy\" class=\"wp-embedded-content\" sandbox=\"allow-scripts\" security=\"restricted\" style=\"position: absolute; clip: rect(1px, 1px, 1px, 1px);\" title=\"\u00ab\u00a0Affaire des \u00abgardes\u00bb fran\u00e7ais \u00e0 Ras Jedir : Poivre, sel, et fil blanc\u2026\u00a0\u00bb &#8212; Kapitalis\" src=\"https:\/\/kapitalis.com\/tunisie\/2019\/04\/23\/affaire-des-gardes-francais-a-ras-jedir-poivre-sel-et-fil-blanc\/embed\/#?secret=VVxkbVHpTJ#?secret=6uPq4r7HhY\" data-secret=\"6uPq4r7HhY\" width=\"600\" height=\"338\" frameborder=\"0\" marginwidth=\"0\" marginheight=\"0\" scrolling=\"no\"><\/iframe>\n<\/div><\/figure>\n","protected":false},"excerpt":{"rendered":"<p>On peut craindre que, dans la course actuelle \u00e0 l\u2019investiture supr\u00eame, en Tunisie, des partis politiques, des candidats et des m\u00e9dias d\u00e9nu\u00e9s de tout scrupule, fassent porter \u00e0 tel candidat l\u2019\u00e9tiquette du sioniste, et \u00e0 tel autre, le turban noir du r\u00e9sistant, au risque de trahir la confiance des \u00e9lecteurs et de ternir la cr\u00e9dibilit\u00e9&#8230;<\/p>\n","protected":false},"author":8,"featured_media":0,"comment_status":"open","ping_status":"open","sticky":false,"template":"","format":"standard","meta":{"footnotes":""},"categories":[992,996,997,1000,2433],"tags":[1108,63229,1843,445,2478,651],"class_list":["post-235659","post","type-post","status-publish","format-standard","hentry","category-a-la-une","category-media","category-politique","category-tribune","category-tunisie","tag-beji-caid-essebsi","tag-election-presidentielle","tag-haica","tag-hezbollah","tag-israel","tag-nabil-karoui"],"yoast_head":"<!-- This site is optimized with the Yoast SEO plugin v26.6 - https:\/\/yoast.com\/wordpress\/plugins\/seo\/ -->\n<title>Tunisie : Le Proche Orient, nouveau front de la campagne pr\u00e9sidentielle - Kapitalis<\/title>\n<meta name=\"robots\" content=\"index, follow, max-snippet:-1, max-image-preview:large, max-video-preview:-1\" \/>\n<link rel=\"canonical\" href=\"https:\/\/kapitalis.com\/tunisie\/2019\/08\/28\/tunisie-le-proche-orient-nouveau-front-de-la-campagne-presidentielle\/\" \/>\n<meta property=\"og:locale\" content=\"fr_FR\" \/>\n<meta property=\"og:type\" content=\"article\" \/>\n<meta property=\"og:title\" content=\"Tunisie : Le Proche Orient, nouveau front de la campagne pr\u00e9sidentielle - Kapitalis\" \/>\n<meta property=\"og:description\" content=\"On peut craindre que, dans la course actuelle \u00e0 l\u2019investiture supr\u00eame, en Tunisie, des partis politiques, des candidats et des m\u00e9dias d\u00e9nu\u00e9s de tout scrupule, fassent porter \u00e0 tel candidat l\u2019\u00e9tiquette du sioniste, et \u00e0 tel autre, le turban noir du r\u00e9sistant, au risque de trahir la confiance des \u00e9lecteurs et de ternir la cr\u00e9dibilit\u00e9...\" \/>\n<meta property=\"og:url\" content=\"https:\/\/kapitalis.com\/tunisie\/2019\/08\/28\/tunisie-le-proche-orient-nouveau-front-de-la-campagne-presidentielle\/\" \/>\n<meta property=\"og:site_name\" content=\"Kapitalis\" \/>\n<meta property=\"article:publisher\" content=\"https:\/\/www.facebook.com\/KapitalisInfo\/\" \/>\n<meta property=\"article:published_time\" content=\"2019-08-28T14:06:46+00:00\" \/>\n<meta property=\"article:modified_time\" content=\"2019-08-28T14:06:50+00:00\" \/>\n<meta property=\"og:image\" content=\"http:\/\/kapitalis.com\/tunisie\/wp-content\/uploads\/2019\/08\/Palais-de-Carthage.jpg\" \/>\n<meta name=\"author\" content=\"webmaster kapitalis\" \/>\n<meta name=\"twitter:card\" content=\"summary_large_image\" \/>\n<meta name=\"twitter:creator\" content=\"@KapitalisInfo\" \/>\n<meta name=\"twitter:site\" content=\"@KapitalisInfo\" \/>\n<meta name=\"twitter:label1\" content=\"\u00c9crit par\" \/>\n\t<meta name=\"twitter:data1\" content=\"webmaster kapitalis\" \/>\n\t<meta name=\"twitter:label2\" content=\"Dur\u00e9e de lecture estim\u00e9e\" \/>\n\t<meta name=\"twitter:data2\" content=\"8 minutes\" \/>\n<script type=\"application\/ld+json\" class=\"yoast-schema-graph\">{\"@context\":\"https:\/\/schema.org\",\"@graph\":[{\"@type\":\"Article\",\"@id\":\"https:\/\/kapitalis.com\/tunisie\/2019\/08\/28\/tunisie-le-proche-orient-nouveau-front-de-la-campagne-presidentielle\/#article\",\"isPartOf\":{\"@id\":\"https:\/\/kapitalis.com\/tunisie\/2019\/08\/28\/tunisie-le-proche-orient-nouveau-front-de-la-campagne-presidentielle\/\"},\"author\":{\"name\":\"webmaster kapitalis\",\"@id\":\"https:\/\/kapitalis.com\/tunisie\/#\/schema\/person\/d71f33a9ca44f7bad4698210b480c8e9\"},\"headline\":\"Tunisie : Le Proche Orient, nouveau front de la campagne pr\u00e9sidentielle\",\"datePublished\":\"2019-08-28T14:06:46+00:00\",\"dateModified\":\"2019-08-28T14:06:50+00:00\",\"mainEntityOfPage\":{\"@id\":\"https:\/\/kapitalis.com\/tunisie\/2019\/08\/28\/tunisie-le-proche-orient-nouveau-front-de-la-campagne-presidentielle\/\"},\"wordCount\":1694,\"commentCount\":6,\"publisher\":{\"@id\":\"https:\/\/kapitalis.com\/tunisie\/#organization\"},\"image\":{\"@id\":\"https:\/\/kapitalis.com\/tunisie\/2019\/08\/28\/tunisie-le-proche-orient-nouveau-front-de-la-campagne-presidentielle\/#primaryimage\"},\"thumbnailUrl\":\"http:\/\/kapitalis.com\/tunisie\/wp-content\/uploads\/2019\/08\/Palais-de-Carthage.jpg\",\"keywords\":[\"B\u00e9ji Ca\u00efd Essebsi\",\"\u00e9lection pr\u00e9sidentielle\",\"Haica\",\"Hezbollah\",\"Isra\u00ebl\",\"Nabil Karoui\"],\"articleSection\":[\"A LA UNE\",\"MEDIA\",\"POLITIQUE\",\"TRIBUNE\",\"Tunisie\"],\"inLanguage\":\"fr-FR\",\"potentialAction\":[{\"@type\":\"CommentAction\",\"name\":\"Comment\",\"target\":[\"https:\/\/kapitalis.com\/tunisie\/2019\/08\/28\/tunisie-le-proche-orient-nouveau-front-de-la-campagne-presidentielle\/#respond\"]}]},{\"@type\":\"WebPage\",\"@id\":\"https:\/\/kapitalis.com\/tunisie\/2019\/08\/28\/tunisie-le-proche-orient-nouveau-front-de-la-campagne-presidentielle\/\",\"url\":\"https:\/\/kapitalis.com\/tunisie\/2019\/08\/28\/tunisie-le-proche-orient-nouveau-front-de-la-campagne-presidentielle\/\",\"name\":\"Tunisie : Le Proche Orient, nouveau front de la campagne pr\u00e9sidentielle - Kapitalis\",\"isPartOf\":{\"@id\":\"https:\/\/kapitalis.com\/tunisie\/#website\"},\"primaryImageOfPage\":{\"@id\":\"https:\/\/kapitalis.com\/tunisie\/2019\/08\/28\/tunisie-le-proche-orient-nouveau-front-de-la-campagne-presidentielle\/#primaryimage\"},\"image\":{\"@id\":\"https:\/\/kapitalis.com\/tunisie\/2019\/08\/28\/tunisie-le-proche-orient-nouveau-front-de-la-campagne-presidentielle\/#primaryimage\"},\"thumbnailUrl\":\"http:\/\/kapitalis.com\/tunisie\/wp-content\/uploads\/2019\/08\/Palais-de-Carthage.jpg\",\"datePublished\":\"2019-08-28T14:06:46+00:00\",\"dateModified\":\"2019-08-28T14:06:50+00:00\",\"breadcrumb\":{\"@id\":\"https:\/\/kapitalis.com\/tunisie\/2019\/08\/28\/tunisie-le-proche-orient-nouveau-front-de-la-campagne-presidentielle\/#breadcrumb\"},\"inLanguage\":\"fr-FR\",\"potentialAction\":[{\"@type\":\"ReadAction\",\"target\":[\"https:\/\/kapitalis.com\/tunisie\/2019\/08\/28\/tunisie-le-proche-orient-nouveau-front-de-la-campagne-presidentielle\/\"]}]},{\"@type\":\"ImageObject\",\"inLanguage\":\"fr-FR\",\"@id\":\"https:\/\/kapitalis.com\/tunisie\/2019\/08\/28\/tunisie-le-proche-orient-nouveau-front-de-la-campagne-presidentielle\/#primaryimage\",\"url\":\"\",\"contentUrl\":\"\"},{\"@type\":\"BreadcrumbList\",\"@id\":\"https:\/\/kapitalis.com\/tunisie\/2019\/08\/28\/tunisie-le-proche-orient-nouveau-front-de-la-campagne-presidentielle\/#breadcrumb\",\"itemListElement\":[{\"@type\":\"ListItem\",\"position\":1,\"name\":\"Accueil\",\"item\":\"https:\/\/kapitalis.com\/tunisie\/\"},{\"@type\":\"ListItem\",\"position\":2,\"name\":\"Tunisie : Le Proche Orient, nouveau front de la campagne pr\u00e9sidentielle\"}]},{\"@type\":\"WebSite\",\"@id\":\"https:\/\/kapitalis.com\/tunisie\/#website\",\"url\":\"https:\/\/kapitalis.com\/tunisie\/\",\"name\":\"Kapitalis\",\"description\":\"L&#039;actualit\u00e9 en Tunisie et dans le monde\",\"publisher\":{\"@id\":\"https:\/\/kapitalis.com\/tunisie\/#organization\"},\"potentialAction\":[{\"@type\":\"SearchAction\",\"target\":{\"@type\":\"EntryPoint\",\"urlTemplate\":\"https:\/\/kapitalis.com\/tunisie\/?s={search_term_string}\"},\"query-input\":{\"@type\":\"PropertyValueSpecification\",\"valueRequired\":true,\"valueName\":\"search_term_string\"}}],\"inLanguage\":\"fr-FR\"},{\"@type\":\"Organization\",\"@id\":\"https:\/\/kapitalis.com\/tunisie\/#organization\",\"name\":\"Kapitalis\",\"url\":\"https:\/\/kapitalis.com\/tunisie\/\",\"logo\":{\"@type\":\"ImageObject\",\"inLanguage\":\"fr-FR\",\"@id\":\"https:\/\/kapitalis.com\/tunisie\/#\/schema\/logo\/image\/\",\"url\":\"https:\/\/kapitalis.com\/tunisie\/wp-content\/uploads\/2022\/05\/Kapitalis-big-size.png\",\"contentUrl\":\"https:\/\/kapitalis.com\/tunisie\/wp-content\/uploads\/2022\/05\/Kapitalis-big-size.png\",\"width\":5000,\"height\":1500,\"caption\":\"Kapitalis\"},\"image\":{\"@id\":\"https:\/\/kapitalis.com\/tunisie\/#\/schema\/logo\/image\/\"},\"sameAs\":[\"https:\/\/www.facebook.com\/KapitalisInfo\/\",\"https:\/\/x.com\/KapitalisInfo\",\"https:\/\/www.youtube.com\/channel\/UC-yDYrHyfFBWWZaOw3FPg9Q\"]},{\"@type\":\"Person\",\"@id\":\"https:\/\/kapitalis.com\/tunisie\/#\/schema\/person\/d71f33a9ca44f7bad4698210b480c8e9\",\"name\":\"webmaster kapitalis\",\"url\":\"https:\/\/kapitalis.com\/tunisie\/author\/webmaster-kapitalis\/\"}]}<\/script>\n<!-- \/ Yoast SEO plugin. -->","yoast_head_json":{"title":"Tunisie : Le Proche Orient, nouveau front de la campagne pr\u00e9sidentielle - Kapitalis","robots":{"index":"index","follow":"follow","max-snippet":"max-snippet:-1","max-image-preview":"max-image-preview:large","max-video-preview":"max-video-preview:-1"},"canonical":"https:\/\/kapitalis.com\/tunisie\/2019\/08\/28\/tunisie-le-proche-orient-nouveau-front-de-la-campagne-presidentielle\/","og_locale":"fr_FR","og_type":"article","og_title":"Tunisie : Le Proche Orient, nouveau front de la campagne pr\u00e9sidentielle - Kapitalis","og_description":"On peut craindre que, dans la course actuelle \u00e0 l\u2019investiture supr\u00eame, en Tunisie, des partis politiques, des candidats et des m\u00e9dias d\u00e9nu\u00e9s de tout scrupule, fassent porter \u00e0 tel candidat l\u2019\u00e9tiquette du sioniste, et \u00e0 tel autre, le turban noir du r\u00e9sistant, au risque de trahir la confiance des \u00e9lecteurs et de ternir la cr\u00e9dibilit\u00e9...","og_url":"https:\/\/kapitalis.com\/tunisie\/2019\/08\/28\/tunisie-le-proche-orient-nouveau-front-de-la-campagne-presidentielle\/","og_site_name":"Kapitalis","article_publisher":"https:\/\/www.facebook.com\/KapitalisInfo\/","article_published_time":"2019-08-28T14:06:46+00:00","article_modified_time":"2019-08-28T14:06:50+00:00","og_image":[{"url":"http:\/\/kapitalis.com\/tunisie\/wp-content\/uploads\/2019\/08\/Palais-de-Carthage.jpg","type":"","width":"","height":""}],"author":"webmaster kapitalis","twitter_card":"summary_large_image","twitter_creator":"@KapitalisInfo","twitter_site":"@KapitalisInfo","twitter_misc":{"\u00c9crit par":"webmaster kapitalis","Dur\u00e9e de lecture estim\u00e9e":"8 minutes"},"schema":{"@context":"https:\/\/schema.org","@graph":[{"@type":"Article","@id":"https:\/\/kapitalis.com\/tunisie\/2019\/08\/28\/tunisie-le-proche-orient-nouveau-front-de-la-campagne-presidentielle\/#article","isPartOf":{"@id":"https:\/\/kapitalis.com\/tunisie\/2019\/08\/28\/tunisie-le-proche-orient-nouveau-front-de-la-campagne-presidentielle\/"},"author":{"name":"webmaster kapitalis","@id":"https:\/\/kapitalis.com\/tunisie\/#\/schema\/person\/d71f33a9ca44f7bad4698210b480c8e9"},"headline":"Tunisie : Le Proche Orient, nouveau front de la campagne pr\u00e9sidentielle","datePublished":"2019-08-28T14:06:46+00:00","dateModified":"2019-08-28T14:06:50+00:00","mainEntityOfPage":{"@id":"https:\/\/kapitalis.com\/tunisie\/2019\/08\/28\/tunisie-le-proche-orient-nouveau-front-de-la-campagne-presidentielle\/"},"wordCount":1694,"commentCount":6,"publisher":{"@id":"https:\/\/kapitalis.com\/tunisie\/#organization"},"image":{"@id":"https:\/\/kapitalis.com\/tunisie\/2019\/08\/28\/tunisie-le-proche-orient-nouveau-front-de-la-campagne-presidentielle\/#primaryimage"},"thumbnailUrl":"http:\/\/kapitalis.com\/tunisie\/wp-content\/uploads\/2019\/08\/Palais-de-Carthage.jpg","keywords":["B\u00e9ji Ca\u00efd Essebsi","\u00e9lection pr\u00e9sidentielle","Haica","Hezbollah","Isra\u00ebl","Nabil Karoui"],"articleSection":["A LA UNE","MEDIA","POLITIQUE","TRIBUNE","Tunisie"],"inLanguage":"fr-FR","potentialAction":[{"@type":"CommentAction","name":"Comment","target":["https:\/\/kapitalis.com\/tunisie\/2019\/08\/28\/tunisie-le-proche-orient-nouveau-front-de-la-campagne-presidentielle\/#respond"]}]},{"@type":"WebPage","@id":"https:\/\/kapitalis.com\/tunisie\/2019\/08\/28\/tunisie-le-proche-orient-nouveau-front-de-la-campagne-presidentielle\/","url":"https:\/\/kapitalis.com\/tunisie\/2019\/08\/28\/tunisie-le-proche-orient-nouveau-front-de-la-campagne-presidentielle\/","name":"Tunisie : Le Proche Orient, nouveau front de la campagne pr\u00e9sidentielle - Kapitalis","isPartOf":{"@id":"https:\/\/kapitalis.com\/tunisie\/#website"},"primaryImageOfPage":{"@id":"https:\/\/kapitalis.com\/tunisie\/2019\/08\/28\/tunisie-le-proche-orient-nouveau-front-de-la-campagne-presidentielle\/#primaryimage"},"image":{"@id":"https:\/\/kapitalis.com\/tunisie\/2019\/08\/28\/tunisie-le-proche-orient-nouveau-front-de-la-campagne-presidentielle\/#primaryimage"},"thumbnailUrl":"http:\/\/kapitalis.com\/tunisie\/wp-content\/uploads\/2019\/08\/Palais-de-Carthage.jpg","datePublished":"2019-08-28T14:06:46+00:00","dateModified":"2019-08-28T14:06:50+00:00","breadcrumb":{"@id":"https:\/\/kapitalis.com\/tunisie\/2019\/08\/28\/tunisie-le-proche-orient-nouveau-front-de-la-campagne-presidentielle\/#breadcrumb"},"inLanguage":"fr-FR","potentialAction":[{"@type":"ReadAction","target":["https:\/\/kapitalis.com\/tunisie\/2019\/08\/28\/tunisie-le-proche-orient-nouveau-front-de-la-campagne-presidentielle\/"]}]},{"@type":"ImageObject","inLanguage":"fr-FR","@id":"https:\/\/kapitalis.com\/tunisie\/2019\/08\/28\/tunisie-le-proche-orient-nouveau-front-de-la-campagne-presidentielle\/#primaryimage","url":"","contentUrl":""},{"@type":"BreadcrumbList","@id":"https:\/\/kapitalis.com\/tunisie\/2019\/08\/28\/tunisie-le-proche-orient-nouveau-front-de-la-campagne-presidentielle\/#breadcrumb","itemListElement":[{"@type":"ListItem","position":1,"name":"Accueil","item":"https:\/\/kapitalis.com\/tunisie\/"},{"@type":"ListItem","position":2,"name":"Tunisie : Le Proche Orient, nouveau front de la campagne pr\u00e9sidentielle"}]},{"@type":"WebSite","@id":"https:\/\/kapitalis.com\/tunisie\/#website","url":"https:\/\/kapitalis.com\/tunisie\/","name":"Kapitalis","description":"L&#039;actualit\u00e9 en Tunisie et dans le monde","publisher":{"@id":"https:\/\/kapitalis.com\/tunisie\/#organization"},"potentialAction":[{"@type":"SearchAction","target":{"@type":"EntryPoint","urlTemplate":"https:\/\/kapitalis.com\/tunisie\/?s={search_term_string}"},"query-input":{"@type":"PropertyValueSpecification","valueRequired":true,"valueName":"search_term_string"}}],"inLanguage":"fr-FR"},{"@type":"Organization","@id":"https:\/\/kapitalis.com\/tunisie\/#organization","name":"Kapitalis","url":"https:\/\/kapitalis.com\/tunisie\/","logo":{"@type":"ImageObject","inLanguage":"fr-FR","@id":"https:\/\/kapitalis.com\/tunisie\/#\/schema\/logo\/image\/","url":"https:\/\/kapitalis.com\/tunisie\/wp-content\/uploads\/2022\/05\/Kapitalis-big-size.png","contentUrl":"https:\/\/kapitalis.com\/tunisie\/wp-content\/uploads\/2022\/05\/Kapitalis-big-size.png","width":5000,"height":1500,"caption":"Kapitalis"},"image":{"@id":"https:\/\/kapitalis.com\/tunisie\/#\/schema\/logo\/image\/"},"sameAs":["https:\/\/www.facebook.com\/KapitalisInfo\/","https:\/\/x.com\/KapitalisInfo","https:\/\/www.youtube.com\/channel\/UC-yDYrHyfFBWWZaOw3FPg9Q"]},{"@type":"Person","@id":"https:\/\/kapitalis.com\/tunisie\/#\/schema\/person\/d71f33a9ca44f7bad4698210b480c8e9","name":"webmaster kapitalis","url":"https:\/\/kapitalis.com\/tunisie\/author\/webmaster-kapitalis\/"}]}},"_links":{"self":[{"href":"https:\/\/kapitalis.com\/tunisie\/wp-json\/wp\/v2\/posts\/235659","targetHints":{"allow":["GET"]}}],"collection":[{"href":"https:\/\/kapitalis.com\/tunisie\/wp-json\/wp\/v2\/posts"}],"about":[{"href":"https:\/\/kapitalis.com\/tunisie\/wp-json\/wp\/v2\/types\/post"}],"author":[{"embeddable":true,"href":"https:\/\/kapitalis.com\/tunisie\/wp-json\/wp\/v2\/users\/8"}],"replies":[{"embeddable":true,"href":"https:\/\/kapitalis.com\/tunisie\/wp-json\/wp\/v2\/comments?post=235659"}],"version-history":[{"count":0,"href":"https:\/\/kapitalis.com\/tunisie\/wp-json\/wp\/v2\/posts\/235659\/revisions"}],"wp:attachment":[{"href":"https:\/\/kapitalis.com\/tunisie\/wp-json\/wp\/v2\/media?parent=235659"}],"wp:term":[{"taxonomy":"category","embeddable":true,"href":"https:\/\/kapitalis.com\/tunisie\/wp-json\/wp\/v2\/categories?post=235659"},{"taxonomy":"post_tag","embeddable":true,"href":"https:\/\/kapitalis.com\/tunisie\/wp-json\/wp\/v2\/tags?post=235659"}],"curies":[{"name":"wp","href":"https:\/\/api.w.org\/{rel}","templated":true}]}}