{"id":235789,"date":"2019-08-29T09:37:39","date_gmt":"2019-08-29T08:37:39","guid":{"rendered":"http:\/\/kapitalis.com\/tunisie\/?p=235789"},"modified":"2019-08-29T11:37:10","modified_gmt":"2019-08-29T10:37:10","slug":"cloture-du-festival-mediterraneen-de-la-goulette-le-theatre-tunisien-a-lhonneur","status":"publish","type":"post","link":"https:\/\/kapitalis.com\/tunisie\/2019\/08\/29\/cloture-du-festival-mediterraneen-de-la-goulette-le-theatre-tunisien-a-lhonneur\/","title":{"rendered":"Cl\u00f4ture du Festival M\u00e9diterran\u00e9en de la Goulette : Le Th\u00e9\u00e2tre tunisien \u00e0 l\u2019honneur"},"content":{"rendered":"\n<figure class=\"wp-block-image\"><img decoding=\"async\" src=\"http:\/\/kapitalis.com\/tunisie\/wp-content\/uploads\/2019\/08\/Blood-Moon-La-Goulette.jpg\" alt=\"\" class=\"wp-image-235793\"\/><\/figure>\n\n\n\n<p><strong><em>La 45e \u00e9dition du Festival M\u00e9diterran\u00e9en de la Goulette, qui avait d\u00e9marr\u00e9 le 17 ao\u00fbt, s\u2019est cl\u00f4tur\u00e9e le soir du mardi 27 ao\u00fbt 2019, \u00e0 la Karraka, le fameux fort espagnol de la Goulette. Une \u00e9dition qui a rendu hommage au th\u00e9\u00e2tre tunisien et ses pionniers.<\/em><\/strong><\/p>\n\n\n\n<p>Par<strong> Fawz Ben Ali<\/strong> <\/p>\n\n\n\n<!--more-->\n\n\n\n<p> Apr\u00e8s 10 jours de spectacles quotidiens entre musique engag\u00e9e et derni\u00e8res cr\u00e9ations th\u00e9\u00e2trales, le Festival M\u00e9diterran\u00e9en de la Goulette a cl\u00f4tur\u00e9 sa 45e \u00e9dition,<em> \u00abdont l\u2019organisation fut un v\u00e9ritable d\u00e9fi\u00bb, <\/em>selon son directeur Habib Mansouri, qui croit fortement \u00e0 la continuit\u00e9 de ce festival, qui lutte pour une programmation de qualit\u00e9, malgr\u00e9 le manque de moyens financiers.<br><\/p>\n\n\n\n<p> Une panoplie de chanteurs, de musiciens et de com\u00e9diens tunisiens ont d\u00e9fil\u00e9 sur la sc\u00e8ne de la Karraka durant ces 10 jours, o\u00f9 le public a malheureusement \u00e9t\u00e9 plut\u00f4t modeste, malgr\u00e9 les tarifs symboliques des soir\u00e9es propos\u00e9es.<br><\/p>\n\n\n\n<ul class=\"wp-block-gallery columns-2 is-cropped wp-block-gallery-1 is-layout-flex wp-block-gallery-is-layout-flex\"><li class=\"blocks-gallery-item\"><figure><img decoding=\"async\" src=\"http:\/\/kapitalis.com\/tunisie\/wp-content\/uploads\/2019\/08\/Habib-Mansouri.jpg\" alt=\"\" data-id=\"235795\" data-link=\"http:\/\/kapitalis.com\/tunisie\/?attachment_id=235795\" class=\"wp-image-235795\"\/><figcaption><em>Habib Mansouri.<\/em><\/figcaption><\/figure><\/li><li class=\"blocks-gallery-item\"><figure><img decoding=\"async\" src=\"http:\/\/kapitalis.com\/tunisie\/wp-content\/uploads\/2019\/08\/Amal-Al-Imam-1024x610.jpg\" alt=\"\" data-id=\"235797\" data-link=\"http:\/\/kapitalis.com\/tunisie\/?attachment_id=235797\" class=\"wp-image-235797\"\/><figcaption><em>Amal Al Imam.<\/em><\/figcaption><\/figure><\/li><li class=\"blocks-gallery-item\"><figure><img decoding=\"async\" src=\"http:\/\/kapitalis.com\/tunisie\/wp-content\/uploads\/2019\/08\/Zahira-Ben-Ammar-Amal-Al-Imam.jpg\" alt=\"\" data-id=\"235798\" data-link=\"http:\/\/kapitalis.com\/tunisie\/?attachment_id=235798\" class=\"wp-image-235798\"\/><figcaption> <br><em>Amal Al Imam et Zahira Ben Ammar. <\/em><\/figcaption><\/figure><\/li><\/ul>\n\n\n\n<p> Dans son allocution \u00e0 la c\u00e9r\u00e9monie de cl\u00f4ture, Amal Al Imam, le maire de la ville de la Goulette, a \u00e9voqu\u00e9 l\u2019importance de ce festival pour les habitants de la ville,  <em>\u00abLa Goulette a toujours \u00e9t\u00e9 connue pour son esprit festif et sa diversit\u00e9 culturelle\u00bb<\/em>, a-t-elle soulign\u00e9.<br><\/p>\n\n\n\n<p> La direction du festival a tenu \u00e0 mettre en valeur sa vocation th\u00e9\u00e2trale non seulement \u00e0 travers la programmation, mais aussi en rendant hommage \u00e0 quelques grands noms du th\u00e9\u00e2tre tunisien : Nejia Ouerghi, Lassaad Ben Abdallah, Zahira Ben Ammar, Abdelkader Ben Said, Fathi Miladi et Lotfi Torki.<br><\/p>\n\n\n\n<p> La soir\u00e9e s\u2019est poursuivie avec la pi\u00e8ce de th\u00e9\u00e2tre<em> \u2018\u2018Blood Moon\u2019\u2019<\/em> (Lune de sang) \u00e9crite par Basma Eleuchi et mise en sc\u00e8ne par Moez Mrabet. Il s\u2019agit de l\u2019une des derni\u00e8res productions du Th\u00e9\u00e2tre Al Hamra, marquant le grand retour de l\u2019homme de th\u00e9\u00e2tre et ancien directeur du Festival international de Hammamet Moez Mrabet. <br><\/p>\n\n\n\n<ul class=\"wp-block-gallery columns-1 is-cropped wp-block-gallery-2 is-layout-flex wp-block-gallery-is-layout-flex\"><li class=\"blocks-gallery-item\"><figure><img decoding=\"async\" src=\"http:\/\/kapitalis.com\/tunisie\/wp-content\/uploads\/2019\/08\/Habib-Mansouri-Abdelkader-Ben-Said.jpg\" alt=\"\" data-id=\"235799\" data-link=\"http:\/\/kapitalis.com\/tunisie\/?attachment_id=235799\" class=\"wp-image-235799\"\/><figcaption><em>Habib Mansouri et Abdelkader Ben Said.<\/em><\/figcaption><\/figure><\/li><li class=\"blocks-gallery-item\"><figure><img decoding=\"async\" src=\"http:\/\/kapitalis.com\/tunisie\/wp-content\/uploads\/2019\/08\/Chaker-Cheikhi-Lassaad-Ben-Abdallah.jpg\" alt=\"\" data-id=\"235800\" data-link=\"http:\/\/kapitalis.com\/tunisie\/?attachment_id=235800\" class=\"wp-image-235800\"\/><figcaption><em>Chaker Cheikhi et Lassaad Ben Abdallah.<\/em><\/figcaption><\/figure><\/li><\/ul>\n\n\n\n<p> Interpr\u00e9t\u00e9e par Basma Eleuchi et Meriem Sayeh, <em>\u2018\u2018Blood moon\u2019\u2019<\/em> raconte le ressenti f\u00e9minin face aux huit ann\u00e9es qui ont suivi la r\u00e9volution du 14 janvier 2011 entre espoirs et d\u00e9ceptions. La pi\u00e8ce part d\u2019un fait divers imagin\u00e9 : l\u2019assassinat d\u2019une femme po\u00e8te sur la place publique, puis les destins crois\u00e9s de deux jeunes femmes qui se rencontrent en une nuit de <em>\u00ablune de sang\u00bb<\/em> dans un pays livr\u00e9 au chaos. <\/p>\n\n\n\n<figure class=\"wp-block-embed is-type-rich is-provider-kapitalis\"><div class=\"wp-block-embed__wrapper\">\n<blockquote class=\"wp-embedded-content\" data-secret=\"0Tlgqp33ov\"><a href=\"https:\/\/kapitalis.com\/tunisie\/2019\/08\/19\/festival-mediterranee-de-la-goulette-une-ouverture-en-beaute-avec-yasmine-azaiez\/\">Festival M\u00e9diterran\u00e9e de la Goulette : Une ouverture en beaut\u00e9 avec Yasmine Azaiez<\/a><\/blockquote><iframe loading=\"lazy\" class=\"wp-embedded-content\" sandbox=\"allow-scripts\" security=\"restricted\" style=\"position: absolute; clip: rect(1px, 1px, 1px, 1px);\" title=\"\u00ab\u00a0Festival M\u00e9diterran\u00e9e de la Goulette : Une ouverture en beaut\u00e9 avec Yasmine Azaiez\u00a0\u00bb &#8212; Kapitalis\" src=\"https:\/\/kapitalis.com\/tunisie\/2019\/08\/19\/festival-mediterranee-de-la-goulette-une-ouverture-en-beaute-avec-yasmine-azaiez\/embed\/#?secret=MeqIi2MX5v#?secret=0Tlgqp33ov\" data-secret=\"0Tlgqp33ov\" width=\"600\" height=\"338\" frameborder=\"0\" marginwidth=\"0\" marginheight=\"0\" scrolling=\"no\"><\/iframe>\n<\/div><\/figure>\n","protected":false},"excerpt":{"rendered":"<p>La 45e \u00e9dition du Festival M\u00e9diterran\u00e9en de la Goulette, qui avait d\u00e9marr\u00e9 le 17 ao\u00fbt, s\u2019est cl\u00f4tur\u00e9e le soir du mardi 27 ao\u00fbt 2019, \u00e0 la Karraka, le fameux fort espagnol de la Goulette. Une \u00e9dition qui a rendu hommage au th\u00e9\u00e2tre tunisien et ses pionniers. Par Fawz Ben Ali<\/p>\n","protected":false},"author":8,"featured_media":235793,"comment_status":"open","ping_status":"open","sticky":false,"template":"","format":"standard","meta":{"footnotes":""},"categories":[994,2433],"tags":[14897,14834],"class_list":["post-235789","post","type-post","status-publish","format-standard","has-post-thumbnail","hentry","category-culture","category-tunisie","tag-abdelkader-ben-said","tag-moez-mrabet"],"yoast_head":"<!-- This site is optimized with the Yoast SEO plugin v26.6 - https:\/\/yoast.com\/wordpress\/plugins\/seo\/ -->\n<title>Cl\u00f4ture du Festival M\u00e9diterran\u00e9en de la Goulette : Le Th\u00e9\u00e2tre tunisien \u00e0 l\u2019honneur - Kapitalis<\/title>\n<meta name=\"robots\" content=\"index, follow, max-snippet:-1, max-image-preview:large, max-video-preview:-1\" \/>\n<link rel=\"canonical\" href=\"https:\/\/kapitalis.com\/tunisie\/2019\/08\/29\/cloture-du-festival-mediterraneen-de-la-goulette-le-theatre-tunisien-a-lhonneur\/\" \/>\n<meta property=\"og:locale\" content=\"fr_FR\" \/>\n<meta property=\"og:type\" content=\"article\" \/>\n<meta property=\"og:title\" content=\"Cl\u00f4ture du Festival M\u00e9diterran\u00e9en de la Goulette : Le Th\u00e9\u00e2tre tunisien \u00e0 l\u2019honneur - Kapitalis\" \/>\n<meta property=\"og:description\" content=\"La 45e \u00e9dition du Festival M\u00e9diterran\u00e9en de la Goulette, qui avait d\u00e9marr\u00e9 le 17 ao\u00fbt, s\u2019est cl\u00f4tur\u00e9e le soir du mardi 27 ao\u00fbt 2019, \u00e0 la Karraka, le fameux fort espagnol de la Goulette. Une \u00e9dition qui a rendu hommage au th\u00e9\u00e2tre tunisien et ses pionniers. Par Fawz Ben Ali\" \/>\n<meta property=\"og:url\" content=\"https:\/\/kapitalis.com\/tunisie\/2019\/08\/29\/cloture-du-festival-mediterraneen-de-la-goulette-le-theatre-tunisien-a-lhonneur\/\" \/>\n<meta property=\"og:site_name\" content=\"Kapitalis\" \/>\n<meta property=\"article:publisher\" content=\"https:\/\/www.facebook.com\/KapitalisInfo\/\" \/>\n<meta property=\"article:published_time\" content=\"2019-08-29T08:37:39+00:00\" \/>\n<meta property=\"article:modified_time\" content=\"2019-08-29T10:37:10+00:00\" \/>\n<meta property=\"og:image\" content=\"https:\/\/kapitalis.com\/tunisie\/wp-content\/uploads\/2022\/05\/kapitalis-logo-fb.png\" \/>\n\t<meta property=\"og:image:width\" content=\"1200\" \/>\n\t<meta property=\"og:image:height\" content=\"630\" \/>\n\t<meta property=\"og:image:type\" content=\"image\/png\" \/>\n<meta name=\"author\" content=\"webmaster kapitalis\" \/>\n<meta name=\"twitter:card\" content=\"summary_large_image\" \/>\n<meta name=\"twitter:creator\" content=\"@KapitalisInfo\" \/>\n<meta name=\"twitter:site\" content=\"@KapitalisInfo\" \/>\n<meta name=\"twitter:label1\" content=\"\u00c9crit par\" \/>\n\t<meta name=\"twitter:data1\" content=\"webmaster kapitalis\" \/>\n\t<meta name=\"twitter:label2\" content=\"Dur\u00e9e de lecture estim\u00e9e\" \/>\n\t<meta name=\"twitter:data2\" content=\"2 minutes\" \/>\n<script type=\"application\/ld+json\" class=\"yoast-schema-graph\">{\"@context\":\"https:\/\/schema.org\",\"@graph\":[{\"@type\":\"Article\",\"@id\":\"https:\/\/kapitalis.com\/tunisie\/2019\/08\/29\/cloture-du-festival-mediterraneen-de-la-goulette-le-theatre-tunisien-a-lhonneur\/#article\",\"isPartOf\":{\"@id\":\"https:\/\/kapitalis.com\/tunisie\/2019\/08\/29\/cloture-du-festival-mediterraneen-de-la-goulette-le-theatre-tunisien-a-lhonneur\/\"},\"author\":{\"name\":\"webmaster kapitalis\",\"@id\":\"https:\/\/kapitalis.com\/tunisie\/#\/schema\/person\/d71f33a9ca44f7bad4698210b480c8e9\"},\"headline\":\"Cl\u00f4ture du Festival M\u00e9diterran\u00e9en de la Goulette : Le Th\u00e9\u00e2tre tunisien \u00e0 l\u2019honneur\",\"datePublished\":\"2019-08-29T08:37:39+00:00\",\"dateModified\":\"2019-08-29T10:37:10+00:00\",\"mainEntityOfPage\":{\"@id\":\"https:\/\/kapitalis.com\/tunisie\/2019\/08\/29\/cloture-du-festival-mediterraneen-de-la-goulette-le-theatre-tunisien-a-lhonneur\/\"},\"wordCount\":448,\"commentCount\":0,\"publisher\":{\"@id\":\"https:\/\/kapitalis.com\/tunisie\/#organization\"},\"image\":{\"@id\":\"https:\/\/kapitalis.com\/tunisie\/2019\/08\/29\/cloture-du-festival-mediterraneen-de-la-goulette-le-theatre-tunisien-a-lhonneur\/#primaryimage\"},\"thumbnailUrl\":\"\",\"keywords\":[\"Abdelkader Ben Sa\u00efd\",\"Moez Mrabet\"],\"articleSection\":[\"CULTURE\",\"Tunisie\"],\"inLanguage\":\"fr-FR\",\"potentialAction\":[{\"@type\":\"CommentAction\",\"name\":\"Comment\",\"target\":[\"https:\/\/kapitalis.com\/tunisie\/2019\/08\/29\/cloture-du-festival-mediterraneen-de-la-goulette-le-theatre-tunisien-a-lhonneur\/#respond\"]}]},{\"@type\":\"WebPage\",\"@id\":\"https:\/\/kapitalis.com\/tunisie\/2019\/08\/29\/cloture-du-festival-mediterraneen-de-la-goulette-le-theatre-tunisien-a-lhonneur\/\",\"url\":\"https:\/\/kapitalis.com\/tunisie\/2019\/08\/29\/cloture-du-festival-mediterraneen-de-la-goulette-le-theatre-tunisien-a-lhonneur\/\",\"name\":\"Cl\u00f4ture du Festival M\u00e9diterran\u00e9en de la Goulette : Le Th\u00e9\u00e2tre tunisien \u00e0 l\u2019honneur - Kapitalis\",\"isPartOf\":{\"@id\":\"https:\/\/kapitalis.com\/tunisie\/#website\"},\"primaryImageOfPage\":{\"@id\":\"https:\/\/kapitalis.com\/tunisie\/2019\/08\/29\/cloture-du-festival-mediterraneen-de-la-goulette-le-theatre-tunisien-a-lhonneur\/#primaryimage\"},\"image\":{\"@id\":\"https:\/\/kapitalis.com\/tunisie\/2019\/08\/29\/cloture-du-festival-mediterraneen-de-la-goulette-le-theatre-tunisien-a-lhonneur\/#primaryimage\"},\"thumbnailUrl\":\"\",\"datePublished\":\"2019-08-29T08:37:39+00:00\",\"dateModified\":\"2019-08-29T10:37:10+00:00\",\"breadcrumb\":{\"@id\":\"https:\/\/kapitalis.com\/tunisie\/2019\/08\/29\/cloture-du-festival-mediterraneen-de-la-goulette-le-theatre-tunisien-a-lhonneur\/#breadcrumb\"},\"inLanguage\":\"fr-FR\",\"potentialAction\":[{\"@type\":\"ReadAction\",\"target\":[\"https:\/\/kapitalis.com\/tunisie\/2019\/08\/29\/cloture-du-festival-mediterraneen-de-la-goulette-le-theatre-tunisien-a-lhonneur\/\"]}]},{\"@type\":\"ImageObject\",\"inLanguage\":\"fr-FR\",\"@id\":\"https:\/\/kapitalis.com\/tunisie\/2019\/08\/29\/cloture-du-festival-mediterraneen-de-la-goulette-le-theatre-tunisien-a-lhonneur\/#primaryimage\",\"url\":\"\",\"contentUrl\":\"\"},{\"@type\":\"BreadcrumbList\",\"@id\":\"https:\/\/kapitalis.com\/tunisie\/2019\/08\/29\/cloture-du-festival-mediterraneen-de-la-goulette-le-theatre-tunisien-a-lhonneur\/#breadcrumb\",\"itemListElement\":[{\"@type\":\"ListItem\",\"position\":1,\"name\":\"Accueil\",\"item\":\"https:\/\/kapitalis.com\/tunisie\/\"},{\"@type\":\"ListItem\",\"position\":2,\"name\":\"Cl\u00f4ture du Festival M\u00e9diterran\u00e9en de la Goulette : Le Th\u00e9\u00e2tre tunisien \u00e0 l\u2019honneur\"}]},{\"@type\":\"WebSite\",\"@id\":\"https:\/\/kapitalis.com\/tunisie\/#website\",\"url\":\"https:\/\/kapitalis.com\/tunisie\/\",\"name\":\"Kapitalis\",\"description\":\"L&#039;actualit\u00e9 en Tunisie et dans le monde\",\"publisher\":{\"@id\":\"https:\/\/kapitalis.com\/tunisie\/#organization\"},\"potentialAction\":[{\"@type\":\"SearchAction\",\"target\":{\"@type\":\"EntryPoint\",\"urlTemplate\":\"https:\/\/kapitalis.com\/tunisie\/?s={search_term_string}\"},\"query-input\":{\"@type\":\"PropertyValueSpecification\",\"valueRequired\":true,\"valueName\":\"search_term_string\"}}],\"inLanguage\":\"fr-FR\"},{\"@type\":\"Organization\",\"@id\":\"https:\/\/kapitalis.com\/tunisie\/#organization\",\"name\":\"Kapitalis\",\"url\":\"https:\/\/kapitalis.com\/tunisie\/\",\"logo\":{\"@type\":\"ImageObject\",\"inLanguage\":\"fr-FR\",\"@id\":\"https:\/\/kapitalis.com\/tunisie\/#\/schema\/logo\/image\/\",\"url\":\"https:\/\/kapitalis.com\/tunisie\/wp-content\/uploads\/2022\/05\/Kapitalis-big-size.png\",\"contentUrl\":\"https:\/\/kapitalis.com\/tunisie\/wp-content\/uploads\/2022\/05\/Kapitalis-big-size.png\",\"width\":5000,\"height\":1500,\"caption\":\"Kapitalis\"},\"image\":{\"@id\":\"https:\/\/kapitalis.com\/tunisie\/#\/schema\/logo\/image\/\"},\"sameAs\":[\"https:\/\/www.facebook.com\/KapitalisInfo\/\",\"https:\/\/x.com\/KapitalisInfo\",\"https:\/\/www.youtube.com\/channel\/UC-yDYrHyfFBWWZaOw3FPg9Q\"]},{\"@type\":\"Person\",\"@id\":\"https:\/\/kapitalis.com\/tunisie\/#\/schema\/person\/d71f33a9ca44f7bad4698210b480c8e9\",\"name\":\"webmaster kapitalis\",\"url\":\"https:\/\/kapitalis.com\/tunisie\/author\/webmaster-kapitalis\/\"}]}<\/script>\n<!-- \/ Yoast SEO plugin. -->","yoast_head_json":{"title":"Cl\u00f4ture du Festival M\u00e9diterran\u00e9en de la Goulette : Le Th\u00e9\u00e2tre tunisien \u00e0 l\u2019honneur - Kapitalis","robots":{"index":"index","follow":"follow","max-snippet":"max-snippet:-1","max-image-preview":"max-image-preview:large","max-video-preview":"max-video-preview:-1"},"canonical":"https:\/\/kapitalis.com\/tunisie\/2019\/08\/29\/cloture-du-festival-mediterraneen-de-la-goulette-le-theatre-tunisien-a-lhonneur\/","og_locale":"fr_FR","og_type":"article","og_title":"Cl\u00f4ture du Festival M\u00e9diterran\u00e9en de la Goulette : Le Th\u00e9\u00e2tre tunisien \u00e0 l\u2019honneur - Kapitalis","og_description":"La 45e \u00e9dition du Festival M\u00e9diterran\u00e9en de la Goulette, qui avait d\u00e9marr\u00e9 le 17 ao\u00fbt, s\u2019est cl\u00f4tur\u00e9e le soir du mardi 27 ao\u00fbt 2019, \u00e0 la Karraka, le fameux fort espagnol de la Goulette. Une \u00e9dition qui a rendu hommage au th\u00e9\u00e2tre tunisien et ses pionniers. Par Fawz Ben Ali","og_url":"https:\/\/kapitalis.com\/tunisie\/2019\/08\/29\/cloture-du-festival-mediterraneen-de-la-goulette-le-theatre-tunisien-a-lhonneur\/","og_site_name":"Kapitalis","article_publisher":"https:\/\/www.facebook.com\/KapitalisInfo\/","article_published_time":"2019-08-29T08:37:39+00:00","article_modified_time":"2019-08-29T10:37:10+00:00","og_image":[{"width":1200,"height":630,"url":"https:\/\/kapitalis.com\/tunisie\/wp-content\/uploads\/2022\/05\/kapitalis-logo-fb.png","type":"image\/png"}],"author":"webmaster kapitalis","twitter_card":"summary_large_image","twitter_creator":"@KapitalisInfo","twitter_site":"@KapitalisInfo","twitter_misc":{"\u00c9crit par":"webmaster kapitalis","Dur\u00e9e de lecture estim\u00e9e":"2 minutes"},"schema":{"@context":"https:\/\/schema.org","@graph":[{"@type":"Article","@id":"https:\/\/kapitalis.com\/tunisie\/2019\/08\/29\/cloture-du-festival-mediterraneen-de-la-goulette-le-theatre-tunisien-a-lhonneur\/#article","isPartOf":{"@id":"https:\/\/kapitalis.com\/tunisie\/2019\/08\/29\/cloture-du-festival-mediterraneen-de-la-goulette-le-theatre-tunisien-a-lhonneur\/"},"author":{"name":"webmaster kapitalis","@id":"https:\/\/kapitalis.com\/tunisie\/#\/schema\/person\/d71f33a9ca44f7bad4698210b480c8e9"},"headline":"Cl\u00f4ture du Festival M\u00e9diterran\u00e9en de la Goulette : Le Th\u00e9\u00e2tre tunisien \u00e0 l\u2019honneur","datePublished":"2019-08-29T08:37:39+00:00","dateModified":"2019-08-29T10:37:10+00:00","mainEntityOfPage":{"@id":"https:\/\/kapitalis.com\/tunisie\/2019\/08\/29\/cloture-du-festival-mediterraneen-de-la-goulette-le-theatre-tunisien-a-lhonneur\/"},"wordCount":448,"commentCount":0,"publisher":{"@id":"https:\/\/kapitalis.com\/tunisie\/#organization"},"image":{"@id":"https:\/\/kapitalis.com\/tunisie\/2019\/08\/29\/cloture-du-festival-mediterraneen-de-la-goulette-le-theatre-tunisien-a-lhonneur\/#primaryimage"},"thumbnailUrl":"","keywords":["Abdelkader Ben Sa\u00efd","Moez Mrabet"],"articleSection":["CULTURE","Tunisie"],"inLanguage":"fr-FR","potentialAction":[{"@type":"CommentAction","name":"Comment","target":["https:\/\/kapitalis.com\/tunisie\/2019\/08\/29\/cloture-du-festival-mediterraneen-de-la-goulette-le-theatre-tunisien-a-lhonneur\/#respond"]}]},{"@type":"WebPage","@id":"https:\/\/kapitalis.com\/tunisie\/2019\/08\/29\/cloture-du-festival-mediterraneen-de-la-goulette-le-theatre-tunisien-a-lhonneur\/","url":"https:\/\/kapitalis.com\/tunisie\/2019\/08\/29\/cloture-du-festival-mediterraneen-de-la-goulette-le-theatre-tunisien-a-lhonneur\/","name":"Cl\u00f4ture du Festival M\u00e9diterran\u00e9en de la Goulette : Le Th\u00e9\u00e2tre tunisien \u00e0 l\u2019honneur - Kapitalis","isPartOf":{"@id":"https:\/\/kapitalis.com\/tunisie\/#website"},"primaryImageOfPage":{"@id":"https:\/\/kapitalis.com\/tunisie\/2019\/08\/29\/cloture-du-festival-mediterraneen-de-la-goulette-le-theatre-tunisien-a-lhonneur\/#primaryimage"},"image":{"@id":"https:\/\/kapitalis.com\/tunisie\/2019\/08\/29\/cloture-du-festival-mediterraneen-de-la-goulette-le-theatre-tunisien-a-lhonneur\/#primaryimage"},"thumbnailUrl":"","datePublished":"2019-08-29T08:37:39+00:00","dateModified":"2019-08-29T10:37:10+00:00","breadcrumb":{"@id":"https:\/\/kapitalis.com\/tunisie\/2019\/08\/29\/cloture-du-festival-mediterraneen-de-la-goulette-le-theatre-tunisien-a-lhonneur\/#breadcrumb"},"inLanguage":"fr-FR","potentialAction":[{"@type":"ReadAction","target":["https:\/\/kapitalis.com\/tunisie\/2019\/08\/29\/cloture-du-festival-mediterraneen-de-la-goulette-le-theatre-tunisien-a-lhonneur\/"]}]},{"@type":"ImageObject","inLanguage":"fr-FR","@id":"https:\/\/kapitalis.com\/tunisie\/2019\/08\/29\/cloture-du-festival-mediterraneen-de-la-goulette-le-theatre-tunisien-a-lhonneur\/#primaryimage","url":"","contentUrl":""},{"@type":"BreadcrumbList","@id":"https:\/\/kapitalis.com\/tunisie\/2019\/08\/29\/cloture-du-festival-mediterraneen-de-la-goulette-le-theatre-tunisien-a-lhonneur\/#breadcrumb","itemListElement":[{"@type":"ListItem","position":1,"name":"Accueil","item":"https:\/\/kapitalis.com\/tunisie\/"},{"@type":"ListItem","position":2,"name":"Cl\u00f4ture du Festival M\u00e9diterran\u00e9en de la Goulette : Le Th\u00e9\u00e2tre tunisien \u00e0 l\u2019honneur"}]},{"@type":"WebSite","@id":"https:\/\/kapitalis.com\/tunisie\/#website","url":"https:\/\/kapitalis.com\/tunisie\/","name":"Kapitalis","description":"L&#039;actualit\u00e9 en Tunisie et dans le monde","publisher":{"@id":"https:\/\/kapitalis.com\/tunisie\/#organization"},"potentialAction":[{"@type":"SearchAction","target":{"@type":"EntryPoint","urlTemplate":"https:\/\/kapitalis.com\/tunisie\/?s={search_term_string}"},"query-input":{"@type":"PropertyValueSpecification","valueRequired":true,"valueName":"search_term_string"}}],"inLanguage":"fr-FR"},{"@type":"Organization","@id":"https:\/\/kapitalis.com\/tunisie\/#organization","name":"Kapitalis","url":"https:\/\/kapitalis.com\/tunisie\/","logo":{"@type":"ImageObject","inLanguage":"fr-FR","@id":"https:\/\/kapitalis.com\/tunisie\/#\/schema\/logo\/image\/","url":"https:\/\/kapitalis.com\/tunisie\/wp-content\/uploads\/2022\/05\/Kapitalis-big-size.png","contentUrl":"https:\/\/kapitalis.com\/tunisie\/wp-content\/uploads\/2022\/05\/Kapitalis-big-size.png","width":5000,"height":1500,"caption":"Kapitalis"},"image":{"@id":"https:\/\/kapitalis.com\/tunisie\/#\/schema\/logo\/image\/"},"sameAs":["https:\/\/www.facebook.com\/KapitalisInfo\/","https:\/\/x.com\/KapitalisInfo","https:\/\/www.youtube.com\/channel\/UC-yDYrHyfFBWWZaOw3FPg9Q"]},{"@type":"Person","@id":"https:\/\/kapitalis.com\/tunisie\/#\/schema\/person\/d71f33a9ca44f7bad4698210b480c8e9","name":"webmaster kapitalis","url":"https:\/\/kapitalis.com\/tunisie\/author\/webmaster-kapitalis\/"}]}},"_links":{"self":[{"href":"https:\/\/kapitalis.com\/tunisie\/wp-json\/wp\/v2\/posts\/235789","targetHints":{"allow":["GET"]}}],"collection":[{"href":"https:\/\/kapitalis.com\/tunisie\/wp-json\/wp\/v2\/posts"}],"about":[{"href":"https:\/\/kapitalis.com\/tunisie\/wp-json\/wp\/v2\/types\/post"}],"author":[{"embeddable":true,"href":"https:\/\/kapitalis.com\/tunisie\/wp-json\/wp\/v2\/users\/8"}],"replies":[{"embeddable":true,"href":"https:\/\/kapitalis.com\/tunisie\/wp-json\/wp\/v2\/comments?post=235789"}],"version-history":[{"count":0,"href":"https:\/\/kapitalis.com\/tunisie\/wp-json\/wp\/v2\/posts\/235789\/revisions"}],"wp:featuredmedia":[{"embeddable":true,"href":"https:\/\/kapitalis.com\/tunisie\/wp-json\/wp\/v2\/media\/235793"}],"wp:attachment":[{"href":"https:\/\/kapitalis.com\/tunisie\/wp-json\/wp\/v2\/media?parent=235789"}],"wp:term":[{"taxonomy":"category","embeddable":true,"href":"https:\/\/kapitalis.com\/tunisie\/wp-json\/wp\/v2\/categories?post=235789"},{"taxonomy":"post_tag","embeddable":true,"href":"https:\/\/kapitalis.com\/tunisie\/wp-json\/wp\/v2\/tags?post=235789"}],"curies":[{"name":"wp","href":"https:\/\/api.w.org\/{rel}","templated":true}]}}