{"id":235861,"date":"2019-08-29T14:53:11","date_gmt":"2019-08-29T13:53:11","guid":{"rendered":"http:\/\/kapitalis.com\/tunisie\/?p=235861"},"modified":"2019-08-29T17:51:43","modified_gmt":"2019-08-29T16:51:43","slug":"ksar-said-un-trou-beant-au-milieu-de-la-chaussee-apres-les-fortes-pluies-dhier-soir","status":"publish","type":"post","link":"https:\/\/kapitalis.com\/tunisie\/2019\/08\/29\/ksar-said-un-trou-beant-au-milieu-de-la-chaussee-apres-les-fortes-pluies-dhier-soir\/","title":{"rendered":"Ksar Said : un trou b\u00e9ant au milieu de la chauss\u00e9e apr\u00e8s les fortes pluies d&rsquo;hier soir"},"content":{"rendered":"\n<figure class=\"wp-block-image\"><img decoding=\"async\" src=\"http:\/\/kapitalis.com\/tunisie\/wp-content\/uploads\/2019\/08\/trou-\u00e0-Ksar-Sa\u00efd....jpg\" alt=\"\" class=\"wp-image-235867\"\/><\/figure>\n\n\n\n<p><strong><em>Les habitants de Ksar Said, dans la banlieue ouest de Tunis, ont eu la surprise de constater, ce jeudi 29 ao\u00fbt 2019, un trou b\u00e9ant au milieu de la chauss\u00e9e, s\u00fbrement provoqu\u00e9 par les fortes pr\u00e9cipitations d&rsquo;hier soir.<\/em><\/strong><\/p>\n\n\n\n<!--more-->\n\n\n<div>Une voiture s&rsquo;est m\u00eame encastr\u00e9e \u00e0 moiti\u00e9 dans le trou ! Par ailleurs, la fissure nettement visible sur la photo d\u00e9montre la profondeur de la fosse, sa longueur et une cavit\u00e9 obscure \u00e0 droite, m\u00eame si pas tout \u00e0 fait effondr\u00e9e.<\/div>\n<div>S&rsquo;il est vrai que les pr\u00e9cipitations ont \u00e9t\u00e9 assez fortes et soutenues \u00e0 Ksar Said (et ailleurs), hier soir, cet incident d\u00e9note aussi la (tr\u00e8s) pi\u00e8tre qualit\u00e9 de l&rsquo;infrastructure routi\u00e8re de la capitale et de l&rsquo;ensemble du territoire tunisien, que le mauvais temps met au grand jour.<\/div>\n\n\n<p><\/p>\n\n\n\n<p>La municipalit\u00e9 de Ksar Said se d\u00e9fend \u00e0 travers son conseiller municipal qui a affirm\u00e9 que <em>\u00abce trou existe depuis longtemps et la circulation y est interdite vu que les travaux de r\u00e9habilitation et d&rsquo;entretien de la zone ne sont pas finis. N\u00e9anmoins, certains citoyens s\u2019obstinent \u00e0 l&#8217;emprunter en d\u00e9pit de la signalisation des travaux en cours\u00bb. <\/em><\/p>\n\n\n\n<p style=\"text-align:right\"><strong>A. M.<\/strong><\/p>\n","protected":false},"excerpt":{"rendered":"<p>Les habitants de Ksar Said, dans la banlieue ouest de Tunis, ont eu la surprise de constater, ce jeudi 29 ao\u00fbt 2019, un trou b\u00e9ant au milieu de la chauss\u00e9e, s\u00fbrement provoqu\u00e9 par les fortes pr\u00e9cipitations d&rsquo;hier soir.<\/p>\n","protected":false},"author":22,"featured_media":235867,"comment_status":"open","ping_status":"open","sticky":false,"template":"","format":"standard","meta":{"footnotes":""},"categories":[998,2433],"tags":[3590,7110,2120],"class_list":["post-235861","post","type-post","status-publish","format-standard","has-post-thumbnail","hentry","category-societe","category-tunisie","tag-ksar-said","tag-mairie","tag-travaux"],"yoast_head":"<!-- This site is optimized with the Yoast SEO plugin v26.6 - https:\/\/yoast.com\/wordpress\/plugins\/seo\/ -->\n<title>Ksar Said : un trou b\u00e9ant au milieu de la chauss\u00e9e apr\u00e8s les fortes pluies d&#039;hier soir - Kapitalis<\/title>\n<meta name=\"robots\" content=\"index, follow, max-snippet:-1, max-image-preview:large, max-video-preview:-1\" \/>\n<link rel=\"canonical\" href=\"https:\/\/kapitalis.com\/tunisie\/2019\/08\/29\/ksar-said-un-trou-beant-au-milieu-de-la-chaussee-apres-les-fortes-pluies-dhier-soir\/\" \/>\n<meta property=\"og:locale\" content=\"fr_FR\" \/>\n<meta property=\"og:type\" content=\"article\" \/>\n<meta property=\"og:title\" content=\"Ksar Said : un trou b\u00e9ant au milieu de la chauss\u00e9e apr\u00e8s les fortes pluies d&#039;hier soir - Kapitalis\" \/>\n<meta property=\"og:description\" content=\"Les habitants de Ksar Said, dans la banlieue ouest de Tunis, ont eu la surprise de constater, ce jeudi 29 ao\u00fbt 2019, un trou b\u00e9ant au milieu de la chauss\u00e9e, s\u00fbrement provoqu\u00e9 par les fortes pr\u00e9cipitations d&rsquo;hier soir.\" \/>\n<meta property=\"og:url\" content=\"https:\/\/kapitalis.com\/tunisie\/2019\/08\/29\/ksar-said-un-trou-beant-au-milieu-de-la-chaussee-apres-les-fortes-pluies-dhier-soir\/\" \/>\n<meta property=\"og:site_name\" content=\"Kapitalis\" \/>\n<meta property=\"article:publisher\" content=\"https:\/\/www.facebook.com\/KapitalisInfo\/\" \/>\n<meta property=\"article:published_time\" content=\"2019-08-29T13:53:11+00:00\" \/>\n<meta property=\"article:modified_time\" content=\"2019-08-29T16:51:43+00:00\" \/>\n<meta property=\"og:image\" content=\"https:\/\/kapitalis.com\/tunisie\/wp-content\/uploads\/2022\/05\/kapitalis-logo-fb.png\" \/>\n\t<meta property=\"og:image:width\" content=\"1200\" \/>\n\t<meta property=\"og:image:height\" content=\"630\" \/>\n\t<meta property=\"og:image:type\" content=\"image\/png\" \/>\n<meta name=\"author\" content=\"Amina Mkada\" \/>\n<meta name=\"twitter:card\" content=\"summary_large_image\" \/>\n<meta name=\"twitter:creator\" content=\"@KapitalisInfo\" \/>\n<meta name=\"twitter:site\" content=\"@KapitalisInfo\" \/>\n<meta name=\"twitter:label1\" content=\"\u00c9crit par\" \/>\n\t<meta name=\"twitter:data1\" content=\"Amina Mkada\" \/>\n\t<meta name=\"twitter:label2\" content=\"Dur\u00e9e de lecture estim\u00e9e\" \/>\n\t<meta name=\"twitter:data2\" content=\"1 minute\" \/>\n<script type=\"application\/ld+json\" class=\"yoast-schema-graph\">{\"@context\":\"https:\/\/schema.org\",\"@graph\":[{\"@type\":\"Article\",\"@id\":\"https:\/\/kapitalis.com\/tunisie\/2019\/08\/29\/ksar-said-un-trou-beant-au-milieu-de-la-chaussee-apres-les-fortes-pluies-dhier-soir\/#article\",\"isPartOf\":{\"@id\":\"https:\/\/kapitalis.com\/tunisie\/2019\/08\/29\/ksar-said-un-trou-beant-au-milieu-de-la-chaussee-apres-les-fortes-pluies-dhier-soir\/\"},\"author\":{\"name\":\"Amina Mkada\",\"@id\":\"https:\/\/kapitalis.com\/tunisie\/#\/schema\/person\/093913313d3017554cb3ad077fff3fbd\"},\"headline\":\"Ksar Said : un trou b\u00e9ant au milieu de la chauss\u00e9e apr\u00e8s les fortes pluies d&rsquo;hier soir\",\"datePublished\":\"2019-08-29T13:53:11+00:00\",\"dateModified\":\"2019-08-29T16:51:43+00:00\",\"mainEntityOfPage\":{\"@id\":\"https:\/\/kapitalis.com\/tunisie\/2019\/08\/29\/ksar-said-un-trou-beant-au-milieu-de-la-chaussee-apres-les-fortes-pluies-dhier-soir\/\"},\"wordCount\":215,\"commentCount\":1,\"publisher\":{\"@id\":\"https:\/\/kapitalis.com\/tunisie\/#organization\"},\"image\":{\"@id\":\"https:\/\/kapitalis.com\/tunisie\/2019\/08\/29\/ksar-said-un-trou-beant-au-milieu-de-la-chaussee-apres-les-fortes-pluies-dhier-soir\/#primaryimage\"},\"thumbnailUrl\":\"\",\"keywords\":[\"Ksar Sa\u00efd\",\"mairie\",\"travaux\"],\"articleSection\":[\"SOCIETE\",\"Tunisie\"],\"inLanguage\":\"fr-FR\",\"potentialAction\":[{\"@type\":\"CommentAction\",\"name\":\"Comment\",\"target\":[\"https:\/\/kapitalis.com\/tunisie\/2019\/08\/29\/ksar-said-un-trou-beant-au-milieu-de-la-chaussee-apres-les-fortes-pluies-dhier-soir\/#respond\"]}]},{\"@type\":\"WebPage\",\"@id\":\"https:\/\/kapitalis.com\/tunisie\/2019\/08\/29\/ksar-said-un-trou-beant-au-milieu-de-la-chaussee-apres-les-fortes-pluies-dhier-soir\/\",\"url\":\"https:\/\/kapitalis.com\/tunisie\/2019\/08\/29\/ksar-said-un-trou-beant-au-milieu-de-la-chaussee-apres-les-fortes-pluies-dhier-soir\/\",\"name\":\"Ksar Said : un trou b\u00e9ant au milieu de la chauss\u00e9e apr\u00e8s les fortes pluies d'hier soir - Kapitalis\",\"isPartOf\":{\"@id\":\"https:\/\/kapitalis.com\/tunisie\/#website\"},\"primaryImageOfPage\":{\"@id\":\"https:\/\/kapitalis.com\/tunisie\/2019\/08\/29\/ksar-said-un-trou-beant-au-milieu-de-la-chaussee-apres-les-fortes-pluies-dhier-soir\/#primaryimage\"},\"image\":{\"@id\":\"https:\/\/kapitalis.com\/tunisie\/2019\/08\/29\/ksar-said-un-trou-beant-au-milieu-de-la-chaussee-apres-les-fortes-pluies-dhier-soir\/#primaryimage\"},\"thumbnailUrl\":\"\",\"datePublished\":\"2019-08-29T13:53:11+00:00\",\"dateModified\":\"2019-08-29T16:51:43+00:00\",\"breadcrumb\":{\"@id\":\"https:\/\/kapitalis.com\/tunisie\/2019\/08\/29\/ksar-said-un-trou-beant-au-milieu-de-la-chaussee-apres-les-fortes-pluies-dhier-soir\/#breadcrumb\"},\"inLanguage\":\"fr-FR\",\"potentialAction\":[{\"@type\":\"ReadAction\",\"target\":[\"https:\/\/kapitalis.com\/tunisie\/2019\/08\/29\/ksar-said-un-trou-beant-au-milieu-de-la-chaussee-apres-les-fortes-pluies-dhier-soir\/\"]}]},{\"@type\":\"ImageObject\",\"inLanguage\":\"fr-FR\",\"@id\":\"https:\/\/kapitalis.com\/tunisie\/2019\/08\/29\/ksar-said-un-trou-beant-au-milieu-de-la-chaussee-apres-les-fortes-pluies-dhier-soir\/#primaryimage\",\"url\":\"\",\"contentUrl\":\"\"},{\"@type\":\"BreadcrumbList\",\"@id\":\"https:\/\/kapitalis.com\/tunisie\/2019\/08\/29\/ksar-said-un-trou-beant-au-milieu-de-la-chaussee-apres-les-fortes-pluies-dhier-soir\/#breadcrumb\",\"itemListElement\":[{\"@type\":\"ListItem\",\"position\":1,\"name\":\"Accueil\",\"item\":\"https:\/\/kapitalis.com\/tunisie\/\"},{\"@type\":\"ListItem\",\"position\":2,\"name\":\"Ksar Said : un trou b\u00e9ant au milieu de la chauss\u00e9e apr\u00e8s les fortes pluies d&rsquo;hier soir\"}]},{\"@type\":\"WebSite\",\"@id\":\"https:\/\/kapitalis.com\/tunisie\/#website\",\"url\":\"https:\/\/kapitalis.com\/tunisie\/\",\"name\":\"Kapitalis\",\"description\":\"L&#039;actualit\u00e9 en Tunisie et dans le monde\",\"publisher\":{\"@id\":\"https:\/\/kapitalis.com\/tunisie\/#organization\"},\"potentialAction\":[{\"@type\":\"SearchAction\",\"target\":{\"@type\":\"EntryPoint\",\"urlTemplate\":\"https:\/\/kapitalis.com\/tunisie\/?s={search_term_string}\"},\"query-input\":{\"@type\":\"PropertyValueSpecification\",\"valueRequired\":true,\"valueName\":\"search_term_string\"}}],\"inLanguage\":\"fr-FR\"},{\"@type\":\"Organization\",\"@id\":\"https:\/\/kapitalis.com\/tunisie\/#organization\",\"name\":\"Kapitalis\",\"url\":\"https:\/\/kapitalis.com\/tunisie\/\",\"logo\":{\"@type\":\"ImageObject\",\"inLanguage\":\"fr-FR\",\"@id\":\"https:\/\/kapitalis.com\/tunisie\/#\/schema\/logo\/image\/\",\"url\":\"https:\/\/kapitalis.com\/tunisie\/wp-content\/uploads\/2022\/05\/Kapitalis-big-size.png\",\"contentUrl\":\"https:\/\/kapitalis.com\/tunisie\/wp-content\/uploads\/2022\/05\/Kapitalis-big-size.png\",\"width\":5000,\"height\":1500,\"caption\":\"Kapitalis\"},\"image\":{\"@id\":\"https:\/\/kapitalis.com\/tunisie\/#\/schema\/logo\/image\/\"},\"sameAs\":[\"https:\/\/www.facebook.com\/KapitalisInfo\/\",\"https:\/\/x.com\/KapitalisInfo\",\"https:\/\/www.youtube.com\/channel\/UC-yDYrHyfFBWWZaOw3FPg9Q\"]},{\"@type\":\"Person\",\"@id\":\"https:\/\/kapitalis.com\/tunisie\/#\/schema\/person\/093913313d3017554cb3ad077fff3fbd\",\"name\":\"Amina Mkada\",\"url\":\"https:\/\/kapitalis.com\/tunisie\/author\/amina\/\"}]}<\/script>\n<!-- \/ Yoast SEO plugin. -->","yoast_head_json":{"title":"Ksar Said : un trou b\u00e9ant au milieu de la chauss\u00e9e apr\u00e8s les fortes pluies d'hier soir - Kapitalis","robots":{"index":"index","follow":"follow","max-snippet":"max-snippet:-1","max-image-preview":"max-image-preview:large","max-video-preview":"max-video-preview:-1"},"canonical":"https:\/\/kapitalis.com\/tunisie\/2019\/08\/29\/ksar-said-un-trou-beant-au-milieu-de-la-chaussee-apres-les-fortes-pluies-dhier-soir\/","og_locale":"fr_FR","og_type":"article","og_title":"Ksar Said : un trou b\u00e9ant au milieu de la chauss\u00e9e apr\u00e8s les fortes pluies d'hier soir - Kapitalis","og_description":"Les habitants de Ksar Said, dans la banlieue ouest de Tunis, ont eu la surprise de constater, ce jeudi 29 ao\u00fbt 2019, un trou b\u00e9ant au milieu de la chauss\u00e9e, s\u00fbrement provoqu\u00e9 par les fortes pr\u00e9cipitations d&rsquo;hier soir.","og_url":"https:\/\/kapitalis.com\/tunisie\/2019\/08\/29\/ksar-said-un-trou-beant-au-milieu-de-la-chaussee-apres-les-fortes-pluies-dhier-soir\/","og_site_name":"Kapitalis","article_publisher":"https:\/\/www.facebook.com\/KapitalisInfo\/","article_published_time":"2019-08-29T13:53:11+00:00","article_modified_time":"2019-08-29T16:51:43+00:00","og_image":[{"width":1200,"height":630,"url":"https:\/\/kapitalis.com\/tunisie\/wp-content\/uploads\/2022\/05\/kapitalis-logo-fb.png","type":"image\/png"}],"author":"Amina Mkada","twitter_card":"summary_large_image","twitter_creator":"@KapitalisInfo","twitter_site":"@KapitalisInfo","twitter_misc":{"\u00c9crit par":"Amina Mkada","Dur\u00e9e de lecture estim\u00e9e":"1 minute"},"schema":{"@context":"https:\/\/schema.org","@graph":[{"@type":"Article","@id":"https:\/\/kapitalis.com\/tunisie\/2019\/08\/29\/ksar-said-un-trou-beant-au-milieu-de-la-chaussee-apres-les-fortes-pluies-dhier-soir\/#article","isPartOf":{"@id":"https:\/\/kapitalis.com\/tunisie\/2019\/08\/29\/ksar-said-un-trou-beant-au-milieu-de-la-chaussee-apres-les-fortes-pluies-dhier-soir\/"},"author":{"name":"Amina Mkada","@id":"https:\/\/kapitalis.com\/tunisie\/#\/schema\/person\/093913313d3017554cb3ad077fff3fbd"},"headline":"Ksar Said : un trou b\u00e9ant au milieu de la chauss\u00e9e apr\u00e8s les fortes pluies d&rsquo;hier soir","datePublished":"2019-08-29T13:53:11+00:00","dateModified":"2019-08-29T16:51:43+00:00","mainEntityOfPage":{"@id":"https:\/\/kapitalis.com\/tunisie\/2019\/08\/29\/ksar-said-un-trou-beant-au-milieu-de-la-chaussee-apres-les-fortes-pluies-dhier-soir\/"},"wordCount":215,"commentCount":1,"publisher":{"@id":"https:\/\/kapitalis.com\/tunisie\/#organization"},"image":{"@id":"https:\/\/kapitalis.com\/tunisie\/2019\/08\/29\/ksar-said-un-trou-beant-au-milieu-de-la-chaussee-apres-les-fortes-pluies-dhier-soir\/#primaryimage"},"thumbnailUrl":"","keywords":["Ksar Sa\u00efd","mairie","travaux"],"articleSection":["SOCIETE","Tunisie"],"inLanguage":"fr-FR","potentialAction":[{"@type":"CommentAction","name":"Comment","target":["https:\/\/kapitalis.com\/tunisie\/2019\/08\/29\/ksar-said-un-trou-beant-au-milieu-de-la-chaussee-apres-les-fortes-pluies-dhier-soir\/#respond"]}]},{"@type":"WebPage","@id":"https:\/\/kapitalis.com\/tunisie\/2019\/08\/29\/ksar-said-un-trou-beant-au-milieu-de-la-chaussee-apres-les-fortes-pluies-dhier-soir\/","url":"https:\/\/kapitalis.com\/tunisie\/2019\/08\/29\/ksar-said-un-trou-beant-au-milieu-de-la-chaussee-apres-les-fortes-pluies-dhier-soir\/","name":"Ksar Said : un trou b\u00e9ant au milieu de la chauss\u00e9e apr\u00e8s les fortes pluies d'hier soir - Kapitalis","isPartOf":{"@id":"https:\/\/kapitalis.com\/tunisie\/#website"},"primaryImageOfPage":{"@id":"https:\/\/kapitalis.com\/tunisie\/2019\/08\/29\/ksar-said-un-trou-beant-au-milieu-de-la-chaussee-apres-les-fortes-pluies-dhier-soir\/#primaryimage"},"image":{"@id":"https:\/\/kapitalis.com\/tunisie\/2019\/08\/29\/ksar-said-un-trou-beant-au-milieu-de-la-chaussee-apres-les-fortes-pluies-dhier-soir\/#primaryimage"},"thumbnailUrl":"","datePublished":"2019-08-29T13:53:11+00:00","dateModified":"2019-08-29T16:51:43+00:00","breadcrumb":{"@id":"https:\/\/kapitalis.com\/tunisie\/2019\/08\/29\/ksar-said-un-trou-beant-au-milieu-de-la-chaussee-apres-les-fortes-pluies-dhier-soir\/#breadcrumb"},"inLanguage":"fr-FR","potentialAction":[{"@type":"ReadAction","target":["https:\/\/kapitalis.com\/tunisie\/2019\/08\/29\/ksar-said-un-trou-beant-au-milieu-de-la-chaussee-apres-les-fortes-pluies-dhier-soir\/"]}]},{"@type":"ImageObject","inLanguage":"fr-FR","@id":"https:\/\/kapitalis.com\/tunisie\/2019\/08\/29\/ksar-said-un-trou-beant-au-milieu-de-la-chaussee-apres-les-fortes-pluies-dhier-soir\/#primaryimage","url":"","contentUrl":""},{"@type":"BreadcrumbList","@id":"https:\/\/kapitalis.com\/tunisie\/2019\/08\/29\/ksar-said-un-trou-beant-au-milieu-de-la-chaussee-apres-les-fortes-pluies-dhier-soir\/#breadcrumb","itemListElement":[{"@type":"ListItem","position":1,"name":"Accueil","item":"https:\/\/kapitalis.com\/tunisie\/"},{"@type":"ListItem","position":2,"name":"Ksar Said : un trou b\u00e9ant au milieu de la chauss\u00e9e apr\u00e8s les fortes pluies d&rsquo;hier soir"}]},{"@type":"WebSite","@id":"https:\/\/kapitalis.com\/tunisie\/#website","url":"https:\/\/kapitalis.com\/tunisie\/","name":"Kapitalis","description":"L&#039;actualit\u00e9 en Tunisie et dans le monde","publisher":{"@id":"https:\/\/kapitalis.com\/tunisie\/#organization"},"potentialAction":[{"@type":"SearchAction","target":{"@type":"EntryPoint","urlTemplate":"https:\/\/kapitalis.com\/tunisie\/?s={search_term_string}"},"query-input":{"@type":"PropertyValueSpecification","valueRequired":true,"valueName":"search_term_string"}}],"inLanguage":"fr-FR"},{"@type":"Organization","@id":"https:\/\/kapitalis.com\/tunisie\/#organization","name":"Kapitalis","url":"https:\/\/kapitalis.com\/tunisie\/","logo":{"@type":"ImageObject","inLanguage":"fr-FR","@id":"https:\/\/kapitalis.com\/tunisie\/#\/schema\/logo\/image\/","url":"https:\/\/kapitalis.com\/tunisie\/wp-content\/uploads\/2022\/05\/Kapitalis-big-size.png","contentUrl":"https:\/\/kapitalis.com\/tunisie\/wp-content\/uploads\/2022\/05\/Kapitalis-big-size.png","width":5000,"height":1500,"caption":"Kapitalis"},"image":{"@id":"https:\/\/kapitalis.com\/tunisie\/#\/schema\/logo\/image\/"},"sameAs":["https:\/\/www.facebook.com\/KapitalisInfo\/","https:\/\/x.com\/KapitalisInfo","https:\/\/www.youtube.com\/channel\/UC-yDYrHyfFBWWZaOw3FPg9Q"]},{"@type":"Person","@id":"https:\/\/kapitalis.com\/tunisie\/#\/schema\/person\/093913313d3017554cb3ad077fff3fbd","name":"Amina Mkada","url":"https:\/\/kapitalis.com\/tunisie\/author\/amina\/"}]}},"_links":{"self":[{"href":"https:\/\/kapitalis.com\/tunisie\/wp-json\/wp\/v2\/posts\/235861","targetHints":{"allow":["GET"]}}],"collection":[{"href":"https:\/\/kapitalis.com\/tunisie\/wp-json\/wp\/v2\/posts"}],"about":[{"href":"https:\/\/kapitalis.com\/tunisie\/wp-json\/wp\/v2\/types\/post"}],"author":[{"embeddable":true,"href":"https:\/\/kapitalis.com\/tunisie\/wp-json\/wp\/v2\/users\/22"}],"replies":[{"embeddable":true,"href":"https:\/\/kapitalis.com\/tunisie\/wp-json\/wp\/v2\/comments?post=235861"}],"version-history":[{"count":0,"href":"https:\/\/kapitalis.com\/tunisie\/wp-json\/wp\/v2\/posts\/235861\/revisions"}],"wp:featuredmedia":[{"embeddable":true,"href":"https:\/\/kapitalis.com\/tunisie\/wp-json\/wp\/v2\/media\/235867"}],"wp:attachment":[{"href":"https:\/\/kapitalis.com\/tunisie\/wp-json\/wp\/v2\/media?parent=235861"}],"wp:term":[{"taxonomy":"category","embeddable":true,"href":"https:\/\/kapitalis.com\/tunisie\/wp-json\/wp\/v2\/categories?post=235861"},{"taxonomy":"post_tag","embeddable":true,"href":"https:\/\/kapitalis.com\/tunisie\/wp-json\/wp\/v2\/tags?post=235861"}],"curies":[{"name":"wp","href":"https:\/\/api.w.org\/{rel}","templated":true}]}}