{"id":235871,"date":"2019-08-29T15:08:21","date_gmt":"2019-08-29T14:08:21","guid":{"rendered":"http:\/\/kapitalis.com\/tunisie\/?p=235871"},"modified":"2019-08-29T15:08:29","modified_gmt":"2019-08-29T14:08:29","slug":"hend-sabry-habillee-par-litalien-etro-a-louverture-du-festival-de-venise","status":"publish","type":"post","link":"https:\/\/kapitalis.com\/tunisie\/2019\/08\/29\/hend-sabry-habillee-par-litalien-etro-a-louverture-du-festival-de-venise\/","title":{"rendered":"L&rsquo;actrice tunisienne Hend Sabry habill\u00e9e par l&rsquo;Italien ETRO \u00e0 l&rsquo;ouverture du Festival de Venise"},"content":{"rendered":"\n<figure class=\"wp-block-image\"><img decoding=\"async\" src=\"http:\/\/kapitalis.com\/tunisie\/wp-content\/uploads\/2019\/08\/Hend-Sabri-robe-ETRO....jpg\" alt=\"\" class=\"wp-image-235887\"\/><figcaption><em>Hend en robe ETRO.<\/em><\/figcaption><\/figure>\n\n\n\n<p><strong><em>L&rsquo;actrice tunisienne Hend Sabry, membre du jury de la 76e \u00e9dition du <\/em><\/strong> <strong><em>du Festival international du film de Venise, est apparue habill\u00e9e par l&rsquo;Italien Etro, \u00e0 son arriv\u00e9e hier soir, mercredi 28 ao\u00fbt 2019, \u00e0 la c\u00e9r\u00e9monie d&rsquo;ouverture du festival avec la projection du film franco-italien \u00ab\u00a0La V\u00e9rit\u00e9\u00a0\u00bb. <\/em><\/strong><\/p>\n\n\n\n<!--more-->\n\n\n\n<p>Le Festival du film de Venise 2019 a d\u00e9marr\u00e9. Pendant les 11 prochains jours, les plus grands noms d\u2019Hollywood se rassembleront dans la ville italienne pour c\u00e9l\u00e9brer le cin\u00e9ma. L&rsquo;actrice tuniso-\u00e9gyptienne Hend Sabry fait partie des membres du jury de ce c\u00e9l\u00e8bre \u00e9v\u00e9nement artistique.<\/p>\n\n\n\n<p>Lors de la 1\u00e8re soir\u00e9e, stars de cin\u00e9ma, mannequins, r\u00e9alisateurs et personnalit\u00e9s marchaient sur le tapis rouge, dont Hend Sabry, arrivant en bateau pour les festivit\u00e9s.<\/p>\n\n\n\n<p>En plus de Hend Sabry, les designers italiens \u00e9taient bien repr\u00e9sent\u00e9s sur le tapis rouge. Les cr\u00e9ations de Etro ont \u00e9t\u00e9 choisies, cette ann\u00e9e, par Hend Sabri, Isabella Ferrari, Candice Swanepoel et Elsa Hosk.<\/p>\n\n\n<p style=\"text-align: right;\"><span style=\"color: #0000ff;\"><b>A. M. <\/b><em>(avec <a style=\"color: #0000ff;\" href=\"https:\/\/www.thenational.ae\/lifestyle\/fashion\/venice-film-festival-2019-fashion-16-red-carpet-looks-from-day-one-1.903961\" target=\"_blank\" rel=\"noopener noreferrer\">TheNational.ae<\/a>).<\/em><\/span><\/p>\n\n\n<p><div><br><\/div><\/p>\n","protected":false},"excerpt":{"rendered":"<p>L&rsquo;actrice tunisienne Hend Sabry, membre du jury de la 76e \u00e9dition du du Festival international du film de Venise, est apparue habill\u00e9e par l&rsquo;Italien Etro, \u00e0 son arriv\u00e9e hier soir, mercredi 28 ao\u00fbt 2019, \u00e0 la c\u00e9r\u00e9monie d&rsquo;ouverture du festival avec la projection du film franco-italien \u00ab\u00a0La V\u00e9rit\u00e9\u00a0\u00bb.<\/p>\n","protected":false},"author":22,"featured_media":235887,"comment_status":"open","ping_status":"open","sticky":false,"template":"","format":"standard","meta":{"footnotes":""},"categories":[994,2433],"tags":[13958,13956],"class_list":["post-235871","post","type-post","status-publish","format-standard","has-post-thumbnail","hentry","category-culture","category-tunisie","tag-actrice-tunisienne","tag-hend-sabry"],"yoast_head":"<!-- This site is optimized with the Yoast SEO plugin v26.6 - https:\/\/yoast.com\/wordpress\/plugins\/seo\/ -->\n<title>L&#039;actrice tunisienne Hend Sabry habill\u00e9e par l&#039;Italien ETRO \u00e0 l&#039;ouverture du Festival de Venise - Kapitalis<\/title>\n<meta name=\"robots\" content=\"index, follow, max-snippet:-1, max-image-preview:large, max-video-preview:-1\" \/>\n<link rel=\"canonical\" href=\"https:\/\/kapitalis.com\/tunisie\/2019\/08\/29\/hend-sabry-habillee-par-litalien-etro-a-louverture-du-festival-de-venise\/\" \/>\n<meta property=\"og:locale\" content=\"fr_FR\" \/>\n<meta property=\"og:type\" content=\"article\" \/>\n<meta property=\"og:title\" content=\"L&#039;actrice tunisienne Hend Sabry habill\u00e9e par l&#039;Italien ETRO \u00e0 l&#039;ouverture du Festival de Venise - Kapitalis\" \/>\n<meta property=\"og:description\" content=\"L&rsquo;actrice tunisienne Hend Sabry, membre du jury de la 76e \u00e9dition du du Festival international du film de Venise, est apparue habill\u00e9e par l&rsquo;Italien Etro, \u00e0 son arriv\u00e9e hier soir, mercredi 28 ao\u00fbt 2019, \u00e0 la c\u00e9r\u00e9monie d&rsquo;ouverture du festival avec la projection du film franco-italien \u00ab\u00a0La V\u00e9rit\u00e9\u00a0\u00bb.\" \/>\n<meta property=\"og:url\" content=\"https:\/\/kapitalis.com\/tunisie\/2019\/08\/29\/hend-sabry-habillee-par-litalien-etro-a-louverture-du-festival-de-venise\/\" \/>\n<meta property=\"og:site_name\" content=\"Kapitalis\" \/>\n<meta property=\"article:publisher\" content=\"https:\/\/www.facebook.com\/KapitalisInfo\/\" \/>\n<meta property=\"article:published_time\" content=\"2019-08-29T14:08:21+00:00\" \/>\n<meta property=\"article:modified_time\" content=\"2019-08-29T14:08:29+00:00\" \/>\n<meta property=\"og:image\" content=\"https:\/\/kapitalis.com\/tunisie\/wp-content\/uploads\/2022\/05\/kapitalis-logo-fb.png\" \/>\n\t<meta property=\"og:image:width\" content=\"1200\" \/>\n\t<meta property=\"og:image:height\" content=\"630\" \/>\n\t<meta property=\"og:image:type\" content=\"image\/png\" \/>\n<meta name=\"author\" content=\"Amina Mkada\" \/>\n<meta name=\"twitter:card\" content=\"summary_large_image\" \/>\n<meta name=\"twitter:creator\" content=\"@KapitalisInfo\" \/>\n<meta name=\"twitter:site\" content=\"@KapitalisInfo\" \/>\n<meta name=\"twitter:label1\" content=\"\u00c9crit par\" \/>\n\t<meta name=\"twitter:data1\" content=\"Amina Mkada\" \/>\n\t<meta name=\"twitter:label2\" content=\"Dur\u00e9e de lecture estim\u00e9e\" \/>\n\t<meta name=\"twitter:data2\" content=\"1 minute\" \/>\n<script type=\"application\/ld+json\" class=\"yoast-schema-graph\">{\"@context\":\"https:\/\/schema.org\",\"@graph\":[{\"@type\":\"Article\",\"@id\":\"https:\/\/kapitalis.com\/tunisie\/2019\/08\/29\/hend-sabry-habillee-par-litalien-etro-a-louverture-du-festival-de-venise\/#article\",\"isPartOf\":{\"@id\":\"https:\/\/kapitalis.com\/tunisie\/2019\/08\/29\/hend-sabry-habillee-par-litalien-etro-a-louverture-du-festival-de-venise\/\"},\"author\":{\"name\":\"Amina Mkada\",\"@id\":\"https:\/\/kapitalis.com\/tunisie\/#\/schema\/person\/093913313d3017554cb3ad077fff3fbd\"},\"headline\":\"L&rsquo;actrice tunisienne Hend Sabry habill\u00e9e par l&rsquo;Italien ETRO \u00e0 l&rsquo;ouverture du Festival de Venise\",\"datePublished\":\"2019-08-29T14:08:21+00:00\",\"dateModified\":\"2019-08-29T14:08:29+00:00\",\"mainEntityOfPage\":{\"@id\":\"https:\/\/kapitalis.com\/tunisie\/2019\/08\/29\/hend-sabry-habillee-par-litalien-etro-a-louverture-du-festival-de-venise\/\"},\"wordCount\":193,\"commentCount\":2,\"publisher\":{\"@id\":\"https:\/\/kapitalis.com\/tunisie\/#organization\"},\"image\":{\"@id\":\"https:\/\/kapitalis.com\/tunisie\/2019\/08\/29\/hend-sabry-habillee-par-litalien-etro-a-louverture-du-festival-de-venise\/#primaryimage\"},\"thumbnailUrl\":\"\",\"keywords\":[\"actrice tunisienne\",\"Hend Sabry\"],\"articleSection\":[\"CULTURE\",\"Tunisie\"],\"inLanguage\":\"fr-FR\",\"potentialAction\":[{\"@type\":\"CommentAction\",\"name\":\"Comment\",\"target\":[\"https:\/\/kapitalis.com\/tunisie\/2019\/08\/29\/hend-sabry-habillee-par-litalien-etro-a-louverture-du-festival-de-venise\/#respond\"]}]},{\"@type\":\"WebPage\",\"@id\":\"https:\/\/kapitalis.com\/tunisie\/2019\/08\/29\/hend-sabry-habillee-par-litalien-etro-a-louverture-du-festival-de-venise\/\",\"url\":\"https:\/\/kapitalis.com\/tunisie\/2019\/08\/29\/hend-sabry-habillee-par-litalien-etro-a-louverture-du-festival-de-venise\/\",\"name\":\"L'actrice tunisienne Hend Sabry habill\u00e9e par l'Italien ETRO \u00e0 l'ouverture du Festival de Venise - Kapitalis\",\"isPartOf\":{\"@id\":\"https:\/\/kapitalis.com\/tunisie\/#website\"},\"primaryImageOfPage\":{\"@id\":\"https:\/\/kapitalis.com\/tunisie\/2019\/08\/29\/hend-sabry-habillee-par-litalien-etro-a-louverture-du-festival-de-venise\/#primaryimage\"},\"image\":{\"@id\":\"https:\/\/kapitalis.com\/tunisie\/2019\/08\/29\/hend-sabry-habillee-par-litalien-etro-a-louverture-du-festival-de-venise\/#primaryimage\"},\"thumbnailUrl\":\"\",\"datePublished\":\"2019-08-29T14:08:21+00:00\",\"dateModified\":\"2019-08-29T14:08:29+00:00\",\"breadcrumb\":{\"@id\":\"https:\/\/kapitalis.com\/tunisie\/2019\/08\/29\/hend-sabry-habillee-par-litalien-etro-a-louverture-du-festival-de-venise\/#breadcrumb\"},\"inLanguage\":\"fr-FR\",\"potentialAction\":[{\"@type\":\"ReadAction\",\"target\":[\"https:\/\/kapitalis.com\/tunisie\/2019\/08\/29\/hend-sabry-habillee-par-litalien-etro-a-louverture-du-festival-de-venise\/\"]}]},{\"@type\":\"ImageObject\",\"inLanguage\":\"fr-FR\",\"@id\":\"https:\/\/kapitalis.com\/tunisie\/2019\/08\/29\/hend-sabry-habillee-par-litalien-etro-a-louverture-du-festival-de-venise\/#primaryimage\",\"url\":\"\",\"contentUrl\":\"\"},{\"@type\":\"BreadcrumbList\",\"@id\":\"https:\/\/kapitalis.com\/tunisie\/2019\/08\/29\/hend-sabry-habillee-par-litalien-etro-a-louverture-du-festival-de-venise\/#breadcrumb\",\"itemListElement\":[{\"@type\":\"ListItem\",\"position\":1,\"name\":\"Accueil\",\"item\":\"https:\/\/kapitalis.com\/tunisie\/\"},{\"@type\":\"ListItem\",\"position\":2,\"name\":\"L&rsquo;actrice tunisienne Hend Sabry habill\u00e9e par l&rsquo;Italien ETRO \u00e0 l&rsquo;ouverture du Festival de Venise\"}]},{\"@type\":\"WebSite\",\"@id\":\"https:\/\/kapitalis.com\/tunisie\/#website\",\"url\":\"https:\/\/kapitalis.com\/tunisie\/\",\"name\":\"Kapitalis\",\"description\":\"L&#039;actualit\u00e9 en Tunisie et dans le monde\",\"publisher\":{\"@id\":\"https:\/\/kapitalis.com\/tunisie\/#organization\"},\"potentialAction\":[{\"@type\":\"SearchAction\",\"target\":{\"@type\":\"EntryPoint\",\"urlTemplate\":\"https:\/\/kapitalis.com\/tunisie\/?s={search_term_string}\"},\"query-input\":{\"@type\":\"PropertyValueSpecification\",\"valueRequired\":true,\"valueName\":\"search_term_string\"}}],\"inLanguage\":\"fr-FR\"},{\"@type\":\"Organization\",\"@id\":\"https:\/\/kapitalis.com\/tunisie\/#organization\",\"name\":\"Kapitalis\",\"url\":\"https:\/\/kapitalis.com\/tunisie\/\",\"logo\":{\"@type\":\"ImageObject\",\"inLanguage\":\"fr-FR\",\"@id\":\"https:\/\/kapitalis.com\/tunisie\/#\/schema\/logo\/image\/\",\"url\":\"https:\/\/kapitalis.com\/tunisie\/wp-content\/uploads\/2022\/05\/Kapitalis-big-size.png\",\"contentUrl\":\"https:\/\/kapitalis.com\/tunisie\/wp-content\/uploads\/2022\/05\/Kapitalis-big-size.png\",\"width\":5000,\"height\":1500,\"caption\":\"Kapitalis\"},\"image\":{\"@id\":\"https:\/\/kapitalis.com\/tunisie\/#\/schema\/logo\/image\/\"},\"sameAs\":[\"https:\/\/www.facebook.com\/KapitalisInfo\/\",\"https:\/\/x.com\/KapitalisInfo\",\"https:\/\/www.youtube.com\/channel\/UC-yDYrHyfFBWWZaOw3FPg9Q\"]},{\"@type\":\"Person\",\"@id\":\"https:\/\/kapitalis.com\/tunisie\/#\/schema\/person\/093913313d3017554cb3ad077fff3fbd\",\"name\":\"Amina Mkada\",\"url\":\"https:\/\/kapitalis.com\/tunisie\/author\/amina\/\"}]}<\/script>\n<!-- \/ Yoast SEO plugin. -->","yoast_head_json":{"title":"L'actrice tunisienne Hend Sabry habill\u00e9e par l'Italien ETRO \u00e0 l'ouverture du Festival de Venise - Kapitalis","robots":{"index":"index","follow":"follow","max-snippet":"max-snippet:-1","max-image-preview":"max-image-preview:large","max-video-preview":"max-video-preview:-1"},"canonical":"https:\/\/kapitalis.com\/tunisie\/2019\/08\/29\/hend-sabry-habillee-par-litalien-etro-a-louverture-du-festival-de-venise\/","og_locale":"fr_FR","og_type":"article","og_title":"L'actrice tunisienne Hend Sabry habill\u00e9e par l'Italien ETRO \u00e0 l'ouverture du Festival de Venise - Kapitalis","og_description":"L&rsquo;actrice tunisienne Hend Sabry, membre du jury de la 76e \u00e9dition du du Festival international du film de Venise, est apparue habill\u00e9e par l&rsquo;Italien Etro, \u00e0 son arriv\u00e9e hier soir, mercredi 28 ao\u00fbt 2019, \u00e0 la c\u00e9r\u00e9monie d&rsquo;ouverture du festival avec la projection du film franco-italien \u00ab\u00a0La V\u00e9rit\u00e9\u00a0\u00bb.","og_url":"https:\/\/kapitalis.com\/tunisie\/2019\/08\/29\/hend-sabry-habillee-par-litalien-etro-a-louverture-du-festival-de-venise\/","og_site_name":"Kapitalis","article_publisher":"https:\/\/www.facebook.com\/KapitalisInfo\/","article_published_time":"2019-08-29T14:08:21+00:00","article_modified_time":"2019-08-29T14:08:29+00:00","og_image":[{"width":1200,"height":630,"url":"https:\/\/kapitalis.com\/tunisie\/wp-content\/uploads\/2022\/05\/kapitalis-logo-fb.png","type":"image\/png"}],"author":"Amina Mkada","twitter_card":"summary_large_image","twitter_creator":"@KapitalisInfo","twitter_site":"@KapitalisInfo","twitter_misc":{"\u00c9crit par":"Amina Mkada","Dur\u00e9e de lecture estim\u00e9e":"1 minute"},"schema":{"@context":"https:\/\/schema.org","@graph":[{"@type":"Article","@id":"https:\/\/kapitalis.com\/tunisie\/2019\/08\/29\/hend-sabry-habillee-par-litalien-etro-a-louverture-du-festival-de-venise\/#article","isPartOf":{"@id":"https:\/\/kapitalis.com\/tunisie\/2019\/08\/29\/hend-sabry-habillee-par-litalien-etro-a-louverture-du-festival-de-venise\/"},"author":{"name":"Amina Mkada","@id":"https:\/\/kapitalis.com\/tunisie\/#\/schema\/person\/093913313d3017554cb3ad077fff3fbd"},"headline":"L&rsquo;actrice tunisienne Hend Sabry habill\u00e9e par l&rsquo;Italien ETRO \u00e0 l&rsquo;ouverture du Festival de Venise","datePublished":"2019-08-29T14:08:21+00:00","dateModified":"2019-08-29T14:08:29+00:00","mainEntityOfPage":{"@id":"https:\/\/kapitalis.com\/tunisie\/2019\/08\/29\/hend-sabry-habillee-par-litalien-etro-a-louverture-du-festival-de-venise\/"},"wordCount":193,"commentCount":2,"publisher":{"@id":"https:\/\/kapitalis.com\/tunisie\/#organization"},"image":{"@id":"https:\/\/kapitalis.com\/tunisie\/2019\/08\/29\/hend-sabry-habillee-par-litalien-etro-a-louverture-du-festival-de-venise\/#primaryimage"},"thumbnailUrl":"","keywords":["actrice tunisienne","Hend Sabry"],"articleSection":["CULTURE","Tunisie"],"inLanguage":"fr-FR","potentialAction":[{"@type":"CommentAction","name":"Comment","target":["https:\/\/kapitalis.com\/tunisie\/2019\/08\/29\/hend-sabry-habillee-par-litalien-etro-a-louverture-du-festival-de-venise\/#respond"]}]},{"@type":"WebPage","@id":"https:\/\/kapitalis.com\/tunisie\/2019\/08\/29\/hend-sabry-habillee-par-litalien-etro-a-louverture-du-festival-de-venise\/","url":"https:\/\/kapitalis.com\/tunisie\/2019\/08\/29\/hend-sabry-habillee-par-litalien-etro-a-louverture-du-festival-de-venise\/","name":"L'actrice tunisienne Hend Sabry habill\u00e9e par l'Italien ETRO \u00e0 l'ouverture du Festival de Venise - Kapitalis","isPartOf":{"@id":"https:\/\/kapitalis.com\/tunisie\/#website"},"primaryImageOfPage":{"@id":"https:\/\/kapitalis.com\/tunisie\/2019\/08\/29\/hend-sabry-habillee-par-litalien-etro-a-louverture-du-festival-de-venise\/#primaryimage"},"image":{"@id":"https:\/\/kapitalis.com\/tunisie\/2019\/08\/29\/hend-sabry-habillee-par-litalien-etro-a-louverture-du-festival-de-venise\/#primaryimage"},"thumbnailUrl":"","datePublished":"2019-08-29T14:08:21+00:00","dateModified":"2019-08-29T14:08:29+00:00","breadcrumb":{"@id":"https:\/\/kapitalis.com\/tunisie\/2019\/08\/29\/hend-sabry-habillee-par-litalien-etro-a-louverture-du-festival-de-venise\/#breadcrumb"},"inLanguage":"fr-FR","potentialAction":[{"@type":"ReadAction","target":["https:\/\/kapitalis.com\/tunisie\/2019\/08\/29\/hend-sabry-habillee-par-litalien-etro-a-louverture-du-festival-de-venise\/"]}]},{"@type":"ImageObject","inLanguage":"fr-FR","@id":"https:\/\/kapitalis.com\/tunisie\/2019\/08\/29\/hend-sabry-habillee-par-litalien-etro-a-louverture-du-festival-de-venise\/#primaryimage","url":"","contentUrl":""},{"@type":"BreadcrumbList","@id":"https:\/\/kapitalis.com\/tunisie\/2019\/08\/29\/hend-sabry-habillee-par-litalien-etro-a-louverture-du-festival-de-venise\/#breadcrumb","itemListElement":[{"@type":"ListItem","position":1,"name":"Accueil","item":"https:\/\/kapitalis.com\/tunisie\/"},{"@type":"ListItem","position":2,"name":"L&rsquo;actrice tunisienne Hend Sabry habill\u00e9e par l&rsquo;Italien ETRO \u00e0 l&rsquo;ouverture du Festival de Venise"}]},{"@type":"WebSite","@id":"https:\/\/kapitalis.com\/tunisie\/#website","url":"https:\/\/kapitalis.com\/tunisie\/","name":"Kapitalis","description":"L&#039;actualit\u00e9 en Tunisie et dans le monde","publisher":{"@id":"https:\/\/kapitalis.com\/tunisie\/#organization"},"potentialAction":[{"@type":"SearchAction","target":{"@type":"EntryPoint","urlTemplate":"https:\/\/kapitalis.com\/tunisie\/?s={search_term_string}"},"query-input":{"@type":"PropertyValueSpecification","valueRequired":true,"valueName":"search_term_string"}}],"inLanguage":"fr-FR"},{"@type":"Organization","@id":"https:\/\/kapitalis.com\/tunisie\/#organization","name":"Kapitalis","url":"https:\/\/kapitalis.com\/tunisie\/","logo":{"@type":"ImageObject","inLanguage":"fr-FR","@id":"https:\/\/kapitalis.com\/tunisie\/#\/schema\/logo\/image\/","url":"https:\/\/kapitalis.com\/tunisie\/wp-content\/uploads\/2022\/05\/Kapitalis-big-size.png","contentUrl":"https:\/\/kapitalis.com\/tunisie\/wp-content\/uploads\/2022\/05\/Kapitalis-big-size.png","width":5000,"height":1500,"caption":"Kapitalis"},"image":{"@id":"https:\/\/kapitalis.com\/tunisie\/#\/schema\/logo\/image\/"},"sameAs":["https:\/\/www.facebook.com\/KapitalisInfo\/","https:\/\/x.com\/KapitalisInfo","https:\/\/www.youtube.com\/channel\/UC-yDYrHyfFBWWZaOw3FPg9Q"]},{"@type":"Person","@id":"https:\/\/kapitalis.com\/tunisie\/#\/schema\/person\/093913313d3017554cb3ad077fff3fbd","name":"Amina Mkada","url":"https:\/\/kapitalis.com\/tunisie\/author\/amina\/"}]}},"_links":{"self":[{"href":"https:\/\/kapitalis.com\/tunisie\/wp-json\/wp\/v2\/posts\/235871","targetHints":{"allow":["GET"]}}],"collection":[{"href":"https:\/\/kapitalis.com\/tunisie\/wp-json\/wp\/v2\/posts"}],"about":[{"href":"https:\/\/kapitalis.com\/tunisie\/wp-json\/wp\/v2\/types\/post"}],"author":[{"embeddable":true,"href":"https:\/\/kapitalis.com\/tunisie\/wp-json\/wp\/v2\/users\/22"}],"replies":[{"embeddable":true,"href":"https:\/\/kapitalis.com\/tunisie\/wp-json\/wp\/v2\/comments?post=235871"}],"version-history":[{"count":0,"href":"https:\/\/kapitalis.com\/tunisie\/wp-json\/wp\/v2\/posts\/235871\/revisions"}],"wp:featuredmedia":[{"embeddable":true,"href":"https:\/\/kapitalis.com\/tunisie\/wp-json\/wp\/v2\/media\/235887"}],"wp:attachment":[{"href":"https:\/\/kapitalis.com\/tunisie\/wp-json\/wp\/v2\/media?parent=235871"}],"wp:term":[{"taxonomy":"category","embeddable":true,"href":"https:\/\/kapitalis.com\/tunisie\/wp-json\/wp\/v2\/categories?post=235871"},{"taxonomy":"post_tag","embeddable":true,"href":"https:\/\/kapitalis.com\/tunisie\/wp-json\/wp\/v2\/tags?post=235871"}],"curies":[{"name":"wp","href":"https:\/\/api.w.org\/{rel}","templated":true}]}}