{"id":235998,"date":"2019-08-30T08:54:50","date_gmt":"2019-08-30T07:54:50","guid":{"rendered":"http:\/\/kapitalis.com\/tunisie\/?p=235998"},"modified":"2019-08-30T08:54:54","modified_gmt":"2019-08-30T07:54:54","slug":"football-coupe-arabe-des-clubs-letoile-du-sahel-commence-par-une-defaite","status":"publish","type":"post","link":"https:\/\/kapitalis.com\/tunisie\/2019\/08\/30\/football-coupe-arabe-des-clubs-letoile-du-sahel-commence-par-une-defaite\/","title":{"rendered":"Football-Coupe arabe des clubs : L\u2019Etoile du Sahel commence par une d\u00e9faite"},"content":{"rendered":"\n<figure class=\"wp-block-image\"><img decoding=\"async\" src=\"http:\/\/kapitalis.com\/tunisie\/wp-content\/uploads\/2019\/08\/Bilel-Mejri-Etoile-du-Sahel.jpg\" alt=\"\" class=\"wp-image-235999\"\/><figcaption><em>Bilel Mejri (\u00e0 droite) tarde \u00e0 apporter le plus attendu de lui par les Etoil\u00e9s. <\/em><\/figcaption><\/figure>\n\n\n\n<p><strong><em>L\u2019Etoile sportive du Sahel (ESS), premier club tunisien engag\u00e9 dans la nouvelle \u00e9dition de la Coupe arabe des Clubs 2019-2020, a d\u00e9\u00e7u pour sa premi\u00e8re sortie, hier, jeudi 29 ao\u00fbt 2019, conc\u00e9dant une d\u00e9faite face \u00e0 Shabab en Jordanie (2-1).<\/em><\/strong><br><\/p>\n\n\n\n<!--more-->\n\n\n\n<p> Le coup d\u2019envoi de cette \u00e9dition a \u00e9t\u00e9 donn\u00e9 avec les tours pr\u00e9liminaires qui seront disput\u00e9s entre les mois d\u2019ao\u00fbt et octobre 2019. Alors que la finale devrait avoir lieu au mois d\u2019avril 2020 \u00e0 Rabat, capitale du Maroc.   <br><\/p>\n\n\n\n<p> Pas encore au meilleur de sa forme, l\u2019Etoile, le tenant du titre, a produit une tr\u00e8s modeste prestation, \u00e9vitant m\u00eame une nette sanction.<br><\/p>\n\n\n\n<p> Le d\u00e9fenseur Ammar Jemal a donn\u00e9 de l\u2019espoir \u00e0 ses co\u00e9quipiers en \u00e9galisant \u00e0 la 50e minute, sur un corner d\u00e9vi\u00e9 de Rami Bedoui, mais Mohamed Mustapha (53\u2019) a redonn\u00e9 l\u2019avantage aux locaux.<br><\/p>\n\n\n\n<p> C\u2019est la 3e d\u00e9faite en 4 matches depuis l\u2019arriv\u00e9e de Faouzi Benzarti sur le banc technique de l\u2019ESS. Et cela fait grincer des dents chez les fans qui se rappellent que l\u2019ESS avait meilleure allure sous la direction de Roger Lemerre.<br><\/p>\n\n\n\n<p> Rien n\u2019est perdu, mais les \u00e9toil\u00e9s devront imp\u00e9rativement se ressaisir en match retour, le 24 septembre prochain, au stade Mustapha Ben Jannet de Monastir, leur stade \u00e9tant ferm\u00e9 pour travaux. <br><\/p>\n\n\n\n<p style=\"text-align:right\"><strong> H. M.<\/strong> <\/p>\n","protected":false},"excerpt":{"rendered":"<p>L\u2019Etoile sportive du Sahel (ESS), premier club tunisien engag\u00e9 dans la nouvelle \u00e9dition de la Coupe arabe des Clubs 2019-2020, a d\u00e9\u00e7u pour sa premi\u00e8re sortie, hier, jeudi 29 ao\u00fbt 2019, conc\u00e9dant une d\u00e9faite face \u00e0 Shabab en Jordanie (2-1).<\/p>\n","protected":false},"author":8,"featured_media":235999,"comment_status":"open","ping_status":"open","sticky":false,"template":"","format":"standard","meta":{"footnotes":""},"categories":[999,2433],"tags":[10502,35028,1852,3662,32114],"class_list":["post-235998","post","type-post","status-publish","format-standard","has-post-thumbnail","hentry","category-sport","category-tunisie","tag-ammar-jemal","tag-coupe-arabe-des-clubs","tag-faouzi-benzarti","tag-jordanie","tag-rami-bedoui"],"yoast_head":"<!-- This site is optimized with the Yoast SEO plugin v26.6 - https:\/\/yoast.com\/wordpress\/plugins\/seo\/ -->\n<title>Football-Coupe arabe des clubs : L\u2019Etoile du Sahel commence par une d\u00e9faite - Kapitalis<\/title>\n<meta name=\"robots\" content=\"index, follow, max-snippet:-1, max-image-preview:large, max-video-preview:-1\" \/>\n<link rel=\"canonical\" href=\"https:\/\/kapitalis.com\/tunisie\/2019\/08\/30\/football-coupe-arabe-des-clubs-letoile-du-sahel-commence-par-une-defaite\/\" \/>\n<meta property=\"og:locale\" content=\"fr_FR\" \/>\n<meta property=\"og:type\" content=\"article\" \/>\n<meta property=\"og:title\" content=\"Football-Coupe arabe des clubs : L\u2019Etoile du Sahel commence par une d\u00e9faite - Kapitalis\" \/>\n<meta property=\"og:description\" content=\"L\u2019Etoile sportive du Sahel (ESS), premier club tunisien engag\u00e9 dans la nouvelle \u00e9dition de la Coupe arabe des Clubs 2019-2020, a d\u00e9\u00e7u pour sa premi\u00e8re sortie, hier, jeudi 29 ao\u00fbt 2019, conc\u00e9dant une d\u00e9faite face \u00e0 Shabab en Jordanie (2-1).\" \/>\n<meta property=\"og:url\" content=\"https:\/\/kapitalis.com\/tunisie\/2019\/08\/30\/football-coupe-arabe-des-clubs-letoile-du-sahel-commence-par-une-defaite\/\" \/>\n<meta property=\"og:site_name\" content=\"Kapitalis\" \/>\n<meta property=\"article:publisher\" content=\"https:\/\/www.facebook.com\/KapitalisInfo\/\" \/>\n<meta property=\"article:published_time\" content=\"2019-08-30T07:54:50+00:00\" \/>\n<meta property=\"article:modified_time\" content=\"2019-08-30T07:54:54+00:00\" \/>\n<meta property=\"og:image\" content=\"https:\/\/kapitalis.com\/tunisie\/wp-content\/uploads\/2022\/05\/kapitalis-logo-fb.png\" \/>\n\t<meta property=\"og:image:width\" content=\"1200\" \/>\n\t<meta property=\"og:image:height\" content=\"630\" \/>\n\t<meta property=\"og:image:type\" content=\"image\/png\" \/>\n<meta name=\"author\" content=\"webmaster kapitalis\" \/>\n<meta name=\"twitter:card\" content=\"summary_large_image\" \/>\n<meta name=\"twitter:creator\" content=\"@KapitalisInfo\" \/>\n<meta name=\"twitter:site\" content=\"@KapitalisInfo\" \/>\n<meta name=\"twitter:label1\" content=\"\u00c9crit par\" \/>\n\t<meta name=\"twitter:data1\" content=\"webmaster kapitalis\" \/>\n\t<meta name=\"twitter:label2\" content=\"Dur\u00e9e de lecture estim\u00e9e\" \/>\n\t<meta name=\"twitter:data2\" content=\"1 minute\" \/>\n<script type=\"application\/ld+json\" class=\"yoast-schema-graph\">{\"@context\":\"https:\/\/schema.org\",\"@graph\":[{\"@type\":\"Article\",\"@id\":\"https:\/\/kapitalis.com\/tunisie\/2019\/08\/30\/football-coupe-arabe-des-clubs-letoile-du-sahel-commence-par-une-defaite\/#article\",\"isPartOf\":{\"@id\":\"https:\/\/kapitalis.com\/tunisie\/2019\/08\/30\/football-coupe-arabe-des-clubs-letoile-du-sahel-commence-par-une-defaite\/\"},\"author\":{\"name\":\"webmaster kapitalis\",\"@id\":\"https:\/\/kapitalis.com\/tunisie\/#\/schema\/person\/d71f33a9ca44f7bad4698210b480c8e9\"},\"headline\":\"Football-Coupe arabe des clubs : L\u2019Etoile du Sahel commence par une d\u00e9faite\",\"datePublished\":\"2019-08-30T07:54:50+00:00\",\"dateModified\":\"2019-08-30T07:54:54+00:00\",\"mainEntityOfPage\":{\"@id\":\"https:\/\/kapitalis.com\/tunisie\/2019\/08\/30\/football-coupe-arabe-des-clubs-letoile-du-sahel-commence-par-une-defaite\/\"},\"wordCount\":253,\"commentCount\":0,\"publisher\":{\"@id\":\"https:\/\/kapitalis.com\/tunisie\/#organization\"},\"image\":{\"@id\":\"https:\/\/kapitalis.com\/tunisie\/2019\/08\/30\/football-coupe-arabe-des-clubs-letoile-du-sahel-commence-par-une-defaite\/#primaryimage\"},\"thumbnailUrl\":\"\",\"keywords\":[\"Ammar Jemal\",\"Coupe arabe des clubs\",\"Faouzi Benzarti\",\"Jordanie\",\"Rami Bedoui\"],\"articleSection\":[\"SPORT\",\"Tunisie\"],\"inLanguage\":\"fr-FR\",\"potentialAction\":[{\"@type\":\"CommentAction\",\"name\":\"Comment\",\"target\":[\"https:\/\/kapitalis.com\/tunisie\/2019\/08\/30\/football-coupe-arabe-des-clubs-letoile-du-sahel-commence-par-une-defaite\/#respond\"]}]},{\"@type\":\"WebPage\",\"@id\":\"https:\/\/kapitalis.com\/tunisie\/2019\/08\/30\/football-coupe-arabe-des-clubs-letoile-du-sahel-commence-par-une-defaite\/\",\"url\":\"https:\/\/kapitalis.com\/tunisie\/2019\/08\/30\/football-coupe-arabe-des-clubs-letoile-du-sahel-commence-par-une-defaite\/\",\"name\":\"Football-Coupe arabe des clubs : L\u2019Etoile du Sahel commence par une d\u00e9faite - Kapitalis\",\"isPartOf\":{\"@id\":\"https:\/\/kapitalis.com\/tunisie\/#website\"},\"primaryImageOfPage\":{\"@id\":\"https:\/\/kapitalis.com\/tunisie\/2019\/08\/30\/football-coupe-arabe-des-clubs-letoile-du-sahel-commence-par-une-defaite\/#primaryimage\"},\"image\":{\"@id\":\"https:\/\/kapitalis.com\/tunisie\/2019\/08\/30\/football-coupe-arabe-des-clubs-letoile-du-sahel-commence-par-une-defaite\/#primaryimage\"},\"thumbnailUrl\":\"\",\"datePublished\":\"2019-08-30T07:54:50+00:00\",\"dateModified\":\"2019-08-30T07:54:54+00:00\",\"breadcrumb\":{\"@id\":\"https:\/\/kapitalis.com\/tunisie\/2019\/08\/30\/football-coupe-arabe-des-clubs-letoile-du-sahel-commence-par-une-defaite\/#breadcrumb\"},\"inLanguage\":\"fr-FR\",\"potentialAction\":[{\"@type\":\"ReadAction\",\"target\":[\"https:\/\/kapitalis.com\/tunisie\/2019\/08\/30\/football-coupe-arabe-des-clubs-letoile-du-sahel-commence-par-une-defaite\/\"]}]},{\"@type\":\"ImageObject\",\"inLanguage\":\"fr-FR\",\"@id\":\"https:\/\/kapitalis.com\/tunisie\/2019\/08\/30\/football-coupe-arabe-des-clubs-letoile-du-sahel-commence-par-une-defaite\/#primaryimage\",\"url\":\"\",\"contentUrl\":\"\"},{\"@type\":\"BreadcrumbList\",\"@id\":\"https:\/\/kapitalis.com\/tunisie\/2019\/08\/30\/football-coupe-arabe-des-clubs-letoile-du-sahel-commence-par-une-defaite\/#breadcrumb\",\"itemListElement\":[{\"@type\":\"ListItem\",\"position\":1,\"name\":\"Accueil\",\"item\":\"https:\/\/kapitalis.com\/tunisie\/\"},{\"@type\":\"ListItem\",\"position\":2,\"name\":\"Football-Coupe arabe des clubs : L\u2019Etoile du Sahel commence par une d\u00e9faite\"}]},{\"@type\":\"WebSite\",\"@id\":\"https:\/\/kapitalis.com\/tunisie\/#website\",\"url\":\"https:\/\/kapitalis.com\/tunisie\/\",\"name\":\"Kapitalis\",\"description\":\"L&#039;actualit\u00e9 en Tunisie et dans le monde\",\"publisher\":{\"@id\":\"https:\/\/kapitalis.com\/tunisie\/#organization\"},\"potentialAction\":[{\"@type\":\"SearchAction\",\"target\":{\"@type\":\"EntryPoint\",\"urlTemplate\":\"https:\/\/kapitalis.com\/tunisie\/?s={search_term_string}\"},\"query-input\":{\"@type\":\"PropertyValueSpecification\",\"valueRequired\":true,\"valueName\":\"search_term_string\"}}],\"inLanguage\":\"fr-FR\"},{\"@type\":\"Organization\",\"@id\":\"https:\/\/kapitalis.com\/tunisie\/#organization\",\"name\":\"Kapitalis\",\"url\":\"https:\/\/kapitalis.com\/tunisie\/\",\"logo\":{\"@type\":\"ImageObject\",\"inLanguage\":\"fr-FR\",\"@id\":\"https:\/\/kapitalis.com\/tunisie\/#\/schema\/logo\/image\/\",\"url\":\"https:\/\/kapitalis.com\/tunisie\/wp-content\/uploads\/2022\/05\/Kapitalis-big-size.png\",\"contentUrl\":\"https:\/\/kapitalis.com\/tunisie\/wp-content\/uploads\/2022\/05\/Kapitalis-big-size.png\",\"width\":5000,\"height\":1500,\"caption\":\"Kapitalis\"},\"image\":{\"@id\":\"https:\/\/kapitalis.com\/tunisie\/#\/schema\/logo\/image\/\"},\"sameAs\":[\"https:\/\/www.facebook.com\/KapitalisInfo\/\",\"https:\/\/x.com\/KapitalisInfo\",\"https:\/\/www.youtube.com\/channel\/UC-yDYrHyfFBWWZaOw3FPg9Q\"]},{\"@type\":\"Person\",\"@id\":\"https:\/\/kapitalis.com\/tunisie\/#\/schema\/person\/d71f33a9ca44f7bad4698210b480c8e9\",\"name\":\"webmaster kapitalis\",\"url\":\"https:\/\/kapitalis.com\/tunisie\/author\/webmaster-kapitalis\/\"}]}<\/script>\n<!-- \/ Yoast SEO plugin. -->","yoast_head_json":{"title":"Football-Coupe arabe des clubs : L\u2019Etoile du Sahel commence par une d\u00e9faite - Kapitalis","robots":{"index":"index","follow":"follow","max-snippet":"max-snippet:-1","max-image-preview":"max-image-preview:large","max-video-preview":"max-video-preview:-1"},"canonical":"https:\/\/kapitalis.com\/tunisie\/2019\/08\/30\/football-coupe-arabe-des-clubs-letoile-du-sahel-commence-par-une-defaite\/","og_locale":"fr_FR","og_type":"article","og_title":"Football-Coupe arabe des clubs : L\u2019Etoile du Sahel commence par une d\u00e9faite - Kapitalis","og_description":"L\u2019Etoile sportive du Sahel (ESS), premier club tunisien engag\u00e9 dans la nouvelle \u00e9dition de la Coupe arabe des Clubs 2019-2020, a d\u00e9\u00e7u pour sa premi\u00e8re sortie, hier, jeudi 29 ao\u00fbt 2019, conc\u00e9dant une d\u00e9faite face \u00e0 Shabab en Jordanie (2-1).","og_url":"https:\/\/kapitalis.com\/tunisie\/2019\/08\/30\/football-coupe-arabe-des-clubs-letoile-du-sahel-commence-par-une-defaite\/","og_site_name":"Kapitalis","article_publisher":"https:\/\/www.facebook.com\/KapitalisInfo\/","article_published_time":"2019-08-30T07:54:50+00:00","article_modified_time":"2019-08-30T07:54:54+00:00","og_image":[{"width":1200,"height":630,"url":"https:\/\/kapitalis.com\/tunisie\/wp-content\/uploads\/2022\/05\/kapitalis-logo-fb.png","type":"image\/png"}],"author":"webmaster kapitalis","twitter_card":"summary_large_image","twitter_creator":"@KapitalisInfo","twitter_site":"@KapitalisInfo","twitter_misc":{"\u00c9crit par":"webmaster kapitalis","Dur\u00e9e de lecture estim\u00e9e":"1 minute"},"schema":{"@context":"https:\/\/schema.org","@graph":[{"@type":"Article","@id":"https:\/\/kapitalis.com\/tunisie\/2019\/08\/30\/football-coupe-arabe-des-clubs-letoile-du-sahel-commence-par-une-defaite\/#article","isPartOf":{"@id":"https:\/\/kapitalis.com\/tunisie\/2019\/08\/30\/football-coupe-arabe-des-clubs-letoile-du-sahel-commence-par-une-defaite\/"},"author":{"name":"webmaster kapitalis","@id":"https:\/\/kapitalis.com\/tunisie\/#\/schema\/person\/d71f33a9ca44f7bad4698210b480c8e9"},"headline":"Football-Coupe arabe des clubs : L\u2019Etoile du Sahel commence par une d\u00e9faite","datePublished":"2019-08-30T07:54:50+00:00","dateModified":"2019-08-30T07:54:54+00:00","mainEntityOfPage":{"@id":"https:\/\/kapitalis.com\/tunisie\/2019\/08\/30\/football-coupe-arabe-des-clubs-letoile-du-sahel-commence-par-une-defaite\/"},"wordCount":253,"commentCount":0,"publisher":{"@id":"https:\/\/kapitalis.com\/tunisie\/#organization"},"image":{"@id":"https:\/\/kapitalis.com\/tunisie\/2019\/08\/30\/football-coupe-arabe-des-clubs-letoile-du-sahel-commence-par-une-defaite\/#primaryimage"},"thumbnailUrl":"","keywords":["Ammar Jemal","Coupe arabe des clubs","Faouzi Benzarti","Jordanie","Rami Bedoui"],"articleSection":["SPORT","Tunisie"],"inLanguage":"fr-FR","potentialAction":[{"@type":"CommentAction","name":"Comment","target":["https:\/\/kapitalis.com\/tunisie\/2019\/08\/30\/football-coupe-arabe-des-clubs-letoile-du-sahel-commence-par-une-defaite\/#respond"]}]},{"@type":"WebPage","@id":"https:\/\/kapitalis.com\/tunisie\/2019\/08\/30\/football-coupe-arabe-des-clubs-letoile-du-sahel-commence-par-une-defaite\/","url":"https:\/\/kapitalis.com\/tunisie\/2019\/08\/30\/football-coupe-arabe-des-clubs-letoile-du-sahel-commence-par-une-defaite\/","name":"Football-Coupe arabe des clubs : L\u2019Etoile du Sahel commence par une d\u00e9faite - Kapitalis","isPartOf":{"@id":"https:\/\/kapitalis.com\/tunisie\/#website"},"primaryImageOfPage":{"@id":"https:\/\/kapitalis.com\/tunisie\/2019\/08\/30\/football-coupe-arabe-des-clubs-letoile-du-sahel-commence-par-une-defaite\/#primaryimage"},"image":{"@id":"https:\/\/kapitalis.com\/tunisie\/2019\/08\/30\/football-coupe-arabe-des-clubs-letoile-du-sahel-commence-par-une-defaite\/#primaryimage"},"thumbnailUrl":"","datePublished":"2019-08-30T07:54:50+00:00","dateModified":"2019-08-30T07:54:54+00:00","breadcrumb":{"@id":"https:\/\/kapitalis.com\/tunisie\/2019\/08\/30\/football-coupe-arabe-des-clubs-letoile-du-sahel-commence-par-une-defaite\/#breadcrumb"},"inLanguage":"fr-FR","potentialAction":[{"@type":"ReadAction","target":["https:\/\/kapitalis.com\/tunisie\/2019\/08\/30\/football-coupe-arabe-des-clubs-letoile-du-sahel-commence-par-une-defaite\/"]}]},{"@type":"ImageObject","inLanguage":"fr-FR","@id":"https:\/\/kapitalis.com\/tunisie\/2019\/08\/30\/football-coupe-arabe-des-clubs-letoile-du-sahel-commence-par-une-defaite\/#primaryimage","url":"","contentUrl":""},{"@type":"BreadcrumbList","@id":"https:\/\/kapitalis.com\/tunisie\/2019\/08\/30\/football-coupe-arabe-des-clubs-letoile-du-sahel-commence-par-une-defaite\/#breadcrumb","itemListElement":[{"@type":"ListItem","position":1,"name":"Accueil","item":"https:\/\/kapitalis.com\/tunisie\/"},{"@type":"ListItem","position":2,"name":"Football-Coupe arabe des clubs : L\u2019Etoile du Sahel commence par une d\u00e9faite"}]},{"@type":"WebSite","@id":"https:\/\/kapitalis.com\/tunisie\/#website","url":"https:\/\/kapitalis.com\/tunisie\/","name":"Kapitalis","description":"L&#039;actualit\u00e9 en Tunisie et dans le monde","publisher":{"@id":"https:\/\/kapitalis.com\/tunisie\/#organization"},"potentialAction":[{"@type":"SearchAction","target":{"@type":"EntryPoint","urlTemplate":"https:\/\/kapitalis.com\/tunisie\/?s={search_term_string}"},"query-input":{"@type":"PropertyValueSpecification","valueRequired":true,"valueName":"search_term_string"}}],"inLanguage":"fr-FR"},{"@type":"Organization","@id":"https:\/\/kapitalis.com\/tunisie\/#organization","name":"Kapitalis","url":"https:\/\/kapitalis.com\/tunisie\/","logo":{"@type":"ImageObject","inLanguage":"fr-FR","@id":"https:\/\/kapitalis.com\/tunisie\/#\/schema\/logo\/image\/","url":"https:\/\/kapitalis.com\/tunisie\/wp-content\/uploads\/2022\/05\/Kapitalis-big-size.png","contentUrl":"https:\/\/kapitalis.com\/tunisie\/wp-content\/uploads\/2022\/05\/Kapitalis-big-size.png","width":5000,"height":1500,"caption":"Kapitalis"},"image":{"@id":"https:\/\/kapitalis.com\/tunisie\/#\/schema\/logo\/image\/"},"sameAs":["https:\/\/www.facebook.com\/KapitalisInfo\/","https:\/\/x.com\/KapitalisInfo","https:\/\/www.youtube.com\/channel\/UC-yDYrHyfFBWWZaOw3FPg9Q"]},{"@type":"Person","@id":"https:\/\/kapitalis.com\/tunisie\/#\/schema\/person\/d71f33a9ca44f7bad4698210b480c8e9","name":"webmaster kapitalis","url":"https:\/\/kapitalis.com\/tunisie\/author\/webmaster-kapitalis\/"}]}},"_links":{"self":[{"href":"https:\/\/kapitalis.com\/tunisie\/wp-json\/wp\/v2\/posts\/235998","targetHints":{"allow":["GET"]}}],"collection":[{"href":"https:\/\/kapitalis.com\/tunisie\/wp-json\/wp\/v2\/posts"}],"about":[{"href":"https:\/\/kapitalis.com\/tunisie\/wp-json\/wp\/v2\/types\/post"}],"author":[{"embeddable":true,"href":"https:\/\/kapitalis.com\/tunisie\/wp-json\/wp\/v2\/users\/8"}],"replies":[{"embeddable":true,"href":"https:\/\/kapitalis.com\/tunisie\/wp-json\/wp\/v2\/comments?post=235998"}],"version-history":[{"count":0,"href":"https:\/\/kapitalis.com\/tunisie\/wp-json\/wp\/v2\/posts\/235998\/revisions"}],"wp:featuredmedia":[{"embeddable":true,"href":"https:\/\/kapitalis.com\/tunisie\/wp-json\/wp\/v2\/media\/235999"}],"wp:attachment":[{"href":"https:\/\/kapitalis.com\/tunisie\/wp-json\/wp\/v2\/media?parent=235998"}],"wp:term":[{"taxonomy":"category","embeddable":true,"href":"https:\/\/kapitalis.com\/tunisie\/wp-json\/wp\/v2\/categories?post=235998"},{"taxonomy":"post_tag","embeddable":true,"href":"https:\/\/kapitalis.com\/tunisie\/wp-json\/wp\/v2\/tags?post=235998"}],"curies":[{"name":"wp","href":"https:\/\/api.w.org\/{rel}","templated":true}]}}