{"id":236136,"date":"2019-08-30T14:39:37","date_gmt":"2019-08-30T13:39:37","guid":{"rendered":"http:\/\/kapitalis.com\/tunisie\/?p=236136"},"modified":"2019-08-30T14:39:43","modified_gmt":"2019-08-30T13:39:43","slug":"tunisie-telecom-retour-aux-horaires-de-la-double-seance-a-partir-du-lundi-2-septembre-2019","status":"publish","type":"post","link":"https:\/\/kapitalis.com\/tunisie\/2019\/08\/30\/tunisie-telecom-retour-aux-horaires-de-la-double-seance-a-partir-du-lundi-2-septembre-2019\/","title":{"rendered":"Tunisie Telecom : Retour aux horaires de la double s\u00e9ance \u00e0 partir du lundi 2 septembre 2019"},"content":{"rendered":"\n<figure class=\"wp-block-image\"><img decoding=\"async\" src=\"http:\/\/kapitalis.com\/tunisie\/wp-content\/uploads\/2019\/07\/Tunisie-Telecom-flagship-Store.jpg\" alt=\"\" class=\"wp-image-222607\"\/><\/figure>\n\n\n\n<p><strong><em>Tunisie Telecom informe ses clients, dans un communiqu\u00e9 publi\u00e9 aujourd\u2019hui, vendredi 30 ao\u00fbt 2019, que l\u2019horaire de travail de ses diff\u00e9rents services est fix\u00e9, en double s\u00e9ance, \u00e0 partir du lundi 2 septembre prochain. <\/em><\/strong><br><\/p>\n\n\n\n<!--more-->\n\n\n\n<p> \u2022 Les espaces commerciaux de Tunisie Telecom sont ouverts au public de 8h15 \u00e0 16h30 du lundi au vendredi et le samedi de 08h15 \u00e0 12h15.<br><\/p>\n\n\n\n<p> Sachant que pour chaque gouvernorat un espace commercial, sis dans la ville chef-lieu, reste ouvert au public du lundi au samedi de 8h00 \u00e0 18h30 et le dimanche de 8h30 \u00e0 13h00.      <br><\/p>\n\n\n\n<p> Par ailleurs, les espaces situ\u00e9s dans des emplacements \u00e0 forte activit\u00e9 commerciale demeurent ouverts jusqu\u2019\u00e0 19h00.<\/p>\n\n\n\n<p>Plus de d\u00e9tails disponibles sur le<a href=\"http:\/\/www.tunisietelecom.tn\/Fr\/Particulier\/TT-Pr\u00e8s-de-chez-vous\" target=\"_blank\" rel=\"noreferrer noopener\" aria-label=\" site de l\u2019op\u00e9rateur (s\u2019ouvre dans un nouvel onglet)\"> site de l\u2019op\u00e9rateur<\/a>.<br><\/p>\n\n\n\n<p> \u2022 Les centres d\u2019appels assurent un service continu tout au long de la semaine 24h\/24h.<br><\/p>\n\n\n\n<p> \u2022 Les services administratifs sont ouverts du lundi au vendredi de 8h00 \u00e0 12h00 et de 14h00 \u00e0 18h00.<\/p>\n","protected":false},"excerpt":{"rendered":"<p>Tunisie Telecom informe ses clients, dans un communiqu\u00e9 publi\u00e9 aujourd\u2019hui, vendredi 30 ao\u00fbt 2019, que l\u2019horaire de travail de ses diff\u00e9rents services est fix\u00e9, en double s\u00e9ance, \u00e0 partir du lundi 2 septembre prochain.<\/p>\n","protected":false},"author":8,"featured_media":0,"comment_status":"open","ping_status":"open","sticky":false,"template":"","format":"standard","meta":{"footnotes":""},"categories":[993,2433],"tags":[2043,930],"class_list":["post-236136","post","type-post","status-publish","format-standard","hentry","category-conso","category-tunisie","tag-horaires-douverture","tag-tunisie-telecom"],"yoast_head":"<!-- This site is optimized with the Yoast SEO plugin v26.6 - https:\/\/yoast.com\/wordpress\/plugins\/seo\/ -->\n<title>Tunisie Telecom : Retour aux horaires de la double s\u00e9ance \u00e0 partir du lundi 2 septembre 2019 - Kapitalis<\/title>\n<meta name=\"robots\" content=\"index, follow, max-snippet:-1, max-image-preview:large, max-video-preview:-1\" \/>\n<link rel=\"canonical\" href=\"https:\/\/kapitalis.com\/tunisie\/2019\/08\/30\/tunisie-telecom-retour-aux-horaires-de-la-double-seance-a-partir-du-lundi-2-septembre-2019\/\" \/>\n<meta property=\"og:locale\" content=\"fr_FR\" \/>\n<meta property=\"og:type\" content=\"article\" \/>\n<meta property=\"og:title\" content=\"Tunisie Telecom : Retour aux horaires de la double s\u00e9ance \u00e0 partir du lundi 2 septembre 2019 - Kapitalis\" \/>\n<meta property=\"og:description\" content=\"Tunisie Telecom informe ses clients, dans un communiqu\u00e9 publi\u00e9 aujourd\u2019hui, vendredi 30 ao\u00fbt 2019, que l\u2019horaire de travail de ses diff\u00e9rents services est fix\u00e9, en double s\u00e9ance, \u00e0 partir du lundi 2 septembre prochain.\" \/>\n<meta property=\"og:url\" content=\"https:\/\/kapitalis.com\/tunisie\/2019\/08\/30\/tunisie-telecom-retour-aux-horaires-de-la-double-seance-a-partir-du-lundi-2-septembre-2019\/\" \/>\n<meta property=\"og:site_name\" content=\"Kapitalis\" \/>\n<meta property=\"article:publisher\" content=\"https:\/\/www.facebook.com\/KapitalisInfo\/\" \/>\n<meta property=\"article:published_time\" content=\"2019-08-30T13:39:37+00:00\" \/>\n<meta property=\"article:modified_time\" content=\"2019-08-30T13:39:43+00:00\" \/>\n<meta property=\"og:image\" content=\"http:\/\/kapitalis.com\/tunisie\/wp-content\/uploads\/2019\/07\/Tunisie-Telecom-flagship-Store.jpg\" \/>\n<meta name=\"author\" content=\"webmaster kapitalis\" \/>\n<meta name=\"twitter:card\" content=\"summary_large_image\" \/>\n<meta name=\"twitter:creator\" content=\"@KapitalisInfo\" \/>\n<meta name=\"twitter:site\" content=\"@KapitalisInfo\" \/>\n<meta name=\"twitter:label1\" content=\"\u00c9crit par\" \/>\n\t<meta name=\"twitter:data1\" content=\"webmaster kapitalis\" \/>\n\t<meta name=\"twitter:label2\" content=\"Dur\u00e9e de lecture estim\u00e9e\" \/>\n\t<meta name=\"twitter:data2\" content=\"1 minute\" \/>\n<script type=\"application\/ld+json\" class=\"yoast-schema-graph\">{\"@context\":\"https:\/\/schema.org\",\"@graph\":[{\"@type\":\"Article\",\"@id\":\"https:\/\/kapitalis.com\/tunisie\/2019\/08\/30\/tunisie-telecom-retour-aux-horaires-de-la-double-seance-a-partir-du-lundi-2-septembre-2019\/#article\",\"isPartOf\":{\"@id\":\"https:\/\/kapitalis.com\/tunisie\/2019\/08\/30\/tunisie-telecom-retour-aux-horaires-de-la-double-seance-a-partir-du-lundi-2-septembre-2019\/\"},\"author\":{\"name\":\"webmaster kapitalis\",\"@id\":\"https:\/\/kapitalis.com\/tunisie\/#\/schema\/person\/d71f33a9ca44f7bad4698210b480c8e9\"},\"headline\":\"Tunisie Telecom : Retour aux horaires de la double s\u00e9ance \u00e0 partir du lundi 2 septembre 2019\",\"datePublished\":\"2019-08-30T13:39:37+00:00\",\"dateModified\":\"2019-08-30T13:39:43+00:00\",\"mainEntityOfPage\":{\"@id\":\"https:\/\/kapitalis.com\/tunisie\/2019\/08\/30\/tunisie-telecom-retour-aux-horaires-de-la-double-seance-a-partir-du-lundi-2-septembre-2019\/\"},\"wordCount\":162,\"commentCount\":0,\"publisher\":{\"@id\":\"https:\/\/kapitalis.com\/tunisie\/#organization\"},\"image\":{\"@id\":\"https:\/\/kapitalis.com\/tunisie\/2019\/08\/30\/tunisie-telecom-retour-aux-horaires-de-la-double-seance-a-partir-du-lundi-2-septembre-2019\/#primaryimage\"},\"thumbnailUrl\":\"http:\/\/kapitalis.com\/tunisie\/wp-content\/uploads\/2019\/07\/Tunisie-Telecom-flagship-Store.jpg\",\"keywords\":[\"horaires d'ouverture\",\"Tunisie Telecom\"],\"articleSection\":[\"CONSO\",\"Tunisie\"],\"inLanguage\":\"fr-FR\",\"potentialAction\":[{\"@type\":\"CommentAction\",\"name\":\"Comment\",\"target\":[\"https:\/\/kapitalis.com\/tunisie\/2019\/08\/30\/tunisie-telecom-retour-aux-horaires-de-la-double-seance-a-partir-du-lundi-2-septembre-2019\/#respond\"]}]},{\"@type\":\"WebPage\",\"@id\":\"https:\/\/kapitalis.com\/tunisie\/2019\/08\/30\/tunisie-telecom-retour-aux-horaires-de-la-double-seance-a-partir-du-lundi-2-septembre-2019\/\",\"url\":\"https:\/\/kapitalis.com\/tunisie\/2019\/08\/30\/tunisie-telecom-retour-aux-horaires-de-la-double-seance-a-partir-du-lundi-2-septembre-2019\/\",\"name\":\"Tunisie Telecom : Retour aux horaires de la double s\u00e9ance \u00e0 partir du lundi 2 septembre 2019 - Kapitalis\",\"isPartOf\":{\"@id\":\"https:\/\/kapitalis.com\/tunisie\/#website\"},\"primaryImageOfPage\":{\"@id\":\"https:\/\/kapitalis.com\/tunisie\/2019\/08\/30\/tunisie-telecom-retour-aux-horaires-de-la-double-seance-a-partir-du-lundi-2-septembre-2019\/#primaryimage\"},\"image\":{\"@id\":\"https:\/\/kapitalis.com\/tunisie\/2019\/08\/30\/tunisie-telecom-retour-aux-horaires-de-la-double-seance-a-partir-du-lundi-2-septembre-2019\/#primaryimage\"},\"thumbnailUrl\":\"http:\/\/kapitalis.com\/tunisie\/wp-content\/uploads\/2019\/07\/Tunisie-Telecom-flagship-Store.jpg\",\"datePublished\":\"2019-08-30T13:39:37+00:00\",\"dateModified\":\"2019-08-30T13:39:43+00:00\",\"breadcrumb\":{\"@id\":\"https:\/\/kapitalis.com\/tunisie\/2019\/08\/30\/tunisie-telecom-retour-aux-horaires-de-la-double-seance-a-partir-du-lundi-2-septembre-2019\/#breadcrumb\"},\"inLanguage\":\"fr-FR\",\"potentialAction\":[{\"@type\":\"ReadAction\",\"target\":[\"https:\/\/kapitalis.com\/tunisie\/2019\/08\/30\/tunisie-telecom-retour-aux-horaires-de-la-double-seance-a-partir-du-lundi-2-septembre-2019\/\"]}]},{\"@type\":\"ImageObject\",\"inLanguage\":\"fr-FR\",\"@id\":\"https:\/\/kapitalis.com\/tunisie\/2019\/08\/30\/tunisie-telecom-retour-aux-horaires-de-la-double-seance-a-partir-du-lundi-2-septembre-2019\/#primaryimage\",\"url\":\"http:\/\/kapitalis.com\/tunisie\/wp-content\/uploads\/2019\/07\/Tunisie-Telecom-flagship-Store.jpg\",\"contentUrl\":\"http:\/\/kapitalis.com\/tunisie\/wp-content\/uploads\/2019\/07\/Tunisie-Telecom-flagship-Store.jpg\"},{\"@type\":\"BreadcrumbList\",\"@id\":\"https:\/\/kapitalis.com\/tunisie\/2019\/08\/30\/tunisie-telecom-retour-aux-horaires-de-la-double-seance-a-partir-du-lundi-2-septembre-2019\/#breadcrumb\",\"itemListElement\":[{\"@type\":\"ListItem\",\"position\":1,\"name\":\"Accueil\",\"item\":\"https:\/\/kapitalis.com\/tunisie\/\"},{\"@type\":\"ListItem\",\"position\":2,\"name\":\"Tunisie Telecom : Retour aux horaires de la double s\u00e9ance \u00e0 partir du lundi 2 septembre 2019\"}]},{\"@type\":\"WebSite\",\"@id\":\"https:\/\/kapitalis.com\/tunisie\/#website\",\"url\":\"https:\/\/kapitalis.com\/tunisie\/\",\"name\":\"Kapitalis\",\"description\":\"L&#039;actualit\u00e9 en Tunisie et dans le monde\",\"publisher\":{\"@id\":\"https:\/\/kapitalis.com\/tunisie\/#organization\"},\"potentialAction\":[{\"@type\":\"SearchAction\",\"target\":{\"@type\":\"EntryPoint\",\"urlTemplate\":\"https:\/\/kapitalis.com\/tunisie\/?s={search_term_string}\"},\"query-input\":{\"@type\":\"PropertyValueSpecification\",\"valueRequired\":true,\"valueName\":\"search_term_string\"}}],\"inLanguage\":\"fr-FR\"},{\"@type\":\"Organization\",\"@id\":\"https:\/\/kapitalis.com\/tunisie\/#organization\",\"name\":\"Kapitalis\",\"url\":\"https:\/\/kapitalis.com\/tunisie\/\",\"logo\":{\"@type\":\"ImageObject\",\"inLanguage\":\"fr-FR\",\"@id\":\"https:\/\/kapitalis.com\/tunisie\/#\/schema\/logo\/image\/\",\"url\":\"https:\/\/kapitalis.com\/tunisie\/wp-content\/uploads\/2022\/05\/Kapitalis-big-size.png\",\"contentUrl\":\"https:\/\/kapitalis.com\/tunisie\/wp-content\/uploads\/2022\/05\/Kapitalis-big-size.png\",\"width\":5000,\"height\":1500,\"caption\":\"Kapitalis\"},\"image\":{\"@id\":\"https:\/\/kapitalis.com\/tunisie\/#\/schema\/logo\/image\/\"},\"sameAs\":[\"https:\/\/www.facebook.com\/KapitalisInfo\/\",\"https:\/\/x.com\/KapitalisInfo\",\"https:\/\/www.youtube.com\/channel\/UC-yDYrHyfFBWWZaOw3FPg9Q\"]},{\"@type\":\"Person\",\"@id\":\"https:\/\/kapitalis.com\/tunisie\/#\/schema\/person\/d71f33a9ca44f7bad4698210b480c8e9\",\"name\":\"webmaster kapitalis\",\"url\":\"https:\/\/kapitalis.com\/tunisie\/author\/webmaster-kapitalis\/\"}]}<\/script>\n<!-- \/ Yoast SEO plugin. -->","yoast_head_json":{"title":"Tunisie Telecom : Retour aux horaires de la double s\u00e9ance \u00e0 partir du lundi 2 septembre 2019 - Kapitalis","robots":{"index":"index","follow":"follow","max-snippet":"max-snippet:-1","max-image-preview":"max-image-preview:large","max-video-preview":"max-video-preview:-1"},"canonical":"https:\/\/kapitalis.com\/tunisie\/2019\/08\/30\/tunisie-telecom-retour-aux-horaires-de-la-double-seance-a-partir-du-lundi-2-septembre-2019\/","og_locale":"fr_FR","og_type":"article","og_title":"Tunisie Telecom : Retour aux horaires de la double s\u00e9ance \u00e0 partir du lundi 2 septembre 2019 - Kapitalis","og_description":"Tunisie Telecom informe ses clients, dans un communiqu\u00e9 publi\u00e9 aujourd\u2019hui, vendredi 30 ao\u00fbt 2019, que l\u2019horaire de travail de ses diff\u00e9rents services est fix\u00e9, en double s\u00e9ance, \u00e0 partir du lundi 2 septembre prochain.","og_url":"https:\/\/kapitalis.com\/tunisie\/2019\/08\/30\/tunisie-telecom-retour-aux-horaires-de-la-double-seance-a-partir-du-lundi-2-septembre-2019\/","og_site_name":"Kapitalis","article_publisher":"https:\/\/www.facebook.com\/KapitalisInfo\/","article_published_time":"2019-08-30T13:39:37+00:00","article_modified_time":"2019-08-30T13:39:43+00:00","og_image":[{"url":"http:\/\/kapitalis.com\/tunisie\/wp-content\/uploads\/2019\/07\/Tunisie-Telecom-flagship-Store.jpg","type":"","width":"","height":""}],"author":"webmaster kapitalis","twitter_card":"summary_large_image","twitter_creator":"@KapitalisInfo","twitter_site":"@KapitalisInfo","twitter_misc":{"\u00c9crit par":"webmaster kapitalis","Dur\u00e9e de lecture estim\u00e9e":"1 minute"},"schema":{"@context":"https:\/\/schema.org","@graph":[{"@type":"Article","@id":"https:\/\/kapitalis.com\/tunisie\/2019\/08\/30\/tunisie-telecom-retour-aux-horaires-de-la-double-seance-a-partir-du-lundi-2-septembre-2019\/#article","isPartOf":{"@id":"https:\/\/kapitalis.com\/tunisie\/2019\/08\/30\/tunisie-telecom-retour-aux-horaires-de-la-double-seance-a-partir-du-lundi-2-septembre-2019\/"},"author":{"name":"webmaster kapitalis","@id":"https:\/\/kapitalis.com\/tunisie\/#\/schema\/person\/d71f33a9ca44f7bad4698210b480c8e9"},"headline":"Tunisie Telecom : Retour aux horaires de la double s\u00e9ance \u00e0 partir du lundi 2 septembre 2019","datePublished":"2019-08-30T13:39:37+00:00","dateModified":"2019-08-30T13:39:43+00:00","mainEntityOfPage":{"@id":"https:\/\/kapitalis.com\/tunisie\/2019\/08\/30\/tunisie-telecom-retour-aux-horaires-de-la-double-seance-a-partir-du-lundi-2-septembre-2019\/"},"wordCount":162,"commentCount":0,"publisher":{"@id":"https:\/\/kapitalis.com\/tunisie\/#organization"},"image":{"@id":"https:\/\/kapitalis.com\/tunisie\/2019\/08\/30\/tunisie-telecom-retour-aux-horaires-de-la-double-seance-a-partir-du-lundi-2-septembre-2019\/#primaryimage"},"thumbnailUrl":"http:\/\/kapitalis.com\/tunisie\/wp-content\/uploads\/2019\/07\/Tunisie-Telecom-flagship-Store.jpg","keywords":["horaires d'ouverture","Tunisie Telecom"],"articleSection":["CONSO","Tunisie"],"inLanguage":"fr-FR","potentialAction":[{"@type":"CommentAction","name":"Comment","target":["https:\/\/kapitalis.com\/tunisie\/2019\/08\/30\/tunisie-telecom-retour-aux-horaires-de-la-double-seance-a-partir-du-lundi-2-septembre-2019\/#respond"]}]},{"@type":"WebPage","@id":"https:\/\/kapitalis.com\/tunisie\/2019\/08\/30\/tunisie-telecom-retour-aux-horaires-de-la-double-seance-a-partir-du-lundi-2-septembre-2019\/","url":"https:\/\/kapitalis.com\/tunisie\/2019\/08\/30\/tunisie-telecom-retour-aux-horaires-de-la-double-seance-a-partir-du-lundi-2-septembre-2019\/","name":"Tunisie Telecom : Retour aux horaires de la double s\u00e9ance \u00e0 partir du lundi 2 septembre 2019 - Kapitalis","isPartOf":{"@id":"https:\/\/kapitalis.com\/tunisie\/#website"},"primaryImageOfPage":{"@id":"https:\/\/kapitalis.com\/tunisie\/2019\/08\/30\/tunisie-telecom-retour-aux-horaires-de-la-double-seance-a-partir-du-lundi-2-septembre-2019\/#primaryimage"},"image":{"@id":"https:\/\/kapitalis.com\/tunisie\/2019\/08\/30\/tunisie-telecom-retour-aux-horaires-de-la-double-seance-a-partir-du-lundi-2-septembre-2019\/#primaryimage"},"thumbnailUrl":"http:\/\/kapitalis.com\/tunisie\/wp-content\/uploads\/2019\/07\/Tunisie-Telecom-flagship-Store.jpg","datePublished":"2019-08-30T13:39:37+00:00","dateModified":"2019-08-30T13:39:43+00:00","breadcrumb":{"@id":"https:\/\/kapitalis.com\/tunisie\/2019\/08\/30\/tunisie-telecom-retour-aux-horaires-de-la-double-seance-a-partir-du-lundi-2-septembre-2019\/#breadcrumb"},"inLanguage":"fr-FR","potentialAction":[{"@type":"ReadAction","target":["https:\/\/kapitalis.com\/tunisie\/2019\/08\/30\/tunisie-telecom-retour-aux-horaires-de-la-double-seance-a-partir-du-lundi-2-septembre-2019\/"]}]},{"@type":"ImageObject","inLanguage":"fr-FR","@id":"https:\/\/kapitalis.com\/tunisie\/2019\/08\/30\/tunisie-telecom-retour-aux-horaires-de-la-double-seance-a-partir-du-lundi-2-septembre-2019\/#primaryimage","url":"http:\/\/kapitalis.com\/tunisie\/wp-content\/uploads\/2019\/07\/Tunisie-Telecom-flagship-Store.jpg","contentUrl":"http:\/\/kapitalis.com\/tunisie\/wp-content\/uploads\/2019\/07\/Tunisie-Telecom-flagship-Store.jpg"},{"@type":"BreadcrumbList","@id":"https:\/\/kapitalis.com\/tunisie\/2019\/08\/30\/tunisie-telecom-retour-aux-horaires-de-la-double-seance-a-partir-du-lundi-2-septembre-2019\/#breadcrumb","itemListElement":[{"@type":"ListItem","position":1,"name":"Accueil","item":"https:\/\/kapitalis.com\/tunisie\/"},{"@type":"ListItem","position":2,"name":"Tunisie Telecom : Retour aux horaires de la double s\u00e9ance \u00e0 partir du lundi 2 septembre 2019"}]},{"@type":"WebSite","@id":"https:\/\/kapitalis.com\/tunisie\/#website","url":"https:\/\/kapitalis.com\/tunisie\/","name":"Kapitalis","description":"L&#039;actualit\u00e9 en Tunisie et dans le monde","publisher":{"@id":"https:\/\/kapitalis.com\/tunisie\/#organization"},"potentialAction":[{"@type":"SearchAction","target":{"@type":"EntryPoint","urlTemplate":"https:\/\/kapitalis.com\/tunisie\/?s={search_term_string}"},"query-input":{"@type":"PropertyValueSpecification","valueRequired":true,"valueName":"search_term_string"}}],"inLanguage":"fr-FR"},{"@type":"Organization","@id":"https:\/\/kapitalis.com\/tunisie\/#organization","name":"Kapitalis","url":"https:\/\/kapitalis.com\/tunisie\/","logo":{"@type":"ImageObject","inLanguage":"fr-FR","@id":"https:\/\/kapitalis.com\/tunisie\/#\/schema\/logo\/image\/","url":"https:\/\/kapitalis.com\/tunisie\/wp-content\/uploads\/2022\/05\/Kapitalis-big-size.png","contentUrl":"https:\/\/kapitalis.com\/tunisie\/wp-content\/uploads\/2022\/05\/Kapitalis-big-size.png","width":5000,"height":1500,"caption":"Kapitalis"},"image":{"@id":"https:\/\/kapitalis.com\/tunisie\/#\/schema\/logo\/image\/"},"sameAs":["https:\/\/www.facebook.com\/KapitalisInfo\/","https:\/\/x.com\/KapitalisInfo","https:\/\/www.youtube.com\/channel\/UC-yDYrHyfFBWWZaOw3FPg9Q"]},{"@type":"Person","@id":"https:\/\/kapitalis.com\/tunisie\/#\/schema\/person\/d71f33a9ca44f7bad4698210b480c8e9","name":"webmaster kapitalis","url":"https:\/\/kapitalis.com\/tunisie\/author\/webmaster-kapitalis\/"}]}},"_links":{"self":[{"href":"https:\/\/kapitalis.com\/tunisie\/wp-json\/wp\/v2\/posts\/236136","targetHints":{"allow":["GET"]}}],"collection":[{"href":"https:\/\/kapitalis.com\/tunisie\/wp-json\/wp\/v2\/posts"}],"about":[{"href":"https:\/\/kapitalis.com\/tunisie\/wp-json\/wp\/v2\/types\/post"}],"author":[{"embeddable":true,"href":"https:\/\/kapitalis.com\/tunisie\/wp-json\/wp\/v2\/users\/8"}],"replies":[{"embeddable":true,"href":"https:\/\/kapitalis.com\/tunisie\/wp-json\/wp\/v2\/comments?post=236136"}],"version-history":[{"count":0,"href":"https:\/\/kapitalis.com\/tunisie\/wp-json\/wp\/v2\/posts\/236136\/revisions"}],"wp:attachment":[{"href":"https:\/\/kapitalis.com\/tunisie\/wp-json\/wp\/v2\/media?parent=236136"}],"wp:term":[{"taxonomy":"category","embeddable":true,"href":"https:\/\/kapitalis.com\/tunisie\/wp-json\/wp\/v2\/categories?post=236136"},{"taxonomy":"post_tag","embeddable":true,"href":"https:\/\/kapitalis.com\/tunisie\/wp-json\/wp\/v2\/tags?post=236136"}],"curies":[{"name":"wp","href":"https:\/\/api.w.org\/{rel}","templated":true}]}}