{"id":23620,"date":"2015-11-06T09:40:53","date_gmt":"2015-11-06T08:40:53","guid":{"rendered":"http:\/\/kapitalis.com\/tunisie\/?p=23620"},"modified":"2015-11-06T10:27:15","modified_gmt":"2015-11-06T09:27:15","slug":"luniversite-tuniso-allemande-accueillera-3000-etudiants","status":"publish","type":"post","link":"https:\/\/kapitalis.com\/tunisie\/2015\/11\/06\/luniversite-tuniso-allemande-accueillera-3000-etudiants\/","title":{"rendered":"L&rsquo;universit\u00e9 tuniso-allemande accueillera 3000 \u00e9tudiants"},"content":{"rendered":"<p><img loading=\"lazy\" decoding=\"async\" class=\"alignnone size-full wp-image-23628 aligncenter\" src=\"http:\/\/kapitalis.com\/tunisie\/wp-content\/uploads\/2015\/11\/tsie-allemagne.jpg\" alt=\"tsie allemagne\" width=\"626\" height=\"380\" \/><\/p>\n<p><em><strong>L&rsquo;universit\u00e9 tuniso-allemande verra bient\u00f4t le jour \u00e0 un co\u00fbt estim\u00e9 \u00e0 200 millions de dinars (MD) selon le ministre de l&rsquo;Enseignement sup\u00e9rieur.<\/strong> <\/em><br \/>\n<!--more--><\/p>\n<p>En marge de la visite officielle du chef du gouvernement Habib Essid \u00e0 Berlin en Allemagne, Chiheb Bouden, ministre de l&rsquo;Enseignement sup\u00e9rieur et de la Recherche scientifique, a indiqu\u00e9 qu\u2019\u00ab<em>une commission d&rsquo;experts examine actuellement les modalit\u00e9s pratiques pour lancer ce projet dans les plus brefs d\u00e9lais<\/em>\u00bb, soulignant la d\u00e9termination des responsables tunisiens et allemands \u00e0 cr\u00e9er cette universit\u00e9 qui accueillera environ 3000 \u00e9tudiants.<\/p>\n<p>Selon le ministre, ce projet permettra d&rsquo;introduire en Tunisie un nouveau mod\u00e8le d&rsquo;enseignement sup\u00e9rieur, celui de la R\u00e9publique f\u00e9d\u00e9rale d&rsquo;Allemagne, bas\u00e9 essentiellement sur la recherche appliqu\u00e9e et le rapprochement de l&rsquo;universit\u00e9 de l&rsquo;environnement \u00e9conomique et social.<\/p>\n<p>Chiheb Bouden a soulign\u00e9 que la cr\u00e9ation d&rsquo;une universit\u00e9 tuniso-allemande en Tunisie permettra de polariser les investisseurs allemands qui pr\u00e9f\u00e8rent recruter des dipl\u00f4m\u00e9s de l&rsquo;enseignement sup\u00e9rieur allemand.<\/p>\n<p>Les doctorants et dipl\u00f4m\u00e9s de l&rsquo;enseignement sup\u00e9rieur au ch\u00f4mage pourront aussi int\u00e9grer les centres de recherche appliqu\u00e9e relevant de l&rsquo;universit\u00e9 et contribuer ainsi \u00e0 la cr\u00e9ation de projets innovants, a-t-il indiqu\u00e9.<\/p>\n<p>Le ministre a signal\u00e9 que la cr\u00e9ation de l&rsquo;universit\u00e9 tuniso-allemande passera par diff\u00e9rentes \u00e9tapes. Il s&rsquo;agit de commencer par l&rsquo;enseignement des sciences de l&rsquo;ing\u00e9nieur et des sciences fondamentales avant de passer aux sciences de management puis aux diff\u00e9rentes sp\u00e9cialit\u00e9s scientifiques de mani\u00e8re g\u00e9n\u00e9rale et ce, selon un r\u00e9gime de LMD (Licence, Master, Doctorat).<\/p>\n<p style=\"text-align: right;\"><strong>A. B. M.<\/strong> <em>(avec Tap) <\/em><\/p>\n","protected":false},"excerpt":{"rendered":"<p>L&rsquo;universit\u00e9 tuniso-allemande verra bient\u00f4t le jour \u00e0 un co\u00fbt estim\u00e9 \u00e0 200 millions de dinars (MD) selon le ministre de l&rsquo;Enseignement sup\u00e9rieur.<\/p>\n","protected":false},"author":11,"featured_media":23628,"comment_status":"open","ping_status":"open","sticky":false,"template":"","format":"standard","meta":{"footnotes":""},"categories":[998,2433],"tags":[1096,1095,352,2053,2786],"class_list":["post-23620","post","type-post","status-publish","format-standard","has-post-thumbnail","hentry","category-societe","category-tunisie","tag-allemagne","tag-cooperation","tag-etudiants","tag-recherche-scientifique","tag-universite"],"yoast_head":"<!-- This site is optimized with the Yoast SEO plugin v26.6 - https:\/\/yoast.com\/wordpress\/plugins\/seo\/ -->\n<title>L&#039;universit\u00e9 tuniso-allemande accueillera 3000 \u00e9tudiants - Kapitalis<\/title>\n<meta name=\"robots\" content=\"index, follow, max-snippet:-1, max-image-preview:large, max-video-preview:-1\" \/>\n<link rel=\"canonical\" href=\"https:\/\/kapitalis.com\/tunisie\/2015\/11\/06\/luniversite-tuniso-allemande-accueillera-3000-etudiants\/\" \/>\n<meta property=\"og:locale\" content=\"fr_FR\" \/>\n<meta property=\"og:type\" content=\"article\" \/>\n<meta property=\"og:title\" content=\"L&#039;universit\u00e9 tuniso-allemande accueillera 3000 \u00e9tudiants - Kapitalis\" \/>\n<meta property=\"og:description\" content=\"L&rsquo;universit\u00e9 tuniso-allemande verra bient\u00f4t le jour \u00e0 un co\u00fbt estim\u00e9 \u00e0 200 millions de dinars (MD) selon le ministre de l&rsquo;Enseignement sup\u00e9rieur.\" \/>\n<meta property=\"og:url\" content=\"https:\/\/kapitalis.com\/tunisie\/2015\/11\/06\/luniversite-tuniso-allemande-accueillera-3000-etudiants\/\" \/>\n<meta property=\"og:site_name\" content=\"Kapitalis\" \/>\n<meta property=\"article:publisher\" content=\"https:\/\/www.facebook.com\/KapitalisInfo\/\" \/>\n<meta property=\"article:published_time\" content=\"2015-11-06T08:40:53+00:00\" \/>\n<meta property=\"article:modified_time\" content=\"2015-11-06T09:27:15+00:00\" \/>\n<meta property=\"og:image\" content=\"https:\/\/kapitalis.com\/tunisie\/wp-content\/uploads\/2022\/05\/kapitalis-logo-fb.png\" \/>\n\t<meta property=\"og:image:width\" content=\"1200\" \/>\n\t<meta property=\"og:image:height\" content=\"630\" \/>\n\t<meta property=\"og:image:type\" content=\"image\/png\" \/>\n<meta name=\"author\" content=\"benmansour3 benmansour\" \/>\n<meta name=\"twitter:card\" content=\"summary_large_image\" \/>\n<meta name=\"twitter:creator\" content=\"@KapitalisInfo\" \/>\n<meta name=\"twitter:site\" content=\"@KapitalisInfo\" \/>\n<meta name=\"twitter:label1\" content=\"\u00c9crit par\" \/>\n\t<meta name=\"twitter:data1\" content=\"benmansour3 benmansour\" \/>\n\t<meta name=\"twitter:label2\" content=\"Dur\u00e9e de lecture estim\u00e9e\" \/>\n\t<meta name=\"twitter:data2\" content=\"1 minute\" \/>\n<script type=\"application\/ld+json\" class=\"yoast-schema-graph\">{\"@context\":\"https:\/\/schema.org\",\"@graph\":[{\"@type\":\"Article\",\"@id\":\"https:\/\/kapitalis.com\/tunisie\/2015\/11\/06\/luniversite-tuniso-allemande-accueillera-3000-etudiants\/#article\",\"isPartOf\":{\"@id\":\"https:\/\/kapitalis.com\/tunisie\/2015\/11\/06\/luniversite-tuniso-allemande-accueillera-3000-etudiants\/\"},\"author\":{\"name\":\"benmansour3 benmansour\",\"@id\":\"https:\/\/kapitalis.com\/tunisie\/#\/schema\/person\/035372e645ad321edc01006468cd4c8b\"},\"headline\":\"L&rsquo;universit\u00e9 tuniso-allemande accueillera 3000 \u00e9tudiants\",\"datePublished\":\"2015-11-06T08:40:53+00:00\",\"dateModified\":\"2015-11-06T09:27:15+00:00\",\"mainEntityOfPage\":{\"@id\":\"https:\/\/kapitalis.com\/tunisie\/2015\/11\/06\/luniversite-tuniso-allemande-accueillera-3000-etudiants\/\"},\"wordCount\":272,\"commentCount\":0,\"publisher\":{\"@id\":\"https:\/\/kapitalis.com\/tunisie\/#organization\"},\"image\":{\"@id\":\"https:\/\/kapitalis.com\/tunisie\/2015\/11\/06\/luniversite-tuniso-allemande-accueillera-3000-etudiants\/#primaryimage\"},\"thumbnailUrl\":\"\",\"keywords\":[\"Allemagne\",\"coop\u00e9ration\",\"\u00e9tudiants\",\"recherche scientifique\",\"universit\u00e9\"],\"articleSection\":[\"SOCIETE\",\"Tunisie\"],\"inLanguage\":\"fr-FR\",\"potentialAction\":[{\"@type\":\"CommentAction\",\"name\":\"Comment\",\"target\":[\"https:\/\/kapitalis.com\/tunisie\/2015\/11\/06\/luniversite-tuniso-allemande-accueillera-3000-etudiants\/#respond\"]}]},{\"@type\":\"WebPage\",\"@id\":\"https:\/\/kapitalis.com\/tunisie\/2015\/11\/06\/luniversite-tuniso-allemande-accueillera-3000-etudiants\/\",\"url\":\"https:\/\/kapitalis.com\/tunisie\/2015\/11\/06\/luniversite-tuniso-allemande-accueillera-3000-etudiants\/\",\"name\":\"L'universit\u00e9 tuniso-allemande accueillera 3000 \u00e9tudiants - Kapitalis\",\"isPartOf\":{\"@id\":\"https:\/\/kapitalis.com\/tunisie\/#website\"},\"primaryImageOfPage\":{\"@id\":\"https:\/\/kapitalis.com\/tunisie\/2015\/11\/06\/luniversite-tuniso-allemande-accueillera-3000-etudiants\/#primaryimage\"},\"image\":{\"@id\":\"https:\/\/kapitalis.com\/tunisie\/2015\/11\/06\/luniversite-tuniso-allemande-accueillera-3000-etudiants\/#primaryimage\"},\"thumbnailUrl\":\"\",\"datePublished\":\"2015-11-06T08:40:53+00:00\",\"dateModified\":\"2015-11-06T09:27:15+00:00\",\"breadcrumb\":{\"@id\":\"https:\/\/kapitalis.com\/tunisie\/2015\/11\/06\/luniversite-tuniso-allemande-accueillera-3000-etudiants\/#breadcrumb\"},\"inLanguage\":\"fr-FR\",\"potentialAction\":[{\"@type\":\"ReadAction\",\"target\":[\"https:\/\/kapitalis.com\/tunisie\/2015\/11\/06\/luniversite-tuniso-allemande-accueillera-3000-etudiants\/\"]}]},{\"@type\":\"ImageObject\",\"inLanguage\":\"fr-FR\",\"@id\":\"https:\/\/kapitalis.com\/tunisie\/2015\/11\/06\/luniversite-tuniso-allemande-accueillera-3000-etudiants\/#primaryimage\",\"url\":\"\",\"contentUrl\":\"\"},{\"@type\":\"BreadcrumbList\",\"@id\":\"https:\/\/kapitalis.com\/tunisie\/2015\/11\/06\/luniversite-tuniso-allemande-accueillera-3000-etudiants\/#breadcrumb\",\"itemListElement\":[{\"@type\":\"ListItem\",\"position\":1,\"name\":\"Accueil\",\"item\":\"https:\/\/kapitalis.com\/tunisie\/\"},{\"@type\":\"ListItem\",\"position\":2,\"name\":\"L&rsquo;universit\u00e9 tuniso-allemande accueillera 3000 \u00e9tudiants\"}]},{\"@type\":\"WebSite\",\"@id\":\"https:\/\/kapitalis.com\/tunisie\/#website\",\"url\":\"https:\/\/kapitalis.com\/tunisie\/\",\"name\":\"Kapitalis\",\"description\":\"L&#039;actualit\u00e9 en Tunisie et dans le monde\",\"publisher\":{\"@id\":\"https:\/\/kapitalis.com\/tunisie\/#organization\"},\"potentialAction\":[{\"@type\":\"SearchAction\",\"target\":{\"@type\":\"EntryPoint\",\"urlTemplate\":\"https:\/\/kapitalis.com\/tunisie\/?s={search_term_string}\"},\"query-input\":{\"@type\":\"PropertyValueSpecification\",\"valueRequired\":true,\"valueName\":\"search_term_string\"}}],\"inLanguage\":\"fr-FR\"},{\"@type\":\"Organization\",\"@id\":\"https:\/\/kapitalis.com\/tunisie\/#organization\",\"name\":\"Kapitalis\",\"url\":\"https:\/\/kapitalis.com\/tunisie\/\",\"logo\":{\"@type\":\"ImageObject\",\"inLanguage\":\"fr-FR\",\"@id\":\"https:\/\/kapitalis.com\/tunisie\/#\/schema\/logo\/image\/\",\"url\":\"https:\/\/kapitalis.com\/tunisie\/wp-content\/uploads\/2022\/05\/Kapitalis-big-size.png\",\"contentUrl\":\"https:\/\/kapitalis.com\/tunisie\/wp-content\/uploads\/2022\/05\/Kapitalis-big-size.png\",\"width\":5000,\"height\":1500,\"caption\":\"Kapitalis\"},\"image\":{\"@id\":\"https:\/\/kapitalis.com\/tunisie\/#\/schema\/logo\/image\/\"},\"sameAs\":[\"https:\/\/www.facebook.com\/KapitalisInfo\/\",\"https:\/\/x.com\/KapitalisInfo\",\"https:\/\/www.youtube.com\/channel\/UC-yDYrHyfFBWWZaOw3FPg9Q\"]},{\"@type\":\"Person\",\"@id\":\"https:\/\/kapitalis.com\/tunisie\/#\/schema\/person\/035372e645ad321edc01006468cd4c8b\",\"name\":\"benmansour3 benmansour\",\"url\":\"https:\/\/kapitalis.com\/tunisie\/author\/benmansour3\/\"}]}<\/script>\n<!-- \/ Yoast SEO plugin. -->","yoast_head_json":{"title":"L'universit\u00e9 tuniso-allemande accueillera 3000 \u00e9tudiants - Kapitalis","robots":{"index":"index","follow":"follow","max-snippet":"max-snippet:-1","max-image-preview":"max-image-preview:large","max-video-preview":"max-video-preview:-1"},"canonical":"https:\/\/kapitalis.com\/tunisie\/2015\/11\/06\/luniversite-tuniso-allemande-accueillera-3000-etudiants\/","og_locale":"fr_FR","og_type":"article","og_title":"L'universit\u00e9 tuniso-allemande accueillera 3000 \u00e9tudiants - Kapitalis","og_description":"L&rsquo;universit\u00e9 tuniso-allemande verra bient\u00f4t le jour \u00e0 un co\u00fbt estim\u00e9 \u00e0 200 millions de dinars (MD) selon le ministre de l&rsquo;Enseignement sup\u00e9rieur.","og_url":"https:\/\/kapitalis.com\/tunisie\/2015\/11\/06\/luniversite-tuniso-allemande-accueillera-3000-etudiants\/","og_site_name":"Kapitalis","article_publisher":"https:\/\/www.facebook.com\/KapitalisInfo\/","article_published_time":"2015-11-06T08:40:53+00:00","article_modified_time":"2015-11-06T09:27:15+00:00","og_image":[{"width":1200,"height":630,"url":"https:\/\/kapitalis.com\/tunisie\/wp-content\/uploads\/2022\/05\/kapitalis-logo-fb.png","type":"image\/png"}],"author":"benmansour3 benmansour","twitter_card":"summary_large_image","twitter_creator":"@KapitalisInfo","twitter_site":"@KapitalisInfo","twitter_misc":{"\u00c9crit par":"benmansour3 benmansour","Dur\u00e9e de lecture estim\u00e9e":"1 minute"},"schema":{"@context":"https:\/\/schema.org","@graph":[{"@type":"Article","@id":"https:\/\/kapitalis.com\/tunisie\/2015\/11\/06\/luniversite-tuniso-allemande-accueillera-3000-etudiants\/#article","isPartOf":{"@id":"https:\/\/kapitalis.com\/tunisie\/2015\/11\/06\/luniversite-tuniso-allemande-accueillera-3000-etudiants\/"},"author":{"name":"benmansour3 benmansour","@id":"https:\/\/kapitalis.com\/tunisie\/#\/schema\/person\/035372e645ad321edc01006468cd4c8b"},"headline":"L&rsquo;universit\u00e9 tuniso-allemande accueillera 3000 \u00e9tudiants","datePublished":"2015-11-06T08:40:53+00:00","dateModified":"2015-11-06T09:27:15+00:00","mainEntityOfPage":{"@id":"https:\/\/kapitalis.com\/tunisie\/2015\/11\/06\/luniversite-tuniso-allemande-accueillera-3000-etudiants\/"},"wordCount":272,"commentCount":0,"publisher":{"@id":"https:\/\/kapitalis.com\/tunisie\/#organization"},"image":{"@id":"https:\/\/kapitalis.com\/tunisie\/2015\/11\/06\/luniversite-tuniso-allemande-accueillera-3000-etudiants\/#primaryimage"},"thumbnailUrl":"","keywords":["Allemagne","coop\u00e9ration","\u00e9tudiants","recherche scientifique","universit\u00e9"],"articleSection":["SOCIETE","Tunisie"],"inLanguage":"fr-FR","potentialAction":[{"@type":"CommentAction","name":"Comment","target":["https:\/\/kapitalis.com\/tunisie\/2015\/11\/06\/luniversite-tuniso-allemande-accueillera-3000-etudiants\/#respond"]}]},{"@type":"WebPage","@id":"https:\/\/kapitalis.com\/tunisie\/2015\/11\/06\/luniversite-tuniso-allemande-accueillera-3000-etudiants\/","url":"https:\/\/kapitalis.com\/tunisie\/2015\/11\/06\/luniversite-tuniso-allemande-accueillera-3000-etudiants\/","name":"L'universit\u00e9 tuniso-allemande accueillera 3000 \u00e9tudiants - Kapitalis","isPartOf":{"@id":"https:\/\/kapitalis.com\/tunisie\/#website"},"primaryImageOfPage":{"@id":"https:\/\/kapitalis.com\/tunisie\/2015\/11\/06\/luniversite-tuniso-allemande-accueillera-3000-etudiants\/#primaryimage"},"image":{"@id":"https:\/\/kapitalis.com\/tunisie\/2015\/11\/06\/luniversite-tuniso-allemande-accueillera-3000-etudiants\/#primaryimage"},"thumbnailUrl":"","datePublished":"2015-11-06T08:40:53+00:00","dateModified":"2015-11-06T09:27:15+00:00","breadcrumb":{"@id":"https:\/\/kapitalis.com\/tunisie\/2015\/11\/06\/luniversite-tuniso-allemande-accueillera-3000-etudiants\/#breadcrumb"},"inLanguage":"fr-FR","potentialAction":[{"@type":"ReadAction","target":["https:\/\/kapitalis.com\/tunisie\/2015\/11\/06\/luniversite-tuniso-allemande-accueillera-3000-etudiants\/"]}]},{"@type":"ImageObject","inLanguage":"fr-FR","@id":"https:\/\/kapitalis.com\/tunisie\/2015\/11\/06\/luniversite-tuniso-allemande-accueillera-3000-etudiants\/#primaryimage","url":"","contentUrl":""},{"@type":"BreadcrumbList","@id":"https:\/\/kapitalis.com\/tunisie\/2015\/11\/06\/luniversite-tuniso-allemande-accueillera-3000-etudiants\/#breadcrumb","itemListElement":[{"@type":"ListItem","position":1,"name":"Accueil","item":"https:\/\/kapitalis.com\/tunisie\/"},{"@type":"ListItem","position":2,"name":"L&rsquo;universit\u00e9 tuniso-allemande accueillera 3000 \u00e9tudiants"}]},{"@type":"WebSite","@id":"https:\/\/kapitalis.com\/tunisie\/#website","url":"https:\/\/kapitalis.com\/tunisie\/","name":"Kapitalis","description":"L&#039;actualit\u00e9 en Tunisie et dans le monde","publisher":{"@id":"https:\/\/kapitalis.com\/tunisie\/#organization"},"potentialAction":[{"@type":"SearchAction","target":{"@type":"EntryPoint","urlTemplate":"https:\/\/kapitalis.com\/tunisie\/?s={search_term_string}"},"query-input":{"@type":"PropertyValueSpecification","valueRequired":true,"valueName":"search_term_string"}}],"inLanguage":"fr-FR"},{"@type":"Organization","@id":"https:\/\/kapitalis.com\/tunisie\/#organization","name":"Kapitalis","url":"https:\/\/kapitalis.com\/tunisie\/","logo":{"@type":"ImageObject","inLanguage":"fr-FR","@id":"https:\/\/kapitalis.com\/tunisie\/#\/schema\/logo\/image\/","url":"https:\/\/kapitalis.com\/tunisie\/wp-content\/uploads\/2022\/05\/Kapitalis-big-size.png","contentUrl":"https:\/\/kapitalis.com\/tunisie\/wp-content\/uploads\/2022\/05\/Kapitalis-big-size.png","width":5000,"height":1500,"caption":"Kapitalis"},"image":{"@id":"https:\/\/kapitalis.com\/tunisie\/#\/schema\/logo\/image\/"},"sameAs":["https:\/\/www.facebook.com\/KapitalisInfo\/","https:\/\/x.com\/KapitalisInfo","https:\/\/www.youtube.com\/channel\/UC-yDYrHyfFBWWZaOw3FPg9Q"]},{"@type":"Person","@id":"https:\/\/kapitalis.com\/tunisie\/#\/schema\/person\/035372e645ad321edc01006468cd4c8b","name":"benmansour3 benmansour","url":"https:\/\/kapitalis.com\/tunisie\/author\/benmansour3\/"}]}},"_links":{"self":[{"href":"https:\/\/kapitalis.com\/tunisie\/wp-json\/wp\/v2\/posts\/23620","targetHints":{"allow":["GET"]}}],"collection":[{"href":"https:\/\/kapitalis.com\/tunisie\/wp-json\/wp\/v2\/posts"}],"about":[{"href":"https:\/\/kapitalis.com\/tunisie\/wp-json\/wp\/v2\/types\/post"}],"author":[{"embeddable":true,"href":"https:\/\/kapitalis.com\/tunisie\/wp-json\/wp\/v2\/users\/11"}],"replies":[{"embeddable":true,"href":"https:\/\/kapitalis.com\/tunisie\/wp-json\/wp\/v2\/comments?post=23620"}],"version-history":[{"count":0,"href":"https:\/\/kapitalis.com\/tunisie\/wp-json\/wp\/v2\/posts\/23620\/revisions"}],"wp:featuredmedia":[{"embeddable":true,"href":"https:\/\/kapitalis.com\/tunisie\/wp-json\/wp\/v2\/media\/23628"}],"wp:attachment":[{"href":"https:\/\/kapitalis.com\/tunisie\/wp-json\/wp\/v2\/media?parent=23620"}],"wp:term":[{"taxonomy":"category","embeddable":true,"href":"https:\/\/kapitalis.com\/tunisie\/wp-json\/wp\/v2\/categories?post=23620"},{"taxonomy":"post_tag","embeddable":true,"href":"https:\/\/kapitalis.com\/tunisie\/wp-json\/wp\/v2\/tags?post=23620"}],"curies":[{"name":"wp","href":"https:\/\/api.w.org\/{rel}","templated":true}]}}