{"id":236358,"date":"2019-09-01T09:11:09","date_gmt":"2019-09-01T08:11:09","guid":{"rendered":"http:\/\/kapitalis.com\/tunisie\/?p=236358"},"modified":"2019-09-01T09:11:12","modified_gmt":"2019-09-01T08:11:12","slug":"recital-de-ghofrane-miladi-a-lift-une-jeune-violoniste-de-genie","status":"publish","type":"post","link":"https:\/\/kapitalis.com\/tunisie\/2019\/09\/01\/recital-de-ghofrane-miladi-a-lift-une-jeune-violoniste-de-genie\/","title":{"rendered":"R\u00e9cital de Ghofrane Miladi \u00e0 l\u2019IFT : une jeune violoniste de g\u00e9nie"},"content":{"rendered":"\n<figure class=\"wp-block-image\"><img decoding=\"async\" src=\"http:\/\/kapitalis.com\/tunisie\/wp-content\/uploads\/2019\/09\/Ghofrane-Miladi.jpg\" alt=\"\" class=\"wp-image-236359\"\/><\/figure>\n\n\n\n<p><strong><em>\u00c0 l\u2019occasion de la reprise de ses activit\u00e9s culturelles et artistiques, l\u2019Institut fran\u00e7ais de Tunisie (IFT) accueille un concert instrumental, le vendredi 6 septembre 2019, avec la jeune violoniste Ghofrane Miladi et le pianiste Mehdi Trabelsi.<\/em><\/strong><br><\/p>\n\n\n\n<!--more-->\n\n\n\n<p> Apr\u00e8s un mois de pause bien m\u00e9rit\u00e9e, l\u2019IFT rouvre ses portes d\u00e8s ce mois de septembre qui sera marqu\u00e9 par un nombre de rencontres, de spectacles et de d\u00e9bats. <br><\/p>\n\n\n\n<p> La rentr\u00e9e musicale se fera avec un r\u00e9cital sign\u00e9 par la jeune virtuose du violon Ghofrane Miladi, qui sera accompagn\u00e9e au piano par Mehdi Trabelsi, et ce au jardin de l\u2019institut, afin de profiter des derni\u00e8res soir\u00e9es estivales, sous la belle \u00e9toile.<br><\/p>\n\n\n\n<p> Dipl\u00f4m\u00e9 du Conservatoire de Bruxelles et actuellement professeur \u00e0 l\u2019Institut sup\u00e9rieur de musique de Tunis, le pianiste Mehdi Trabelsi partagera la sc\u00e8ne avec l\u2019une des violonistes tunisiennes les plus prometteuses. <br><\/p>\n\n\n\n<p> \u00c0 peine 16 ans, Ghofrane Miladi a d\u00e9j\u00e0 fait ses preuves comme une musicienne hors normes. Sa passion du violon s\u2019est d\u00e9velopp\u00e9e d\u00e8s l\u2019\u00e2ge de 3 ans et n\u2019a fait que se confirmer au fil des ann\u00e9es. Elle a fait partie de l\u2019Orchestre symphonique tunisien (OST) aupr\u00e8s du maestro Hafedh Makni, et a eu le privil\u00e8ge de monter \u00e0 deux reprises sur la sc\u00e8ne du Festival international de Carthage, d\u2019abord avec Yasmine Azaiez en 2017, puis avec Mohamed Ali Kammoun dans son projet<em> \u2018\u201824 parfums\u2019\u2019<\/em>, qui avait cl\u00f4tur\u00e9 la 54e \u00e9dition du festival (2018).<br><\/p>\n\n\n\n<p> Aur\u00e9ol\u00e9e de plusieurs prix nationaux et internationaux, notamment le Premier Prix au concours international de violon Vatelot Rampal \u00e0 Paris en 2014, Ghofrane Miladi continue de perfectionner son art \u00e0 la prestigieuse \u00e9cole de musique Yehudi Menuhin \u00e0 Londres.<br><\/p>\n\n\n\n<p> Des reprises de grands classiques de Sarasate, Bloch, Lalo, Wieniawski\u2026 feront partie du programme du r\u00e9cital de vendredi prochain \u00e0 l\u2019IFT.<br><\/p>\n\n\n\n<p style=\"text-align:right\"><strong> Fawz Ben Ali<\/strong><\/p>\n","protected":false},"excerpt":{"rendered":"<p>\u00c0 l\u2019occasion de la reprise de ses activit\u00e9s culturelles et artistiques, l\u2019Institut fran\u00e7ais de Tunisie (IFT) accueille un concert instrumental, le vendredi 6 septembre 2019, avec la jeune violoniste Ghofrane Miladi et le pianiste Mehdi Trabelsi.<\/p>\n","protected":false},"author":8,"featured_media":236359,"comment_status":"open","ping_status":"open","sticky":false,"template":"","format":"standard","meta":{"footnotes":""},"categories":[994,2433],"tags":[3226,25619,17471],"class_list":["post-236358","post","type-post","status-publish","format-standard","has-post-thumbnail","hentry","category-culture","category-tunisie","tag-institut-francais-de-tunisie","tag-mehdi-trabelsi","tag-yasmine-azaiez"],"yoast_head":"<!-- This site is optimized with the Yoast SEO plugin v26.6 - https:\/\/yoast.com\/wordpress\/plugins\/seo\/ -->\n<title>R\u00e9cital de Ghofrane Miladi \u00e0 l\u2019IFT : une jeune violoniste de g\u00e9nie - Kapitalis<\/title>\n<meta name=\"robots\" content=\"index, follow, max-snippet:-1, max-image-preview:large, max-video-preview:-1\" \/>\n<link rel=\"canonical\" href=\"https:\/\/kapitalis.com\/tunisie\/2019\/09\/01\/recital-de-ghofrane-miladi-a-lift-une-jeune-violoniste-de-genie\/\" \/>\n<meta property=\"og:locale\" content=\"fr_FR\" \/>\n<meta property=\"og:type\" content=\"article\" \/>\n<meta property=\"og:title\" content=\"R\u00e9cital de Ghofrane Miladi \u00e0 l\u2019IFT : une jeune violoniste de g\u00e9nie - Kapitalis\" \/>\n<meta property=\"og:description\" content=\"\u00c0 l\u2019occasion de la reprise de ses activit\u00e9s culturelles et artistiques, l\u2019Institut fran\u00e7ais de Tunisie (IFT) accueille un concert instrumental, le vendredi 6 septembre 2019, avec la jeune violoniste Ghofrane Miladi et le pianiste Mehdi Trabelsi.\" \/>\n<meta property=\"og:url\" content=\"https:\/\/kapitalis.com\/tunisie\/2019\/09\/01\/recital-de-ghofrane-miladi-a-lift-une-jeune-violoniste-de-genie\/\" \/>\n<meta property=\"og:site_name\" content=\"Kapitalis\" \/>\n<meta property=\"article:publisher\" content=\"https:\/\/www.facebook.com\/KapitalisInfo\/\" \/>\n<meta property=\"article:published_time\" content=\"2019-09-01T08:11:09+00:00\" \/>\n<meta property=\"article:modified_time\" content=\"2019-09-01T08:11:12+00:00\" \/>\n<meta property=\"og:image\" content=\"https:\/\/kapitalis.com\/tunisie\/wp-content\/uploads\/2022\/05\/kapitalis-logo-fb.png\" \/>\n\t<meta property=\"og:image:width\" content=\"1200\" \/>\n\t<meta property=\"og:image:height\" content=\"630\" \/>\n\t<meta property=\"og:image:type\" content=\"image\/png\" \/>\n<meta name=\"author\" content=\"webmaster kapitalis\" \/>\n<meta name=\"twitter:card\" content=\"summary_large_image\" \/>\n<meta name=\"twitter:creator\" content=\"@KapitalisInfo\" \/>\n<meta name=\"twitter:site\" content=\"@KapitalisInfo\" \/>\n<meta name=\"twitter:label1\" content=\"\u00c9crit par\" \/>\n\t<meta name=\"twitter:data1\" content=\"webmaster kapitalis\" \/>\n\t<meta name=\"twitter:label2\" content=\"Dur\u00e9e de lecture estim\u00e9e\" \/>\n\t<meta name=\"twitter:data2\" content=\"2 minutes\" \/>\n<script type=\"application\/ld+json\" class=\"yoast-schema-graph\">{\"@context\":\"https:\/\/schema.org\",\"@graph\":[{\"@type\":\"Article\",\"@id\":\"https:\/\/kapitalis.com\/tunisie\/2019\/09\/01\/recital-de-ghofrane-miladi-a-lift-une-jeune-violoniste-de-genie\/#article\",\"isPartOf\":{\"@id\":\"https:\/\/kapitalis.com\/tunisie\/2019\/09\/01\/recital-de-ghofrane-miladi-a-lift-une-jeune-violoniste-de-genie\/\"},\"author\":{\"name\":\"webmaster kapitalis\",\"@id\":\"https:\/\/kapitalis.com\/tunisie\/#\/schema\/person\/d71f33a9ca44f7bad4698210b480c8e9\"},\"headline\":\"R\u00e9cital de Ghofrane Miladi \u00e0 l\u2019IFT : une jeune violoniste de g\u00e9nie\",\"datePublished\":\"2019-09-01T08:11:09+00:00\",\"dateModified\":\"2019-09-01T08:11:12+00:00\",\"mainEntityOfPage\":{\"@id\":\"https:\/\/kapitalis.com\/tunisie\/2019\/09\/01\/recital-de-ghofrane-miladi-a-lift-une-jeune-violoniste-de-genie\/\"},\"wordCount\":330,\"commentCount\":0,\"publisher\":{\"@id\":\"https:\/\/kapitalis.com\/tunisie\/#organization\"},\"image\":{\"@id\":\"https:\/\/kapitalis.com\/tunisie\/2019\/09\/01\/recital-de-ghofrane-miladi-a-lift-une-jeune-violoniste-de-genie\/#primaryimage\"},\"thumbnailUrl\":\"\",\"keywords\":[\"Institut fran\u00e7ais de Tunisie\",\"Mehdi Trabelsi\",\"Yasmine Azaiez\"],\"articleSection\":[\"CULTURE\",\"Tunisie\"],\"inLanguage\":\"fr-FR\",\"potentialAction\":[{\"@type\":\"CommentAction\",\"name\":\"Comment\",\"target\":[\"https:\/\/kapitalis.com\/tunisie\/2019\/09\/01\/recital-de-ghofrane-miladi-a-lift-une-jeune-violoniste-de-genie\/#respond\"]}]},{\"@type\":\"WebPage\",\"@id\":\"https:\/\/kapitalis.com\/tunisie\/2019\/09\/01\/recital-de-ghofrane-miladi-a-lift-une-jeune-violoniste-de-genie\/\",\"url\":\"https:\/\/kapitalis.com\/tunisie\/2019\/09\/01\/recital-de-ghofrane-miladi-a-lift-une-jeune-violoniste-de-genie\/\",\"name\":\"R\u00e9cital de Ghofrane Miladi \u00e0 l\u2019IFT : une jeune violoniste de g\u00e9nie - Kapitalis\",\"isPartOf\":{\"@id\":\"https:\/\/kapitalis.com\/tunisie\/#website\"},\"primaryImageOfPage\":{\"@id\":\"https:\/\/kapitalis.com\/tunisie\/2019\/09\/01\/recital-de-ghofrane-miladi-a-lift-une-jeune-violoniste-de-genie\/#primaryimage\"},\"image\":{\"@id\":\"https:\/\/kapitalis.com\/tunisie\/2019\/09\/01\/recital-de-ghofrane-miladi-a-lift-une-jeune-violoniste-de-genie\/#primaryimage\"},\"thumbnailUrl\":\"\",\"datePublished\":\"2019-09-01T08:11:09+00:00\",\"dateModified\":\"2019-09-01T08:11:12+00:00\",\"breadcrumb\":{\"@id\":\"https:\/\/kapitalis.com\/tunisie\/2019\/09\/01\/recital-de-ghofrane-miladi-a-lift-une-jeune-violoniste-de-genie\/#breadcrumb\"},\"inLanguage\":\"fr-FR\",\"potentialAction\":[{\"@type\":\"ReadAction\",\"target\":[\"https:\/\/kapitalis.com\/tunisie\/2019\/09\/01\/recital-de-ghofrane-miladi-a-lift-une-jeune-violoniste-de-genie\/\"]}]},{\"@type\":\"ImageObject\",\"inLanguage\":\"fr-FR\",\"@id\":\"https:\/\/kapitalis.com\/tunisie\/2019\/09\/01\/recital-de-ghofrane-miladi-a-lift-une-jeune-violoniste-de-genie\/#primaryimage\",\"url\":\"\",\"contentUrl\":\"\"},{\"@type\":\"BreadcrumbList\",\"@id\":\"https:\/\/kapitalis.com\/tunisie\/2019\/09\/01\/recital-de-ghofrane-miladi-a-lift-une-jeune-violoniste-de-genie\/#breadcrumb\",\"itemListElement\":[{\"@type\":\"ListItem\",\"position\":1,\"name\":\"Accueil\",\"item\":\"https:\/\/kapitalis.com\/tunisie\/\"},{\"@type\":\"ListItem\",\"position\":2,\"name\":\"R\u00e9cital de Ghofrane Miladi \u00e0 l\u2019IFT : une jeune violoniste de g\u00e9nie\"}]},{\"@type\":\"WebSite\",\"@id\":\"https:\/\/kapitalis.com\/tunisie\/#website\",\"url\":\"https:\/\/kapitalis.com\/tunisie\/\",\"name\":\"Kapitalis\",\"description\":\"L&#039;actualit\u00e9 en Tunisie et dans le monde\",\"publisher\":{\"@id\":\"https:\/\/kapitalis.com\/tunisie\/#organization\"},\"potentialAction\":[{\"@type\":\"SearchAction\",\"target\":{\"@type\":\"EntryPoint\",\"urlTemplate\":\"https:\/\/kapitalis.com\/tunisie\/?s={search_term_string}\"},\"query-input\":{\"@type\":\"PropertyValueSpecification\",\"valueRequired\":true,\"valueName\":\"search_term_string\"}}],\"inLanguage\":\"fr-FR\"},{\"@type\":\"Organization\",\"@id\":\"https:\/\/kapitalis.com\/tunisie\/#organization\",\"name\":\"Kapitalis\",\"url\":\"https:\/\/kapitalis.com\/tunisie\/\",\"logo\":{\"@type\":\"ImageObject\",\"inLanguage\":\"fr-FR\",\"@id\":\"https:\/\/kapitalis.com\/tunisie\/#\/schema\/logo\/image\/\",\"url\":\"https:\/\/kapitalis.com\/tunisie\/wp-content\/uploads\/2022\/05\/Kapitalis-big-size.png\",\"contentUrl\":\"https:\/\/kapitalis.com\/tunisie\/wp-content\/uploads\/2022\/05\/Kapitalis-big-size.png\",\"width\":5000,\"height\":1500,\"caption\":\"Kapitalis\"},\"image\":{\"@id\":\"https:\/\/kapitalis.com\/tunisie\/#\/schema\/logo\/image\/\"},\"sameAs\":[\"https:\/\/www.facebook.com\/KapitalisInfo\/\",\"https:\/\/x.com\/KapitalisInfo\",\"https:\/\/www.youtube.com\/channel\/UC-yDYrHyfFBWWZaOw3FPg9Q\"]},{\"@type\":\"Person\",\"@id\":\"https:\/\/kapitalis.com\/tunisie\/#\/schema\/person\/d71f33a9ca44f7bad4698210b480c8e9\",\"name\":\"webmaster kapitalis\",\"url\":\"https:\/\/kapitalis.com\/tunisie\/author\/webmaster-kapitalis\/\"}]}<\/script>\n<!-- \/ Yoast SEO plugin. -->","yoast_head_json":{"title":"R\u00e9cital de Ghofrane Miladi \u00e0 l\u2019IFT : une jeune violoniste de g\u00e9nie - Kapitalis","robots":{"index":"index","follow":"follow","max-snippet":"max-snippet:-1","max-image-preview":"max-image-preview:large","max-video-preview":"max-video-preview:-1"},"canonical":"https:\/\/kapitalis.com\/tunisie\/2019\/09\/01\/recital-de-ghofrane-miladi-a-lift-une-jeune-violoniste-de-genie\/","og_locale":"fr_FR","og_type":"article","og_title":"R\u00e9cital de Ghofrane Miladi \u00e0 l\u2019IFT : une jeune violoniste de g\u00e9nie - Kapitalis","og_description":"\u00c0 l\u2019occasion de la reprise de ses activit\u00e9s culturelles et artistiques, l\u2019Institut fran\u00e7ais de Tunisie (IFT) accueille un concert instrumental, le vendredi 6 septembre 2019, avec la jeune violoniste Ghofrane Miladi et le pianiste Mehdi Trabelsi.","og_url":"https:\/\/kapitalis.com\/tunisie\/2019\/09\/01\/recital-de-ghofrane-miladi-a-lift-une-jeune-violoniste-de-genie\/","og_site_name":"Kapitalis","article_publisher":"https:\/\/www.facebook.com\/KapitalisInfo\/","article_published_time":"2019-09-01T08:11:09+00:00","article_modified_time":"2019-09-01T08:11:12+00:00","og_image":[{"width":1200,"height":630,"url":"https:\/\/kapitalis.com\/tunisie\/wp-content\/uploads\/2022\/05\/kapitalis-logo-fb.png","type":"image\/png"}],"author":"webmaster kapitalis","twitter_card":"summary_large_image","twitter_creator":"@KapitalisInfo","twitter_site":"@KapitalisInfo","twitter_misc":{"\u00c9crit par":"webmaster kapitalis","Dur\u00e9e de lecture estim\u00e9e":"2 minutes"},"schema":{"@context":"https:\/\/schema.org","@graph":[{"@type":"Article","@id":"https:\/\/kapitalis.com\/tunisie\/2019\/09\/01\/recital-de-ghofrane-miladi-a-lift-une-jeune-violoniste-de-genie\/#article","isPartOf":{"@id":"https:\/\/kapitalis.com\/tunisie\/2019\/09\/01\/recital-de-ghofrane-miladi-a-lift-une-jeune-violoniste-de-genie\/"},"author":{"name":"webmaster kapitalis","@id":"https:\/\/kapitalis.com\/tunisie\/#\/schema\/person\/d71f33a9ca44f7bad4698210b480c8e9"},"headline":"R\u00e9cital de Ghofrane Miladi \u00e0 l\u2019IFT : une jeune violoniste de g\u00e9nie","datePublished":"2019-09-01T08:11:09+00:00","dateModified":"2019-09-01T08:11:12+00:00","mainEntityOfPage":{"@id":"https:\/\/kapitalis.com\/tunisie\/2019\/09\/01\/recital-de-ghofrane-miladi-a-lift-une-jeune-violoniste-de-genie\/"},"wordCount":330,"commentCount":0,"publisher":{"@id":"https:\/\/kapitalis.com\/tunisie\/#organization"},"image":{"@id":"https:\/\/kapitalis.com\/tunisie\/2019\/09\/01\/recital-de-ghofrane-miladi-a-lift-une-jeune-violoniste-de-genie\/#primaryimage"},"thumbnailUrl":"","keywords":["Institut fran\u00e7ais de Tunisie","Mehdi Trabelsi","Yasmine Azaiez"],"articleSection":["CULTURE","Tunisie"],"inLanguage":"fr-FR","potentialAction":[{"@type":"CommentAction","name":"Comment","target":["https:\/\/kapitalis.com\/tunisie\/2019\/09\/01\/recital-de-ghofrane-miladi-a-lift-une-jeune-violoniste-de-genie\/#respond"]}]},{"@type":"WebPage","@id":"https:\/\/kapitalis.com\/tunisie\/2019\/09\/01\/recital-de-ghofrane-miladi-a-lift-une-jeune-violoniste-de-genie\/","url":"https:\/\/kapitalis.com\/tunisie\/2019\/09\/01\/recital-de-ghofrane-miladi-a-lift-une-jeune-violoniste-de-genie\/","name":"R\u00e9cital de Ghofrane Miladi \u00e0 l\u2019IFT : une jeune violoniste de g\u00e9nie - Kapitalis","isPartOf":{"@id":"https:\/\/kapitalis.com\/tunisie\/#website"},"primaryImageOfPage":{"@id":"https:\/\/kapitalis.com\/tunisie\/2019\/09\/01\/recital-de-ghofrane-miladi-a-lift-une-jeune-violoniste-de-genie\/#primaryimage"},"image":{"@id":"https:\/\/kapitalis.com\/tunisie\/2019\/09\/01\/recital-de-ghofrane-miladi-a-lift-une-jeune-violoniste-de-genie\/#primaryimage"},"thumbnailUrl":"","datePublished":"2019-09-01T08:11:09+00:00","dateModified":"2019-09-01T08:11:12+00:00","breadcrumb":{"@id":"https:\/\/kapitalis.com\/tunisie\/2019\/09\/01\/recital-de-ghofrane-miladi-a-lift-une-jeune-violoniste-de-genie\/#breadcrumb"},"inLanguage":"fr-FR","potentialAction":[{"@type":"ReadAction","target":["https:\/\/kapitalis.com\/tunisie\/2019\/09\/01\/recital-de-ghofrane-miladi-a-lift-une-jeune-violoniste-de-genie\/"]}]},{"@type":"ImageObject","inLanguage":"fr-FR","@id":"https:\/\/kapitalis.com\/tunisie\/2019\/09\/01\/recital-de-ghofrane-miladi-a-lift-une-jeune-violoniste-de-genie\/#primaryimage","url":"","contentUrl":""},{"@type":"BreadcrumbList","@id":"https:\/\/kapitalis.com\/tunisie\/2019\/09\/01\/recital-de-ghofrane-miladi-a-lift-une-jeune-violoniste-de-genie\/#breadcrumb","itemListElement":[{"@type":"ListItem","position":1,"name":"Accueil","item":"https:\/\/kapitalis.com\/tunisie\/"},{"@type":"ListItem","position":2,"name":"R\u00e9cital de Ghofrane Miladi \u00e0 l\u2019IFT : une jeune violoniste de g\u00e9nie"}]},{"@type":"WebSite","@id":"https:\/\/kapitalis.com\/tunisie\/#website","url":"https:\/\/kapitalis.com\/tunisie\/","name":"Kapitalis","description":"L&#039;actualit\u00e9 en Tunisie et dans le monde","publisher":{"@id":"https:\/\/kapitalis.com\/tunisie\/#organization"},"potentialAction":[{"@type":"SearchAction","target":{"@type":"EntryPoint","urlTemplate":"https:\/\/kapitalis.com\/tunisie\/?s={search_term_string}"},"query-input":{"@type":"PropertyValueSpecification","valueRequired":true,"valueName":"search_term_string"}}],"inLanguage":"fr-FR"},{"@type":"Organization","@id":"https:\/\/kapitalis.com\/tunisie\/#organization","name":"Kapitalis","url":"https:\/\/kapitalis.com\/tunisie\/","logo":{"@type":"ImageObject","inLanguage":"fr-FR","@id":"https:\/\/kapitalis.com\/tunisie\/#\/schema\/logo\/image\/","url":"https:\/\/kapitalis.com\/tunisie\/wp-content\/uploads\/2022\/05\/Kapitalis-big-size.png","contentUrl":"https:\/\/kapitalis.com\/tunisie\/wp-content\/uploads\/2022\/05\/Kapitalis-big-size.png","width":5000,"height":1500,"caption":"Kapitalis"},"image":{"@id":"https:\/\/kapitalis.com\/tunisie\/#\/schema\/logo\/image\/"},"sameAs":["https:\/\/www.facebook.com\/KapitalisInfo\/","https:\/\/x.com\/KapitalisInfo","https:\/\/www.youtube.com\/channel\/UC-yDYrHyfFBWWZaOw3FPg9Q"]},{"@type":"Person","@id":"https:\/\/kapitalis.com\/tunisie\/#\/schema\/person\/d71f33a9ca44f7bad4698210b480c8e9","name":"webmaster kapitalis","url":"https:\/\/kapitalis.com\/tunisie\/author\/webmaster-kapitalis\/"}]}},"_links":{"self":[{"href":"https:\/\/kapitalis.com\/tunisie\/wp-json\/wp\/v2\/posts\/236358","targetHints":{"allow":["GET"]}}],"collection":[{"href":"https:\/\/kapitalis.com\/tunisie\/wp-json\/wp\/v2\/posts"}],"about":[{"href":"https:\/\/kapitalis.com\/tunisie\/wp-json\/wp\/v2\/types\/post"}],"author":[{"embeddable":true,"href":"https:\/\/kapitalis.com\/tunisie\/wp-json\/wp\/v2\/users\/8"}],"replies":[{"embeddable":true,"href":"https:\/\/kapitalis.com\/tunisie\/wp-json\/wp\/v2\/comments?post=236358"}],"version-history":[{"count":0,"href":"https:\/\/kapitalis.com\/tunisie\/wp-json\/wp\/v2\/posts\/236358\/revisions"}],"wp:featuredmedia":[{"embeddable":true,"href":"https:\/\/kapitalis.com\/tunisie\/wp-json\/wp\/v2\/media\/236359"}],"wp:attachment":[{"href":"https:\/\/kapitalis.com\/tunisie\/wp-json\/wp\/v2\/media?parent=236358"}],"wp:term":[{"taxonomy":"category","embeddable":true,"href":"https:\/\/kapitalis.com\/tunisie\/wp-json\/wp\/v2\/categories?post=236358"},{"taxonomy":"post_tag","embeddable":true,"href":"https:\/\/kapitalis.com\/tunisie\/wp-json\/wp\/v2\/tags?post=236358"}],"curies":[{"name":"wp","href":"https:\/\/api.w.org\/{rel}","templated":true}]}}