{"id":236361,"date":"2019-09-01T09:39:07","date_gmt":"2019-09-01T08:39:07","guid":{"rendered":"http:\/\/kapitalis.com\/tunisie\/?p=236361"},"modified":"2019-09-01T09:46:25","modified_gmt":"2019-09-01T08:46:25","slug":"abdennour-belhocini-un-milieu-de-terrain-algerien-en-route-pour-lesperance","status":"publish","type":"post","link":"https:\/\/kapitalis.com\/tunisie\/2019\/09\/01\/abdennour-belhocini-un-milieu-de-terrain-algerien-en-route-pour-lesperance\/","title":{"rendered":"Abdennour Belhocini : un milieu de terrain alg\u00e9rien en route pour l\u2019Esp\u00e9rance"},"content":{"rendered":"\n<figure class=\"wp-block-image\"><img decoding=\"async\" src=\"http:\/\/kapitalis.com\/tunisie\/wp-content\/uploads\/2019\/09\/Abdennour-Belhocini.jpg\" alt=\"\" class=\"wp-image-236362\"\/><\/figure>\n\n\n\n<p><strong><em>L\u2019Esp\u00e9rance sportive de Tunis (EST) a acc\u00e9l\u00e9r\u00e9 les contacts au cours des derni\u00e8res heures pour obtenir le transfert du milieu de terrain offensif alg\u00e9rien Abdennour Belhocini.<\/em><\/strong><br><\/p>\n\n\n\n<!--more-->\n\n\n\n<p> Le demi offensif de l\u2019Union sportive Medinet Bel Abb\u00e8s (USMB) est attendu, aujourd&rsquo;hui, dimanche 1er septembre 2019, au Parc Hassan Belkhoja, pour mener \u00e0 bien les proc\u00e9dures de transfert et signer avec le club champion de Tunisie et d\u2019Afrique, indique le site <em>\u2018\u2018Kooora\u2019\u2019<\/em>. <br><\/p>\n\n\n\n<p> Approch\u00e9 dans la perspective de renforcer un secteur qui vient de perdre un \u00e9l\u00e9ment cl\u00e9, en l\u2019occurrence Youcef Belaili, parti en Arabie Saoudite, Belhocini a manqu\u00e9 le match de championnat d\u2019Alg\u00e9rie, vendredi dernier, contre N.C. Magra, ouvrant la porte \u00e0 un possible d\u00e9part pour le championnat tunisien.<br><\/p>\n\n\n\n<p> L\u2019EST continue de puiser dans la fili\u00e8re alg\u00e9rienne. En cas de signature, Belhocini sera le 5e joueur alg\u00e9rien arriv\u00e9 cet \u00e9t\u00e9 \u00e0 l\u2019EST apr\u00e8s Abdelkader Bedrane, Ilyes Chetti, Raouf Benguit et Billel Bensaha.  <br><\/p>\n\n\n\n<p style=\"text-align:right\"> <strong>H. M. <\/strong><\/p>\n\n\n\n<figure class=\"wp-block-embed is-type-rich is-provider-kapitalis\"><div class=\"wp-block-embed__wrapper\">\n<blockquote class=\"wp-embedded-content\" data-secret=\"VaMTu7ORTj\"><a href=\"https:\/\/kapitalis.com\/tunisie\/2019\/06\/30\/esperance-de-tunis-abdelkader-bedrane-un-cinquieme-joueur-algerien-au-parc-b\/\">Esp\u00e9rance de Tunis: Abdelkader Bedrane, un cinqui\u00e8me joueur alg\u00e9rien au Parc B<\/a><\/blockquote><iframe loading=\"lazy\" class=\"wp-embedded-content\" sandbox=\"allow-scripts\" security=\"restricted\" style=\"position: absolute; clip: rect(1px, 1px, 1px, 1px);\" title=\"\u00ab\u00a0Esp\u00e9rance de Tunis: Abdelkader Bedrane, un cinqui\u00e8me joueur alg\u00e9rien au Parc B\u00a0\u00bb &#8212; Kapitalis\" src=\"https:\/\/kapitalis.com\/tunisie\/2019\/06\/30\/esperance-de-tunis-abdelkader-bedrane-un-cinquieme-joueur-algerien-au-parc-b\/embed\/#?secret=XtyAH2kaM6#?secret=VaMTu7ORTj\" data-secret=\"VaMTu7ORTj\" width=\"600\" height=\"338\" frameborder=\"0\" marginwidth=\"0\" marginheight=\"0\" scrolling=\"no\"><\/iframe>\n<\/div><\/figure>\n\n\n\n<figure class=\"wp-block-embed is-type-rich is-provider-kapitalis\"><div class=\"wp-block-embed__wrapper\">\n<blockquote class=\"wp-embedded-content\" data-secret=\"9ZFSlSO9GT\"><a href=\"https:\/\/kapitalis.com\/tunisie\/2019\/07\/01\/esperance-de-tunis-abderaouf-benguit-une-4e-recrue-algerienne-au-parc-b\/\">Esp\u00e9rance de Tunis : Abderaouf Benguit, une 4e recrue alg\u00e9rienne au Parc B<\/a><\/blockquote><iframe loading=\"lazy\" class=\"wp-embedded-content\" sandbox=\"allow-scripts\" security=\"restricted\" style=\"position: absolute; clip: rect(1px, 1px, 1px, 1px);\" title=\"\u00ab\u00a0Esp\u00e9rance de Tunis : Abderaouf Benguit, une 4e recrue alg\u00e9rienne au Parc B\u00a0\u00bb &#8212; Kapitalis\" src=\"https:\/\/kapitalis.com\/tunisie\/2019\/07\/01\/esperance-de-tunis-abderaouf-benguit-une-4e-recrue-algerienne-au-parc-b\/embed\/#?secret=p6sVn3rr5v#?secret=9ZFSlSO9GT\" data-secret=\"9ZFSlSO9GT\" width=\"600\" height=\"338\" frameborder=\"0\" marginwidth=\"0\" marginheight=\"0\" scrolling=\"no\"><\/iframe>\n<\/div><\/figure>\n\n\n\n<figure class=\"wp-block-embed is-type-rich is-provider-kapitalis\"><div class=\"wp-block-embed__wrapper\">\n<blockquote class=\"wp-embedded-content\" data-secret=\"l9jjH3S91n\"><a href=\"https:\/\/kapitalis.com\/tunisie\/2019\/06\/23\/football-lalgerien-ilyes-chetti-sapproche-de-lesperance-de-tunis\/\">Football : L\u2019Alg\u00e9rien Ilyes Chetti s\u2019approche de l\u2019Esp\u00e9rance de Tunis<\/a><\/blockquote><iframe loading=\"lazy\" class=\"wp-embedded-content\" sandbox=\"allow-scripts\" security=\"restricted\" style=\"position: absolute; clip: rect(1px, 1px, 1px, 1px);\" title=\"\u00ab\u00a0Football : L\u2019Alg\u00e9rien Ilyes Chetti s\u2019approche de l\u2019Esp\u00e9rance de Tunis\u00a0\u00bb &#8212; Kapitalis\" src=\"https:\/\/kapitalis.com\/tunisie\/2019\/06\/23\/football-lalgerien-ilyes-chetti-sapproche-de-lesperance-de-tunis\/embed\/#?secret=5qjXqG3fNV#?secret=l9jjH3S91n\" data-secret=\"l9jjH3S91n\" width=\"600\" height=\"338\" frameborder=\"0\" marginwidth=\"0\" marginheight=\"0\" scrolling=\"no\"><\/iframe>\n<\/div><\/figure>\n","protected":false},"excerpt":{"rendered":"<p>L\u2019Esp\u00e9rance sportive de Tunis (EST) a acc\u00e9l\u00e9r\u00e9 les contacts au cours des derni\u00e8res heures pour obtenir le transfert du milieu de terrain offensif alg\u00e9rien Abdennour Belhocini.<\/p>\n","protected":false},"author":8,"featured_media":236362,"comment_status":"open","ping_status":"open","sticky":false,"template":"","format":"standard","meta":{"footnotes":""},"categories":[999,2433],"tags":[3261,60732,48897],"class_list":["post-236361","post","type-post","status-publish","format-standard","has-post-thumbnail","hentry","category-sport","category-tunisie","tag-esperance-sportive-de-tunis","tag-ilyes-chetti","tag-youcef-belaili"],"yoast_head":"<!-- This site is optimized with the Yoast SEO plugin v26.6 - https:\/\/yoast.com\/wordpress\/plugins\/seo\/ -->\n<title>Abdennour Belhocini : un milieu de terrain alg\u00e9rien en route pour l\u2019Esp\u00e9rance - Kapitalis<\/title>\n<meta name=\"robots\" content=\"index, follow, max-snippet:-1, max-image-preview:large, max-video-preview:-1\" \/>\n<link rel=\"canonical\" href=\"https:\/\/kapitalis.com\/tunisie\/2019\/09\/01\/abdennour-belhocini-un-milieu-de-terrain-algerien-en-route-pour-lesperance\/\" \/>\n<meta property=\"og:locale\" content=\"fr_FR\" \/>\n<meta property=\"og:type\" content=\"article\" \/>\n<meta property=\"og:title\" content=\"Abdennour Belhocini : un milieu de terrain alg\u00e9rien en route pour l\u2019Esp\u00e9rance - Kapitalis\" \/>\n<meta property=\"og:description\" content=\"L\u2019Esp\u00e9rance sportive de Tunis (EST) a acc\u00e9l\u00e9r\u00e9 les contacts au cours des derni\u00e8res heures pour obtenir le transfert du milieu de terrain offensif alg\u00e9rien Abdennour Belhocini.\" \/>\n<meta property=\"og:url\" content=\"https:\/\/kapitalis.com\/tunisie\/2019\/09\/01\/abdennour-belhocini-un-milieu-de-terrain-algerien-en-route-pour-lesperance\/\" \/>\n<meta property=\"og:site_name\" content=\"Kapitalis\" \/>\n<meta property=\"article:publisher\" content=\"https:\/\/www.facebook.com\/KapitalisInfo\/\" \/>\n<meta property=\"article:published_time\" content=\"2019-09-01T08:39:07+00:00\" \/>\n<meta property=\"article:modified_time\" content=\"2019-09-01T08:46:25+00:00\" \/>\n<meta property=\"og:image\" content=\"https:\/\/kapitalis.com\/tunisie\/wp-content\/uploads\/2022\/05\/kapitalis-logo-fb.png\" \/>\n\t<meta property=\"og:image:width\" content=\"1200\" \/>\n\t<meta property=\"og:image:height\" content=\"630\" \/>\n\t<meta property=\"og:image:type\" content=\"image\/png\" \/>\n<meta name=\"author\" content=\"webmaster kapitalis\" \/>\n<meta name=\"twitter:card\" content=\"summary_large_image\" \/>\n<meta name=\"twitter:creator\" content=\"@KapitalisInfo\" \/>\n<meta name=\"twitter:site\" content=\"@KapitalisInfo\" \/>\n<meta name=\"twitter:label1\" content=\"\u00c9crit par\" \/>\n\t<meta name=\"twitter:data1\" content=\"webmaster kapitalis\" \/>\n\t<meta name=\"twitter:label2\" content=\"Dur\u00e9e de lecture estim\u00e9e\" \/>\n\t<meta name=\"twitter:data2\" content=\"1 minute\" \/>\n<script type=\"application\/ld+json\" class=\"yoast-schema-graph\">{\"@context\":\"https:\/\/schema.org\",\"@graph\":[{\"@type\":\"Article\",\"@id\":\"https:\/\/kapitalis.com\/tunisie\/2019\/09\/01\/abdennour-belhocini-un-milieu-de-terrain-algerien-en-route-pour-lesperance\/#article\",\"isPartOf\":{\"@id\":\"https:\/\/kapitalis.com\/tunisie\/2019\/09\/01\/abdennour-belhocini-un-milieu-de-terrain-algerien-en-route-pour-lesperance\/\"},\"author\":{\"name\":\"webmaster kapitalis\",\"@id\":\"https:\/\/kapitalis.com\/tunisie\/#\/schema\/person\/d71f33a9ca44f7bad4698210b480c8e9\"},\"headline\":\"Abdennour Belhocini : un milieu de terrain alg\u00e9rien en route pour l\u2019Esp\u00e9rance\",\"datePublished\":\"2019-09-01T08:39:07+00:00\",\"dateModified\":\"2019-09-01T08:46:25+00:00\",\"mainEntityOfPage\":{\"@id\":\"https:\/\/kapitalis.com\/tunisie\/2019\/09\/01\/abdennour-belhocini-un-milieu-de-terrain-algerien-en-route-pour-lesperance\/\"},\"wordCount\":199,\"commentCount\":1,\"publisher\":{\"@id\":\"https:\/\/kapitalis.com\/tunisie\/#organization\"},\"image\":{\"@id\":\"https:\/\/kapitalis.com\/tunisie\/2019\/09\/01\/abdennour-belhocini-un-milieu-de-terrain-algerien-en-route-pour-lesperance\/#primaryimage\"},\"thumbnailUrl\":\"\",\"keywords\":[\"Esp\u00e9rance sportive de Tunis\",\"Ilyes Chetti\",\"Youcef Belaili\"],\"articleSection\":[\"SPORT\",\"Tunisie\"],\"inLanguage\":\"fr-FR\",\"potentialAction\":[{\"@type\":\"CommentAction\",\"name\":\"Comment\",\"target\":[\"https:\/\/kapitalis.com\/tunisie\/2019\/09\/01\/abdennour-belhocini-un-milieu-de-terrain-algerien-en-route-pour-lesperance\/#respond\"]}]},{\"@type\":\"WebPage\",\"@id\":\"https:\/\/kapitalis.com\/tunisie\/2019\/09\/01\/abdennour-belhocini-un-milieu-de-terrain-algerien-en-route-pour-lesperance\/\",\"url\":\"https:\/\/kapitalis.com\/tunisie\/2019\/09\/01\/abdennour-belhocini-un-milieu-de-terrain-algerien-en-route-pour-lesperance\/\",\"name\":\"Abdennour Belhocini : un milieu de terrain alg\u00e9rien en route pour l\u2019Esp\u00e9rance - Kapitalis\",\"isPartOf\":{\"@id\":\"https:\/\/kapitalis.com\/tunisie\/#website\"},\"primaryImageOfPage\":{\"@id\":\"https:\/\/kapitalis.com\/tunisie\/2019\/09\/01\/abdennour-belhocini-un-milieu-de-terrain-algerien-en-route-pour-lesperance\/#primaryimage\"},\"image\":{\"@id\":\"https:\/\/kapitalis.com\/tunisie\/2019\/09\/01\/abdennour-belhocini-un-milieu-de-terrain-algerien-en-route-pour-lesperance\/#primaryimage\"},\"thumbnailUrl\":\"\",\"datePublished\":\"2019-09-01T08:39:07+00:00\",\"dateModified\":\"2019-09-01T08:46:25+00:00\",\"breadcrumb\":{\"@id\":\"https:\/\/kapitalis.com\/tunisie\/2019\/09\/01\/abdennour-belhocini-un-milieu-de-terrain-algerien-en-route-pour-lesperance\/#breadcrumb\"},\"inLanguage\":\"fr-FR\",\"potentialAction\":[{\"@type\":\"ReadAction\",\"target\":[\"https:\/\/kapitalis.com\/tunisie\/2019\/09\/01\/abdennour-belhocini-un-milieu-de-terrain-algerien-en-route-pour-lesperance\/\"]}]},{\"@type\":\"ImageObject\",\"inLanguage\":\"fr-FR\",\"@id\":\"https:\/\/kapitalis.com\/tunisie\/2019\/09\/01\/abdennour-belhocini-un-milieu-de-terrain-algerien-en-route-pour-lesperance\/#primaryimage\",\"url\":\"\",\"contentUrl\":\"\"},{\"@type\":\"BreadcrumbList\",\"@id\":\"https:\/\/kapitalis.com\/tunisie\/2019\/09\/01\/abdennour-belhocini-un-milieu-de-terrain-algerien-en-route-pour-lesperance\/#breadcrumb\",\"itemListElement\":[{\"@type\":\"ListItem\",\"position\":1,\"name\":\"Accueil\",\"item\":\"https:\/\/kapitalis.com\/tunisie\/\"},{\"@type\":\"ListItem\",\"position\":2,\"name\":\"Abdennour Belhocini : un milieu de terrain alg\u00e9rien en route pour l\u2019Esp\u00e9rance\"}]},{\"@type\":\"WebSite\",\"@id\":\"https:\/\/kapitalis.com\/tunisie\/#website\",\"url\":\"https:\/\/kapitalis.com\/tunisie\/\",\"name\":\"Kapitalis\",\"description\":\"L&#039;actualit\u00e9 en Tunisie et dans le monde\",\"publisher\":{\"@id\":\"https:\/\/kapitalis.com\/tunisie\/#organization\"},\"potentialAction\":[{\"@type\":\"SearchAction\",\"target\":{\"@type\":\"EntryPoint\",\"urlTemplate\":\"https:\/\/kapitalis.com\/tunisie\/?s={search_term_string}\"},\"query-input\":{\"@type\":\"PropertyValueSpecification\",\"valueRequired\":true,\"valueName\":\"search_term_string\"}}],\"inLanguage\":\"fr-FR\"},{\"@type\":\"Organization\",\"@id\":\"https:\/\/kapitalis.com\/tunisie\/#organization\",\"name\":\"Kapitalis\",\"url\":\"https:\/\/kapitalis.com\/tunisie\/\",\"logo\":{\"@type\":\"ImageObject\",\"inLanguage\":\"fr-FR\",\"@id\":\"https:\/\/kapitalis.com\/tunisie\/#\/schema\/logo\/image\/\",\"url\":\"https:\/\/kapitalis.com\/tunisie\/wp-content\/uploads\/2022\/05\/Kapitalis-big-size.png\",\"contentUrl\":\"https:\/\/kapitalis.com\/tunisie\/wp-content\/uploads\/2022\/05\/Kapitalis-big-size.png\",\"width\":5000,\"height\":1500,\"caption\":\"Kapitalis\"},\"image\":{\"@id\":\"https:\/\/kapitalis.com\/tunisie\/#\/schema\/logo\/image\/\"},\"sameAs\":[\"https:\/\/www.facebook.com\/KapitalisInfo\/\",\"https:\/\/x.com\/KapitalisInfo\",\"https:\/\/www.youtube.com\/channel\/UC-yDYrHyfFBWWZaOw3FPg9Q\"]},{\"@type\":\"Person\",\"@id\":\"https:\/\/kapitalis.com\/tunisie\/#\/schema\/person\/d71f33a9ca44f7bad4698210b480c8e9\",\"name\":\"webmaster kapitalis\",\"url\":\"https:\/\/kapitalis.com\/tunisie\/author\/webmaster-kapitalis\/\"}]}<\/script>\n<!-- \/ Yoast SEO plugin. -->","yoast_head_json":{"title":"Abdennour Belhocini : un milieu de terrain alg\u00e9rien en route pour l\u2019Esp\u00e9rance - Kapitalis","robots":{"index":"index","follow":"follow","max-snippet":"max-snippet:-1","max-image-preview":"max-image-preview:large","max-video-preview":"max-video-preview:-1"},"canonical":"https:\/\/kapitalis.com\/tunisie\/2019\/09\/01\/abdennour-belhocini-un-milieu-de-terrain-algerien-en-route-pour-lesperance\/","og_locale":"fr_FR","og_type":"article","og_title":"Abdennour Belhocini : un milieu de terrain alg\u00e9rien en route pour l\u2019Esp\u00e9rance - Kapitalis","og_description":"L\u2019Esp\u00e9rance sportive de Tunis (EST) a acc\u00e9l\u00e9r\u00e9 les contacts au cours des derni\u00e8res heures pour obtenir le transfert du milieu de terrain offensif alg\u00e9rien Abdennour Belhocini.","og_url":"https:\/\/kapitalis.com\/tunisie\/2019\/09\/01\/abdennour-belhocini-un-milieu-de-terrain-algerien-en-route-pour-lesperance\/","og_site_name":"Kapitalis","article_publisher":"https:\/\/www.facebook.com\/KapitalisInfo\/","article_published_time":"2019-09-01T08:39:07+00:00","article_modified_time":"2019-09-01T08:46:25+00:00","og_image":[{"width":1200,"height":630,"url":"https:\/\/kapitalis.com\/tunisie\/wp-content\/uploads\/2022\/05\/kapitalis-logo-fb.png","type":"image\/png"}],"author":"webmaster kapitalis","twitter_card":"summary_large_image","twitter_creator":"@KapitalisInfo","twitter_site":"@KapitalisInfo","twitter_misc":{"\u00c9crit par":"webmaster kapitalis","Dur\u00e9e de lecture estim\u00e9e":"1 minute"},"schema":{"@context":"https:\/\/schema.org","@graph":[{"@type":"Article","@id":"https:\/\/kapitalis.com\/tunisie\/2019\/09\/01\/abdennour-belhocini-un-milieu-de-terrain-algerien-en-route-pour-lesperance\/#article","isPartOf":{"@id":"https:\/\/kapitalis.com\/tunisie\/2019\/09\/01\/abdennour-belhocini-un-milieu-de-terrain-algerien-en-route-pour-lesperance\/"},"author":{"name":"webmaster kapitalis","@id":"https:\/\/kapitalis.com\/tunisie\/#\/schema\/person\/d71f33a9ca44f7bad4698210b480c8e9"},"headline":"Abdennour Belhocini : un milieu de terrain alg\u00e9rien en route pour l\u2019Esp\u00e9rance","datePublished":"2019-09-01T08:39:07+00:00","dateModified":"2019-09-01T08:46:25+00:00","mainEntityOfPage":{"@id":"https:\/\/kapitalis.com\/tunisie\/2019\/09\/01\/abdennour-belhocini-un-milieu-de-terrain-algerien-en-route-pour-lesperance\/"},"wordCount":199,"commentCount":1,"publisher":{"@id":"https:\/\/kapitalis.com\/tunisie\/#organization"},"image":{"@id":"https:\/\/kapitalis.com\/tunisie\/2019\/09\/01\/abdennour-belhocini-un-milieu-de-terrain-algerien-en-route-pour-lesperance\/#primaryimage"},"thumbnailUrl":"","keywords":["Esp\u00e9rance sportive de Tunis","Ilyes Chetti","Youcef Belaili"],"articleSection":["SPORT","Tunisie"],"inLanguage":"fr-FR","potentialAction":[{"@type":"CommentAction","name":"Comment","target":["https:\/\/kapitalis.com\/tunisie\/2019\/09\/01\/abdennour-belhocini-un-milieu-de-terrain-algerien-en-route-pour-lesperance\/#respond"]}]},{"@type":"WebPage","@id":"https:\/\/kapitalis.com\/tunisie\/2019\/09\/01\/abdennour-belhocini-un-milieu-de-terrain-algerien-en-route-pour-lesperance\/","url":"https:\/\/kapitalis.com\/tunisie\/2019\/09\/01\/abdennour-belhocini-un-milieu-de-terrain-algerien-en-route-pour-lesperance\/","name":"Abdennour Belhocini : un milieu de terrain alg\u00e9rien en route pour l\u2019Esp\u00e9rance - Kapitalis","isPartOf":{"@id":"https:\/\/kapitalis.com\/tunisie\/#website"},"primaryImageOfPage":{"@id":"https:\/\/kapitalis.com\/tunisie\/2019\/09\/01\/abdennour-belhocini-un-milieu-de-terrain-algerien-en-route-pour-lesperance\/#primaryimage"},"image":{"@id":"https:\/\/kapitalis.com\/tunisie\/2019\/09\/01\/abdennour-belhocini-un-milieu-de-terrain-algerien-en-route-pour-lesperance\/#primaryimage"},"thumbnailUrl":"","datePublished":"2019-09-01T08:39:07+00:00","dateModified":"2019-09-01T08:46:25+00:00","breadcrumb":{"@id":"https:\/\/kapitalis.com\/tunisie\/2019\/09\/01\/abdennour-belhocini-un-milieu-de-terrain-algerien-en-route-pour-lesperance\/#breadcrumb"},"inLanguage":"fr-FR","potentialAction":[{"@type":"ReadAction","target":["https:\/\/kapitalis.com\/tunisie\/2019\/09\/01\/abdennour-belhocini-un-milieu-de-terrain-algerien-en-route-pour-lesperance\/"]}]},{"@type":"ImageObject","inLanguage":"fr-FR","@id":"https:\/\/kapitalis.com\/tunisie\/2019\/09\/01\/abdennour-belhocini-un-milieu-de-terrain-algerien-en-route-pour-lesperance\/#primaryimage","url":"","contentUrl":""},{"@type":"BreadcrumbList","@id":"https:\/\/kapitalis.com\/tunisie\/2019\/09\/01\/abdennour-belhocini-un-milieu-de-terrain-algerien-en-route-pour-lesperance\/#breadcrumb","itemListElement":[{"@type":"ListItem","position":1,"name":"Accueil","item":"https:\/\/kapitalis.com\/tunisie\/"},{"@type":"ListItem","position":2,"name":"Abdennour Belhocini : un milieu de terrain alg\u00e9rien en route pour l\u2019Esp\u00e9rance"}]},{"@type":"WebSite","@id":"https:\/\/kapitalis.com\/tunisie\/#website","url":"https:\/\/kapitalis.com\/tunisie\/","name":"Kapitalis","description":"L&#039;actualit\u00e9 en Tunisie et dans le monde","publisher":{"@id":"https:\/\/kapitalis.com\/tunisie\/#organization"},"potentialAction":[{"@type":"SearchAction","target":{"@type":"EntryPoint","urlTemplate":"https:\/\/kapitalis.com\/tunisie\/?s={search_term_string}"},"query-input":{"@type":"PropertyValueSpecification","valueRequired":true,"valueName":"search_term_string"}}],"inLanguage":"fr-FR"},{"@type":"Organization","@id":"https:\/\/kapitalis.com\/tunisie\/#organization","name":"Kapitalis","url":"https:\/\/kapitalis.com\/tunisie\/","logo":{"@type":"ImageObject","inLanguage":"fr-FR","@id":"https:\/\/kapitalis.com\/tunisie\/#\/schema\/logo\/image\/","url":"https:\/\/kapitalis.com\/tunisie\/wp-content\/uploads\/2022\/05\/Kapitalis-big-size.png","contentUrl":"https:\/\/kapitalis.com\/tunisie\/wp-content\/uploads\/2022\/05\/Kapitalis-big-size.png","width":5000,"height":1500,"caption":"Kapitalis"},"image":{"@id":"https:\/\/kapitalis.com\/tunisie\/#\/schema\/logo\/image\/"},"sameAs":["https:\/\/www.facebook.com\/KapitalisInfo\/","https:\/\/x.com\/KapitalisInfo","https:\/\/www.youtube.com\/channel\/UC-yDYrHyfFBWWZaOw3FPg9Q"]},{"@type":"Person","@id":"https:\/\/kapitalis.com\/tunisie\/#\/schema\/person\/d71f33a9ca44f7bad4698210b480c8e9","name":"webmaster kapitalis","url":"https:\/\/kapitalis.com\/tunisie\/author\/webmaster-kapitalis\/"}]}},"_links":{"self":[{"href":"https:\/\/kapitalis.com\/tunisie\/wp-json\/wp\/v2\/posts\/236361","targetHints":{"allow":["GET"]}}],"collection":[{"href":"https:\/\/kapitalis.com\/tunisie\/wp-json\/wp\/v2\/posts"}],"about":[{"href":"https:\/\/kapitalis.com\/tunisie\/wp-json\/wp\/v2\/types\/post"}],"author":[{"embeddable":true,"href":"https:\/\/kapitalis.com\/tunisie\/wp-json\/wp\/v2\/users\/8"}],"replies":[{"embeddable":true,"href":"https:\/\/kapitalis.com\/tunisie\/wp-json\/wp\/v2\/comments?post=236361"}],"version-history":[{"count":0,"href":"https:\/\/kapitalis.com\/tunisie\/wp-json\/wp\/v2\/posts\/236361\/revisions"}],"wp:featuredmedia":[{"embeddable":true,"href":"https:\/\/kapitalis.com\/tunisie\/wp-json\/wp\/v2\/media\/236362"}],"wp:attachment":[{"href":"https:\/\/kapitalis.com\/tunisie\/wp-json\/wp\/v2\/media?parent=236361"}],"wp:term":[{"taxonomy":"category","embeddable":true,"href":"https:\/\/kapitalis.com\/tunisie\/wp-json\/wp\/v2\/categories?post=236361"},{"taxonomy":"post_tag","embeddable":true,"href":"https:\/\/kapitalis.com\/tunisie\/wp-json\/wp\/v2\/tags?post=236361"}],"curies":[{"name":"wp","href":"https:\/\/api.w.org\/{rel}","templated":true}]}}