{"id":236385,"date":"2019-09-02T08:18:38","date_gmt":"2019-09-02T07:18:38","guid":{"rendered":"http:\/\/kapitalis.com\/tunisie\/?p=236385"},"modified":"2019-09-02T08:18:41","modified_gmt":"2019-09-02T07:18:41","slug":"layali-bizerte-une-1ere-edition-a-la-decouverte-de-la-scene-musicale-underground","status":"publish","type":"post","link":"https:\/\/kapitalis.com\/tunisie\/2019\/09\/02\/layali-bizerte-une-1ere-edition-a-la-decouverte-de-la-scene-musicale-underground\/","title":{"rendered":"Layali Bizerte : Une 1\u00e8re \u00e9dition \u00e0 la d\u00e9couverte de la sc\u00e8ne musicale underground"},"content":{"rendered":"\n<figure class=\"wp-block-image\"><img decoding=\"async\" src=\"http:\/\/kapitalis.com\/tunisie\/wp-content\/uploads\/2019\/09\/Layali-Bizerte.jpg\" alt=\"\" class=\"wp-image-236386\"\/><\/figure>\n\n\n\n<p><strong><em>Layali Bizerte (Les nuits de Bizerte), un nouveau rendez-vous musical vient de voir le jour, sa premi\u00e8re \u00e9dition se tiendra les 6, 7 et 8 septembre 2019, \u00e0 l\u2019amphith\u00e9\u00e2tre de Bizerte.<\/em><\/strong><br><\/p>\n\n\n\n<!--more-->\n\n\n\n<p> Apr\u00e8s  le Festival international de Bizerte dont la 37e \u00e9dition s\u2019est cl\u00f4tur\u00e9e le 17 ao\u00fbt, l\u2019amphith\u00e9\u00e2tre de la ville accueillera un nouveau festival d\u00e9di\u00e9 \u00e0 la musique, avec une mise en lumi\u00e8re des jeunes artistes tunisiens.<br><\/p>\n\n\n\n<p> Organis\u00e9 par l\u2019Association tunisienne de musique rock, le label Darkside, la soci\u00e9t\u00e9 \u00e9v\u00e9nementielle ORB, et soutenu par le minist\u00e8re des Affaires culturelles ainsi que le gouvernorat de Bizerte, Layali Bizerte sera l\u2019occasion de d\u00e9couvrir la diversit\u00e9 des expressions musicales de la sc\u00e8ne underground en Tunisie. Pour sa premi\u00e8re \u00e9dition, le festival se d\u00e9clinera en trois soir\u00e9es.<br><\/p>\n\n\n\n<p> L\u2019ouverture se fera avec sur les rythmes du rap avec A.L.A, Master Sina et DJ Nadhim. Le jeune chanteur et musicien Sabry Mosbah (fils de Slah Mosbah) assurera la 2e soir\u00e9e du festival, qui sera d\u00e9di\u00e9e \u00e0 des fusions entre la musique tunisienne traditionnelle et les rythmes rock et folk. La cl\u00f4ture sera plac\u00e9e sous le signe du rock et du m\u00e9tal avec Carthagods, Nawather, Acyl, Ymyrgar, et des artistes surprise que le festival promet d\u2019annoncer prochainement.<br><\/p>\n\n\n\n<p> La soir\u00e9e rock s\u2019inscrit dans la continuit\u00e9 de l\u2019\u00e9v\u00e9nement Rock on Tunisia qui avait programm\u00e9 le groupe de m\u00e9tal symphonique n\u00e9erlandais Epica, en 2018, au Festival international de Bizerte.<br><\/p>\n\n\n\n<p style=\"text-align:right\"><strong> Fawz Ben Ali<\/strong><\/p>\n","protected":false},"excerpt":{"rendered":"<p>Layali Bizerte (Les nuits de Bizerte), un nouveau rendez-vous musical vient de voir le jour, sa premi\u00e8re \u00e9dition se tiendra les 6, 7 et 8 septembre 2019, \u00e0 l\u2019amphith\u00e9\u00e2tre de Bizerte.<\/p>\n","protected":false},"author":8,"featured_media":236386,"comment_status":"open","ping_status":"open","sticky":false,"template":"","format":"standard","meta":{"footnotes":""},"categories":[994,2433],"tags":[46834,18706],"class_list":["post-236385","post","type-post","status-publish","format-standard","has-post-thumbnail","hentry","category-culture","category-tunisie","tag-carthagods","tag-sabry-mosbah"],"yoast_head":"<!-- This site is optimized with the Yoast SEO plugin v26.6 - https:\/\/yoast.com\/wordpress\/plugins\/seo\/ -->\n<title>Layali Bizerte : Une 1\u00e8re \u00e9dition \u00e0 la d\u00e9couverte de la sc\u00e8ne musicale underground - Kapitalis<\/title>\n<meta name=\"robots\" content=\"index, follow, max-snippet:-1, max-image-preview:large, max-video-preview:-1\" \/>\n<link rel=\"canonical\" href=\"https:\/\/kapitalis.com\/tunisie\/2019\/09\/02\/layali-bizerte-une-1ere-edition-a-la-decouverte-de-la-scene-musicale-underground\/\" \/>\n<meta property=\"og:locale\" content=\"fr_FR\" \/>\n<meta property=\"og:type\" content=\"article\" \/>\n<meta property=\"og:title\" content=\"Layali Bizerte : Une 1\u00e8re \u00e9dition \u00e0 la d\u00e9couverte de la sc\u00e8ne musicale underground - Kapitalis\" \/>\n<meta property=\"og:description\" content=\"Layali Bizerte (Les nuits de Bizerte), un nouveau rendez-vous musical vient de voir le jour, sa premi\u00e8re \u00e9dition se tiendra les 6, 7 et 8 septembre 2019, \u00e0 l\u2019amphith\u00e9\u00e2tre de Bizerte.\" \/>\n<meta property=\"og:url\" content=\"https:\/\/kapitalis.com\/tunisie\/2019\/09\/02\/layali-bizerte-une-1ere-edition-a-la-decouverte-de-la-scene-musicale-underground\/\" \/>\n<meta property=\"og:site_name\" content=\"Kapitalis\" \/>\n<meta property=\"article:publisher\" content=\"https:\/\/www.facebook.com\/KapitalisInfo\/\" \/>\n<meta property=\"article:published_time\" content=\"2019-09-02T07:18:38+00:00\" \/>\n<meta property=\"article:modified_time\" content=\"2019-09-02T07:18:41+00:00\" \/>\n<meta property=\"og:image\" content=\"https:\/\/kapitalis.com\/tunisie\/wp-content\/uploads\/2022\/05\/kapitalis-logo-fb.png\" \/>\n\t<meta property=\"og:image:width\" content=\"1200\" \/>\n\t<meta property=\"og:image:height\" content=\"630\" \/>\n\t<meta property=\"og:image:type\" content=\"image\/png\" \/>\n<meta name=\"author\" content=\"webmaster kapitalis\" \/>\n<meta name=\"twitter:card\" content=\"summary_large_image\" \/>\n<meta name=\"twitter:creator\" content=\"@KapitalisInfo\" \/>\n<meta name=\"twitter:site\" content=\"@KapitalisInfo\" \/>\n<meta name=\"twitter:label1\" content=\"\u00c9crit par\" \/>\n\t<meta name=\"twitter:data1\" content=\"webmaster kapitalis\" \/>\n\t<meta name=\"twitter:label2\" content=\"Dur\u00e9e de lecture estim\u00e9e\" \/>\n\t<meta name=\"twitter:data2\" content=\"1 minute\" \/>\n<script type=\"application\/ld+json\" class=\"yoast-schema-graph\">{\"@context\":\"https:\/\/schema.org\",\"@graph\":[{\"@type\":\"Article\",\"@id\":\"https:\/\/kapitalis.com\/tunisie\/2019\/09\/02\/layali-bizerte-une-1ere-edition-a-la-decouverte-de-la-scene-musicale-underground\/#article\",\"isPartOf\":{\"@id\":\"https:\/\/kapitalis.com\/tunisie\/2019\/09\/02\/layali-bizerte-une-1ere-edition-a-la-decouverte-de-la-scene-musicale-underground\/\"},\"author\":{\"name\":\"webmaster kapitalis\",\"@id\":\"https:\/\/kapitalis.com\/tunisie\/#\/schema\/person\/d71f33a9ca44f7bad4698210b480c8e9\"},\"headline\":\"Layali Bizerte : Une 1\u00e8re \u00e9dition \u00e0 la d\u00e9couverte de la sc\u00e8ne musicale underground\",\"datePublished\":\"2019-09-02T07:18:38+00:00\",\"dateModified\":\"2019-09-02T07:18:41+00:00\",\"mainEntityOfPage\":{\"@id\":\"https:\/\/kapitalis.com\/tunisie\/2019\/09\/02\/layali-bizerte-une-1ere-edition-a-la-decouverte-de-la-scene-musicale-underground\/\"},\"wordCount\":275,\"commentCount\":0,\"publisher\":{\"@id\":\"https:\/\/kapitalis.com\/tunisie\/#organization\"},\"image\":{\"@id\":\"https:\/\/kapitalis.com\/tunisie\/2019\/09\/02\/layali-bizerte-une-1ere-edition-a-la-decouverte-de-la-scene-musicale-underground\/#primaryimage\"},\"thumbnailUrl\":\"\",\"keywords\":[\"Carthagods\",\"Sabry Mosbah\"],\"articleSection\":[\"CULTURE\",\"Tunisie\"],\"inLanguage\":\"fr-FR\",\"potentialAction\":[{\"@type\":\"CommentAction\",\"name\":\"Comment\",\"target\":[\"https:\/\/kapitalis.com\/tunisie\/2019\/09\/02\/layali-bizerte-une-1ere-edition-a-la-decouverte-de-la-scene-musicale-underground\/#respond\"]}]},{\"@type\":\"WebPage\",\"@id\":\"https:\/\/kapitalis.com\/tunisie\/2019\/09\/02\/layali-bizerte-une-1ere-edition-a-la-decouverte-de-la-scene-musicale-underground\/\",\"url\":\"https:\/\/kapitalis.com\/tunisie\/2019\/09\/02\/layali-bizerte-une-1ere-edition-a-la-decouverte-de-la-scene-musicale-underground\/\",\"name\":\"Layali Bizerte : Une 1\u00e8re \u00e9dition \u00e0 la d\u00e9couverte de la sc\u00e8ne musicale underground - Kapitalis\",\"isPartOf\":{\"@id\":\"https:\/\/kapitalis.com\/tunisie\/#website\"},\"primaryImageOfPage\":{\"@id\":\"https:\/\/kapitalis.com\/tunisie\/2019\/09\/02\/layali-bizerte-une-1ere-edition-a-la-decouverte-de-la-scene-musicale-underground\/#primaryimage\"},\"image\":{\"@id\":\"https:\/\/kapitalis.com\/tunisie\/2019\/09\/02\/layali-bizerte-une-1ere-edition-a-la-decouverte-de-la-scene-musicale-underground\/#primaryimage\"},\"thumbnailUrl\":\"\",\"datePublished\":\"2019-09-02T07:18:38+00:00\",\"dateModified\":\"2019-09-02T07:18:41+00:00\",\"breadcrumb\":{\"@id\":\"https:\/\/kapitalis.com\/tunisie\/2019\/09\/02\/layali-bizerte-une-1ere-edition-a-la-decouverte-de-la-scene-musicale-underground\/#breadcrumb\"},\"inLanguage\":\"fr-FR\",\"potentialAction\":[{\"@type\":\"ReadAction\",\"target\":[\"https:\/\/kapitalis.com\/tunisie\/2019\/09\/02\/layali-bizerte-une-1ere-edition-a-la-decouverte-de-la-scene-musicale-underground\/\"]}]},{\"@type\":\"ImageObject\",\"inLanguage\":\"fr-FR\",\"@id\":\"https:\/\/kapitalis.com\/tunisie\/2019\/09\/02\/layali-bizerte-une-1ere-edition-a-la-decouverte-de-la-scene-musicale-underground\/#primaryimage\",\"url\":\"\",\"contentUrl\":\"\"},{\"@type\":\"BreadcrumbList\",\"@id\":\"https:\/\/kapitalis.com\/tunisie\/2019\/09\/02\/layali-bizerte-une-1ere-edition-a-la-decouverte-de-la-scene-musicale-underground\/#breadcrumb\",\"itemListElement\":[{\"@type\":\"ListItem\",\"position\":1,\"name\":\"Accueil\",\"item\":\"https:\/\/kapitalis.com\/tunisie\/\"},{\"@type\":\"ListItem\",\"position\":2,\"name\":\"Layali Bizerte : Une 1\u00e8re \u00e9dition \u00e0 la d\u00e9couverte de la sc\u00e8ne musicale underground\"}]},{\"@type\":\"WebSite\",\"@id\":\"https:\/\/kapitalis.com\/tunisie\/#website\",\"url\":\"https:\/\/kapitalis.com\/tunisie\/\",\"name\":\"Kapitalis\",\"description\":\"L&#039;actualit\u00e9 en Tunisie et dans le monde\",\"publisher\":{\"@id\":\"https:\/\/kapitalis.com\/tunisie\/#organization\"},\"potentialAction\":[{\"@type\":\"SearchAction\",\"target\":{\"@type\":\"EntryPoint\",\"urlTemplate\":\"https:\/\/kapitalis.com\/tunisie\/?s={search_term_string}\"},\"query-input\":{\"@type\":\"PropertyValueSpecification\",\"valueRequired\":true,\"valueName\":\"search_term_string\"}}],\"inLanguage\":\"fr-FR\"},{\"@type\":\"Organization\",\"@id\":\"https:\/\/kapitalis.com\/tunisie\/#organization\",\"name\":\"Kapitalis\",\"url\":\"https:\/\/kapitalis.com\/tunisie\/\",\"logo\":{\"@type\":\"ImageObject\",\"inLanguage\":\"fr-FR\",\"@id\":\"https:\/\/kapitalis.com\/tunisie\/#\/schema\/logo\/image\/\",\"url\":\"https:\/\/kapitalis.com\/tunisie\/wp-content\/uploads\/2022\/05\/Kapitalis-big-size.png\",\"contentUrl\":\"https:\/\/kapitalis.com\/tunisie\/wp-content\/uploads\/2022\/05\/Kapitalis-big-size.png\",\"width\":5000,\"height\":1500,\"caption\":\"Kapitalis\"},\"image\":{\"@id\":\"https:\/\/kapitalis.com\/tunisie\/#\/schema\/logo\/image\/\"},\"sameAs\":[\"https:\/\/www.facebook.com\/KapitalisInfo\/\",\"https:\/\/x.com\/KapitalisInfo\",\"https:\/\/www.youtube.com\/channel\/UC-yDYrHyfFBWWZaOw3FPg9Q\"]},{\"@type\":\"Person\",\"@id\":\"https:\/\/kapitalis.com\/tunisie\/#\/schema\/person\/d71f33a9ca44f7bad4698210b480c8e9\",\"name\":\"webmaster kapitalis\",\"url\":\"https:\/\/kapitalis.com\/tunisie\/author\/webmaster-kapitalis\/\"}]}<\/script>\n<!-- \/ Yoast SEO plugin. -->","yoast_head_json":{"title":"Layali Bizerte : Une 1\u00e8re \u00e9dition \u00e0 la d\u00e9couverte de la sc\u00e8ne musicale underground - Kapitalis","robots":{"index":"index","follow":"follow","max-snippet":"max-snippet:-1","max-image-preview":"max-image-preview:large","max-video-preview":"max-video-preview:-1"},"canonical":"https:\/\/kapitalis.com\/tunisie\/2019\/09\/02\/layali-bizerte-une-1ere-edition-a-la-decouverte-de-la-scene-musicale-underground\/","og_locale":"fr_FR","og_type":"article","og_title":"Layali Bizerte : Une 1\u00e8re \u00e9dition \u00e0 la d\u00e9couverte de la sc\u00e8ne musicale underground - Kapitalis","og_description":"Layali Bizerte (Les nuits de Bizerte), un nouveau rendez-vous musical vient de voir le jour, sa premi\u00e8re \u00e9dition se tiendra les 6, 7 et 8 septembre 2019, \u00e0 l\u2019amphith\u00e9\u00e2tre de Bizerte.","og_url":"https:\/\/kapitalis.com\/tunisie\/2019\/09\/02\/layali-bizerte-une-1ere-edition-a-la-decouverte-de-la-scene-musicale-underground\/","og_site_name":"Kapitalis","article_publisher":"https:\/\/www.facebook.com\/KapitalisInfo\/","article_published_time":"2019-09-02T07:18:38+00:00","article_modified_time":"2019-09-02T07:18:41+00:00","og_image":[{"width":1200,"height":630,"url":"https:\/\/kapitalis.com\/tunisie\/wp-content\/uploads\/2022\/05\/kapitalis-logo-fb.png","type":"image\/png"}],"author":"webmaster kapitalis","twitter_card":"summary_large_image","twitter_creator":"@KapitalisInfo","twitter_site":"@KapitalisInfo","twitter_misc":{"\u00c9crit par":"webmaster kapitalis","Dur\u00e9e de lecture estim\u00e9e":"1 minute"},"schema":{"@context":"https:\/\/schema.org","@graph":[{"@type":"Article","@id":"https:\/\/kapitalis.com\/tunisie\/2019\/09\/02\/layali-bizerte-une-1ere-edition-a-la-decouverte-de-la-scene-musicale-underground\/#article","isPartOf":{"@id":"https:\/\/kapitalis.com\/tunisie\/2019\/09\/02\/layali-bizerte-une-1ere-edition-a-la-decouverte-de-la-scene-musicale-underground\/"},"author":{"name":"webmaster kapitalis","@id":"https:\/\/kapitalis.com\/tunisie\/#\/schema\/person\/d71f33a9ca44f7bad4698210b480c8e9"},"headline":"Layali Bizerte : Une 1\u00e8re \u00e9dition \u00e0 la d\u00e9couverte de la sc\u00e8ne musicale underground","datePublished":"2019-09-02T07:18:38+00:00","dateModified":"2019-09-02T07:18:41+00:00","mainEntityOfPage":{"@id":"https:\/\/kapitalis.com\/tunisie\/2019\/09\/02\/layali-bizerte-une-1ere-edition-a-la-decouverte-de-la-scene-musicale-underground\/"},"wordCount":275,"commentCount":0,"publisher":{"@id":"https:\/\/kapitalis.com\/tunisie\/#organization"},"image":{"@id":"https:\/\/kapitalis.com\/tunisie\/2019\/09\/02\/layali-bizerte-une-1ere-edition-a-la-decouverte-de-la-scene-musicale-underground\/#primaryimage"},"thumbnailUrl":"","keywords":["Carthagods","Sabry Mosbah"],"articleSection":["CULTURE","Tunisie"],"inLanguage":"fr-FR","potentialAction":[{"@type":"CommentAction","name":"Comment","target":["https:\/\/kapitalis.com\/tunisie\/2019\/09\/02\/layali-bizerte-une-1ere-edition-a-la-decouverte-de-la-scene-musicale-underground\/#respond"]}]},{"@type":"WebPage","@id":"https:\/\/kapitalis.com\/tunisie\/2019\/09\/02\/layali-bizerte-une-1ere-edition-a-la-decouverte-de-la-scene-musicale-underground\/","url":"https:\/\/kapitalis.com\/tunisie\/2019\/09\/02\/layali-bizerte-une-1ere-edition-a-la-decouverte-de-la-scene-musicale-underground\/","name":"Layali Bizerte : Une 1\u00e8re \u00e9dition \u00e0 la d\u00e9couverte de la sc\u00e8ne musicale underground - Kapitalis","isPartOf":{"@id":"https:\/\/kapitalis.com\/tunisie\/#website"},"primaryImageOfPage":{"@id":"https:\/\/kapitalis.com\/tunisie\/2019\/09\/02\/layali-bizerte-une-1ere-edition-a-la-decouverte-de-la-scene-musicale-underground\/#primaryimage"},"image":{"@id":"https:\/\/kapitalis.com\/tunisie\/2019\/09\/02\/layali-bizerte-une-1ere-edition-a-la-decouverte-de-la-scene-musicale-underground\/#primaryimage"},"thumbnailUrl":"","datePublished":"2019-09-02T07:18:38+00:00","dateModified":"2019-09-02T07:18:41+00:00","breadcrumb":{"@id":"https:\/\/kapitalis.com\/tunisie\/2019\/09\/02\/layali-bizerte-une-1ere-edition-a-la-decouverte-de-la-scene-musicale-underground\/#breadcrumb"},"inLanguage":"fr-FR","potentialAction":[{"@type":"ReadAction","target":["https:\/\/kapitalis.com\/tunisie\/2019\/09\/02\/layali-bizerte-une-1ere-edition-a-la-decouverte-de-la-scene-musicale-underground\/"]}]},{"@type":"ImageObject","inLanguage":"fr-FR","@id":"https:\/\/kapitalis.com\/tunisie\/2019\/09\/02\/layali-bizerte-une-1ere-edition-a-la-decouverte-de-la-scene-musicale-underground\/#primaryimage","url":"","contentUrl":""},{"@type":"BreadcrumbList","@id":"https:\/\/kapitalis.com\/tunisie\/2019\/09\/02\/layali-bizerte-une-1ere-edition-a-la-decouverte-de-la-scene-musicale-underground\/#breadcrumb","itemListElement":[{"@type":"ListItem","position":1,"name":"Accueil","item":"https:\/\/kapitalis.com\/tunisie\/"},{"@type":"ListItem","position":2,"name":"Layali Bizerte : Une 1\u00e8re \u00e9dition \u00e0 la d\u00e9couverte de la sc\u00e8ne musicale underground"}]},{"@type":"WebSite","@id":"https:\/\/kapitalis.com\/tunisie\/#website","url":"https:\/\/kapitalis.com\/tunisie\/","name":"Kapitalis","description":"L&#039;actualit\u00e9 en Tunisie et dans le monde","publisher":{"@id":"https:\/\/kapitalis.com\/tunisie\/#organization"},"potentialAction":[{"@type":"SearchAction","target":{"@type":"EntryPoint","urlTemplate":"https:\/\/kapitalis.com\/tunisie\/?s={search_term_string}"},"query-input":{"@type":"PropertyValueSpecification","valueRequired":true,"valueName":"search_term_string"}}],"inLanguage":"fr-FR"},{"@type":"Organization","@id":"https:\/\/kapitalis.com\/tunisie\/#organization","name":"Kapitalis","url":"https:\/\/kapitalis.com\/tunisie\/","logo":{"@type":"ImageObject","inLanguage":"fr-FR","@id":"https:\/\/kapitalis.com\/tunisie\/#\/schema\/logo\/image\/","url":"https:\/\/kapitalis.com\/tunisie\/wp-content\/uploads\/2022\/05\/Kapitalis-big-size.png","contentUrl":"https:\/\/kapitalis.com\/tunisie\/wp-content\/uploads\/2022\/05\/Kapitalis-big-size.png","width":5000,"height":1500,"caption":"Kapitalis"},"image":{"@id":"https:\/\/kapitalis.com\/tunisie\/#\/schema\/logo\/image\/"},"sameAs":["https:\/\/www.facebook.com\/KapitalisInfo\/","https:\/\/x.com\/KapitalisInfo","https:\/\/www.youtube.com\/channel\/UC-yDYrHyfFBWWZaOw3FPg9Q"]},{"@type":"Person","@id":"https:\/\/kapitalis.com\/tunisie\/#\/schema\/person\/d71f33a9ca44f7bad4698210b480c8e9","name":"webmaster kapitalis","url":"https:\/\/kapitalis.com\/tunisie\/author\/webmaster-kapitalis\/"}]}},"_links":{"self":[{"href":"https:\/\/kapitalis.com\/tunisie\/wp-json\/wp\/v2\/posts\/236385","targetHints":{"allow":["GET"]}}],"collection":[{"href":"https:\/\/kapitalis.com\/tunisie\/wp-json\/wp\/v2\/posts"}],"about":[{"href":"https:\/\/kapitalis.com\/tunisie\/wp-json\/wp\/v2\/types\/post"}],"author":[{"embeddable":true,"href":"https:\/\/kapitalis.com\/tunisie\/wp-json\/wp\/v2\/users\/8"}],"replies":[{"embeddable":true,"href":"https:\/\/kapitalis.com\/tunisie\/wp-json\/wp\/v2\/comments?post=236385"}],"version-history":[{"count":0,"href":"https:\/\/kapitalis.com\/tunisie\/wp-json\/wp\/v2\/posts\/236385\/revisions"}],"wp:featuredmedia":[{"embeddable":true,"href":"https:\/\/kapitalis.com\/tunisie\/wp-json\/wp\/v2\/media\/236386"}],"wp:attachment":[{"href":"https:\/\/kapitalis.com\/tunisie\/wp-json\/wp\/v2\/media?parent=236385"}],"wp:term":[{"taxonomy":"category","embeddable":true,"href":"https:\/\/kapitalis.com\/tunisie\/wp-json\/wp\/v2\/categories?post=236385"},{"taxonomy":"post_tag","embeddable":true,"href":"https:\/\/kapitalis.com\/tunisie\/wp-json\/wp\/v2\/tags?post=236385"}],"curies":[{"name":"wp","href":"https:\/\/api.w.org\/{rel}","templated":true}]}}