{"id":236945,"date":"2019-09-04T12:31:01","date_gmt":"2019-09-04T11:31:01","guid":{"rendered":"http:\/\/kapitalis.com\/tunisie\/?p=236945"},"modified":"2019-09-04T12:35:39","modified_gmt":"2019-09-04T11:35:39","slug":"le-secteur-prive-dafrique-du-nord-ne-cree-pas-assez-demplois-y-compris-en-tunisie","status":"publish","type":"post","link":"https:\/\/kapitalis.com\/tunisie\/2019\/09\/04\/le-secteur-prive-dafrique-du-nord-ne-cree-pas-assez-demplois-y-compris-en-tunisie\/","title":{"rendered":"Le secteur priv\u00e9 d&rsquo;Afrique du Nord ne cr\u00e9e pas assez d&#8217;emplois, y compris en Tunisie"},"content":{"rendered":"\n<figure class=\"wp-block-image\"><img decoding=\"async\" src=\"http:\/\/kapitalis.com\/tunisie\/wp-content\/uploads\/2019\/09\/services...-1.jpg\" alt=\"\" class=\"wp-image-236960\"\/><\/figure>\n\n\n\n<p><strong><em>Le secteur des services en Afrique du Nord, dont la Tunisie, offre moins de valeur ajout\u00e9e et de marge, et donc peu de possibilit\u00e9s aux entreprises d&rsquo;\u00e9toffer leur personnel.<\/em><\/strong><\/p>\n\n\n\n<!--more-->\n\n\n<p>Selon un article du site <em>\u00ab\u00a0<\/em><span style=\"color: #0000ff;\"><a style=\"color: #0000ff;\" href=\"https:\/\/www.econostrum.info\/Le-secteur-prive-du-Sud-de-la-Mediterranee-ne-cree-pas-assez-d-emplois_a25829.html\" target=\"_blank\" rel=\"noopener noreferrer\"><em>Econostrum\u00a0\u00bb<\/em><\/a><\/span> du 27 ao\u00fbt 2019, la majorit\u00e9 des emplois dans les services repr\u00e9sentent 49,6% en Tunisie. En Jordanie, les services emploient 80,1% des salari\u00e9s, 47,1% en Egypte et 38,3% au Maroc.<\/p>\n\n\n<p>Le march\u00e9 priv\u00e9 de ces pays se polarise autour d&rsquo;une grande majorit\u00e9 de tr\u00e8s petites entreprises, et de quelques grands groupes qui dominent le march\u00e9. Les premi\u00e8res n&rsquo;ont aucune ambition, ou plut\u00f4t aucun moyen de se d\u00e9velopper. Changer de dimension implique des co\u00fbts auxquels elles ne peuvent r\u00e9pondre \u00e0 cause de leur faible productivit\u00e9, de leurs ressources financi\u00e8res tr\u00e8s limit\u00e9es, et de leur impossibilit\u00e9 \u00e0 se d\u00e9ployer \u00e0 l&rsquo;export. Elles n&rsquo;arrivent donc pas \u00e0 int\u00e9grer la cha\u00eene de valeur mondiale.<\/p>\n\n\n\n<p>Ceci en plus des mesures non tarifaires qui entravent l&rsquo;acc\u00e8s au march\u00e9 des produits en provenance d&rsquo;Afrique du Nord, et le manque de sources durables de financement, en plus des \u00ab<em>institutions d\u00e9ficientes<\/em>\u00bb qui am\u00e8nent les entreprises \u00e0 se sp\u00e9cialiser dans les secteurs traditionnels, au d\u00e9triment de la haute-technologie.  <\/p>\n\n\n\n<p>L&rsquo;harmonisation des r\u00e8gles et des normes et une augmentation du nombre de laboratoires et d&rsquo;organismes de certification sont n\u00e9cessaires, ainsi que l&rsquo;indispensable besoin de recourir \u00e0 l&rsquo;assistance technique des donateurs internationaux pour atteindre ces objectifs.&nbsp; <\/p>\n\n\n\n<p>Le renforcement des comp\u00e9tences des travailleurs aiderait les \u00e9conomies du sud m\u00e9diterran\u00e9en \u00e0 int\u00e9grer la cha\u00eene de valeur mondiale. Ce qui augmenterait la demande de salari\u00e9s comp\u00e9tents, au lieu d&rsquo;affronter une f\u00e9roce comp\u00e9tition sur les march\u00e9s internationaux.  <\/p>\n\n\n\n<p>Le Plan d&rsquo;investissement ext\u00e9rieur (PIE) de l&rsquo;Union europ\u00e9enne constitue une initiative susceptible d&rsquo;attirer plus d&rsquo;argent dans les entreprises priv\u00e9es. <\/p>\n\n\n\n<p style=\"text-align:right\"><strong>A. M.<\/strong><\/p>\n","protected":false},"excerpt":{"rendered":"<p>Le secteur des services en Afrique du Nord, dont la Tunisie, offre moins de valeur ajout\u00e9e et de marge, et donc peu de possibilit\u00e9s aux entreprises d&rsquo;\u00e9toffer leur personnel.<\/p>\n","protected":false},"author":22,"featured_media":236960,"comment_status":"open","ping_status":"open","sticky":false,"template":"","format":"standard","meta":{"footnotes":""},"categories":[995,2433],"tags":[4277,63736,2146,63738,63741,63737,6614],"class_list":["post-236945","post","type-post","status-publish","format-standard","has-post-thumbnail","hentry","category-economie","category-tunisie","tag-afrique-du-nord","tag-chahir-zaki","tag-emplois","tag-peu-de-creations","tag-pie","tag-secteur-des-services","tag-secteur-prive"],"yoast_head":"<!-- This site is optimized with the Yoast SEO plugin v26.6 - https:\/\/yoast.com\/wordpress\/plugins\/seo\/ -->\n<title>Le secteur priv\u00e9 d&#039;Afrique du Nord ne cr\u00e9e pas assez d&#039;emplois, y compris en Tunisie - Kapitalis<\/title>\n<meta name=\"robots\" content=\"index, follow, max-snippet:-1, max-image-preview:large, max-video-preview:-1\" \/>\n<link rel=\"canonical\" href=\"https:\/\/kapitalis.com\/tunisie\/2019\/09\/04\/le-secteur-prive-dafrique-du-nord-ne-cree-pas-assez-demplois-y-compris-en-tunisie\/\" \/>\n<meta property=\"og:locale\" content=\"fr_FR\" \/>\n<meta property=\"og:type\" content=\"article\" \/>\n<meta property=\"og:title\" content=\"Le secteur priv\u00e9 d&#039;Afrique du Nord ne cr\u00e9e pas assez d&#039;emplois, y compris en Tunisie - Kapitalis\" \/>\n<meta property=\"og:description\" content=\"Le secteur des services en Afrique du Nord, dont la Tunisie, offre moins de valeur ajout\u00e9e et de marge, et donc peu de possibilit\u00e9s aux entreprises d&rsquo;\u00e9toffer leur personnel.\" \/>\n<meta property=\"og:url\" content=\"https:\/\/kapitalis.com\/tunisie\/2019\/09\/04\/le-secteur-prive-dafrique-du-nord-ne-cree-pas-assez-demplois-y-compris-en-tunisie\/\" \/>\n<meta property=\"og:site_name\" content=\"Kapitalis\" \/>\n<meta property=\"article:publisher\" content=\"https:\/\/www.facebook.com\/KapitalisInfo\/\" \/>\n<meta property=\"article:published_time\" content=\"2019-09-04T11:31:01+00:00\" \/>\n<meta property=\"article:modified_time\" content=\"2019-09-04T11:35:39+00:00\" \/>\n<meta property=\"og:image\" content=\"https:\/\/kapitalis.com\/tunisie\/wp-content\/uploads\/2022\/05\/kapitalis-logo-fb.png\" \/>\n\t<meta property=\"og:image:width\" content=\"1200\" \/>\n\t<meta property=\"og:image:height\" content=\"630\" \/>\n\t<meta property=\"og:image:type\" content=\"image\/png\" \/>\n<meta name=\"author\" content=\"Amina Mkada\" \/>\n<meta name=\"twitter:card\" content=\"summary_large_image\" \/>\n<meta name=\"twitter:creator\" content=\"@KapitalisInfo\" \/>\n<meta name=\"twitter:site\" content=\"@KapitalisInfo\" \/>\n<meta name=\"twitter:label1\" content=\"\u00c9crit par\" \/>\n\t<meta name=\"twitter:data1\" content=\"Amina Mkada\" \/>\n\t<meta name=\"twitter:label2\" content=\"Dur\u00e9e de lecture estim\u00e9e\" \/>\n\t<meta name=\"twitter:data2\" content=\"2 minutes\" \/>\n<script type=\"application\/ld+json\" class=\"yoast-schema-graph\">{\"@context\":\"https:\/\/schema.org\",\"@graph\":[{\"@type\":\"Article\",\"@id\":\"https:\/\/kapitalis.com\/tunisie\/2019\/09\/04\/le-secteur-prive-dafrique-du-nord-ne-cree-pas-assez-demplois-y-compris-en-tunisie\/#article\",\"isPartOf\":{\"@id\":\"https:\/\/kapitalis.com\/tunisie\/2019\/09\/04\/le-secteur-prive-dafrique-du-nord-ne-cree-pas-assez-demplois-y-compris-en-tunisie\/\"},\"author\":{\"name\":\"Amina Mkada\",\"@id\":\"https:\/\/kapitalis.com\/tunisie\/#\/schema\/person\/093913313d3017554cb3ad077fff3fbd\"},\"headline\":\"Le secteur priv\u00e9 d&rsquo;Afrique du Nord ne cr\u00e9e pas assez d&#8217;emplois, y compris en Tunisie\",\"datePublished\":\"2019-09-04T11:31:01+00:00\",\"dateModified\":\"2019-09-04T11:35:39+00:00\",\"mainEntityOfPage\":{\"@id\":\"https:\/\/kapitalis.com\/tunisie\/2019\/09\/04\/le-secteur-prive-dafrique-du-nord-ne-cree-pas-assez-demplois-y-compris-en-tunisie\/\"},\"wordCount\":328,\"commentCount\":0,\"publisher\":{\"@id\":\"https:\/\/kapitalis.com\/tunisie\/#organization\"},\"image\":{\"@id\":\"https:\/\/kapitalis.com\/tunisie\/2019\/09\/04\/le-secteur-prive-dafrique-du-nord-ne-cree-pas-assez-demplois-y-compris-en-tunisie\/#primaryimage\"},\"thumbnailUrl\":\"\",\"keywords\":[\"Afrique du Nord\",\"Chahir Zaki\",\"emplois\",\"peu de cr\u00e9ations\",\"PIE\",\"secteur des services\",\"secteur priv\u00e9\"],\"articleSection\":[\"ECONOMIE\",\"Tunisie\"],\"inLanguage\":\"fr-FR\",\"potentialAction\":[{\"@type\":\"CommentAction\",\"name\":\"Comment\",\"target\":[\"https:\/\/kapitalis.com\/tunisie\/2019\/09\/04\/le-secteur-prive-dafrique-du-nord-ne-cree-pas-assez-demplois-y-compris-en-tunisie\/#respond\"]}]},{\"@type\":\"WebPage\",\"@id\":\"https:\/\/kapitalis.com\/tunisie\/2019\/09\/04\/le-secteur-prive-dafrique-du-nord-ne-cree-pas-assez-demplois-y-compris-en-tunisie\/\",\"url\":\"https:\/\/kapitalis.com\/tunisie\/2019\/09\/04\/le-secteur-prive-dafrique-du-nord-ne-cree-pas-assez-demplois-y-compris-en-tunisie\/\",\"name\":\"Le secteur priv\u00e9 d'Afrique du Nord ne cr\u00e9e pas assez d'emplois, y compris en Tunisie - Kapitalis\",\"isPartOf\":{\"@id\":\"https:\/\/kapitalis.com\/tunisie\/#website\"},\"primaryImageOfPage\":{\"@id\":\"https:\/\/kapitalis.com\/tunisie\/2019\/09\/04\/le-secteur-prive-dafrique-du-nord-ne-cree-pas-assez-demplois-y-compris-en-tunisie\/#primaryimage\"},\"image\":{\"@id\":\"https:\/\/kapitalis.com\/tunisie\/2019\/09\/04\/le-secteur-prive-dafrique-du-nord-ne-cree-pas-assez-demplois-y-compris-en-tunisie\/#primaryimage\"},\"thumbnailUrl\":\"\",\"datePublished\":\"2019-09-04T11:31:01+00:00\",\"dateModified\":\"2019-09-04T11:35:39+00:00\",\"breadcrumb\":{\"@id\":\"https:\/\/kapitalis.com\/tunisie\/2019\/09\/04\/le-secteur-prive-dafrique-du-nord-ne-cree-pas-assez-demplois-y-compris-en-tunisie\/#breadcrumb\"},\"inLanguage\":\"fr-FR\",\"potentialAction\":[{\"@type\":\"ReadAction\",\"target\":[\"https:\/\/kapitalis.com\/tunisie\/2019\/09\/04\/le-secteur-prive-dafrique-du-nord-ne-cree-pas-assez-demplois-y-compris-en-tunisie\/\"]}]},{\"@type\":\"ImageObject\",\"inLanguage\":\"fr-FR\",\"@id\":\"https:\/\/kapitalis.com\/tunisie\/2019\/09\/04\/le-secteur-prive-dafrique-du-nord-ne-cree-pas-assez-demplois-y-compris-en-tunisie\/#primaryimage\",\"url\":\"\",\"contentUrl\":\"\"},{\"@type\":\"BreadcrumbList\",\"@id\":\"https:\/\/kapitalis.com\/tunisie\/2019\/09\/04\/le-secteur-prive-dafrique-du-nord-ne-cree-pas-assez-demplois-y-compris-en-tunisie\/#breadcrumb\",\"itemListElement\":[{\"@type\":\"ListItem\",\"position\":1,\"name\":\"Accueil\",\"item\":\"https:\/\/kapitalis.com\/tunisie\/\"},{\"@type\":\"ListItem\",\"position\":2,\"name\":\"Le secteur priv\u00e9 d&rsquo;Afrique du Nord ne cr\u00e9e pas assez d&#8217;emplois, y compris en Tunisie\"}]},{\"@type\":\"WebSite\",\"@id\":\"https:\/\/kapitalis.com\/tunisie\/#website\",\"url\":\"https:\/\/kapitalis.com\/tunisie\/\",\"name\":\"Kapitalis\",\"description\":\"L&#039;actualit\u00e9 en Tunisie et dans le monde\",\"publisher\":{\"@id\":\"https:\/\/kapitalis.com\/tunisie\/#organization\"},\"potentialAction\":[{\"@type\":\"SearchAction\",\"target\":{\"@type\":\"EntryPoint\",\"urlTemplate\":\"https:\/\/kapitalis.com\/tunisie\/?s={search_term_string}\"},\"query-input\":{\"@type\":\"PropertyValueSpecification\",\"valueRequired\":true,\"valueName\":\"search_term_string\"}}],\"inLanguage\":\"fr-FR\"},{\"@type\":\"Organization\",\"@id\":\"https:\/\/kapitalis.com\/tunisie\/#organization\",\"name\":\"Kapitalis\",\"url\":\"https:\/\/kapitalis.com\/tunisie\/\",\"logo\":{\"@type\":\"ImageObject\",\"inLanguage\":\"fr-FR\",\"@id\":\"https:\/\/kapitalis.com\/tunisie\/#\/schema\/logo\/image\/\",\"url\":\"https:\/\/kapitalis.com\/tunisie\/wp-content\/uploads\/2022\/05\/Kapitalis-big-size.png\",\"contentUrl\":\"https:\/\/kapitalis.com\/tunisie\/wp-content\/uploads\/2022\/05\/Kapitalis-big-size.png\",\"width\":5000,\"height\":1500,\"caption\":\"Kapitalis\"},\"image\":{\"@id\":\"https:\/\/kapitalis.com\/tunisie\/#\/schema\/logo\/image\/\"},\"sameAs\":[\"https:\/\/www.facebook.com\/KapitalisInfo\/\",\"https:\/\/x.com\/KapitalisInfo\",\"https:\/\/www.youtube.com\/channel\/UC-yDYrHyfFBWWZaOw3FPg9Q\"]},{\"@type\":\"Person\",\"@id\":\"https:\/\/kapitalis.com\/tunisie\/#\/schema\/person\/093913313d3017554cb3ad077fff3fbd\",\"name\":\"Amina Mkada\",\"url\":\"https:\/\/kapitalis.com\/tunisie\/author\/amina\/\"}]}<\/script>\n<!-- \/ Yoast SEO plugin. -->","yoast_head_json":{"title":"Le secteur priv\u00e9 d'Afrique du Nord ne cr\u00e9e pas assez d'emplois, y compris en Tunisie - Kapitalis","robots":{"index":"index","follow":"follow","max-snippet":"max-snippet:-1","max-image-preview":"max-image-preview:large","max-video-preview":"max-video-preview:-1"},"canonical":"https:\/\/kapitalis.com\/tunisie\/2019\/09\/04\/le-secteur-prive-dafrique-du-nord-ne-cree-pas-assez-demplois-y-compris-en-tunisie\/","og_locale":"fr_FR","og_type":"article","og_title":"Le secteur priv\u00e9 d'Afrique du Nord ne cr\u00e9e pas assez d'emplois, y compris en Tunisie - Kapitalis","og_description":"Le secteur des services en Afrique du Nord, dont la Tunisie, offre moins de valeur ajout\u00e9e et de marge, et donc peu de possibilit\u00e9s aux entreprises d&rsquo;\u00e9toffer leur personnel.","og_url":"https:\/\/kapitalis.com\/tunisie\/2019\/09\/04\/le-secteur-prive-dafrique-du-nord-ne-cree-pas-assez-demplois-y-compris-en-tunisie\/","og_site_name":"Kapitalis","article_publisher":"https:\/\/www.facebook.com\/KapitalisInfo\/","article_published_time":"2019-09-04T11:31:01+00:00","article_modified_time":"2019-09-04T11:35:39+00:00","og_image":[{"width":1200,"height":630,"url":"https:\/\/kapitalis.com\/tunisie\/wp-content\/uploads\/2022\/05\/kapitalis-logo-fb.png","type":"image\/png"}],"author":"Amina Mkada","twitter_card":"summary_large_image","twitter_creator":"@KapitalisInfo","twitter_site":"@KapitalisInfo","twitter_misc":{"\u00c9crit par":"Amina Mkada","Dur\u00e9e de lecture estim\u00e9e":"2 minutes"},"schema":{"@context":"https:\/\/schema.org","@graph":[{"@type":"Article","@id":"https:\/\/kapitalis.com\/tunisie\/2019\/09\/04\/le-secteur-prive-dafrique-du-nord-ne-cree-pas-assez-demplois-y-compris-en-tunisie\/#article","isPartOf":{"@id":"https:\/\/kapitalis.com\/tunisie\/2019\/09\/04\/le-secteur-prive-dafrique-du-nord-ne-cree-pas-assez-demplois-y-compris-en-tunisie\/"},"author":{"name":"Amina Mkada","@id":"https:\/\/kapitalis.com\/tunisie\/#\/schema\/person\/093913313d3017554cb3ad077fff3fbd"},"headline":"Le secteur priv\u00e9 d&rsquo;Afrique du Nord ne cr\u00e9e pas assez d&#8217;emplois, y compris en Tunisie","datePublished":"2019-09-04T11:31:01+00:00","dateModified":"2019-09-04T11:35:39+00:00","mainEntityOfPage":{"@id":"https:\/\/kapitalis.com\/tunisie\/2019\/09\/04\/le-secteur-prive-dafrique-du-nord-ne-cree-pas-assez-demplois-y-compris-en-tunisie\/"},"wordCount":328,"commentCount":0,"publisher":{"@id":"https:\/\/kapitalis.com\/tunisie\/#organization"},"image":{"@id":"https:\/\/kapitalis.com\/tunisie\/2019\/09\/04\/le-secteur-prive-dafrique-du-nord-ne-cree-pas-assez-demplois-y-compris-en-tunisie\/#primaryimage"},"thumbnailUrl":"","keywords":["Afrique du Nord","Chahir Zaki","emplois","peu de cr\u00e9ations","PIE","secteur des services","secteur priv\u00e9"],"articleSection":["ECONOMIE","Tunisie"],"inLanguage":"fr-FR","potentialAction":[{"@type":"CommentAction","name":"Comment","target":["https:\/\/kapitalis.com\/tunisie\/2019\/09\/04\/le-secteur-prive-dafrique-du-nord-ne-cree-pas-assez-demplois-y-compris-en-tunisie\/#respond"]}]},{"@type":"WebPage","@id":"https:\/\/kapitalis.com\/tunisie\/2019\/09\/04\/le-secteur-prive-dafrique-du-nord-ne-cree-pas-assez-demplois-y-compris-en-tunisie\/","url":"https:\/\/kapitalis.com\/tunisie\/2019\/09\/04\/le-secteur-prive-dafrique-du-nord-ne-cree-pas-assez-demplois-y-compris-en-tunisie\/","name":"Le secteur priv\u00e9 d'Afrique du Nord ne cr\u00e9e pas assez d'emplois, y compris en Tunisie - Kapitalis","isPartOf":{"@id":"https:\/\/kapitalis.com\/tunisie\/#website"},"primaryImageOfPage":{"@id":"https:\/\/kapitalis.com\/tunisie\/2019\/09\/04\/le-secteur-prive-dafrique-du-nord-ne-cree-pas-assez-demplois-y-compris-en-tunisie\/#primaryimage"},"image":{"@id":"https:\/\/kapitalis.com\/tunisie\/2019\/09\/04\/le-secteur-prive-dafrique-du-nord-ne-cree-pas-assez-demplois-y-compris-en-tunisie\/#primaryimage"},"thumbnailUrl":"","datePublished":"2019-09-04T11:31:01+00:00","dateModified":"2019-09-04T11:35:39+00:00","breadcrumb":{"@id":"https:\/\/kapitalis.com\/tunisie\/2019\/09\/04\/le-secteur-prive-dafrique-du-nord-ne-cree-pas-assez-demplois-y-compris-en-tunisie\/#breadcrumb"},"inLanguage":"fr-FR","potentialAction":[{"@type":"ReadAction","target":["https:\/\/kapitalis.com\/tunisie\/2019\/09\/04\/le-secteur-prive-dafrique-du-nord-ne-cree-pas-assez-demplois-y-compris-en-tunisie\/"]}]},{"@type":"ImageObject","inLanguage":"fr-FR","@id":"https:\/\/kapitalis.com\/tunisie\/2019\/09\/04\/le-secteur-prive-dafrique-du-nord-ne-cree-pas-assez-demplois-y-compris-en-tunisie\/#primaryimage","url":"","contentUrl":""},{"@type":"BreadcrumbList","@id":"https:\/\/kapitalis.com\/tunisie\/2019\/09\/04\/le-secteur-prive-dafrique-du-nord-ne-cree-pas-assez-demplois-y-compris-en-tunisie\/#breadcrumb","itemListElement":[{"@type":"ListItem","position":1,"name":"Accueil","item":"https:\/\/kapitalis.com\/tunisie\/"},{"@type":"ListItem","position":2,"name":"Le secteur priv\u00e9 d&rsquo;Afrique du Nord ne cr\u00e9e pas assez d&#8217;emplois, y compris en Tunisie"}]},{"@type":"WebSite","@id":"https:\/\/kapitalis.com\/tunisie\/#website","url":"https:\/\/kapitalis.com\/tunisie\/","name":"Kapitalis","description":"L&#039;actualit\u00e9 en Tunisie et dans le monde","publisher":{"@id":"https:\/\/kapitalis.com\/tunisie\/#organization"},"potentialAction":[{"@type":"SearchAction","target":{"@type":"EntryPoint","urlTemplate":"https:\/\/kapitalis.com\/tunisie\/?s={search_term_string}"},"query-input":{"@type":"PropertyValueSpecification","valueRequired":true,"valueName":"search_term_string"}}],"inLanguage":"fr-FR"},{"@type":"Organization","@id":"https:\/\/kapitalis.com\/tunisie\/#organization","name":"Kapitalis","url":"https:\/\/kapitalis.com\/tunisie\/","logo":{"@type":"ImageObject","inLanguage":"fr-FR","@id":"https:\/\/kapitalis.com\/tunisie\/#\/schema\/logo\/image\/","url":"https:\/\/kapitalis.com\/tunisie\/wp-content\/uploads\/2022\/05\/Kapitalis-big-size.png","contentUrl":"https:\/\/kapitalis.com\/tunisie\/wp-content\/uploads\/2022\/05\/Kapitalis-big-size.png","width":5000,"height":1500,"caption":"Kapitalis"},"image":{"@id":"https:\/\/kapitalis.com\/tunisie\/#\/schema\/logo\/image\/"},"sameAs":["https:\/\/www.facebook.com\/KapitalisInfo\/","https:\/\/x.com\/KapitalisInfo","https:\/\/www.youtube.com\/channel\/UC-yDYrHyfFBWWZaOw3FPg9Q"]},{"@type":"Person","@id":"https:\/\/kapitalis.com\/tunisie\/#\/schema\/person\/093913313d3017554cb3ad077fff3fbd","name":"Amina Mkada","url":"https:\/\/kapitalis.com\/tunisie\/author\/amina\/"}]}},"_links":{"self":[{"href":"https:\/\/kapitalis.com\/tunisie\/wp-json\/wp\/v2\/posts\/236945","targetHints":{"allow":["GET"]}}],"collection":[{"href":"https:\/\/kapitalis.com\/tunisie\/wp-json\/wp\/v2\/posts"}],"about":[{"href":"https:\/\/kapitalis.com\/tunisie\/wp-json\/wp\/v2\/types\/post"}],"author":[{"embeddable":true,"href":"https:\/\/kapitalis.com\/tunisie\/wp-json\/wp\/v2\/users\/22"}],"replies":[{"embeddable":true,"href":"https:\/\/kapitalis.com\/tunisie\/wp-json\/wp\/v2\/comments?post=236945"}],"version-history":[{"count":0,"href":"https:\/\/kapitalis.com\/tunisie\/wp-json\/wp\/v2\/posts\/236945\/revisions"}],"wp:featuredmedia":[{"embeddable":true,"href":"https:\/\/kapitalis.com\/tunisie\/wp-json\/wp\/v2\/media\/236960"}],"wp:attachment":[{"href":"https:\/\/kapitalis.com\/tunisie\/wp-json\/wp\/v2\/media?parent=236945"}],"wp:term":[{"taxonomy":"category","embeddable":true,"href":"https:\/\/kapitalis.com\/tunisie\/wp-json\/wp\/v2\/categories?post=236945"},{"taxonomy":"post_tag","embeddable":true,"href":"https:\/\/kapitalis.com\/tunisie\/wp-json\/wp\/v2\/tags?post=236945"}],"curies":[{"name":"wp","href":"https:\/\/api.w.org\/{rel}","templated":true}]}}