{"id":2373113,"date":"2022-07-19T13:12:13","date_gmt":"2022-07-19T12:12:13","guid":{"rendered":"https:\/\/kapitalis.com\/tunisie\/?p=2373113"},"modified":"2022-07-19T13:12:15","modified_gmt":"2022-07-19T12:12:15","slug":"lunion-internationale-des-magistrats-inquiete-de-la-situation-en-tunisie-selon-anas-hamadi","status":"publish","type":"post","link":"https:\/\/kapitalis.com\/tunisie\/2022\/07\/19\/lunion-internationale-des-magistrats-inquiete-de-la-situation-en-tunisie-selon-anas-hamadi\/","title":{"rendered":"L\u2019Union internationale des magistrats inqui\u00e8te de la situation en Tunisie, selon Anas Hamadi"},"content":{"rendered":"\n<p><strong><em>Si on en croit le pr\u00e9sident de l&rsquo;Association des magistrats tunisiens (AMT), Anas Hamadi, le pr\u00e9sident d\u2019honneur de l\u2019Union internationale des magistrats (UIM), Christophe Regnard, qui \u00e9tait en visite officielle en Tunisie, est tr\u00e8s inquiet de la situation du secteur dans le pays.<\/em><\/strong><\/p>\n\n\n\n<!--more-->\n\n\n\n<p>\u00ab<em>Regnard a rencontr\u00e9 les membres de l\u2019AMT ainsi que des juges r\u00e9voqu\u00e9s et des repr\u00e9sentants de la soci\u00e9t\u00e9 civile. Toutefois, il n\u2019a pas r\u00e9ussi \u00e0 rencontrer le pr\u00e9sident de la r\u00e9publique, la cheffe du gouvernement et la ministre de la Justice bien que le minist\u00e8re des Affaires \u00e9trang\u00e8res f\u00fbt au courant de cette visite. Il a f\u00e9licit\u00e9 le comportement exemplaire des juges et a \u00e9t\u00e9 impressionn\u00e9 par l\u2019attitude des magistrats r\u00e9voqu\u00e9s<\/em>\u00bb, a d\u00e9clar\u00e9 Anas Hamadi.<\/p>\n\n\n\n<p>Hamadi a ajout\u00e9 que le\u00a0rapporteur sp\u00e9cial pour l\u2019ind\u00e9pendance de la magistrature \u00e0 l\u2019ONU est tr\u00e8s inquiet de la situation en Tunisie, et qu&rsquo;il a d\u00e9pos\u00e9 une demande depuis le mois d\u2019avril en vue d\u2019effectuer une visite officielle en Tunisie sans recevoir la moindre r\u00e9ponse.<\/p>\n\n\n\n<p class=\"has-text-align-right\"><strong>C. B. Y.<\/strong><\/p>\n","protected":false},"excerpt":{"rendered":"<p>Si on en croit le pr\u00e9sident de l&rsquo;Association des magistrats tunisiens (AMT), Anas Hamadi, le pr\u00e9sident d\u2019honneur de l\u2019Union internationale des magistrats (UIM), Christophe Regnard, qui \u00e9tait en visite officielle en Tunisie, est tr\u00e8s inquiet de la situation du secteur dans le pays.<\/p>\n","protected":false},"author":24,"featured_media":1618215,"comment_status":"open","ping_status":"open","sticky":false,"template":"","format":"standard","meta":{"footnotes":""},"categories":[997,2433],"tags":[71,80533,6870,64961,62643,101251],"class_list":["post-2373113","post","type-post","status-publish","format-standard","has-post-thumbnail","hentry","category-politique","category-tunisie","tag-amt","tag-anas-hamadi","tag-association-des-magistrats-tunisiens","tag-faouzi-houimli","tag-tunisie","tag-union-internationale-des-magistrats"],"yoast_head":"<!-- This site is optimized with the Yoast SEO plugin v26.6 - https:\/\/yoast.com\/wordpress\/plugins\/seo\/ -->\n<title>L\u2019Union internationale des magistrats inqui\u00e8te de la situation en Tunisie, selon Anas Hamadi - Kapitalis<\/title>\n<meta name=\"robots\" content=\"index, follow, max-snippet:-1, max-image-preview:large, max-video-preview:-1\" \/>\n<link rel=\"canonical\" href=\"https:\/\/kapitalis.com\/tunisie\/2022\/07\/19\/lunion-internationale-des-magistrats-inquiete-de-la-situation-en-tunisie-selon-anas-hamadi\/\" \/>\n<meta property=\"og:locale\" content=\"fr_FR\" \/>\n<meta property=\"og:type\" content=\"article\" \/>\n<meta property=\"og:title\" content=\"L\u2019Union internationale des magistrats inqui\u00e8te de la situation en Tunisie, selon Anas Hamadi - Kapitalis\" \/>\n<meta property=\"og:description\" content=\"Si on en croit le pr\u00e9sident de l&rsquo;Association des magistrats tunisiens (AMT), Anas Hamadi, le pr\u00e9sident d\u2019honneur de l\u2019Union internationale des magistrats (UIM), Christophe Regnard, qui \u00e9tait en visite officielle en Tunisie, est tr\u00e8s inquiet de la situation du secteur dans le pays.\" \/>\n<meta property=\"og:url\" content=\"https:\/\/kapitalis.com\/tunisie\/2022\/07\/19\/lunion-internationale-des-magistrats-inquiete-de-la-situation-en-tunisie-selon-anas-hamadi\/\" \/>\n<meta property=\"og:site_name\" content=\"Kapitalis\" \/>\n<meta property=\"article:publisher\" content=\"https:\/\/www.facebook.com\/KapitalisInfo\/\" \/>\n<meta property=\"article:published_time\" content=\"2022-07-19T12:12:13+00:00\" \/>\n<meta property=\"article:modified_time\" content=\"2022-07-19T12:12:15+00:00\" \/>\n<meta property=\"og:image\" content=\"https:\/\/kapitalis.com\/tunisie\/wp-content\/uploads\/2022\/06\/juges-tunisie.jpg\" \/>\n\t<meta property=\"og:image:width\" content=\"1200\" \/>\n\t<meta property=\"og:image:height\" content=\"620\" \/>\n\t<meta property=\"og:image:type\" content=\"image\/jpeg\" \/>\n<meta name=\"author\" content=\"Cherif Benyounes\" \/>\n<meta name=\"twitter:card\" content=\"summary_large_image\" \/>\n<meta name=\"twitter:creator\" content=\"@KapitalisInfo\" \/>\n<meta name=\"twitter:site\" content=\"@KapitalisInfo\" \/>\n<meta name=\"twitter:label1\" content=\"\u00c9crit par\" \/>\n\t<meta name=\"twitter:data1\" content=\"Cherif Benyounes\" \/>\n\t<meta name=\"twitter:label2\" content=\"Dur\u00e9e de lecture estim\u00e9e\" \/>\n\t<meta name=\"twitter:data2\" content=\"1 minute\" \/>\n<script type=\"application\/ld+json\" class=\"yoast-schema-graph\">{\"@context\":\"https:\/\/schema.org\",\"@graph\":[{\"@type\":\"Article\",\"@id\":\"https:\/\/kapitalis.com\/tunisie\/2022\/07\/19\/lunion-internationale-des-magistrats-inquiete-de-la-situation-en-tunisie-selon-anas-hamadi\/#article\",\"isPartOf\":{\"@id\":\"https:\/\/kapitalis.com\/tunisie\/2022\/07\/19\/lunion-internationale-des-magistrats-inquiete-de-la-situation-en-tunisie-selon-anas-hamadi\/\"},\"author\":{\"name\":\"Cherif Benyounes\",\"@id\":\"https:\/\/kapitalis.com\/tunisie\/#\/schema\/person\/b35b8d631961131107263178aeb8019e\"},\"headline\":\"L\u2019Union internationale des magistrats inqui\u00e8te de la situation en Tunisie, selon Anas Hamadi\",\"datePublished\":\"2022-07-19T12:12:13+00:00\",\"dateModified\":\"2022-07-19T12:12:15+00:00\",\"mainEntityOfPage\":{\"@id\":\"https:\/\/kapitalis.com\/tunisie\/2022\/07\/19\/lunion-internationale-des-magistrats-inquiete-de-la-situation-en-tunisie-selon-anas-hamadi\/\"},\"wordCount\":210,\"commentCount\":1,\"publisher\":{\"@id\":\"https:\/\/kapitalis.com\/tunisie\/#organization\"},\"image\":{\"@id\":\"https:\/\/kapitalis.com\/tunisie\/2022\/07\/19\/lunion-internationale-des-magistrats-inquiete-de-la-situation-en-tunisie-selon-anas-hamadi\/#primaryimage\"},\"thumbnailUrl\":\"https:\/\/kapitalis.com\/tunisie\/wp-content\/uploads\/2022\/06\/juges-tunisie.jpg\",\"keywords\":[\"AMT\",\"Anas Hamadi\",\"association des magistrats tunisiens\",\"Faouzi Houimli\",\"Tunisie\",\"Union internationale des magistrats\"],\"articleSection\":[\"POLITIQUE\",\"Tunisie\"],\"inLanguage\":\"fr-FR\",\"potentialAction\":[{\"@type\":\"CommentAction\",\"name\":\"Comment\",\"target\":[\"https:\/\/kapitalis.com\/tunisie\/2022\/07\/19\/lunion-internationale-des-magistrats-inquiete-de-la-situation-en-tunisie-selon-anas-hamadi\/#respond\"]}]},{\"@type\":\"WebPage\",\"@id\":\"https:\/\/kapitalis.com\/tunisie\/2022\/07\/19\/lunion-internationale-des-magistrats-inquiete-de-la-situation-en-tunisie-selon-anas-hamadi\/\",\"url\":\"https:\/\/kapitalis.com\/tunisie\/2022\/07\/19\/lunion-internationale-des-magistrats-inquiete-de-la-situation-en-tunisie-selon-anas-hamadi\/\",\"name\":\"L\u2019Union internationale des magistrats inqui\u00e8te de la situation en Tunisie, selon Anas Hamadi - Kapitalis\",\"isPartOf\":{\"@id\":\"https:\/\/kapitalis.com\/tunisie\/#website\"},\"primaryImageOfPage\":{\"@id\":\"https:\/\/kapitalis.com\/tunisie\/2022\/07\/19\/lunion-internationale-des-magistrats-inquiete-de-la-situation-en-tunisie-selon-anas-hamadi\/#primaryimage\"},\"image\":{\"@id\":\"https:\/\/kapitalis.com\/tunisie\/2022\/07\/19\/lunion-internationale-des-magistrats-inquiete-de-la-situation-en-tunisie-selon-anas-hamadi\/#primaryimage\"},\"thumbnailUrl\":\"https:\/\/kapitalis.com\/tunisie\/wp-content\/uploads\/2022\/06\/juges-tunisie.jpg\",\"datePublished\":\"2022-07-19T12:12:13+00:00\",\"dateModified\":\"2022-07-19T12:12:15+00:00\",\"breadcrumb\":{\"@id\":\"https:\/\/kapitalis.com\/tunisie\/2022\/07\/19\/lunion-internationale-des-magistrats-inquiete-de-la-situation-en-tunisie-selon-anas-hamadi\/#breadcrumb\"},\"inLanguage\":\"fr-FR\",\"potentialAction\":[{\"@type\":\"ReadAction\",\"target\":[\"https:\/\/kapitalis.com\/tunisie\/2022\/07\/19\/lunion-internationale-des-magistrats-inquiete-de-la-situation-en-tunisie-selon-anas-hamadi\/\"]}]},{\"@type\":\"ImageObject\",\"inLanguage\":\"fr-FR\",\"@id\":\"https:\/\/kapitalis.com\/tunisie\/2022\/07\/19\/lunion-internationale-des-magistrats-inquiete-de-la-situation-en-tunisie-selon-anas-hamadi\/#primaryimage\",\"url\":\"https:\/\/kapitalis.com\/tunisie\/wp-content\/uploads\/2022\/06\/juges-tunisie.jpg\",\"contentUrl\":\"https:\/\/kapitalis.com\/tunisie\/wp-content\/uploads\/2022\/06\/juges-tunisie.jpg\",\"width\":1200,\"height\":620},{\"@type\":\"BreadcrumbList\",\"@id\":\"https:\/\/kapitalis.com\/tunisie\/2022\/07\/19\/lunion-internationale-des-magistrats-inquiete-de-la-situation-en-tunisie-selon-anas-hamadi\/#breadcrumb\",\"itemListElement\":[{\"@type\":\"ListItem\",\"position\":1,\"name\":\"Accueil\",\"item\":\"https:\/\/kapitalis.com\/tunisie\/\"},{\"@type\":\"ListItem\",\"position\":2,\"name\":\"L\u2019Union internationale des magistrats inqui\u00e8te de la situation en Tunisie, selon Anas Hamadi\"}]},{\"@type\":\"WebSite\",\"@id\":\"https:\/\/kapitalis.com\/tunisie\/#website\",\"url\":\"https:\/\/kapitalis.com\/tunisie\/\",\"name\":\"Kapitalis\",\"description\":\"L&#039;actualit\u00e9 en Tunisie et dans le monde\",\"publisher\":{\"@id\":\"https:\/\/kapitalis.com\/tunisie\/#organization\"},\"potentialAction\":[{\"@type\":\"SearchAction\",\"target\":{\"@type\":\"EntryPoint\",\"urlTemplate\":\"https:\/\/kapitalis.com\/tunisie\/?s={search_term_string}\"},\"query-input\":{\"@type\":\"PropertyValueSpecification\",\"valueRequired\":true,\"valueName\":\"search_term_string\"}}],\"inLanguage\":\"fr-FR\"},{\"@type\":\"Organization\",\"@id\":\"https:\/\/kapitalis.com\/tunisie\/#organization\",\"name\":\"Kapitalis\",\"url\":\"https:\/\/kapitalis.com\/tunisie\/\",\"logo\":{\"@type\":\"ImageObject\",\"inLanguage\":\"fr-FR\",\"@id\":\"https:\/\/kapitalis.com\/tunisie\/#\/schema\/logo\/image\/\",\"url\":\"https:\/\/kapitalis.com\/tunisie\/wp-content\/uploads\/2022\/05\/Kapitalis-big-size.png\",\"contentUrl\":\"https:\/\/kapitalis.com\/tunisie\/wp-content\/uploads\/2022\/05\/Kapitalis-big-size.png\",\"width\":5000,\"height\":1500,\"caption\":\"Kapitalis\"},\"image\":{\"@id\":\"https:\/\/kapitalis.com\/tunisie\/#\/schema\/logo\/image\/\"},\"sameAs\":[\"https:\/\/www.facebook.com\/KapitalisInfo\/\",\"https:\/\/x.com\/KapitalisInfo\",\"https:\/\/www.youtube.com\/channel\/UC-yDYrHyfFBWWZaOw3FPg9Q\"]},{\"@type\":\"Person\",\"@id\":\"https:\/\/kapitalis.com\/tunisie\/#\/schema\/person\/b35b8d631961131107263178aeb8019e\",\"name\":\"Cherif Benyounes\",\"url\":\"https:\/\/kapitalis.com\/tunisie\/author\/cherif\/\"}]}<\/script>\n<!-- \/ Yoast SEO plugin. -->","yoast_head_json":{"title":"L\u2019Union internationale des magistrats inqui\u00e8te de la situation en Tunisie, selon Anas Hamadi - Kapitalis","robots":{"index":"index","follow":"follow","max-snippet":"max-snippet:-1","max-image-preview":"max-image-preview:large","max-video-preview":"max-video-preview:-1"},"canonical":"https:\/\/kapitalis.com\/tunisie\/2022\/07\/19\/lunion-internationale-des-magistrats-inquiete-de-la-situation-en-tunisie-selon-anas-hamadi\/","og_locale":"fr_FR","og_type":"article","og_title":"L\u2019Union internationale des magistrats inqui\u00e8te de la situation en Tunisie, selon Anas Hamadi - Kapitalis","og_description":"Si on en croit le pr\u00e9sident de l&rsquo;Association des magistrats tunisiens (AMT), Anas Hamadi, le pr\u00e9sident d\u2019honneur de l\u2019Union internationale des magistrats (UIM), Christophe Regnard, qui \u00e9tait en visite officielle en Tunisie, est tr\u00e8s inquiet de la situation du secteur dans le pays.","og_url":"https:\/\/kapitalis.com\/tunisie\/2022\/07\/19\/lunion-internationale-des-magistrats-inquiete-de-la-situation-en-tunisie-selon-anas-hamadi\/","og_site_name":"Kapitalis","article_publisher":"https:\/\/www.facebook.com\/KapitalisInfo\/","article_published_time":"2022-07-19T12:12:13+00:00","article_modified_time":"2022-07-19T12:12:15+00:00","og_image":[{"width":1200,"height":620,"url":"https:\/\/kapitalis.com\/tunisie\/wp-content\/uploads\/2022\/06\/juges-tunisie.jpg","type":"image\/jpeg"}],"author":"Cherif Benyounes","twitter_card":"summary_large_image","twitter_creator":"@KapitalisInfo","twitter_site":"@KapitalisInfo","twitter_misc":{"\u00c9crit par":"Cherif Benyounes","Dur\u00e9e de lecture estim\u00e9e":"1 minute"},"schema":{"@context":"https:\/\/schema.org","@graph":[{"@type":"Article","@id":"https:\/\/kapitalis.com\/tunisie\/2022\/07\/19\/lunion-internationale-des-magistrats-inquiete-de-la-situation-en-tunisie-selon-anas-hamadi\/#article","isPartOf":{"@id":"https:\/\/kapitalis.com\/tunisie\/2022\/07\/19\/lunion-internationale-des-magistrats-inquiete-de-la-situation-en-tunisie-selon-anas-hamadi\/"},"author":{"name":"Cherif Benyounes","@id":"https:\/\/kapitalis.com\/tunisie\/#\/schema\/person\/b35b8d631961131107263178aeb8019e"},"headline":"L\u2019Union internationale des magistrats inqui\u00e8te de la situation en Tunisie, selon Anas Hamadi","datePublished":"2022-07-19T12:12:13+00:00","dateModified":"2022-07-19T12:12:15+00:00","mainEntityOfPage":{"@id":"https:\/\/kapitalis.com\/tunisie\/2022\/07\/19\/lunion-internationale-des-magistrats-inquiete-de-la-situation-en-tunisie-selon-anas-hamadi\/"},"wordCount":210,"commentCount":1,"publisher":{"@id":"https:\/\/kapitalis.com\/tunisie\/#organization"},"image":{"@id":"https:\/\/kapitalis.com\/tunisie\/2022\/07\/19\/lunion-internationale-des-magistrats-inquiete-de-la-situation-en-tunisie-selon-anas-hamadi\/#primaryimage"},"thumbnailUrl":"https:\/\/kapitalis.com\/tunisie\/wp-content\/uploads\/2022\/06\/juges-tunisie.jpg","keywords":["AMT","Anas Hamadi","association des magistrats tunisiens","Faouzi Houimli","Tunisie","Union internationale des magistrats"],"articleSection":["POLITIQUE","Tunisie"],"inLanguage":"fr-FR","potentialAction":[{"@type":"CommentAction","name":"Comment","target":["https:\/\/kapitalis.com\/tunisie\/2022\/07\/19\/lunion-internationale-des-magistrats-inquiete-de-la-situation-en-tunisie-selon-anas-hamadi\/#respond"]}]},{"@type":"WebPage","@id":"https:\/\/kapitalis.com\/tunisie\/2022\/07\/19\/lunion-internationale-des-magistrats-inquiete-de-la-situation-en-tunisie-selon-anas-hamadi\/","url":"https:\/\/kapitalis.com\/tunisie\/2022\/07\/19\/lunion-internationale-des-magistrats-inquiete-de-la-situation-en-tunisie-selon-anas-hamadi\/","name":"L\u2019Union internationale des magistrats inqui\u00e8te de la situation en Tunisie, selon Anas Hamadi - Kapitalis","isPartOf":{"@id":"https:\/\/kapitalis.com\/tunisie\/#website"},"primaryImageOfPage":{"@id":"https:\/\/kapitalis.com\/tunisie\/2022\/07\/19\/lunion-internationale-des-magistrats-inquiete-de-la-situation-en-tunisie-selon-anas-hamadi\/#primaryimage"},"image":{"@id":"https:\/\/kapitalis.com\/tunisie\/2022\/07\/19\/lunion-internationale-des-magistrats-inquiete-de-la-situation-en-tunisie-selon-anas-hamadi\/#primaryimage"},"thumbnailUrl":"https:\/\/kapitalis.com\/tunisie\/wp-content\/uploads\/2022\/06\/juges-tunisie.jpg","datePublished":"2022-07-19T12:12:13+00:00","dateModified":"2022-07-19T12:12:15+00:00","breadcrumb":{"@id":"https:\/\/kapitalis.com\/tunisie\/2022\/07\/19\/lunion-internationale-des-magistrats-inquiete-de-la-situation-en-tunisie-selon-anas-hamadi\/#breadcrumb"},"inLanguage":"fr-FR","potentialAction":[{"@type":"ReadAction","target":["https:\/\/kapitalis.com\/tunisie\/2022\/07\/19\/lunion-internationale-des-magistrats-inquiete-de-la-situation-en-tunisie-selon-anas-hamadi\/"]}]},{"@type":"ImageObject","inLanguage":"fr-FR","@id":"https:\/\/kapitalis.com\/tunisie\/2022\/07\/19\/lunion-internationale-des-magistrats-inquiete-de-la-situation-en-tunisie-selon-anas-hamadi\/#primaryimage","url":"https:\/\/kapitalis.com\/tunisie\/wp-content\/uploads\/2022\/06\/juges-tunisie.jpg","contentUrl":"https:\/\/kapitalis.com\/tunisie\/wp-content\/uploads\/2022\/06\/juges-tunisie.jpg","width":1200,"height":620},{"@type":"BreadcrumbList","@id":"https:\/\/kapitalis.com\/tunisie\/2022\/07\/19\/lunion-internationale-des-magistrats-inquiete-de-la-situation-en-tunisie-selon-anas-hamadi\/#breadcrumb","itemListElement":[{"@type":"ListItem","position":1,"name":"Accueil","item":"https:\/\/kapitalis.com\/tunisie\/"},{"@type":"ListItem","position":2,"name":"L\u2019Union internationale des magistrats inqui\u00e8te de la situation en Tunisie, selon Anas Hamadi"}]},{"@type":"WebSite","@id":"https:\/\/kapitalis.com\/tunisie\/#website","url":"https:\/\/kapitalis.com\/tunisie\/","name":"Kapitalis","description":"L&#039;actualit\u00e9 en Tunisie et dans le monde","publisher":{"@id":"https:\/\/kapitalis.com\/tunisie\/#organization"},"potentialAction":[{"@type":"SearchAction","target":{"@type":"EntryPoint","urlTemplate":"https:\/\/kapitalis.com\/tunisie\/?s={search_term_string}"},"query-input":{"@type":"PropertyValueSpecification","valueRequired":true,"valueName":"search_term_string"}}],"inLanguage":"fr-FR"},{"@type":"Organization","@id":"https:\/\/kapitalis.com\/tunisie\/#organization","name":"Kapitalis","url":"https:\/\/kapitalis.com\/tunisie\/","logo":{"@type":"ImageObject","inLanguage":"fr-FR","@id":"https:\/\/kapitalis.com\/tunisie\/#\/schema\/logo\/image\/","url":"https:\/\/kapitalis.com\/tunisie\/wp-content\/uploads\/2022\/05\/Kapitalis-big-size.png","contentUrl":"https:\/\/kapitalis.com\/tunisie\/wp-content\/uploads\/2022\/05\/Kapitalis-big-size.png","width":5000,"height":1500,"caption":"Kapitalis"},"image":{"@id":"https:\/\/kapitalis.com\/tunisie\/#\/schema\/logo\/image\/"},"sameAs":["https:\/\/www.facebook.com\/KapitalisInfo\/","https:\/\/x.com\/KapitalisInfo","https:\/\/www.youtube.com\/channel\/UC-yDYrHyfFBWWZaOw3FPg9Q"]},{"@type":"Person","@id":"https:\/\/kapitalis.com\/tunisie\/#\/schema\/person\/b35b8d631961131107263178aeb8019e","name":"Cherif Benyounes","url":"https:\/\/kapitalis.com\/tunisie\/author\/cherif\/"}]}},"_links":{"self":[{"href":"https:\/\/kapitalis.com\/tunisie\/wp-json\/wp\/v2\/posts\/2373113","targetHints":{"allow":["GET"]}}],"collection":[{"href":"https:\/\/kapitalis.com\/tunisie\/wp-json\/wp\/v2\/posts"}],"about":[{"href":"https:\/\/kapitalis.com\/tunisie\/wp-json\/wp\/v2\/types\/post"}],"author":[{"embeddable":true,"href":"https:\/\/kapitalis.com\/tunisie\/wp-json\/wp\/v2\/users\/24"}],"replies":[{"embeddable":true,"href":"https:\/\/kapitalis.com\/tunisie\/wp-json\/wp\/v2\/comments?post=2373113"}],"version-history":[{"count":0,"href":"https:\/\/kapitalis.com\/tunisie\/wp-json\/wp\/v2\/posts\/2373113\/revisions"}],"wp:featuredmedia":[{"embeddable":true,"href":"https:\/\/kapitalis.com\/tunisie\/wp-json\/wp\/v2\/media\/1618215"}],"wp:attachment":[{"href":"https:\/\/kapitalis.com\/tunisie\/wp-json\/wp\/v2\/media?parent=2373113"}],"wp:term":[{"taxonomy":"category","embeddable":true,"href":"https:\/\/kapitalis.com\/tunisie\/wp-json\/wp\/v2\/categories?post=2373113"},{"taxonomy":"post_tag","embeddable":true,"href":"https:\/\/kapitalis.com\/tunisie\/wp-json\/wp\/v2\/tags?post=2373113"}],"curies":[{"name":"wp","href":"https:\/\/api.w.org\/{rel}","templated":true}]}}