{"id":237626,"date":"2019-09-06T18:54:56","date_gmt":"2019-09-06T17:54:56","guid":{"rendered":"http:\/\/kapitalis.com\/tunisie\/?p=237626"},"modified":"2019-09-06T18:58:19","modified_gmt":"2019-09-06T17:58:19","slug":"presidentielle-2019-le-ftdes-appelle-les-candidats-a-publier-leurs-positions-sur-laleca","status":"publish","type":"post","link":"https:\/\/kapitalis.com\/tunisie\/2019\/09\/06\/presidentielle-2019-le-ftdes-appelle-les-candidats-a-publier-leurs-positions-sur-laleca\/","title":{"rendered":"Pr\u00e9sidentielle 2019 : le FTDES appelle les candidats \u00e0 publier leurs positions sur l\u2019Aleca"},"content":{"rendered":"\n<figure class=\"wp-block-image\"><img decoding=\"async\" src=\"http:\/\/kapitalis.com\/tunisie\/wp-content\/uploads\/2019\/09\/FTDES-Presidentielle.jpg\" alt=\"\" class=\"wp-image-237666\"\/><\/figure>\n\n\n\n<p><strong><em>Le Forum tunisien pour les droits \u00e9conomiques et sociaux (FTDES) appelle les candidats \u00e0 l\u2019\u00e9lection pr\u00e9sidentielle du 15 septembre 2019 \u00e0 publier leurs positions concernant l\u2019Accord de libre-\u00e9change complet et approfondi (Aleca) et les questions li\u00e9es \u00e0 la migration. <\/em><\/strong><\/p>\n\n\n\n<!--more-->\n\n\n\n<p>Le <a rel=\"noreferrer noopener\" href=\"https:\/\/euromedrights.org\/fr\/membres\/forum-tunisiens-des-droits-economiques-et-sociaux-ftdes\/\" target=\"_blank\">FTDES<\/a> estime que la question cruciale de l\u2019Aleca, actuellement en n\u00e9gociation entre la Tunisie et l&rsquo;Union europ\u00e9enne (UE), n\u2019est pas en train de peser suffisamment lourd dans cette campagne \u00e9lectorale, o\u00f9 la th\u00e9matique identitaire et les questions li\u00e9es \u00e0 la politique int\u00e9rieure l\u2019emportent sur le volet \u00e9conomique des programmes \u00e9lectoraux. <\/p>\n\n\n<p>Aussi, le FTDES a publi\u00e9 un <span style=\"color: #0000ff;\"><a style=\"color: #0000ff;\" href=\"https:\/\/ftdes.net\/ar\/questionnaire\/?fbclid=IwAR2XLs7CBcOBA51Q6OZrGRrcGpqjhpEhYrBDJDIlx0n46Zt5GRlDSy70hx8#\" target=\"_blank\" rel=\"noopener noreferrer\">questionnaire<\/a><\/span>, le 30 ao\u00fbt dernier, \u00e0 l&rsquo;intention des candidats au poste de pr\u00e9sident de la r\u00e9publique, concernant cette question qu&rsquo;il juge \u00e9pineuse sur les enjeux internationaux li\u00e9s l&rsquo;accord de l&rsquo;Aleca , notamment la lib\u00e9ralisation des investissements \u00e9trangers et de l&rsquo;\u00e9nergie, la libre concurrence, la coop\u00e9ration sur la circulation des personnes, et la protection de l&rsquo;environnement.<\/p>\n\n\n<p>Le FTDES insiste sur la n\u00e9cessit\u00e9 de suspendre les n\u00e9gociations au sujet de l\u2019Aleca, qui devraient exiger en premier lieu le respect du timing et du processus d\u00e9mocratique, ainsi que la mise en place de conditions facilitant une \u00ab<em>n\u00e9gociation \u00e9quilibr\u00e9e<\/em>\u00bb entre les 2 parties.\u00a0 <\/p>\n\n\n<p style=\"text-align: right;\"><strong>A. M. <\/strong><\/p>","protected":false},"excerpt":{"rendered":"<p>Le Forum tunisien pour les droits \u00e9conomiques et sociaux (FTDES) appelle les candidats \u00e0 l\u2019\u00e9lection pr\u00e9sidentielle du 15 septembre 2019 \u00e0 publier leurs positions concernant l\u2019Accord de libre-\u00e9change complet et approfondi (Aleca) et les questions li\u00e9es \u00e0 la migration.<\/p>\n","protected":false},"author":22,"featured_media":237666,"comment_status":"open","ping_status":"open","sticky":false,"template":"","format":"standard","meta":{"footnotes":""},"categories":[995,997,2433],"tags":[62,1216,9314,401],"class_list":["post-237626","post","type-post","status-publish","format-standard","has-post-thumbnail","hentry","category-economie","category-politique","category-tunisie","tag-aleca","tag-candidats","tag-elections-presidentielles","tag-ftdes"],"yoast_head":"<!-- This site is optimized with the Yoast SEO plugin v26.6 - https:\/\/yoast.com\/wordpress\/plugins\/seo\/ -->\n<title>Pr\u00e9sidentielle 2019 : le FTDES appelle les candidats \u00e0 publier leurs positions sur l\u2019Aleca - Kapitalis<\/title>\n<meta name=\"robots\" content=\"index, follow, max-snippet:-1, max-image-preview:large, max-video-preview:-1\" \/>\n<link rel=\"canonical\" href=\"https:\/\/kapitalis.com\/tunisie\/2019\/09\/06\/presidentielle-2019-le-ftdes-appelle-les-candidats-a-publier-leurs-positions-sur-laleca\/\" \/>\n<meta property=\"og:locale\" content=\"fr_FR\" \/>\n<meta property=\"og:type\" content=\"article\" \/>\n<meta property=\"og:title\" content=\"Pr\u00e9sidentielle 2019 : le FTDES appelle les candidats \u00e0 publier leurs positions sur l\u2019Aleca - Kapitalis\" \/>\n<meta property=\"og:description\" content=\"Le Forum tunisien pour les droits \u00e9conomiques et sociaux (FTDES) appelle les candidats \u00e0 l\u2019\u00e9lection pr\u00e9sidentielle du 15 septembre 2019 \u00e0 publier leurs positions concernant l\u2019Accord de libre-\u00e9change complet et approfondi (Aleca) et les questions li\u00e9es \u00e0 la migration.\" \/>\n<meta property=\"og:url\" content=\"https:\/\/kapitalis.com\/tunisie\/2019\/09\/06\/presidentielle-2019-le-ftdes-appelle-les-candidats-a-publier-leurs-positions-sur-laleca\/\" \/>\n<meta property=\"og:site_name\" content=\"Kapitalis\" \/>\n<meta property=\"article:publisher\" content=\"https:\/\/www.facebook.com\/KapitalisInfo\/\" \/>\n<meta property=\"article:published_time\" content=\"2019-09-06T17:54:56+00:00\" \/>\n<meta property=\"article:modified_time\" content=\"2019-09-06T17:58:19+00:00\" \/>\n<meta property=\"og:image\" content=\"https:\/\/kapitalis.com\/tunisie\/wp-content\/uploads\/2022\/05\/kapitalis-logo-fb.png\" \/>\n\t<meta property=\"og:image:width\" content=\"1200\" \/>\n\t<meta property=\"og:image:height\" content=\"630\" \/>\n\t<meta property=\"og:image:type\" content=\"image\/png\" \/>\n<meta name=\"author\" content=\"Amina Mkada\" \/>\n<meta name=\"twitter:card\" content=\"summary_large_image\" \/>\n<meta name=\"twitter:creator\" content=\"@KapitalisInfo\" \/>\n<meta name=\"twitter:site\" content=\"@KapitalisInfo\" \/>\n<meta name=\"twitter:label1\" content=\"\u00c9crit par\" \/>\n\t<meta name=\"twitter:data1\" content=\"Amina Mkada\" \/>\n\t<meta name=\"twitter:label2\" content=\"Dur\u00e9e de lecture estim\u00e9e\" \/>\n\t<meta name=\"twitter:data2\" content=\"1 minute\" \/>\n<script type=\"application\/ld+json\" class=\"yoast-schema-graph\">{\"@context\":\"https:\/\/schema.org\",\"@graph\":[{\"@type\":\"Article\",\"@id\":\"https:\/\/kapitalis.com\/tunisie\/2019\/09\/06\/presidentielle-2019-le-ftdes-appelle-les-candidats-a-publier-leurs-positions-sur-laleca\/#article\",\"isPartOf\":{\"@id\":\"https:\/\/kapitalis.com\/tunisie\/2019\/09\/06\/presidentielle-2019-le-ftdes-appelle-les-candidats-a-publier-leurs-positions-sur-laleca\/\"},\"author\":{\"name\":\"Amina Mkada\",\"@id\":\"https:\/\/kapitalis.com\/tunisie\/#\/schema\/person\/093913313d3017554cb3ad077fff3fbd\"},\"headline\":\"Pr\u00e9sidentielle 2019 : le FTDES appelle les candidats \u00e0 publier leurs positions sur l\u2019Aleca\",\"datePublished\":\"2019-09-06T17:54:56+00:00\",\"dateModified\":\"2019-09-06T17:58:19+00:00\",\"mainEntityOfPage\":{\"@id\":\"https:\/\/kapitalis.com\/tunisie\/2019\/09\/06\/presidentielle-2019-le-ftdes-appelle-les-candidats-a-publier-leurs-positions-sur-laleca\/\"},\"wordCount\":226,\"commentCount\":0,\"publisher\":{\"@id\":\"https:\/\/kapitalis.com\/tunisie\/#organization\"},\"image\":{\"@id\":\"https:\/\/kapitalis.com\/tunisie\/2019\/09\/06\/presidentielle-2019-le-ftdes-appelle-les-candidats-a-publier-leurs-positions-sur-laleca\/#primaryimage\"},\"thumbnailUrl\":\"\",\"keywords\":[\"Aleca\",\"candidats\",\"\u00e9lections pr\u00e9sidentielles\",\"FTDES\"],\"articleSection\":[\"ECONOMIE\",\"POLITIQUE\",\"Tunisie\"],\"inLanguage\":\"fr-FR\",\"potentialAction\":[{\"@type\":\"CommentAction\",\"name\":\"Comment\",\"target\":[\"https:\/\/kapitalis.com\/tunisie\/2019\/09\/06\/presidentielle-2019-le-ftdes-appelle-les-candidats-a-publier-leurs-positions-sur-laleca\/#respond\"]}]},{\"@type\":\"WebPage\",\"@id\":\"https:\/\/kapitalis.com\/tunisie\/2019\/09\/06\/presidentielle-2019-le-ftdes-appelle-les-candidats-a-publier-leurs-positions-sur-laleca\/\",\"url\":\"https:\/\/kapitalis.com\/tunisie\/2019\/09\/06\/presidentielle-2019-le-ftdes-appelle-les-candidats-a-publier-leurs-positions-sur-laleca\/\",\"name\":\"Pr\u00e9sidentielle 2019 : le FTDES appelle les candidats \u00e0 publier leurs positions sur l\u2019Aleca - Kapitalis\",\"isPartOf\":{\"@id\":\"https:\/\/kapitalis.com\/tunisie\/#website\"},\"primaryImageOfPage\":{\"@id\":\"https:\/\/kapitalis.com\/tunisie\/2019\/09\/06\/presidentielle-2019-le-ftdes-appelle-les-candidats-a-publier-leurs-positions-sur-laleca\/#primaryimage\"},\"image\":{\"@id\":\"https:\/\/kapitalis.com\/tunisie\/2019\/09\/06\/presidentielle-2019-le-ftdes-appelle-les-candidats-a-publier-leurs-positions-sur-laleca\/#primaryimage\"},\"thumbnailUrl\":\"\",\"datePublished\":\"2019-09-06T17:54:56+00:00\",\"dateModified\":\"2019-09-06T17:58:19+00:00\",\"breadcrumb\":{\"@id\":\"https:\/\/kapitalis.com\/tunisie\/2019\/09\/06\/presidentielle-2019-le-ftdes-appelle-les-candidats-a-publier-leurs-positions-sur-laleca\/#breadcrumb\"},\"inLanguage\":\"fr-FR\",\"potentialAction\":[{\"@type\":\"ReadAction\",\"target\":[\"https:\/\/kapitalis.com\/tunisie\/2019\/09\/06\/presidentielle-2019-le-ftdes-appelle-les-candidats-a-publier-leurs-positions-sur-laleca\/\"]}]},{\"@type\":\"ImageObject\",\"inLanguage\":\"fr-FR\",\"@id\":\"https:\/\/kapitalis.com\/tunisie\/2019\/09\/06\/presidentielle-2019-le-ftdes-appelle-les-candidats-a-publier-leurs-positions-sur-laleca\/#primaryimage\",\"url\":\"\",\"contentUrl\":\"\"},{\"@type\":\"BreadcrumbList\",\"@id\":\"https:\/\/kapitalis.com\/tunisie\/2019\/09\/06\/presidentielle-2019-le-ftdes-appelle-les-candidats-a-publier-leurs-positions-sur-laleca\/#breadcrumb\",\"itemListElement\":[{\"@type\":\"ListItem\",\"position\":1,\"name\":\"Accueil\",\"item\":\"https:\/\/kapitalis.com\/tunisie\/\"},{\"@type\":\"ListItem\",\"position\":2,\"name\":\"Pr\u00e9sidentielle 2019 : le FTDES appelle les candidats \u00e0 publier leurs positions sur l\u2019Aleca\"}]},{\"@type\":\"WebSite\",\"@id\":\"https:\/\/kapitalis.com\/tunisie\/#website\",\"url\":\"https:\/\/kapitalis.com\/tunisie\/\",\"name\":\"Kapitalis\",\"description\":\"L&#039;actualit\u00e9 en Tunisie et dans le monde\",\"publisher\":{\"@id\":\"https:\/\/kapitalis.com\/tunisie\/#organization\"},\"potentialAction\":[{\"@type\":\"SearchAction\",\"target\":{\"@type\":\"EntryPoint\",\"urlTemplate\":\"https:\/\/kapitalis.com\/tunisie\/?s={search_term_string}\"},\"query-input\":{\"@type\":\"PropertyValueSpecification\",\"valueRequired\":true,\"valueName\":\"search_term_string\"}}],\"inLanguage\":\"fr-FR\"},{\"@type\":\"Organization\",\"@id\":\"https:\/\/kapitalis.com\/tunisie\/#organization\",\"name\":\"Kapitalis\",\"url\":\"https:\/\/kapitalis.com\/tunisie\/\",\"logo\":{\"@type\":\"ImageObject\",\"inLanguage\":\"fr-FR\",\"@id\":\"https:\/\/kapitalis.com\/tunisie\/#\/schema\/logo\/image\/\",\"url\":\"https:\/\/kapitalis.com\/tunisie\/wp-content\/uploads\/2022\/05\/Kapitalis-big-size.png\",\"contentUrl\":\"https:\/\/kapitalis.com\/tunisie\/wp-content\/uploads\/2022\/05\/Kapitalis-big-size.png\",\"width\":5000,\"height\":1500,\"caption\":\"Kapitalis\"},\"image\":{\"@id\":\"https:\/\/kapitalis.com\/tunisie\/#\/schema\/logo\/image\/\"},\"sameAs\":[\"https:\/\/www.facebook.com\/KapitalisInfo\/\",\"https:\/\/x.com\/KapitalisInfo\",\"https:\/\/www.youtube.com\/channel\/UC-yDYrHyfFBWWZaOw3FPg9Q\"]},{\"@type\":\"Person\",\"@id\":\"https:\/\/kapitalis.com\/tunisie\/#\/schema\/person\/093913313d3017554cb3ad077fff3fbd\",\"name\":\"Amina Mkada\",\"url\":\"https:\/\/kapitalis.com\/tunisie\/author\/amina\/\"}]}<\/script>\n<!-- \/ Yoast SEO plugin. -->","yoast_head_json":{"title":"Pr\u00e9sidentielle 2019 : le FTDES appelle les candidats \u00e0 publier leurs positions sur l\u2019Aleca - Kapitalis","robots":{"index":"index","follow":"follow","max-snippet":"max-snippet:-1","max-image-preview":"max-image-preview:large","max-video-preview":"max-video-preview:-1"},"canonical":"https:\/\/kapitalis.com\/tunisie\/2019\/09\/06\/presidentielle-2019-le-ftdes-appelle-les-candidats-a-publier-leurs-positions-sur-laleca\/","og_locale":"fr_FR","og_type":"article","og_title":"Pr\u00e9sidentielle 2019 : le FTDES appelle les candidats \u00e0 publier leurs positions sur l\u2019Aleca - Kapitalis","og_description":"Le Forum tunisien pour les droits \u00e9conomiques et sociaux (FTDES) appelle les candidats \u00e0 l\u2019\u00e9lection pr\u00e9sidentielle du 15 septembre 2019 \u00e0 publier leurs positions concernant l\u2019Accord de libre-\u00e9change complet et approfondi (Aleca) et les questions li\u00e9es \u00e0 la migration.","og_url":"https:\/\/kapitalis.com\/tunisie\/2019\/09\/06\/presidentielle-2019-le-ftdes-appelle-les-candidats-a-publier-leurs-positions-sur-laleca\/","og_site_name":"Kapitalis","article_publisher":"https:\/\/www.facebook.com\/KapitalisInfo\/","article_published_time":"2019-09-06T17:54:56+00:00","article_modified_time":"2019-09-06T17:58:19+00:00","og_image":[{"width":1200,"height":630,"url":"https:\/\/kapitalis.com\/tunisie\/wp-content\/uploads\/2022\/05\/kapitalis-logo-fb.png","type":"image\/png"}],"author":"Amina Mkada","twitter_card":"summary_large_image","twitter_creator":"@KapitalisInfo","twitter_site":"@KapitalisInfo","twitter_misc":{"\u00c9crit par":"Amina Mkada","Dur\u00e9e de lecture estim\u00e9e":"1 minute"},"schema":{"@context":"https:\/\/schema.org","@graph":[{"@type":"Article","@id":"https:\/\/kapitalis.com\/tunisie\/2019\/09\/06\/presidentielle-2019-le-ftdes-appelle-les-candidats-a-publier-leurs-positions-sur-laleca\/#article","isPartOf":{"@id":"https:\/\/kapitalis.com\/tunisie\/2019\/09\/06\/presidentielle-2019-le-ftdes-appelle-les-candidats-a-publier-leurs-positions-sur-laleca\/"},"author":{"name":"Amina Mkada","@id":"https:\/\/kapitalis.com\/tunisie\/#\/schema\/person\/093913313d3017554cb3ad077fff3fbd"},"headline":"Pr\u00e9sidentielle 2019 : le FTDES appelle les candidats \u00e0 publier leurs positions sur l\u2019Aleca","datePublished":"2019-09-06T17:54:56+00:00","dateModified":"2019-09-06T17:58:19+00:00","mainEntityOfPage":{"@id":"https:\/\/kapitalis.com\/tunisie\/2019\/09\/06\/presidentielle-2019-le-ftdes-appelle-les-candidats-a-publier-leurs-positions-sur-laleca\/"},"wordCount":226,"commentCount":0,"publisher":{"@id":"https:\/\/kapitalis.com\/tunisie\/#organization"},"image":{"@id":"https:\/\/kapitalis.com\/tunisie\/2019\/09\/06\/presidentielle-2019-le-ftdes-appelle-les-candidats-a-publier-leurs-positions-sur-laleca\/#primaryimage"},"thumbnailUrl":"","keywords":["Aleca","candidats","\u00e9lections pr\u00e9sidentielles","FTDES"],"articleSection":["ECONOMIE","POLITIQUE","Tunisie"],"inLanguage":"fr-FR","potentialAction":[{"@type":"CommentAction","name":"Comment","target":["https:\/\/kapitalis.com\/tunisie\/2019\/09\/06\/presidentielle-2019-le-ftdes-appelle-les-candidats-a-publier-leurs-positions-sur-laleca\/#respond"]}]},{"@type":"WebPage","@id":"https:\/\/kapitalis.com\/tunisie\/2019\/09\/06\/presidentielle-2019-le-ftdes-appelle-les-candidats-a-publier-leurs-positions-sur-laleca\/","url":"https:\/\/kapitalis.com\/tunisie\/2019\/09\/06\/presidentielle-2019-le-ftdes-appelle-les-candidats-a-publier-leurs-positions-sur-laleca\/","name":"Pr\u00e9sidentielle 2019 : le FTDES appelle les candidats \u00e0 publier leurs positions sur l\u2019Aleca - Kapitalis","isPartOf":{"@id":"https:\/\/kapitalis.com\/tunisie\/#website"},"primaryImageOfPage":{"@id":"https:\/\/kapitalis.com\/tunisie\/2019\/09\/06\/presidentielle-2019-le-ftdes-appelle-les-candidats-a-publier-leurs-positions-sur-laleca\/#primaryimage"},"image":{"@id":"https:\/\/kapitalis.com\/tunisie\/2019\/09\/06\/presidentielle-2019-le-ftdes-appelle-les-candidats-a-publier-leurs-positions-sur-laleca\/#primaryimage"},"thumbnailUrl":"","datePublished":"2019-09-06T17:54:56+00:00","dateModified":"2019-09-06T17:58:19+00:00","breadcrumb":{"@id":"https:\/\/kapitalis.com\/tunisie\/2019\/09\/06\/presidentielle-2019-le-ftdes-appelle-les-candidats-a-publier-leurs-positions-sur-laleca\/#breadcrumb"},"inLanguage":"fr-FR","potentialAction":[{"@type":"ReadAction","target":["https:\/\/kapitalis.com\/tunisie\/2019\/09\/06\/presidentielle-2019-le-ftdes-appelle-les-candidats-a-publier-leurs-positions-sur-laleca\/"]}]},{"@type":"ImageObject","inLanguage":"fr-FR","@id":"https:\/\/kapitalis.com\/tunisie\/2019\/09\/06\/presidentielle-2019-le-ftdes-appelle-les-candidats-a-publier-leurs-positions-sur-laleca\/#primaryimage","url":"","contentUrl":""},{"@type":"BreadcrumbList","@id":"https:\/\/kapitalis.com\/tunisie\/2019\/09\/06\/presidentielle-2019-le-ftdes-appelle-les-candidats-a-publier-leurs-positions-sur-laleca\/#breadcrumb","itemListElement":[{"@type":"ListItem","position":1,"name":"Accueil","item":"https:\/\/kapitalis.com\/tunisie\/"},{"@type":"ListItem","position":2,"name":"Pr\u00e9sidentielle 2019 : le FTDES appelle les candidats \u00e0 publier leurs positions sur l\u2019Aleca"}]},{"@type":"WebSite","@id":"https:\/\/kapitalis.com\/tunisie\/#website","url":"https:\/\/kapitalis.com\/tunisie\/","name":"Kapitalis","description":"L&#039;actualit\u00e9 en Tunisie et dans le monde","publisher":{"@id":"https:\/\/kapitalis.com\/tunisie\/#organization"},"potentialAction":[{"@type":"SearchAction","target":{"@type":"EntryPoint","urlTemplate":"https:\/\/kapitalis.com\/tunisie\/?s={search_term_string}"},"query-input":{"@type":"PropertyValueSpecification","valueRequired":true,"valueName":"search_term_string"}}],"inLanguage":"fr-FR"},{"@type":"Organization","@id":"https:\/\/kapitalis.com\/tunisie\/#organization","name":"Kapitalis","url":"https:\/\/kapitalis.com\/tunisie\/","logo":{"@type":"ImageObject","inLanguage":"fr-FR","@id":"https:\/\/kapitalis.com\/tunisie\/#\/schema\/logo\/image\/","url":"https:\/\/kapitalis.com\/tunisie\/wp-content\/uploads\/2022\/05\/Kapitalis-big-size.png","contentUrl":"https:\/\/kapitalis.com\/tunisie\/wp-content\/uploads\/2022\/05\/Kapitalis-big-size.png","width":5000,"height":1500,"caption":"Kapitalis"},"image":{"@id":"https:\/\/kapitalis.com\/tunisie\/#\/schema\/logo\/image\/"},"sameAs":["https:\/\/www.facebook.com\/KapitalisInfo\/","https:\/\/x.com\/KapitalisInfo","https:\/\/www.youtube.com\/channel\/UC-yDYrHyfFBWWZaOw3FPg9Q"]},{"@type":"Person","@id":"https:\/\/kapitalis.com\/tunisie\/#\/schema\/person\/093913313d3017554cb3ad077fff3fbd","name":"Amina Mkada","url":"https:\/\/kapitalis.com\/tunisie\/author\/amina\/"}]}},"_links":{"self":[{"href":"https:\/\/kapitalis.com\/tunisie\/wp-json\/wp\/v2\/posts\/237626","targetHints":{"allow":["GET"]}}],"collection":[{"href":"https:\/\/kapitalis.com\/tunisie\/wp-json\/wp\/v2\/posts"}],"about":[{"href":"https:\/\/kapitalis.com\/tunisie\/wp-json\/wp\/v2\/types\/post"}],"author":[{"embeddable":true,"href":"https:\/\/kapitalis.com\/tunisie\/wp-json\/wp\/v2\/users\/22"}],"replies":[{"embeddable":true,"href":"https:\/\/kapitalis.com\/tunisie\/wp-json\/wp\/v2\/comments?post=237626"}],"version-history":[{"count":0,"href":"https:\/\/kapitalis.com\/tunisie\/wp-json\/wp\/v2\/posts\/237626\/revisions"}],"wp:featuredmedia":[{"embeddable":true,"href":"https:\/\/kapitalis.com\/tunisie\/wp-json\/wp\/v2\/media\/237666"}],"wp:attachment":[{"href":"https:\/\/kapitalis.com\/tunisie\/wp-json\/wp\/v2\/media?parent=237626"}],"wp:term":[{"taxonomy":"category","embeddable":true,"href":"https:\/\/kapitalis.com\/tunisie\/wp-json\/wp\/v2\/categories?post=237626"},{"taxonomy":"post_tag","embeddable":true,"href":"https:\/\/kapitalis.com\/tunisie\/wp-json\/wp\/v2\/tags?post=237626"}],"curies":[{"name":"wp","href":"https:\/\/api.w.org\/{rel}","templated":true}]}}