{"id":237728,"date":"2019-09-07T10:30:04","date_gmt":"2019-09-07T09:30:04","guid":{"rendered":"http:\/\/kapitalis.com\/tunisie\/?p=237728"},"modified":"2019-09-07T10:40:08","modified_gmt":"2019-09-07T09:40:08","slug":"presidentielle-les-journalistes-qui-vont-mener-le-debat-avec-les-candidats-sur-la-chaine-wataniya-photos","status":"publish","type":"post","link":"https:\/\/kapitalis.com\/tunisie\/2019\/09\/07\/presidentielle-les-journalistes-qui-vont-mener-le-debat-avec-les-candidats-sur-la-chaine-wataniya-photos\/","title":{"rendered":"Pr\u00e9sidentielle : Les journalistes qui vont mener le d\u00e9bat avec les candidats sur la cha\u00eene Wataniya (Photos)"},"content":{"rendered":"\n<figure class=\"wp-block-image\"><img decoding=\"async\" src=\"http:\/\/kapitalis.com\/tunisie\/wp-content\/uploads\/2019\/09\/d\u00e9bat-politique-presidentielle.jpg\" alt=\"\" class=\"wp-image-237738\"\/><\/figure>\n\n\n\n<p><strong><em>Le premier d\u00e9bat de la pr\u00e9sidentielle 2019, o\u00f9 s&rsquo;affronteront les candidats en direct, ce soir, samedi 7 septembre 2019, \u00e0 partir de 21h, sur la cha\u00eene nationale Watania 1, sera men\u00e9 par les journalistes Elyes Gharbi et Asma Bettaieb.<\/em><\/strong><\/p>\n\n\n\n<!--more-->\n\n\n\n<p>A 8 jours de la date du scrutin, l&rsquo;Etablissement de la t\u00e9l\u00e9vision tunisienne (ETT) organise, pour la premi\u00e8re fois, un d\u00e9bat du genre, permettant aux candidats pour la magistrature supr\u00eame de confronter leurs id\u00e9es et pr\u00e9senter leurs programmes, tout en r\u00e9pondant \u00e0 des questions tir\u00e9es au sort. <\/p>\n\n\n\n<p>Chaque pr\u00e9tendant b\u00e9n\u00e9ficiera de 90 secondes pour r\u00e9pondre et pourra \u00eatre relanc\u00e9 ou interrompu par les autres pr\u00e9tendants. Les journalistes feront office de mod\u00e9rateurs.<\/p>\n\n\n\n<div class=\"wp-block-image\"><figure class=\"aligncenter is-resized\"><img loading=\"lazy\" decoding=\"async\" src=\"http:\/\/kapitalis.com\/tunisie\/wp-content\/uploads\/2019\/09\/Elyes-Gharbi-et-Asma-Bettaieb.jpg\" alt=\"\" class=\"wp-image-237739\" width=\"500\" height=\"352\"\/><figcaption><em>Elyes Gharbi et Asma Bettaieb.<\/em><\/figcaption><\/figure><\/div>\n\n\n\n<p>On notera que le tirage au sort sur l\u2019ordre de prise de parole et les questions \u00e0 poser aux candidats aura lieu en fin d&rsquo;apr\u00e8s-midi (18h), au si\u00e8ge de la t\u00e9l\u00e9vision tunisienne, et ce, en pr\u00e9sence d\u2019un huissier ainsi que des membres de la Haute autorit\u00e9 ind\u00e9pendante de la communication audiovisuelle (Haica) et de l&rsquo;Instance sup\u00e9rieure ind\u00e9pendante pour les \u00e9lections (Isie), ainsi que des repr\u00e9sentants du comit\u00e9 d&rsquo;\u00e9thique du Syndicat national des journalistes tunisiens (SNJT).<\/p>\n\n\n\n<p>Ce d\u00e9bat pourra \u00eatre diffus\u00e9 en simultan\u00e9 par d&rsquo;autres cha\u00eene, pr\u00e9cise la t\u00e9l\u00e9vision tunisienne qui mettra \u00e0 leur disposition le signal de diffusion <em>clean feed<\/em>.<\/p>\n\n\n\n<ul class=\"wp-block-gallery columns-1 is-cropped wp-block-gallery-1 is-layout-flex wp-block-gallery-is-layout-flex\"><li class=\"blocks-gallery-item\"><figure><img decoding=\"async\" src=\"http:\/\/kapitalis.com\/tunisie\/wp-content\/uploads\/2019\/09\/watania-d\u00e9bat-politique.jpg\" alt=\"\" data-id=\"237740\" data-link=\"http:\/\/kapitalis.com\/tunisie\/?attachment_id=237740\" class=\"wp-image-237740\"\/><\/figure><\/li><li class=\"blocks-gallery-item\"><figure><img decoding=\"async\" src=\"http:\/\/kapitalis.com\/tunisie\/wp-content\/uploads\/2019\/09\/pr\u00e9sidentielle-d\u00e9bat.jpg\" alt=\"\" data-id=\"237741\" data-link=\"http:\/\/kapitalis.com\/tunisie\/?attachment_id=237741\" class=\"wp-image-237741\"\/><\/figure><\/li><\/ul>\n\n\n\n<p>Deux autres bin\u00f4mes de journalistes conduiront les deux prochains d\u00e9bats : Iheb Chaouech et Khouloud Mabrouk pour celui du dimanche 8 septembre et Chaker Besbes et Le\u00efla Hkiri pour celui du lundi 9.<\/p>\n\n\n\n<p style=\"text-align:right\"><strong>Y. N.<\/strong><\/p>\n","protected":false},"excerpt":{"rendered":"<p>Le premier d\u00e9bat de la pr\u00e9sidentielle 2019, o\u00f9 s&rsquo;affronteront les candidats en direct, ce soir, samedi 7 septembre 2019, \u00e0 partir de 21h, sur la cha\u00eene nationale Watania 1, sera men\u00e9 par les journalistes Elyes Gharbi et Asma Bettaieb.<\/p>\n","protected":false},"author":6,"featured_media":237738,"comment_status":"open","ping_status":"open","sticky":false,"template":"","format":"standard","meta":{"footnotes":""},"categories":[996,997,2433],"tags":[1216,13242,1843,499,1459,4797,838,4774],"class_list":["post-237728","post","type-post","status-publish","format-standard","has-post-thumbnail","hentry","category-media","category-politique","category-tunisie","tag-candidats","tag-chaine-nationale","tag-haica","tag-isie","tag-journalistes","tag-presidentielle","tag-snjt","tag-television-tunisienne"],"yoast_head":"<!-- This site is optimized with the Yoast SEO plugin v26.6 - https:\/\/yoast.com\/wordpress\/plugins\/seo\/ -->\n<title>Pr\u00e9sidentielle : Les journalistes qui vont mener le d\u00e9bat avec les candidats sur la cha\u00eene Wataniya (Photos) - Kapitalis<\/title>\n<meta name=\"robots\" content=\"index, follow, max-snippet:-1, max-image-preview:large, max-video-preview:-1\" \/>\n<link rel=\"canonical\" href=\"https:\/\/kapitalis.com\/tunisie\/2019\/09\/07\/presidentielle-les-journalistes-qui-vont-mener-le-debat-avec-les-candidats-sur-la-chaine-wataniya-photos\/\" \/>\n<meta property=\"og:locale\" content=\"fr_FR\" \/>\n<meta property=\"og:type\" content=\"article\" \/>\n<meta property=\"og:title\" content=\"Pr\u00e9sidentielle : Les journalistes qui vont mener le d\u00e9bat avec les candidats sur la cha\u00eene Wataniya (Photos) - Kapitalis\" \/>\n<meta property=\"og:description\" content=\"Le premier d\u00e9bat de la pr\u00e9sidentielle 2019, o\u00f9 s&rsquo;affronteront les candidats en direct, ce soir, samedi 7 septembre 2019, \u00e0 partir de 21h, sur la cha\u00eene nationale Watania 1, sera men\u00e9 par les journalistes Elyes Gharbi et Asma Bettaieb.\" \/>\n<meta property=\"og:url\" content=\"https:\/\/kapitalis.com\/tunisie\/2019\/09\/07\/presidentielle-les-journalistes-qui-vont-mener-le-debat-avec-les-candidats-sur-la-chaine-wataniya-photos\/\" \/>\n<meta property=\"og:site_name\" content=\"Kapitalis\" \/>\n<meta property=\"article:publisher\" content=\"https:\/\/www.facebook.com\/KapitalisInfo\/\" \/>\n<meta property=\"article:published_time\" content=\"2019-09-07T09:30:04+00:00\" \/>\n<meta property=\"article:modified_time\" content=\"2019-09-07T09:40:08+00:00\" \/>\n<meta property=\"og:image\" content=\"https:\/\/kapitalis.com\/tunisie\/wp-content\/uploads\/2022\/05\/kapitalis-logo-fb.png\" \/>\n\t<meta property=\"og:image:width\" content=\"1200\" \/>\n\t<meta property=\"og:image:height\" content=\"630\" \/>\n\t<meta property=\"og:image:type\" content=\"image\/png\" \/>\n<meta name=\"author\" content=\"Yusra NY\" \/>\n<meta name=\"twitter:card\" content=\"summary_large_image\" \/>\n<meta name=\"twitter:creator\" content=\"@KapitalisInfo\" \/>\n<meta name=\"twitter:site\" content=\"@KapitalisInfo\" \/>\n<meta name=\"twitter:label1\" content=\"\u00c9crit par\" \/>\n\t<meta name=\"twitter:data1\" content=\"Yusra NY\" \/>\n\t<meta name=\"twitter:label2\" content=\"Dur\u00e9e de lecture estim\u00e9e\" \/>\n\t<meta name=\"twitter:data2\" content=\"1 minute\" \/>\n<script type=\"application\/ld+json\" class=\"yoast-schema-graph\">{\"@context\":\"https:\/\/schema.org\",\"@graph\":[{\"@type\":\"Article\",\"@id\":\"https:\/\/kapitalis.com\/tunisie\/2019\/09\/07\/presidentielle-les-journalistes-qui-vont-mener-le-debat-avec-les-candidats-sur-la-chaine-wataniya-photos\/#article\",\"isPartOf\":{\"@id\":\"https:\/\/kapitalis.com\/tunisie\/2019\/09\/07\/presidentielle-les-journalistes-qui-vont-mener-le-debat-avec-les-candidats-sur-la-chaine-wataniya-photos\/\"},\"author\":{\"name\":\"Yusra NY\",\"@id\":\"https:\/\/kapitalis.com\/tunisie\/#\/schema\/person\/74bbde0154d49d790a92aaeac5bc01d5\"},\"headline\":\"Pr\u00e9sidentielle : Les journalistes qui vont mener le d\u00e9bat avec les candidats sur la cha\u00eene Wataniya (Photos)\",\"datePublished\":\"2019-09-07T09:30:04+00:00\",\"dateModified\":\"2019-09-07T09:40:08+00:00\",\"mainEntityOfPage\":{\"@id\":\"https:\/\/kapitalis.com\/tunisie\/2019\/09\/07\/presidentielle-les-journalistes-qui-vont-mener-le-debat-avec-les-candidats-sur-la-chaine-wataniya-photos\/\"},\"wordCount\":294,\"commentCount\":3,\"publisher\":{\"@id\":\"https:\/\/kapitalis.com\/tunisie\/#organization\"},\"image\":{\"@id\":\"https:\/\/kapitalis.com\/tunisie\/2019\/09\/07\/presidentielle-les-journalistes-qui-vont-mener-le-debat-avec-les-candidats-sur-la-chaine-wataniya-photos\/#primaryimage\"},\"thumbnailUrl\":\"\",\"keywords\":[\"candidats\",\"chaine nationale\",\"Haica\",\"Isie\",\"journalistes\",\"pr\u00e9sidentielle\",\"SNJT\",\"t\u00e9l\u00e9vision tunisienne\"],\"articleSection\":[\"MEDIA\",\"POLITIQUE\",\"Tunisie\"],\"inLanguage\":\"fr-FR\",\"potentialAction\":[{\"@type\":\"CommentAction\",\"name\":\"Comment\",\"target\":[\"https:\/\/kapitalis.com\/tunisie\/2019\/09\/07\/presidentielle-les-journalistes-qui-vont-mener-le-debat-avec-les-candidats-sur-la-chaine-wataniya-photos\/#respond\"]}]},{\"@type\":\"WebPage\",\"@id\":\"https:\/\/kapitalis.com\/tunisie\/2019\/09\/07\/presidentielle-les-journalistes-qui-vont-mener-le-debat-avec-les-candidats-sur-la-chaine-wataniya-photos\/\",\"url\":\"https:\/\/kapitalis.com\/tunisie\/2019\/09\/07\/presidentielle-les-journalistes-qui-vont-mener-le-debat-avec-les-candidats-sur-la-chaine-wataniya-photos\/\",\"name\":\"Pr\u00e9sidentielle : Les journalistes qui vont mener le d\u00e9bat avec les candidats sur la cha\u00eene Wataniya (Photos) - Kapitalis\",\"isPartOf\":{\"@id\":\"https:\/\/kapitalis.com\/tunisie\/#website\"},\"primaryImageOfPage\":{\"@id\":\"https:\/\/kapitalis.com\/tunisie\/2019\/09\/07\/presidentielle-les-journalistes-qui-vont-mener-le-debat-avec-les-candidats-sur-la-chaine-wataniya-photos\/#primaryimage\"},\"image\":{\"@id\":\"https:\/\/kapitalis.com\/tunisie\/2019\/09\/07\/presidentielle-les-journalistes-qui-vont-mener-le-debat-avec-les-candidats-sur-la-chaine-wataniya-photos\/#primaryimage\"},\"thumbnailUrl\":\"\",\"datePublished\":\"2019-09-07T09:30:04+00:00\",\"dateModified\":\"2019-09-07T09:40:08+00:00\",\"breadcrumb\":{\"@id\":\"https:\/\/kapitalis.com\/tunisie\/2019\/09\/07\/presidentielle-les-journalistes-qui-vont-mener-le-debat-avec-les-candidats-sur-la-chaine-wataniya-photos\/#breadcrumb\"},\"inLanguage\":\"fr-FR\",\"potentialAction\":[{\"@type\":\"ReadAction\",\"target\":[\"https:\/\/kapitalis.com\/tunisie\/2019\/09\/07\/presidentielle-les-journalistes-qui-vont-mener-le-debat-avec-les-candidats-sur-la-chaine-wataniya-photos\/\"]}]},{\"@type\":\"ImageObject\",\"inLanguage\":\"fr-FR\",\"@id\":\"https:\/\/kapitalis.com\/tunisie\/2019\/09\/07\/presidentielle-les-journalistes-qui-vont-mener-le-debat-avec-les-candidats-sur-la-chaine-wataniya-photos\/#primaryimage\",\"url\":\"\",\"contentUrl\":\"\"},{\"@type\":\"BreadcrumbList\",\"@id\":\"https:\/\/kapitalis.com\/tunisie\/2019\/09\/07\/presidentielle-les-journalistes-qui-vont-mener-le-debat-avec-les-candidats-sur-la-chaine-wataniya-photos\/#breadcrumb\",\"itemListElement\":[{\"@type\":\"ListItem\",\"position\":1,\"name\":\"Accueil\",\"item\":\"https:\/\/kapitalis.com\/tunisie\/\"},{\"@type\":\"ListItem\",\"position\":2,\"name\":\"Pr\u00e9sidentielle : Les journalistes qui vont mener le d\u00e9bat avec les candidats sur la cha\u00eene Wataniya (Photos)\"}]},{\"@type\":\"WebSite\",\"@id\":\"https:\/\/kapitalis.com\/tunisie\/#website\",\"url\":\"https:\/\/kapitalis.com\/tunisie\/\",\"name\":\"Kapitalis\",\"description\":\"L&#039;actualit\u00e9 en Tunisie et dans le monde\",\"publisher\":{\"@id\":\"https:\/\/kapitalis.com\/tunisie\/#organization\"},\"potentialAction\":[{\"@type\":\"SearchAction\",\"target\":{\"@type\":\"EntryPoint\",\"urlTemplate\":\"https:\/\/kapitalis.com\/tunisie\/?s={search_term_string}\"},\"query-input\":{\"@type\":\"PropertyValueSpecification\",\"valueRequired\":true,\"valueName\":\"search_term_string\"}}],\"inLanguage\":\"fr-FR\"},{\"@type\":\"Organization\",\"@id\":\"https:\/\/kapitalis.com\/tunisie\/#organization\",\"name\":\"Kapitalis\",\"url\":\"https:\/\/kapitalis.com\/tunisie\/\",\"logo\":{\"@type\":\"ImageObject\",\"inLanguage\":\"fr-FR\",\"@id\":\"https:\/\/kapitalis.com\/tunisie\/#\/schema\/logo\/image\/\",\"url\":\"https:\/\/kapitalis.com\/tunisie\/wp-content\/uploads\/2022\/05\/Kapitalis-big-size.png\",\"contentUrl\":\"https:\/\/kapitalis.com\/tunisie\/wp-content\/uploads\/2022\/05\/Kapitalis-big-size.png\",\"width\":5000,\"height\":1500,\"caption\":\"Kapitalis\"},\"image\":{\"@id\":\"https:\/\/kapitalis.com\/tunisie\/#\/schema\/logo\/image\/\"},\"sameAs\":[\"https:\/\/www.facebook.com\/KapitalisInfo\/\",\"https:\/\/x.com\/KapitalisInfo\",\"https:\/\/www.youtube.com\/channel\/UC-yDYrHyfFBWWZaOw3FPg9Q\"]},{\"@type\":\"Person\",\"@id\":\"https:\/\/kapitalis.com\/tunisie\/#\/schema\/person\/74bbde0154d49d790a92aaeac5bc01d5\",\"name\":\"Yusra NY\",\"url\":\"https:\/\/kapitalis.com\/tunisie\/author\/yuza_adam\/\"}]}<\/script>\n<!-- \/ Yoast SEO plugin. -->","yoast_head_json":{"title":"Pr\u00e9sidentielle : Les journalistes qui vont mener le d\u00e9bat avec les candidats sur la cha\u00eene Wataniya (Photos) - Kapitalis","robots":{"index":"index","follow":"follow","max-snippet":"max-snippet:-1","max-image-preview":"max-image-preview:large","max-video-preview":"max-video-preview:-1"},"canonical":"https:\/\/kapitalis.com\/tunisie\/2019\/09\/07\/presidentielle-les-journalistes-qui-vont-mener-le-debat-avec-les-candidats-sur-la-chaine-wataniya-photos\/","og_locale":"fr_FR","og_type":"article","og_title":"Pr\u00e9sidentielle : Les journalistes qui vont mener le d\u00e9bat avec les candidats sur la cha\u00eene Wataniya (Photos) - Kapitalis","og_description":"Le premier d\u00e9bat de la pr\u00e9sidentielle 2019, o\u00f9 s&rsquo;affronteront les candidats en direct, ce soir, samedi 7 septembre 2019, \u00e0 partir de 21h, sur la cha\u00eene nationale Watania 1, sera men\u00e9 par les journalistes Elyes Gharbi et Asma Bettaieb.","og_url":"https:\/\/kapitalis.com\/tunisie\/2019\/09\/07\/presidentielle-les-journalistes-qui-vont-mener-le-debat-avec-les-candidats-sur-la-chaine-wataniya-photos\/","og_site_name":"Kapitalis","article_publisher":"https:\/\/www.facebook.com\/KapitalisInfo\/","article_published_time":"2019-09-07T09:30:04+00:00","article_modified_time":"2019-09-07T09:40:08+00:00","og_image":[{"width":1200,"height":630,"url":"https:\/\/kapitalis.com\/tunisie\/wp-content\/uploads\/2022\/05\/kapitalis-logo-fb.png","type":"image\/png"}],"author":"Yusra NY","twitter_card":"summary_large_image","twitter_creator":"@KapitalisInfo","twitter_site":"@KapitalisInfo","twitter_misc":{"\u00c9crit par":"Yusra NY","Dur\u00e9e de lecture estim\u00e9e":"1 minute"},"schema":{"@context":"https:\/\/schema.org","@graph":[{"@type":"Article","@id":"https:\/\/kapitalis.com\/tunisie\/2019\/09\/07\/presidentielle-les-journalistes-qui-vont-mener-le-debat-avec-les-candidats-sur-la-chaine-wataniya-photos\/#article","isPartOf":{"@id":"https:\/\/kapitalis.com\/tunisie\/2019\/09\/07\/presidentielle-les-journalistes-qui-vont-mener-le-debat-avec-les-candidats-sur-la-chaine-wataniya-photos\/"},"author":{"name":"Yusra NY","@id":"https:\/\/kapitalis.com\/tunisie\/#\/schema\/person\/74bbde0154d49d790a92aaeac5bc01d5"},"headline":"Pr\u00e9sidentielle : Les journalistes qui vont mener le d\u00e9bat avec les candidats sur la cha\u00eene Wataniya (Photos)","datePublished":"2019-09-07T09:30:04+00:00","dateModified":"2019-09-07T09:40:08+00:00","mainEntityOfPage":{"@id":"https:\/\/kapitalis.com\/tunisie\/2019\/09\/07\/presidentielle-les-journalistes-qui-vont-mener-le-debat-avec-les-candidats-sur-la-chaine-wataniya-photos\/"},"wordCount":294,"commentCount":3,"publisher":{"@id":"https:\/\/kapitalis.com\/tunisie\/#organization"},"image":{"@id":"https:\/\/kapitalis.com\/tunisie\/2019\/09\/07\/presidentielle-les-journalistes-qui-vont-mener-le-debat-avec-les-candidats-sur-la-chaine-wataniya-photos\/#primaryimage"},"thumbnailUrl":"","keywords":["candidats","chaine nationale","Haica","Isie","journalistes","pr\u00e9sidentielle","SNJT","t\u00e9l\u00e9vision tunisienne"],"articleSection":["MEDIA","POLITIQUE","Tunisie"],"inLanguage":"fr-FR","potentialAction":[{"@type":"CommentAction","name":"Comment","target":["https:\/\/kapitalis.com\/tunisie\/2019\/09\/07\/presidentielle-les-journalistes-qui-vont-mener-le-debat-avec-les-candidats-sur-la-chaine-wataniya-photos\/#respond"]}]},{"@type":"WebPage","@id":"https:\/\/kapitalis.com\/tunisie\/2019\/09\/07\/presidentielle-les-journalistes-qui-vont-mener-le-debat-avec-les-candidats-sur-la-chaine-wataniya-photos\/","url":"https:\/\/kapitalis.com\/tunisie\/2019\/09\/07\/presidentielle-les-journalistes-qui-vont-mener-le-debat-avec-les-candidats-sur-la-chaine-wataniya-photos\/","name":"Pr\u00e9sidentielle : Les journalistes qui vont mener le d\u00e9bat avec les candidats sur la cha\u00eene Wataniya (Photos) - Kapitalis","isPartOf":{"@id":"https:\/\/kapitalis.com\/tunisie\/#website"},"primaryImageOfPage":{"@id":"https:\/\/kapitalis.com\/tunisie\/2019\/09\/07\/presidentielle-les-journalistes-qui-vont-mener-le-debat-avec-les-candidats-sur-la-chaine-wataniya-photos\/#primaryimage"},"image":{"@id":"https:\/\/kapitalis.com\/tunisie\/2019\/09\/07\/presidentielle-les-journalistes-qui-vont-mener-le-debat-avec-les-candidats-sur-la-chaine-wataniya-photos\/#primaryimage"},"thumbnailUrl":"","datePublished":"2019-09-07T09:30:04+00:00","dateModified":"2019-09-07T09:40:08+00:00","breadcrumb":{"@id":"https:\/\/kapitalis.com\/tunisie\/2019\/09\/07\/presidentielle-les-journalistes-qui-vont-mener-le-debat-avec-les-candidats-sur-la-chaine-wataniya-photos\/#breadcrumb"},"inLanguage":"fr-FR","potentialAction":[{"@type":"ReadAction","target":["https:\/\/kapitalis.com\/tunisie\/2019\/09\/07\/presidentielle-les-journalistes-qui-vont-mener-le-debat-avec-les-candidats-sur-la-chaine-wataniya-photos\/"]}]},{"@type":"ImageObject","inLanguage":"fr-FR","@id":"https:\/\/kapitalis.com\/tunisie\/2019\/09\/07\/presidentielle-les-journalistes-qui-vont-mener-le-debat-avec-les-candidats-sur-la-chaine-wataniya-photos\/#primaryimage","url":"","contentUrl":""},{"@type":"BreadcrumbList","@id":"https:\/\/kapitalis.com\/tunisie\/2019\/09\/07\/presidentielle-les-journalistes-qui-vont-mener-le-debat-avec-les-candidats-sur-la-chaine-wataniya-photos\/#breadcrumb","itemListElement":[{"@type":"ListItem","position":1,"name":"Accueil","item":"https:\/\/kapitalis.com\/tunisie\/"},{"@type":"ListItem","position":2,"name":"Pr\u00e9sidentielle : Les journalistes qui vont mener le d\u00e9bat avec les candidats sur la cha\u00eene Wataniya (Photos)"}]},{"@type":"WebSite","@id":"https:\/\/kapitalis.com\/tunisie\/#website","url":"https:\/\/kapitalis.com\/tunisie\/","name":"Kapitalis","description":"L&#039;actualit\u00e9 en Tunisie et dans le monde","publisher":{"@id":"https:\/\/kapitalis.com\/tunisie\/#organization"},"potentialAction":[{"@type":"SearchAction","target":{"@type":"EntryPoint","urlTemplate":"https:\/\/kapitalis.com\/tunisie\/?s={search_term_string}"},"query-input":{"@type":"PropertyValueSpecification","valueRequired":true,"valueName":"search_term_string"}}],"inLanguage":"fr-FR"},{"@type":"Organization","@id":"https:\/\/kapitalis.com\/tunisie\/#organization","name":"Kapitalis","url":"https:\/\/kapitalis.com\/tunisie\/","logo":{"@type":"ImageObject","inLanguage":"fr-FR","@id":"https:\/\/kapitalis.com\/tunisie\/#\/schema\/logo\/image\/","url":"https:\/\/kapitalis.com\/tunisie\/wp-content\/uploads\/2022\/05\/Kapitalis-big-size.png","contentUrl":"https:\/\/kapitalis.com\/tunisie\/wp-content\/uploads\/2022\/05\/Kapitalis-big-size.png","width":5000,"height":1500,"caption":"Kapitalis"},"image":{"@id":"https:\/\/kapitalis.com\/tunisie\/#\/schema\/logo\/image\/"},"sameAs":["https:\/\/www.facebook.com\/KapitalisInfo\/","https:\/\/x.com\/KapitalisInfo","https:\/\/www.youtube.com\/channel\/UC-yDYrHyfFBWWZaOw3FPg9Q"]},{"@type":"Person","@id":"https:\/\/kapitalis.com\/tunisie\/#\/schema\/person\/74bbde0154d49d790a92aaeac5bc01d5","name":"Yusra NY","url":"https:\/\/kapitalis.com\/tunisie\/author\/yuza_adam\/"}]}},"_links":{"self":[{"href":"https:\/\/kapitalis.com\/tunisie\/wp-json\/wp\/v2\/posts\/237728","targetHints":{"allow":["GET"]}}],"collection":[{"href":"https:\/\/kapitalis.com\/tunisie\/wp-json\/wp\/v2\/posts"}],"about":[{"href":"https:\/\/kapitalis.com\/tunisie\/wp-json\/wp\/v2\/types\/post"}],"author":[{"embeddable":true,"href":"https:\/\/kapitalis.com\/tunisie\/wp-json\/wp\/v2\/users\/6"}],"replies":[{"embeddable":true,"href":"https:\/\/kapitalis.com\/tunisie\/wp-json\/wp\/v2\/comments?post=237728"}],"version-history":[{"count":0,"href":"https:\/\/kapitalis.com\/tunisie\/wp-json\/wp\/v2\/posts\/237728\/revisions"}],"wp:featuredmedia":[{"embeddable":true,"href":"https:\/\/kapitalis.com\/tunisie\/wp-json\/wp\/v2\/media\/237738"}],"wp:attachment":[{"href":"https:\/\/kapitalis.com\/tunisie\/wp-json\/wp\/v2\/media?parent=237728"}],"wp:term":[{"taxonomy":"category","embeddable":true,"href":"https:\/\/kapitalis.com\/tunisie\/wp-json\/wp\/v2\/categories?post=237728"},{"taxonomy":"post_tag","embeddable":true,"href":"https:\/\/kapitalis.com\/tunisie\/wp-json\/wp\/v2\/tags?post=237728"}],"curies":[{"name":"wp","href":"https:\/\/api.w.org\/{rel}","templated":true}]}}