{"id":23780,"date":"2015-11-06T20:06:06","date_gmt":"2015-11-06T19:06:06","guid":{"rendered":"http:\/\/kapitalis.com\/tunisie\/?p=23780"},"modified":"2015-11-06T20:06:06","modified_gmt":"2015-11-06T19:06:06","slug":"le-policier-qui-sest-fait-passer-pour-un-depute-bientot-libere","status":"publish","type":"post","link":"https:\/\/kapitalis.com\/tunisie\/2015\/11\/06\/le-policier-qui-sest-fait-passer-pour-un-depute-bientot-libere\/","title":{"rendered":"Le policier qui s\u2019est fait passer pour un d\u00e9put\u00e9 bient\u00f4t lib\u00e9r\u00e9"},"content":{"rendered":"<p><img loading=\"lazy\" decoding=\"async\" class=\"alignnone size-full wp-image-23781 aligncenter\" src=\"http:\/\/kapitalis.com\/tunisie\/wp-content\/uploads\/2015\/11\/Imed-Daimi.jpg\" alt=\"Imed-Daimi\" width=\"626\" height=\"380\" \/><\/p>\n<p style=\"text-align: center;\"><em>Le d\u00e9put\u00e9 Imed Daimi et le policier usurpateur d&rsquo;identit\u00e9.<\/em><\/p>\n<p style=\"text-align: left;\"><em><strong>La cour d\u2019appel de Tunis a confirm\u00e9 la peine d\u2019un an d\u2019emprisonnement\u00a0 \u00e0 l\u2019encontre du policier ayant usurp\u00e9 l\u2019identit\u00e9 d\u2019un d\u00e9put\u00e9.<\/strong><\/em><\/p>\n<p style=\"text-align: left;\"><!--more--><\/p>\n<p style=\"text-align: left;\">Le 2 d\u00e9cembre 2014, un agent de police a pr\u00eat\u00e9 serment lors de la s\u00e9ance inaugurale de l\u2019Assembl\u00e9e des repr\u00e9sentants du peuple (ARP), \u00e0 la place du d\u00e9put\u00e9 Congr\u00e8s pour la R\u00e9publique (CpR) Mabrouk Hrizi, qui s\u2019\u00e9tait rendu en retard \u00e0 l\u2019Assembl\u00e9e.<\/p>\n<p style=\"text-align: left;\">L\u2019usurpateur qui porte le m\u00eame nom de famille que le d\u00e9put\u00e9 a \u00e9t\u00e9 arr\u00eat\u00e9 et la chambre correctionnelle du tribunal de premi\u00e8re instance de Tunis l\u2019a condamn\u00e9 1 an de prison. Ses avocats ont fait appel mais la peine a \u00e9t\u00e9 confirm\u00e9e aujourd\u2019hui par la chambre correctionnelle de la cour d\u2019appel de Tunis.<\/p>\n<p style=\"text-align: left;\">L\u2019homme, qui a pris le soin de porter le m\u00eame costume et la m\u00eame cravate que Mabrouk Hrizi pour pr\u00eater serment au milieu des \u00e9lus, sera bient\u00f4t un homme libre, ayant d\u00e9j\u00e0 purg\u00e9 l\u2019essentiel de sa peine.<\/p>\n<p style=\"text-align: right;\"><strong>Y. N.\u00a0\u00a0\u00a0<\/strong><\/p>\n","protected":false},"excerpt":{"rendered":"<p>Le d\u00e9put\u00e9 Imed Daimi et le policier usurpateur d&rsquo;identit\u00e9. La cour d\u2019appel de Tunis a confirm\u00e9 la peine d\u2019un an d\u2019emprisonnement\u00a0 \u00e0 l\u2019encontre du policier ayant usurp\u00e9 l\u2019identit\u00e9 d\u2019un d\u00e9put\u00e9.<\/p>\n","protected":false},"author":8,"featured_media":23781,"comment_status":"open","ping_status":"open","sticky":false,"template":"","format":"standard","meta":{"footnotes":""},"categories":[998,2433],"tags":[93,4830,3538],"class_list":["post-23780","post","type-post","status-publish","format-standard","has-post-thumbnail","hentry","category-societe","category-tunisie","tag-assemblee","tag-congres-pour-la-republique","tag-imed-daimi"],"yoast_head":"<!-- This site is optimized with the Yoast SEO plugin v26.6 - https:\/\/yoast.com\/wordpress\/plugins\/seo\/ -->\n<title>Le policier qui s\u2019est fait passer pour un d\u00e9put\u00e9 bient\u00f4t lib\u00e9r\u00e9 - Kapitalis<\/title>\n<meta name=\"robots\" content=\"index, follow, max-snippet:-1, max-image-preview:large, max-video-preview:-1\" \/>\n<link rel=\"canonical\" href=\"https:\/\/kapitalis.com\/tunisie\/2015\/11\/06\/le-policier-qui-sest-fait-passer-pour-un-depute-bientot-libere\/\" \/>\n<meta property=\"og:locale\" content=\"fr_FR\" \/>\n<meta property=\"og:type\" content=\"article\" \/>\n<meta property=\"og:title\" content=\"Le policier qui s\u2019est fait passer pour un d\u00e9put\u00e9 bient\u00f4t lib\u00e9r\u00e9 - Kapitalis\" \/>\n<meta property=\"og:description\" content=\"Le d\u00e9put\u00e9 Imed Daimi et le policier usurpateur d&rsquo;identit\u00e9. La cour d\u2019appel de Tunis a confirm\u00e9 la peine d\u2019un an d\u2019emprisonnement\u00a0 \u00e0 l\u2019encontre du policier ayant usurp\u00e9 l\u2019identit\u00e9 d\u2019un d\u00e9put\u00e9.\" \/>\n<meta property=\"og:url\" content=\"https:\/\/kapitalis.com\/tunisie\/2015\/11\/06\/le-policier-qui-sest-fait-passer-pour-un-depute-bientot-libere\/\" \/>\n<meta property=\"og:site_name\" content=\"Kapitalis\" \/>\n<meta property=\"article:publisher\" content=\"https:\/\/www.facebook.com\/KapitalisInfo\/\" \/>\n<meta property=\"article:published_time\" content=\"2015-11-06T19:06:06+00:00\" \/>\n<meta property=\"og:image\" content=\"https:\/\/kapitalis.com\/tunisie\/wp-content\/uploads\/2022\/05\/kapitalis-logo-fb.png\" \/>\n\t<meta property=\"og:image:width\" content=\"1200\" \/>\n\t<meta property=\"og:image:height\" content=\"630\" \/>\n\t<meta property=\"og:image:type\" content=\"image\/png\" \/>\n<meta name=\"author\" content=\"webmaster kapitalis\" \/>\n<meta name=\"twitter:card\" content=\"summary_large_image\" \/>\n<meta name=\"twitter:creator\" content=\"@KapitalisInfo\" \/>\n<meta name=\"twitter:site\" content=\"@KapitalisInfo\" \/>\n<meta name=\"twitter:label1\" content=\"\u00c9crit par\" \/>\n\t<meta name=\"twitter:data1\" content=\"webmaster kapitalis\" \/>\n\t<meta name=\"twitter:label2\" content=\"Dur\u00e9e de lecture estim\u00e9e\" \/>\n\t<meta name=\"twitter:data2\" content=\"1 minute\" \/>\n<script type=\"application\/ld+json\" class=\"yoast-schema-graph\">{\"@context\":\"https:\/\/schema.org\",\"@graph\":[{\"@type\":\"Article\",\"@id\":\"https:\/\/kapitalis.com\/tunisie\/2015\/11\/06\/le-policier-qui-sest-fait-passer-pour-un-depute-bientot-libere\/#article\",\"isPartOf\":{\"@id\":\"https:\/\/kapitalis.com\/tunisie\/2015\/11\/06\/le-policier-qui-sest-fait-passer-pour-un-depute-bientot-libere\/\"},\"author\":{\"name\":\"webmaster kapitalis\",\"@id\":\"https:\/\/kapitalis.com\/tunisie\/#\/schema\/person\/d71f33a9ca44f7bad4698210b480c8e9\"},\"headline\":\"Le policier qui s\u2019est fait passer pour un d\u00e9put\u00e9 bient\u00f4t lib\u00e9r\u00e9\",\"datePublished\":\"2015-11-06T19:06:06+00:00\",\"mainEntityOfPage\":{\"@id\":\"https:\/\/kapitalis.com\/tunisie\/2015\/11\/06\/le-policier-qui-sest-fait-passer-pour-un-depute-bientot-libere\/\"},\"wordCount\":209,\"commentCount\":1,\"publisher\":{\"@id\":\"https:\/\/kapitalis.com\/tunisie\/#organization\"},\"image\":{\"@id\":\"https:\/\/kapitalis.com\/tunisie\/2015\/11\/06\/le-policier-qui-sest-fait-passer-pour-un-depute-bientot-libere\/#primaryimage\"},\"thumbnailUrl\":\"\",\"keywords\":[\"Assembl\u00e9e\",\"Congr\u00e8s pour la r\u00e9publique\",\"Imed Daimi\"],\"articleSection\":[\"SOCIETE\",\"Tunisie\"],\"inLanguage\":\"fr-FR\",\"potentialAction\":[{\"@type\":\"CommentAction\",\"name\":\"Comment\",\"target\":[\"https:\/\/kapitalis.com\/tunisie\/2015\/11\/06\/le-policier-qui-sest-fait-passer-pour-un-depute-bientot-libere\/#respond\"]}]},{\"@type\":\"WebPage\",\"@id\":\"https:\/\/kapitalis.com\/tunisie\/2015\/11\/06\/le-policier-qui-sest-fait-passer-pour-un-depute-bientot-libere\/\",\"url\":\"https:\/\/kapitalis.com\/tunisie\/2015\/11\/06\/le-policier-qui-sest-fait-passer-pour-un-depute-bientot-libere\/\",\"name\":\"Le policier qui s\u2019est fait passer pour un d\u00e9put\u00e9 bient\u00f4t lib\u00e9r\u00e9 - Kapitalis\",\"isPartOf\":{\"@id\":\"https:\/\/kapitalis.com\/tunisie\/#website\"},\"primaryImageOfPage\":{\"@id\":\"https:\/\/kapitalis.com\/tunisie\/2015\/11\/06\/le-policier-qui-sest-fait-passer-pour-un-depute-bientot-libere\/#primaryimage\"},\"image\":{\"@id\":\"https:\/\/kapitalis.com\/tunisie\/2015\/11\/06\/le-policier-qui-sest-fait-passer-pour-un-depute-bientot-libere\/#primaryimage\"},\"thumbnailUrl\":\"\",\"datePublished\":\"2015-11-06T19:06:06+00:00\",\"breadcrumb\":{\"@id\":\"https:\/\/kapitalis.com\/tunisie\/2015\/11\/06\/le-policier-qui-sest-fait-passer-pour-un-depute-bientot-libere\/#breadcrumb\"},\"inLanguage\":\"fr-FR\",\"potentialAction\":[{\"@type\":\"ReadAction\",\"target\":[\"https:\/\/kapitalis.com\/tunisie\/2015\/11\/06\/le-policier-qui-sest-fait-passer-pour-un-depute-bientot-libere\/\"]}]},{\"@type\":\"ImageObject\",\"inLanguage\":\"fr-FR\",\"@id\":\"https:\/\/kapitalis.com\/tunisie\/2015\/11\/06\/le-policier-qui-sest-fait-passer-pour-un-depute-bientot-libere\/#primaryimage\",\"url\":\"\",\"contentUrl\":\"\"},{\"@type\":\"BreadcrumbList\",\"@id\":\"https:\/\/kapitalis.com\/tunisie\/2015\/11\/06\/le-policier-qui-sest-fait-passer-pour-un-depute-bientot-libere\/#breadcrumb\",\"itemListElement\":[{\"@type\":\"ListItem\",\"position\":1,\"name\":\"Accueil\",\"item\":\"https:\/\/kapitalis.com\/tunisie\/\"},{\"@type\":\"ListItem\",\"position\":2,\"name\":\"Le policier qui s\u2019est fait passer pour un d\u00e9put\u00e9 bient\u00f4t lib\u00e9r\u00e9\"}]},{\"@type\":\"WebSite\",\"@id\":\"https:\/\/kapitalis.com\/tunisie\/#website\",\"url\":\"https:\/\/kapitalis.com\/tunisie\/\",\"name\":\"Kapitalis\",\"description\":\"L&#039;actualit\u00e9 en Tunisie et dans le monde\",\"publisher\":{\"@id\":\"https:\/\/kapitalis.com\/tunisie\/#organization\"},\"potentialAction\":[{\"@type\":\"SearchAction\",\"target\":{\"@type\":\"EntryPoint\",\"urlTemplate\":\"https:\/\/kapitalis.com\/tunisie\/?s={search_term_string}\"},\"query-input\":{\"@type\":\"PropertyValueSpecification\",\"valueRequired\":true,\"valueName\":\"search_term_string\"}}],\"inLanguage\":\"fr-FR\"},{\"@type\":\"Organization\",\"@id\":\"https:\/\/kapitalis.com\/tunisie\/#organization\",\"name\":\"Kapitalis\",\"url\":\"https:\/\/kapitalis.com\/tunisie\/\",\"logo\":{\"@type\":\"ImageObject\",\"inLanguage\":\"fr-FR\",\"@id\":\"https:\/\/kapitalis.com\/tunisie\/#\/schema\/logo\/image\/\",\"url\":\"https:\/\/kapitalis.com\/tunisie\/wp-content\/uploads\/2022\/05\/Kapitalis-big-size.png\",\"contentUrl\":\"https:\/\/kapitalis.com\/tunisie\/wp-content\/uploads\/2022\/05\/Kapitalis-big-size.png\",\"width\":5000,\"height\":1500,\"caption\":\"Kapitalis\"},\"image\":{\"@id\":\"https:\/\/kapitalis.com\/tunisie\/#\/schema\/logo\/image\/\"},\"sameAs\":[\"https:\/\/www.facebook.com\/KapitalisInfo\/\",\"https:\/\/x.com\/KapitalisInfo\",\"https:\/\/www.youtube.com\/channel\/UC-yDYrHyfFBWWZaOw3FPg9Q\"]},{\"@type\":\"Person\",\"@id\":\"https:\/\/kapitalis.com\/tunisie\/#\/schema\/person\/d71f33a9ca44f7bad4698210b480c8e9\",\"name\":\"webmaster kapitalis\",\"url\":\"https:\/\/kapitalis.com\/tunisie\/author\/webmaster-kapitalis\/\"}]}<\/script>\n<!-- \/ Yoast SEO plugin. -->","yoast_head_json":{"title":"Le policier qui s\u2019est fait passer pour un d\u00e9put\u00e9 bient\u00f4t lib\u00e9r\u00e9 - Kapitalis","robots":{"index":"index","follow":"follow","max-snippet":"max-snippet:-1","max-image-preview":"max-image-preview:large","max-video-preview":"max-video-preview:-1"},"canonical":"https:\/\/kapitalis.com\/tunisie\/2015\/11\/06\/le-policier-qui-sest-fait-passer-pour-un-depute-bientot-libere\/","og_locale":"fr_FR","og_type":"article","og_title":"Le policier qui s\u2019est fait passer pour un d\u00e9put\u00e9 bient\u00f4t lib\u00e9r\u00e9 - Kapitalis","og_description":"Le d\u00e9put\u00e9 Imed Daimi et le policier usurpateur d&rsquo;identit\u00e9. La cour d\u2019appel de Tunis a confirm\u00e9 la peine d\u2019un an d\u2019emprisonnement\u00a0 \u00e0 l\u2019encontre du policier ayant usurp\u00e9 l\u2019identit\u00e9 d\u2019un d\u00e9put\u00e9.","og_url":"https:\/\/kapitalis.com\/tunisie\/2015\/11\/06\/le-policier-qui-sest-fait-passer-pour-un-depute-bientot-libere\/","og_site_name":"Kapitalis","article_publisher":"https:\/\/www.facebook.com\/KapitalisInfo\/","article_published_time":"2015-11-06T19:06:06+00:00","og_image":[{"width":1200,"height":630,"url":"https:\/\/kapitalis.com\/tunisie\/wp-content\/uploads\/2022\/05\/kapitalis-logo-fb.png","type":"image\/png"}],"author":"webmaster kapitalis","twitter_card":"summary_large_image","twitter_creator":"@KapitalisInfo","twitter_site":"@KapitalisInfo","twitter_misc":{"\u00c9crit par":"webmaster kapitalis","Dur\u00e9e de lecture estim\u00e9e":"1 minute"},"schema":{"@context":"https:\/\/schema.org","@graph":[{"@type":"Article","@id":"https:\/\/kapitalis.com\/tunisie\/2015\/11\/06\/le-policier-qui-sest-fait-passer-pour-un-depute-bientot-libere\/#article","isPartOf":{"@id":"https:\/\/kapitalis.com\/tunisie\/2015\/11\/06\/le-policier-qui-sest-fait-passer-pour-un-depute-bientot-libere\/"},"author":{"name":"webmaster kapitalis","@id":"https:\/\/kapitalis.com\/tunisie\/#\/schema\/person\/d71f33a9ca44f7bad4698210b480c8e9"},"headline":"Le policier qui s\u2019est fait passer pour un d\u00e9put\u00e9 bient\u00f4t lib\u00e9r\u00e9","datePublished":"2015-11-06T19:06:06+00:00","mainEntityOfPage":{"@id":"https:\/\/kapitalis.com\/tunisie\/2015\/11\/06\/le-policier-qui-sest-fait-passer-pour-un-depute-bientot-libere\/"},"wordCount":209,"commentCount":1,"publisher":{"@id":"https:\/\/kapitalis.com\/tunisie\/#organization"},"image":{"@id":"https:\/\/kapitalis.com\/tunisie\/2015\/11\/06\/le-policier-qui-sest-fait-passer-pour-un-depute-bientot-libere\/#primaryimage"},"thumbnailUrl":"","keywords":["Assembl\u00e9e","Congr\u00e8s pour la r\u00e9publique","Imed Daimi"],"articleSection":["SOCIETE","Tunisie"],"inLanguage":"fr-FR","potentialAction":[{"@type":"CommentAction","name":"Comment","target":["https:\/\/kapitalis.com\/tunisie\/2015\/11\/06\/le-policier-qui-sest-fait-passer-pour-un-depute-bientot-libere\/#respond"]}]},{"@type":"WebPage","@id":"https:\/\/kapitalis.com\/tunisie\/2015\/11\/06\/le-policier-qui-sest-fait-passer-pour-un-depute-bientot-libere\/","url":"https:\/\/kapitalis.com\/tunisie\/2015\/11\/06\/le-policier-qui-sest-fait-passer-pour-un-depute-bientot-libere\/","name":"Le policier qui s\u2019est fait passer pour un d\u00e9put\u00e9 bient\u00f4t lib\u00e9r\u00e9 - Kapitalis","isPartOf":{"@id":"https:\/\/kapitalis.com\/tunisie\/#website"},"primaryImageOfPage":{"@id":"https:\/\/kapitalis.com\/tunisie\/2015\/11\/06\/le-policier-qui-sest-fait-passer-pour-un-depute-bientot-libere\/#primaryimage"},"image":{"@id":"https:\/\/kapitalis.com\/tunisie\/2015\/11\/06\/le-policier-qui-sest-fait-passer-pour-un-depute-bientot-libere\/#primaryimage"},"thumbnailUrl":"","datePublished":"2015-11-06T19:06:06+00:00","breadcrumb":{"@id":"https:\/\/kapitalis.com\/tunisie\/2015\/11\/06\/le-policier-qui-sest-fait-passer-pour-un-depute-bientot-libere\/#breadcrumb"},"inLanguage":"fr-FR","potentialAction":[{"@type":"ReadAction","target":["https:\/\/kapitalis.com\/tunisie\/2015\/11\/06\/le-policier-qui-sest-fait-passer-pour-un-depute-bientot-libere\/"]}]},{"@type":"ImageObject","inLanguage":"fr-FR","@id":"https:\/\/kapitalis.com\/tunisie\/2015\/11\/06\/le-policier-qui-sest-fait-passer-pour-un-depute-bientot-libere\/#primaryimage","url":"","contentUrl":""},{"@type":"BreadcrumbList","@id":"https:\/\/kapitalis.com\/tunisie\/2015\/11\/06\/le-policier-qui-sest-fait-passer-pour-un-depute-bientot-libere\/#breadcrumb","itemListElement":[{"@type":"ListItem","position":1,"name":"Accueil","item":"https:\/\/kapitalis.com\/tunisie\/"},{"@type":"ListItem","position":2,"name":"Le policier qui s\u2019est fait passer pour un d\u00e9put\u00e9 bient\u00f4t lib\u00e9r\u00e9"}]},{"@type":"WebSite","@id":"https:\/\/kapitalis.com\/tunisie\/#website","url":"https:\/\/kapitalis.com\/tunisie\/","name":"Kapitalis","description":"L&#039;actualit\u00e9 en Tunisie et dans le monde","publisher":{"@id":"https:\/\/kapitalis.com\/tunisie\/#organization"},"potentialAction":[{"@type":"SearchAction","target":{"@type":"EntryPoint","urlTemplate":"https:\/\/kapitalis.com\/tunisie\/?s={search_term_string}"},"query-input":{"@type":"PropertyValueSpecification","valueRequired":true,"valueName":"search_term_string"}}],"inLanguage":"fr-FR"},{"@type":"Organization","@id":"https:\/\/kapitalis.com\/tunisie\/#organization","name":"Kapitalis","url":"https:\/\/kapitalis.com\/tunisie\/","logo":{"@type":"ImageObject","inLanguage":"fr-FR","@id":"https:\/\/kapitalis.com\/tunisie\/#\/schema\/logo\/image\/","url":"https:\/\/kapitalis.com\/tunisie\/wp-content\/uploads\/2022\/05\/Kapitalis-big-size.png","contentUrl":"https:\/\/kapitalis.com\/tunisie\/wp-content\/uploads\/2022\/05\/Kapitalis-big-size.png","width":5000,"height":1500,"caption":"Kapitalis"},"image":{"@id":"https:\/\/kapitalis.com\/tunisie\/#\/schema\/logo\/image\/"},"sameAs":["https:\/\/www.facebook.com\/KapitalisInfo\/","https:\/\/x.com\/KapitalisInfo","https:\/\/www.youtube.com\/channel\/UC-yDYrHyfFBWWZaOw3FPg9Q"]},{"@type":"Person","@id":"https:\/\/kapitalis.com\/tunisie\/#\/schema\/person\/d71f33a9ca44f7bad4698210b480c8e9","name":"webmaster kapitalis","url":"https:\/\/kapitalis.com\/tunisie\/author\/webmaster-kapitalis\/"}]}},"_links":{"self":[{"href":"https:\/\/kapitalis.com\/tunisie\/wp-json\/wp\/v2\/posts\/23780","targetHints":{"allow":["GET"]}}],"collection":[{"href":"https:\/\/kapitalis.com\/tunisie\/wp-json\/wp\/v2\/posts"}],"about":[{"href":"https:\/\/kapitalis.com\/tunisie\/wp-json\/wp\/v2\/types\/post"}],"author":[{"embeddable":true,"href":"https:\/\/kapitalis.com\/tunisie\/wp-json\/wp\/v2\/users\/8"}],"replies":[{"embeddable":true,"href":"https:\/\/kapitalis.com\/tunisie\/wp-json\/wp\/v2\/comments?post=23780"}],"version-history":[{"count":0,"href":"https:\/\/kapitalis.com\/tunisie\/wp-json\/wp\/v2\/posts\/23780\/revisions"}],"wp:featuredmedia":[{"embeddable":true,"href":"https:\/\/kapitalis.com\/tunisie\/wp-json\/wp\/v2\/media\/23781"}],"wp:attachment":[{"href":"https:\/\/kapitalis.com\/tunisie\/wp-json\/wp\/v2\/media?parent=23780"}],"wp:term":[{"taxonomy":"category","embeddable":true,"href":"https:\/\/kapitalis.com\/tunisie\/wp-json\/wp\/v2\/categories?post=23780"},{"taxonomy":"post_tag","embeddable":true,"href":"https:\/\/kapitalis.com\/tunisie\/wp-json\/wp\/v2\/tags?post=23780"}],"curies":[{"name":"wp","href":"https:\/\/api.w.org\/{rel}","templated":true}]}}