{"id":237880,"date":"2019-09-08T10:07:21","date_gmt":"2019-09-08T09:07:21","guid":{"rendered":"http:\/\/kapitalis.com\/tunisie\/?p=237880"},"modified":"2019-09-08T10:07:24","modified_gmt":"2019-09-08T09:07:24","slug":"esperance-de-tunis-coulibaly-de-retour-demain-aux-entrainements","status":"publish","type":"post","link":"https:\/\/kapitalis.com\/tunisie\/2019\/09\/08\/esperance-de-tunis-coulibaly-de-retour-demain-aux-entrainements\/","title":{"rendered":"Esp\u00e9rance de Tunis : Coulibaly de retour demain aux entra\u00eenements"},"content":{"rendered":"\n<figure class=\"wp-block-image\"><img decoding=\"async\" src=\"http:\/\/kapitalis.com\/tunisie\/wp-content\/uploads\/2019\/09\/Fousseny-Coulibaly.jpg\" alt=\"\" class=\"wp-image-237881\"\/><\/figure>\n\n\n\n<p><b><i>Le milieu de terrain de l\u2019Esp\u00e9rance sportive de Tunis (EST), Fousseny Coulibaly, effectuera demain, lundi 9 septembre 2019, son retour aux entra\u00eenements apr\u00e8s pr\u00e8s de 40 jours d\u2019absence.<\/i><\/b><br><\/p>\n\n\n\n<!--more-->\n\n\n\n<p> Op\u00e9r\u00e9 le 29 juillet 2019 d\u2019une pubalgie, Coulibaly vient d\u2019achever la phase de physioth\u00e9rapie et les exercices en salle de renforcement musculaire. Il d\u00e9butera demain le cycle de r\u00e9habilitation avec des courses, avant de reprendre les entra\u00eenements collectifs en octobre prochain, selon les pr\u00e9visions du staff m\u00e9dical du club. <br><\/p>\n\n\n\n<p> Tr\u00e8s bonne nouvelle pour le groupe et l\u2019entra\u00eeneur Mouine Chaabani. Joueur d\u2019exp\u00e9rience, un des piliers du onze<em> \u00absang et or\u00bb,<\/em> Coulibaly sera op\u00e9rationnel d\u00e9but novembre pour \u00e9pauler un milieu de terrain renouvel\u00e9 avec les talentueux Alg\u00e9rien Abderraouf Benguit et Ghan\u00e9en Kouame Bonsu.<br><\/p>\n\n\n\n<p> Son retour r\u00e9soudra un probl\u00e8me. Il permettra de d\u00e9caler Amine Meskini, align\u00e9 par besoin \u00e0 l\u2019entre-jeu, vers le flanc droit de la d\u00e9fense (son poste de pr\u00e9dilection), \u00e0 la place d\u2019Iheb Mbarki, jug\u00e9 peu convaincant en ce d\u00e9but de saison.<br><\/p>\n\n\n\n<p> Seulement Coulibaly, qui a rat\u00e9 toute la pr\u00e9paration d\u2019avant-saison, aura besoin de retrouver son meilleur niveau. Mouine Chaabani esp\u00e8re disposer de son milieu de terrain \u00e0 l\u2019entame de la phase de groupe de la Ligue des champions vers la fin novembre.<br><\/p>\n\n\n\n<p> Coulibaly revient mais l\u2019infirmerie de l\u2019EST ne d\u00e9semplit pas. En effet, le gardien international Moez Ben Ch\u00e9rifia, bless\u00e9 en stage de la s\u00e9lection nationale, est contraint \u00e0 3 semaines d\u2019arr\u00eat. <br><\/p>\n\n\n\n<p style=\"text-align:right\"> <strong>H. M.<\/strong>    <\/p>\n","protected":false},"excerpt":{"rendered":"<p>Le milieu de terrain de l\u2019Esp\u00e9rance sportive de Tunis (EST), Fousseny Coulibaly, effectuera demain, lundi 9 septembre 2019, son retour aux entra\u00eenements apr\u00e8s pr\u00e8s de 40 jours d\u2019absence.<\/p>\n","protected":false},"author":8,"featured_media":237881,"comment_status":"open","ping_status":"open","sticky":false,"template":"","format":"standard","meta":{"footnotes":""},"categories":[999,2433],"tags":[3261,33426,34604,24858,34605],"class_list":["post-237880","post","type-post","status-publish","format-standard","has-post-thumbnail","hentry","category-sport","category-tunisie","tag-esperance-sportive-de-tunis","tag-fousseny-coulibaly","tag-iheb-mbarki","tag-moez-ben-cherifia","tag-mouine-chaabani"],"yoast_head":"<!-- This site is optimized with the Yoast SEO plugin v26.6 - https:\/\/yoast.com\/wordpress\/plugins\/seo\/ -->\n<title>Esp\u00e9rance de Tunis : Coulibaly de retour demain aux entra\u00eenements - Kapitalis<\/title>\n<meta name=\"robots\" content=\"index, follow, max-snippet:-1, max-image-preview:large, max-video-preview:-1\" \/>\n<link rel=\"canonical\" href=\"https:\/\/kapitalis.com\/tunisie\/2019\/09\/08\/esperance-de-tunis-coulibaly-de-retour-demain-aux-entrainements\/\" \/>\n<meta property=\"og:locale\" content=\"fr_FR\" \/>\n<meta property=\"og:type\" content=\"article\" \/>\n<meta property=\"og:title\" content=\"Esp\u00e9rance de Tunis : Coulibaly de retour demain aux entra\u00eenements - Kapitalis\" \/>\n<meta property=\"og:description\" content=\"Le milieu de terrain de l\u2019Esp\u00e9rance sportive de Tunis (EST), Fousseny Coulibaly, effectuera demain, lundi 9 septembre 2019, son retour aux entra\u00eenements apr\u00e8s pr\u00e8s de 40 jours d\u2019absence.\" \/>\n<meta property=\"og:url\" content=\"https:\/\/kapitalis.com\/tunisie\/2019\/09\/08\/esperance-de-tunis-coulibaly-de-retour-demain-aux-entrainements\/\" \/>\n<meta property=\"og:site_name\" content=\"Kapitalis\" \/>\n<meta property=\"article:publisher\" content=\"https:\/\/www.facebook.com\/KapitalisInfo\/\" \/>\n<meta property=\"article:published_time\" content=\"2019-09-08T09:07:21+00:00\" \/>\n<meta property=\"article:modified_time\" content=\"2019-09-08T09:07:24+00:00\" \/>\n<meta property=\"og:image\" content=\"https:\/\/kapitalis.com\/tunisie\/wp-content\/uploads\/2022\/05\/kapitalis-logo-fb.png\" \/>\n\t<meta property=\"og:image:width\" content=\"1200\" \/>\n\t<meta property=\"og:image:height\" content=\"630\" \/>\n\t<meta property=\"og:image:type\" content=\"image\/png\" \/>\n<meta name=\"author\" content=\"webmaster kapitalis\" \/>\n<meta name=\"twitter:card\" content=\"summary_large_image\" \/>\n<meta name=\"twitter:creator\" content=\"@KapitalisInfo\" \/>\n<meta name=\"twitter:site\" content=\"@KapitalisInfo\" \/>\n<meta name=\"twitter:label1\" content=\"\u00c9crit par\" \/>\n\t<meta name=\"twitter:data1\" content=\"webmaster kapitalis\" \/>\n\t<meta name=\"twitter:label2\" content=\"Dur\u00e9e de lecture estim\u00e9e\" \/>\n\t<meta name=\"twitter:data2\" content=\"1 minute\" \/>\n<script type=\"application\/ld+json\" class=\"yoast-schema-graph\">{\"@context\":\"https:\/\/schema.org\",\"@graph\":[{\"@type\":\"Article\",\"@id\":\"https:\/\/kapitalis.com\/tunisie\/2019\/09\/08\/esperance-de-tunis-coulibaly-de-retour-demain-aux-entrainements\/#article\",\"isPartOf\":{\"@id\":\"https:\/\/kapitalis.com\/tunisie\/2019\/09\/08\/esperance-de-tunis-coulibaly-de-retour-demain-aux-entrainements\/\"},\"author\":{\"name\":\"webmaster kapitalis\",\"@id\":\"https:\/\/kapitalis.com\/tunisie\/#\/schema\/person\/d71f33a9ca44f7bad4698210b480c8e9\"},\"headline\":\"Esp\u00e9rance de Tunis : Coulibaly de retour demain aux entra\u00eenements\",\"datePublished\":\"2019-09-08T09:07:21+00:00\",\"dateModified\":\"2019-09-08T09:07:24+00:00\",\"mainEntityOfPage\":{\"@id\":\"https:\/\/kapitalis.com\/tunisie\/2019\/09\/08\/esperance-de-tunis-coulibaly-de-retour-demain-aux-entrainements\/\"},\"wordCount\":276,\"commentCount\":0,\"publisher\":{\"@id\":\"https:\/\/kapitalis.com\/tunisie\/#organization\"},\"image\":{\"@id\":\"https:\/\/kapitalis.com\/tunisie\/2019\/09\/08\/esperance-de-tunis-coulibaly-de-retour-demain-aux-entrainements\/#primaryimage\"},\"thumbnailUrl\":\"\",\"keywords\":[\"Esp\u00e9rance sportive de Tunis\",\"Fousseny Coulibaly\",\"Iheb Mbarki\",\"Moez Ben Cherifia\",\"Mouine Cha\u00e2bani\"],\"articleSection\":[\"SPORT\",\"Tunisie\"],\"inLanguage\":\"fr-FR\",\"potentialAction\":[{\"@type\":\"CommentAction\",\"name\":\"Comment\",\"target\":[\"https:\/\/kapitalis.com\/tunisie\/2019\/09\/08\/esperance-de-tunis-coulibaly-de-retour-demain-aux-entrainements\/#respond\"]}]},{\"@type\":\"WebPage\",\"@id\":\"https:\/\/kapitalis.com\/tunisie\/2019\/09\/08\/esperance-de-tunis-coulibaly-de-retour-demain-aux-entrainements\/\",\"url\":\"https:\/\/kapitalis.com\/tunisie\/2019\/09\/08\/esperance-de-tunis-coulibaly-de-retour-demain-aux-entrainements\/\",\"name\":\"Esp\u00e9rance de Tunis : Coulibaly de retour demain aux entra\u00eenements - Kapitalis\",\"isPartOf\":{\"@id\":\"https:\/\/kapitalis.com\/tunisie\/#website\"},\"primaryImageOfPage\":{\"@id\":\"https:\/\/kapitalis.com\/tunisie\/2019\/09\/08\/esperance-de-tunis-coulibaly-de-retour-demain-aux-entrainements\/#primaryimage\"},\"image\":{\"@id\":\"https:\/\/kapitalis.com\/tunisie\/2019\/09\/08\/esperance-de-tunis-coulibaly-de-retour-demain-aux-entrainements\/#primaryimage\"},\"thumbnailUrl\":\"\",\"datePublished\":\"2019-09-08T09:07:21+00:00\",\"dateModified\":\"2019-09-08T09:07:24+00:00\",\"breadcrumb\":{\"@id\":\"https:\/\/kapitalis.com\/tunisie\/2019\/09\/08\/esperance-de-tunis-coulibaly-de-retour-demain-aux-entrainements\/#breadcrumb\"},\"inLanguage\":\"fr-FR\",\"potentialAction\":[{\"@type\":\"ReadAction\",\"target\":[\"https:\/\/kapitalis.com\/tunisie\/2019\/09\/08\/esperance-de-tunis-coulibaly-de-retour-demain-aux-entrainements\/\"]}]},{\"@type\":\"ImageObject\",\"inLanguage\":\"fr-FR\",\"@id\":\"https:\/\/kapitalis.com\/tunisie\/2019\/09\/08\/esperance-de-tunis-coulibaly-de-retour-demain-aux-entrainements\/#primaryimage\",\"url\":\"\",\"contentUrl\":\"\"},{\"@type\":\"BreadcrumbList\",\"@id\":\"https:\/\/kapitalis.com\/tunisie\/2019\/09\/08\/esperance-de-tunis-coulibaly-de-retour-demain-aux-entrainements\/#breadcrumb\",\"itemListElement\":[{\"@type\":\"ListItem\",\"position\":1,\"name\":\"Accueil\",\"item\":\"https:\/\/kapitalis.com\/tunisie\/\"},{\"@type\":\"ListItem\",\"position\":2,\"name\":\"Esp\u00e9rance de Tunis : Coulibaly de retour demain aux entra\u00eenements\"}]},{\"@type\":\"WebSite\",\"@id\":\"https:\/\/kapitalis.com\/tunisie\/#website\",\"url\":\"https:\/\/kapitalis.com\/tunisie\/\",\"name\":\"Kapitalis\",\"description\":\"L&#039;actualit\u00e9 en Tunisie et dans le monde\",\"publisher\":{\"@id\":\"https:\/\/kapitalis.com\/tunisie\/#organization\"},\"potentialAction\":[{\"@type\":\"SearchAction\",\"target\":{\"@type\":\"EntryPoint\",\"urlTemplate\":\"https:\/\/kapitalis.com\/tunisie\/?s={search_term_string}\"},\"query-input\":{\"@type\":\"PropertyValueSpecification\",\"valueRequired\":true,\"valueName\":\"search_term_string\"}}],\"inLanguage\":\"fr-FR\"},{\"@type\":\"Organization\",\"@id\":\"https:\/\/kapitalis.com\/tunisie\/#organization\",\"name\":\"Kapitalis\",\"url\":\"https:\/\/kapitalis.com\/tunisie\/\",\"logo\":{\"@type\":\"ImageObject\",\"inLanguage\":\"fr-FR\",\"@id\":\"https:\/\/kapitalis.com\/tunisie\/#\/schema\/logo\/image\/\",\"url\":\"https:\/\/kapitalis.com\/tunisie\/wp-content\/uploads\/2022\/05\/Kapitalis-big-size.png\",\"contentUrl\":\"https:\/\/kapitalis.com\/tunisie\/wp-content\/uploads\/2022\/05\/Kapitalis-big-size.png\",\"width\":5000,\"height\":1500,\"caption\":\"Kapitalis\"},\"image\":{\"@id\":\"https:\/\/kapitalis.com\/tunisie\/#\/schema\/logo\/image\/\"},\"sameAs\":[\"https:\/\/www.facebook.com\/KapitalisInfo\/\",\"https:\/\/x.com\/KapitalisInfo\",\"https:\/\/www.youtube.com\/channel\/UC-yDYrHyfFBWWZaOw3FPg9Q\"]},{\"@type\":\"Person\",\"@id\":\"https:\/\/kapitalis.com\/tunisie\/#\/schema\/person\/d71f33a9ca44f7bad4698210b480c8e9\",\"name\":\"webmaster kapitalis\",\"url\":\"https:\/\/kapitalis.com\/tunisie\/author\/webmaster-kapitalis\/\"}]}<\/script>\n<!-- \/ Yoast SEO plugin. -->","yoast_head_json":{"title":"Esp\u00e9rance de Tunis : Coulibaly de retour demain aux entra\u00eenements - Kapitalis","robots":{"index":"index","follow":"follow","max-snippet":"max-snippet:-1","max-image-preview":"max-image-preview:large","max-video-preview":"max-video-preview:-1"},"canonical":"https:\/\/kapitalis.com\/tunisie\/2019\/09\/08\/esperance-de-tunis-coulibaly-de-retour-demain-aux-entrainements\/","og_locale":"fr_FR","og_type":"article","og_title":"Esp\u00e9rance de Tunis : Coulibaly de retour demain aux entra\u00eenements - Kapitalis","og_description":"Le milieu de terrain de l\u2019Esp\u00e9rance sportive de Tunis (EST), Fousseny Coulibaly, effectuera demain, lundi 9 septembre 2019, son retour aux entra\u00eenements apr\u00e8s pr\u00e8s de 40 jours d\u2019absence.","og_url":"https:\/\/kapitalis.com\/tunisie\/2019\/09\/08\/esperance-de-tunis-coulibaly-de-retour-demain-aux-entrainements\/","og_site_name":"Kapitalis","article_publisher":"https:\/\/www.facebook.com\/KapitalisInfo\/","article_published_time":"2019-09-08T09:07:21+00:00","article_modified_time":"2019-09-08T09:07:24+00:00","og_image":[{"width":1200,"height":630,"url":"https:\/\/kapitalis.com\/tunisie\/wp-content\/uploads\/2022\/05\/kapitalis-logo-fb.png","type":"image\/png"}],"author":"webmaster kapitalis","twitter_card":"summary_large_image","twitter_creator":"@KapitalisInfo","twitter_site":"@KapitalisInfo","twitter_misc":{"\u00c9crit par":"webmaster kapitalis","Dur\u00e9e de lecture estim\u00e9e":"1 minute"},"schema":{"@context":"https:\/\/schema.org","@graph":[{"@type":"Article","@id":"https:\/\/kapitalis.com\/tunisie\/2019\/09\/08\/esperance-de-tunis-coulibaly-de-retour-demain-aux-entrainements\/#article","isPartOf":{"@id":"https:\/\/kapitalis.com\/tunisie\/2019\/09\/08\/esperance-de-tunis-coulibaly-de-retour-demain-aux-entrainements\/"},"author":{"name":"webmaster kapitalis","@id":"https:\/\/kapitalis.com\/tunisie\/#\/schema\/person\/d71f33a9ca44f7bad4698210b480c8e9"},"headline":"Esp\u00e9rance de Tunis : Coulibaly de retour demain aux entra\u00eenements","datePublished":"2019-09-08T09:07:21+00:00","dateModified":"2019-09-08T09:07:24+00:00","mainEntityOfPage":{"@id":"https:\/\/kapitalis.com\/tunisie\/2019\/09\/08\/esperance-de-tunis-coulibaly-de-retour-demain-aux-entrainements\/"},"wordCount":276,"commentCount":0,"publisher":{"@id":"https:\/\/kapitalis.com\/tunisie\/#organization"},"image":{"@id":"https:\/\/kapitalis.com\/tunisie\/2019\/09\/08\/esperance-de-tunis-coulibaly-de-retour-demain-aux-entrainements\/#primaryimage"},"thumbnailUrl":"","keywords":["Esp\u00e9rance sportive de Tunis","Fousseny Coulibaly","Iheb Mbarki","Moez Ben Cherifia","Mouine Cha\u00e2bani"],"articleSection":["SPORT","Tunisie"],"inLanguage":"fr-FR","potentialAction":[{"@type":"CommentAction","name":"Comment","target":["https:\/\/kapitalis.com\/tunisie\/2019\/09\/08\/esperance-de-tunis-coulibaly-de-retour-demain-aux-entrainements\/#respond"]}]},{"@type":"WebPage","@id":"https:\/\/kapitalis.com\/tunisie\/2019\/09\/08\/esperance-de-tunis-coulibaly-de-retour-demain-aux-entrainements\/","url":"https:\/\/kapitalis.com\/tunisie\/2019\/09\/08\/esperance-de-tunis-coulibaly-de-retour-demain-aux-entrainements\/","name":"Esp\u00e9rance de Tunis : Coulibaly de retour demain aux entra\u00eenements - Kapitalis","isPartOf":{"@id":"https:\/\/kapitalis.com\/tunisie\/#website"},"primaryImageOfPage":{"@id":"https:\/\/kapitalis.com\/tunisie\/2019\/09\/08\/esperance-de-tunis-coulibaly-de-retour-demain-aux-entrainements\/#primaryimage"},"image":{"@id":"https:\/\/kapitalis.com\/tunisie\/2019\/09\/08\/esperance-de-tunis-coulibaly-de-retour-demain-aux-entrainements\/#primaryimage"},"thumbnailUrl":"","datePublished":"2019-09-08T09:07:21+00:00","dateModified":"2019-09-08T09:07:24+00:00","breadcrumb":{"@id":"https:\/\/kapitalis.com\/tunisie\/2019\/09\/08\/esperance-de-tunis-coulibaly-de-retour-demain-aux-entrainements\/#breadcrumb"},"inLanguage":"fr-FR","potentialAction":[{"@type":"ReadAction","target":["https:\/\/kapitalis.com\/tunisie\/2019\/09\/08\/esperance-de-tunis-coulibaly-de-retour-demain-aux-entrainements\/"]}]},{"@type":"ImageObject","inLanguage":"fr-FR","@id":"https:\/\/kapitalis.com\/tunisie\/2019\/09\/08\/esperance-de-tunis-coulibaly-de-retour-demain-aux-entrainements\/#primaryimage","url":"","contentUrl":""},{"@type":"BreadcrumbList","@id":"https:\/\/kapitalis.com\/tunisie\/2019\/09\/08\/esperance-de-tunis-coulibaly-de-retour-demain-aux-entrainements\/#breadcrumb","itemListElement":[{"@type":"ListItem","position":1,"name":"Accueil","item":"https:\/\/kapitalis.com\/tunisie\/"},{"@type":"ListItem","position":2,"name":"Esp\u00e9rance de Tunis : Coulibaly de retour demain aux entra\u00eenements"}]},{"@type":"WebSite","@id":"https:\/\/kapitalis.com\/tunisie\/#website","url":"https:\/\/kapitalis.com\/tunisie\/","name":"Kapitalis","description":"L&#039;actualit\u00e9 en Tunisie et dans le monde","publisher":{"@id":"https:\/\/kapitalis.com\/tunisie\/#organization"},"potentialAction":[{"@type":"SearchAction","target":{"@type":"EntryPoint","urlTemplate":"https:\/\/kapitalis.com\/tunisie\/?s={search_term_string}"},"query-input":{"@type":"PropertyValueSpecification","valueRequired":true,"valueName":"search_term_string"}}],"inLanguage":"fr-FR"},{"@type":"Organization","@id":"https:\/\/kapitalis.com\/tunisie\/#organization","name":"Kapitalis","url":"https:\/\/kapitalis.com\/tunisie\/","logo":{"@type":"ImageObject","inLanguage":"fr-FR","@id":"https:\/\/kapitalis.com\/tunisie\/#\/schema\/logo\/image\/","url":"https:\/\/kapitalis.com\/tunisie\/wp-content\/uploads\/2022\/05\/Kapitalis-big-size.png","contentUrl":"https:\/\/kapitalis.com\/tunisie\/wp-content\/uploads\/2022\/05\/Kapitalis-big-size.png","width":5000,"height":1500,"caption":"Kapitalis"},"image":{"@id":"https:\/\/kapitalis.com\/tunisie\/#\/schema\/logo\/image\/"},"sameAs":["https:\/\/www.facebook.com\/KapitalisInfo\/","https:\/\/x.com\/KapitalisInfo","https:\/\/www.youtube.com\/channel\/UC-yDYrHyfFBWWZaOw3FPg9Q"]},{"@type":"Person","@id":"https:\/\/kapitalis.com\/tunisie\/#\/schema\/person\/d71f33a9ca44f7bad4698210b480c8e9","name":"webmaster kapitalis","url":"https:\/\/kapitalis.com\/tunisie\/author\/webmaster-kapitalis\/"}]}},"_links":{"self":[{"href":"https:\/\/kapitalis.com\/tunisie\/wp-json\/wp\/v2\/posts\/237880","targetHints":{"allow":["GET"]}}],"collection":[{"href":"https:\/\/kapitalis.com\/tunisie\/wp-json\/wp\/v2\/posts"}],"about":[{"href":"https:\/\/kapitalis.com\/tunisie\/wp-json\/wp\/v2\/types\/post"}],"author":[{"embeddable":true,"href":"https:\/\/kapitalis.com\/tunisie\/wp-json\/wp\/v2\/users\/8"}],"replies":[{"embeddable":true,"href":"https:\/\/kapitalis.com\/tunisie\/wp-json\/wp\/v2\/comments?post=237880"}],"version-history":[{"count":0,"href":"https:\/\/kapitalis.com\/tunisie\/wp-json\/wp\/v2\/posts\/237880\/revisions"}],"wp:featuredmedia":[{"embeddable":true,"href":"https:\/\/kapitalis.com\/tunisie\/wp-json\/wp\/v2\/media\/237881"}],"wp:attachment":[{"href":"https:\/\/kapitalis.com\/tunisie\/wp-json\/wp\/v2\/media?parent=237880"}],"wp:term":[{"taxonomy":"category","embeddable":true,"href":"https:\/\/kapitalis.com\/tunisie\/wp-json\/wp\/v2\/categories?post=237880"},{"taxonomy":"post_tag","embeddable":true,"href":"https:\/\/kapitalis.com\/tunisie\/wp-json\/wp\/v2\/tags?post=237880"}],"curies":[{"name":"wp","href":"https:\/\/api.w.org\/{rel}","templated":true}]}}