{"id":238167,"date":"2019-09-12T11:03:55","date_gmt":"2019-09-12T10:03:55","guid":{"rendered":"http:\/\/kapitalis.com\/tunisie\/?p=238167"},"modified":"2019-09-12T11:03:59","modified_gmt":"2019-09-12T10:03:59","slug":"biographie-de-youssef-chahed-candidat-aux-elections-presidentielles-anticipees-de-2019","status":"publish","type":"post","link":"https:\/\/kapitalis.com\/tunisie\/2019\/09\/12\/biographie-de-youssef-chahed-candidat-aux-elections-presidentielles-anticipees-de-2019\/","title":{"rendered":"Biographie de Youssef Chahed, candidat aux \u00e9lections pr\u00e9sidentielles anticip\u00e9es de 2019"},"content":{"rendered":"\n<figure class=\"wp-block-image\"><img decoding=\"async\" src=\"http:\/\/kapitalis.com\/tunisie\/wp-content\/uploads\/2019\/09\/Youssef-Chahed..-...jpg\" alt=\"\" class=\"wp-image-238194\"\/><\/figure>\n\n\n\n<p><strong><em>Youssef Chahed, candidat au 1er tour de la pr\u00e9sidentielle anticip\u00e9e de dimanche prochain, 15 septembre 2019 sous la banni\u00e8re du parti Tahya Tounes, est titulaire d&rsquo;un doctorat d&rsquo;Etat en agro-\u00e9conomie, secteur o\u00f9 il a occup\u00e9 diverses fonctions. Il a \u00e9t\u00e9 secr\u00e9taire d&rsquo;Etat puis ministre. Il est, depuis ao\u00fbt 2016, chef du gouvernement tunisien.<\/em><\/strong><\/p>\n\n\n\n<!--more-->\n\n\n\n<p>Youssef Chahed a un dipl\u00f4me d&rsquo;ing\u00e9nieur agronome obtenu \u00e0 l&rsquo;Institut national agronomique de Tunisie en 1998. Il int\u00e9gra ensuite l&rsquo;Institut national agronomique Paris-Grignon en France et obtint un dipl\u00f4me d&rsquo;\u00e9tudes approfondies en \u00e9conomie de l&rsquo;environnement et ressources naturelles en 1999, puis un doctorat en agro-\u00e9conomie en 2003. <\/p>\n\n\n\n<p>Le jeune docteur enseigna l&rsquo;agro-\u00e9conomie en France de 2003 \u00e0 2009 et fut expert international en agriculture et en politique agricole, aupr\u00e8s d&rsquo;institutions internationales. Il \u00e9crivit \u00e9galement de nombreux rapports et articles scientifiques sur les politiques publiques en agriculture et les secteurs agricoles en Tunisie.<\/p>\n\n\n\n<p>Apr\u00e8s la r\u00e9volution de 2011, Chahed fut un des membres fondateurs du parti Al Joumhouri, et adh\u00e9ra ensuite au parti Nidaa Tounes. En 2015, il est nomm\u00e9 secr\u00e9taire d&rsquo;\u00c9tat charg\u00e9 de la P\u00eache puis ministre des Affaires locales dans le gouvernement de Habib Essid, auquel il succ\u00e9dera, le 3 ao\u00fbt 2016.<\/p>\n\n\n\n<p>Les relations entre le nouveau chef de gouvernement et le pr\u00e9sident B\u00e9ji Ca\u00efd Essebsi vont se d\u00e9t\u00e9riorer, \u00e0 cause notamment de l&rsquo;opposition du fils du chef de l&rsquo;Etat, Hafedh Ca\u00efd Essebsi, directeur ex\u00e9cutif de Nidaa Tounes, \u00e0 la campagne de lutte contre la corruption lanc\u00e9e par le locataire du Palais de Kasbah. De son c\u00f4t\u00e9, Feu B\u00e9ji Ca\u00efd Essebsi essaye, en lan\u00e7ant l&rsquo;initiative du Dialogue de Carthage, de se d\u00e9barrasser d&rsquo;un chef de gouvernement peu docile et soucieux d&rsquo;exercer ses fonctions loin des influences partisanes. En vain. En septembre 2018, ce dernier est suspendu par Nidaa Tounes, un parti compl\u00e8tement divis\u00e9 et \u00e9clat\u00e9 en morceaux.  <\/p>\n\n\n\n<p>En avril 2019, les partisans de Chahed forment le parti Tahya Tounes dont ce dernier devint, sans surprise, le pr\u00e9sident.<\/p>\n\n\n\n<p>Ayant pr\u00e9sent\u00e9 sa candidature aux \u00e9lections pr\u00e9sidentielles anticip\u00e9es de 2019, Chahed d\u00e9l\u00e8gue ses fonctions \u00e0 Kamel Morjane, ministre de la Fonction publique et renonce pour ce faire \u00e0 sa nationalit\u00e9 fran\u00e7aise, le 20 ao\u00fbt 2019. <\/p>\n\n\n\n<p>N\u00e9 le 18 septembre 1975 \u00e0 Tunis, mari\u00e9 et p\u00e8re d&rsquo;une fille, Youssef Chahed a un profil de technocrate venu tardivement \u00e0 la politique et son ascension rapide, qu&rsquo;il doit au d\u00e9funt pr\u00e9sident Ca\u00efd Essebsi, n&rsquo;est pas du go\u00fbt de certains vieux routiers de la sc\u00e8ne politique tunisienne, lui reprochant d&rsquo;avoir trahi son mentor. Mais pas seulement: ils lui reproche aussi le bilan de son gouvernement,  jug\u00e9 faible, mais le jeune chef de gouvernement \u00e9voque, pour se d\u00e9fendre, la situation catastrophique qu&rsquo;il a trouv\u00e9e \u00e0 son arriv\u00e9e \u00e0 la Kasbah, apr\u00e8s trois attentats terroristes, au Bardo, \u00e0 Sousse et \u00e0 Tunis, et les hostilit\u00e9s dont il a fait l&rsquo;objet pratiquement depuis le d\u00e9but de son mandat, et notamment de la part des lobbys de la corruption politico-m\u00e9diatico-affairistes.         <\/p>\n\n\n\n<p style=\"text-align:right\"><strong>A. M. <\/strong><\/p>\n","protected":false},"excerpt":{"rendered":"<p>Youssef Chahed, candidat au 1er tour de la pr\u00e9sidentielle anticip\u00e9e de dimanche prochain, 15 septembre 2019 sous la banni\u00e8re du parti Tahya Tounes, est titulaire d&rsquo;un doctorat d&rsquo;Etat en agro-\u00e9conomie, secteur o\u00f9 il a occup\u00e9 diverses fonctions. Il a \u00e9t\u00e9 secr\u00e9taire d&rsquo;Etat puis ministre. Il est, depuis ao\u00fbt 2016, chef du gouvernement tunisien.<\/p>\n","protected":false},"author":22,"featured_media":238194,"comment_status":"open","ping_status":"open","sticky":false,"template":"","format":"standard","meta":{"footnotes":""},"categories":[997,2433],"tags":[19972,9314,5387,12234,54991,11246],"class_list":["post-238167","post","type-post","status-publish","format-standard","has-post-thumbnail","hentry","category-politique","category-tunisie","tag-chef-de-gouvernement","tag-elections-presidentielles","tag-kamel-morjane","tag-secretaire-detat","tag-tahya-tounes","tag-youssef-chahed"],"yoast_head":"<!-- This site is optimized with the Yoast SEO plugin v26.6 - https:\/\/yoast.com\/wordpress\/plugins\/seo\/ -->\n<title>Biographie de Youssef Chahed, candidat aux \u00e9lections pr\u00e9sidentielles anticip\u00e9es de 2019 - Kapitalis<\/title>\n<meta name=\"robots\" content=\"index, follow, max-snippet:-1, max-image-preview:large, max-video-preview:-1\" \/>\n<link rel=\"canonical\" href=\"https:\/\/kapitalis.com\/tunisie\/2019\/09\/12\/biographie-de-youssef-chahed-candidat-aux-elections-presidentielles-anticipees-de-2019\/\" \/>\n<meta property=\"og:locale\" content=\"fr_FR\" \/>\n<meta property=\"og:type\" content=\"article\" \/>\n<meta property=\"og:title\" content=\"Biographie de Youssef Chahed, candidat aux \u00e9lections pr\u00e9sidentielles anticip\u00e9es de 2019 - Kapitalis\" \/>\n<meta property=\"og:description\" content=\"Youssef Chahed, candidat au 1er tour de la pr\u00e9sidentielle anticip\u00e9e de dimanche prochain, 15 septembre 2019 sous la banni\u00e8re du parti Tahya Tounes, est titulaire d&rsquo;un doctorat d&rsquo;Etat en agro-\u00e9conomie, secteur o\u00f9 il a occup\u00e9 diverses fonctions. Il a \u00e9t\u00e9 secr\u00e9taire d&rsquo;Etat puis ministre. Il est, depuis ao\u00fbt 2016, chef du gouvernement tunisien.\" \/>\n<meta property=\"og:url\" content=\"https:\/\/kapitalis.com\/tunisie\/2019\/09\/12\/biographie-de-youssef-chahed-candidat-aux-elections-presidentielles-anticipees-de-2019\/\" \/>\n<meta property=\"og:site_name\" content=\"Kapitalis\" \/>\n<meta property=\"article:publisher\" content=\"https:\/\/www.facebook.com\/KapitalisInfo\/\" \/>\n<meta property=\"article:published_time\" content=\"2019-09-12T10:03:55+00:00\" \/>\n<meta property=\"article:modified_time\" content=\"2019-09-12T10:03:59+00:00\" \/>\n<meta property=\"og:image\" content=\"https:\/\/kapitalis.com\/tunisie\/wp-content\/uploads\/2022\/05\/kapitalis-logo-fb.png\" \/>\n\t<meta property=\"og:image:width\" content=\"1200\" \/>\n\t<meta property=\"og:image:height\" content=\"630\" \/>\n\t<meta property=\"og:image:type\" content=\"image\/png\" \/>\n<meta name=\"author\" content=\"Amina Mkada\" \/>\n<meta name=\"twitter:card\" content=\"summary_large_image\" \/>\n<meta name=\"twitter:creator\" content=\"@KapitalisInfo\" \/>\n<meta name=\"twitter:site\" content=\"@KapitalisInfo\" \/>\n<meta name=\"twitter:label1\" content=\"\u00c9crit par\" \/>\n\t<meta name=\"twitter:data1\" content=\"Amina Mkada\" \/>\n\t<meta name=\"twitter:label2\" content=\"Dur\u00e9e de lecture estim\u00e9e\" \/>\n\t<meta name=\"twitter:data2\" content=\"3 minutes\" \/>\n<script type=\"application\/ld+json\" class=\"yoast-schema-graph\">{\"@context\":\"https:\/\/schema.org\",\"@graph\":[{\"@type\":\"Article\",\"@id\":\"https:\/\/kapitalis.com\/tunisie\/2019\/09\/12\/biographie-de-youssef-chahed-candidat-aux-elections-presidentielles-anticipees-de-2019\/#article\",\"isPartOf\":{\"@id\":\"https:\/\/kapitalis.com\/tunisie\/2019\/09\/12\/biographie-de-youssef-chahed-candidat-aux-elections-presidentielles-anticipees-de-2019\/\"},\"author\":{\"name\":\"Amina Mkada\",\"@id\":\"https:\/\/kapitalis.com\/tunisie\/#\/schema\/person\/093913313d3017554cb3ad077fff3fbd\"},\"headline\":\"Biographie de Youssef Chahed, candidat aux \u00e9lections pr\u00e9sidentielles anticip\u00e9es de 2019\",\"datePublished\":\"2019-09-12T10:03:55+00:00\",\"dateModified\":\"2019-09-12T10:03:59+00:00\",\"mainEntityOfPage\":{\"@id\":\"https:\/\/kapitalis.com\/tunisie\/2019\/09\/12\/biographie-de-youssef-chahed-candidat-aux-elections-presidentielles-anticipees-de-2019\/\"},\"wordCount\":523,\"commentCount\":3,\"publisher\":{\"@id\":\"https:\/\/kapitalis.com\/tunisie\/#organization\"},\"image\":{\"@id\":\"https:\/\/kapitalis.com\/tunisie\/2019\/09\/12\/biographie-de-youssef-chahed-candidat-aux-elections-presidentielles-anticipees-de-2019\/#primaryimage\"},\"thumbnailUrl\":\"\",\"keywords\":[\"chef de gouvernement\",\"\u00e9lections pr\u00e9sidentielles\",\"kamel morjane\",\"secr\u00e9taire d'Etat\",\"Tahya Tounes\",\"Youssef Chahed\"],\"articleSection\":[\"POLITIQUE\",\"Tunisie\"],\"inLanguage\":\"fr-FR\",\"potentialAction\":[{\"@type\":\"CommentAction\",\"name\":\"Comment\",\"target\":[\"https:\/\/kapitalis.com\/tunisie\/2019\/09\/12\/biographie-de-youssef-chahed-candidat-aux-elections-presidentielles-anticipees-de-2019\/#respond\"]}]},{\"@type\":\"WebPage\",\"@id\":\"https:\/\/kapitalis.com\/tunisie\/2019\/09\/12\/biographie-de-youssef-chahed-candidat-aux-elections-presidentielles-anticipees-de-2019\/\",\"url\":\"https:\/\/kapitalis.com\/tunisie\/2019\/09\/12\/biographie-de-youssef-chahed-candidat-aux-elections-presidentielles-anticipees-de-2019\/\",\"name\":\"Biographie de Youssef Chahed, candidat aux \u00e9lections pr\u00e9sidentielles anticip\u00e9es de 2019 - Kapitalis\",\"isPartOf\":{\"@id\":\"https:\/\/kapitalis.com\/tunisie\/#website\"},\"primaryImageOfPage\":{\"@id\":\"https:\/\/kapitalis.com\/tunisie\/2019\/09\/12\/biographie-de-youssef-chahed-candidat-aux-elections-presidentielles-anticipees-de-2019\/#primaryimage\"},\"image\":{\"@id\":\"https:\/\/kapitalis.com\/tunisie\/2019\/09\/12\/biographie-de-youssef-chahed-candidat-aux-elections-presidentielles-anticipees-de-2019\/#primaryimage\"},\"thumbnailUrl\":\"\",\"datePublished\":\"2019-09-12T10:03:55+00:00\",\"dateModified\":\"2019-09-12T10:03:59+00:00\",\"breadcrumb\":{\"@id\":\"https:\/\/kapitalis.com\/tunisie\/2019\/09\/12\/biographie-de-youssef-chahed-candidat-aux-elections-presidentielles-anticipees-de-2019\/#breadcrumb\"},\"inLanguage\":\"fr-FR\",\"potentialAction\":[{\"@type\":\"ReadAction\",\"target\":[\"https:\/\/kapitalis.com\/tunisie\/2019\/09\/12\/biographie-de-youssef-chahed-candidat-aux-elections-presidentielles-anticipees-de-2019\/\"]}]},{\"@type\":\"ImageObject\",\"inLanguage\":\"fr-FR\",\"@id\":\"https:\/\/kapitalis.com\/tunisie\/2019\/09\/12\/biographie-de-youssef-chahed-candidat-aux-elections-presidentielles-anticipees-de-2019\/#primaryimage\",\"url\":\"\",\"contentUrl\":\"\"},{\"@type\":\"BreadcrumbList\",\"@id\":\"https:\/\/kapitalis.com\/tunisie\/2019\/09\/12\/biographie-de-youssef-chahed-candidat-aux-elections-presidentielles-anticipees-de-2019\/#breadcrumb\",\"itemListElement\":[{\"@type\":\"ListItem\",\"position\":1,\"name\":\"Accueil\",\"item\":\"https:\/\/kapitalis.com\/tunisie\/\"},{\"@type\":\"ListItem\",\"position\":2,\"name\":\"Biographie de Youssef Chahed, candidat aux \u00e9lections pr\u00e9sidentielles anticip\u00e9es de 2019\"}]},{\"@type\":\"WebSite\",\"@id\":\"https:\/\/kapitalis.com\/tunisie\/#website\",\"url\":\"https:\/\/kapitalis.com\/tunisie\/\",\"name\":\"Kapitalis\",\"description\":\"L&#039;actualit\u00e9 en Tunisie et dans le monde\",\"publisher\":{\"@id\":\"https:\/\/kapitalis.com\/tunisie\/#organization\"},\"potentialAction\":[{\"@type\":\"SearchAction\",\"target\":{\"@type\":\"EntryPoint\",\"urlTemplate\":\"https:\/\/kapitalis.com\/tunisie\/?s={search_term_string}\"},\"query-input\":{\"@type\":\"PropertyValueSpecification\",\"valueRequired\":true,\"valueName\":\"search_term_string\"}}],\"inLanguage\":\"fr-FR\"},{\"@type\":\"Organization\",\"@id\":\"https:\/\/kapitalis.com\/tunisie\/#organization\",\"name\":\"Kapitalis\",\"url\":\"https:\/\/kapitalis.com\/tunisie\/\",\"logo\":{\"@type\":\"ImageObject\",\"inLanguage\":\"fr-FR\",\"@id\":\"https:\/\/kapitalis.com\/tunisie\/#\/schema\/logo\/image\/\",\"url\":\"https:\/\/kapitalis.com\/tunisie\/wp-content\/uploads\/2022\/05\/Kapitalis-big-size.png\",\"contentUrl\":\"https:\/\/kapitalis.com\/tunisie\/wp-content\/uploads\/2022\/05\/Kapitalis-big-size.png\",\"width\":5000,\"height\":1500,\"caption\":\"Kapitalis\"},\"image\":{\"@id\":\"https:\/\/kapitalis.com\/tunisie\/#\/schema\/logo\/image\/\"},\"sameAs\":[\"https:\/\/www.facebook.com\/KapitalisInfo\/\",\"https:\/\/x.com\/KapitalisInfo\",\"https:\/\/www.youtube.com\/channel\/UC-yDYrHyfFBWWZaOw3FPg9Q\"]},{\"@type\":\"Person\",\"@id\":\"https:\/\/kapitalis.com\/tunisie\/#\/schema\/person\/093913313d3017554cb3ad077fff3fbd\",\"name\":\"Amina Mkada\",\"url\":\"https:\/\/kapitalis.com\/tunisie\/author\/amina\/\"}]}<\/script>\n<!-- \/ Yoast SEO plugin. -->","yoast_head_json":{"title":"Biographie de Youssef Chahed, candidat aux \u00e9lections pr\u00e9sidentielles anticip\u00e9es de 2019 - Kapitalis","robots":{"index":"index","follow":"follow","max-snippet":"max-snippet:-1","max-image-preview":"max-image-preview:large","max-video-preview":"max-video-preview:-1"},"canonical":"https:\/\/kapitalis.com\/tunisie\/2019\/09\/12\/biographie-de-youssef-chahed-candidat-aux-elections-presidentielles-anticipees-de-2019\/","og_locale":"fr_FR","og_type":"article","og_title":"Biographie de Youssef Chahed, candidat aux \u00e9lections pr\u00e9sidentielles anticip\u00e9es de 2019 - Kapitalis","og_description":"Youssef Chahed, candidat au 1er tour de la pr\u00e9sidentielle anticip\u00e9e de dimanche prochain, 15 septembre 2019 sous la banni\u00e8re du parti Tahya Tounes, est titulaire d&rsquo;un doctorat d&rsquo;Etat en agro-\u00e9conomie, secteur o\u00f9 il a occup\u00e9 diverses fonctions. Il a \u00e9t\u00e9 secr\u00e9taire d&rsquo;Etat puis ministre. Il est, depuis ao\u00fbt 2016, chef du gouvernement tunisien.","og_url":"https:\/\/kapitalis.com\/tunisie\/2019\/09\/12\/biographie-de-youssef-chahed-candidat-aux-elections-presidentielles-anticipees-de-2019\/","og_site_name":"Kapitalis","article_publisher":"https:\/\/www.facebook.com\/KapitalisInfo\/","article_published_time":"2019-09-12T10:03:55+00:00","article_modified_time":"2019-09-12T10:03:59+00:00","og_image":[{"width":1200,"height":630,"url":"https:\/\/kapitalis.com\/tunisie\/wp-content\/uploads\/2022\/05\/kapitalis-logo-fb.png","type":"image\/png"}],"author":"Amina Mkada","twitter_card":"summary_large_image","twitter_creator":"@KapitalisInfo","twitter_site":"@KapitalisInfo","twitter_misc":{"\u00c9crit par":"Amina Mkada","Dur\u00e9e de lecture estim\u00e9e":"3 minutes"},"schema":{"@context":"https:\/\/schema.org","@graph":[{"@type":"Article","@id":"https:\/\/kapitalis.com\/tunisie\/2019\/09\/12\/biographie-de-youssef-chahed-candidat-aux-elections-presidentielles-anticipees-de-2019\/#article","isPartOf":{"@id":"https:\/\/kapitalis.com\/tunisie\/2019\/09\/12\/biographie-de-youssef-chahed-candidat-aux-elections-presidentielles-anticipees-de-2019\/"},"author":{"name":"Amina Mkada","@id":"https:\/\/kapitalis.com\/tunisie\/#\/schema\/person\/093913313d3017554cb3ad077fff3fbd"},"headline":"Biographie de Youssef Chahed, candidat aux \u00e9lections pr\u00e9sidentielles anticip\u00e9es de 2019","datePublished":"2019-09-12T10:03:55+00:00","dateModified":"2019-09-12T10:03:59+00:00","mainEntityOfPage":{"@id":"https:\/\/kapitalis.com\/tunisie\/2019\/09\/12\/biographie-de-youssef-chahed-candidat-aux-elections-presidentielles-anticipees-de-2019\/"},"wordCount":523,"commentCount":3,"publisher":{"@id":"https:\/\/kapitalis.com\/tunisie\/#organization"},"image":{"@id":"https:\/\/kapitalis.com\/tunisie\/2019\/09\/12\/biographie-de-youssef-chahed-candidat-aux-elections-presidentielles-anticipees-de-2019\/#primaryimage"},"thumbnailUrl":"","keywords":["chef de gouvernement","\u00e9lections pr\u00e9sidentielles","kamel morjane","secr\u00e9taire d'Etat","Tahya Tounes","Youssef Chahed"],"articleSection":["POLITIQUE","Tunisie"],"inLanguage":"fr-FR","potentialAction":[{"@type":"CommentAction","name":"Comment","target":["https:\/\/kapitalis.com\/tunisie\/2019\/09\/12\/biographie-de-youssef-chahed-candidat-aux-elections-presidentielles-anticipees-de-2019\/#respond"]}]},{"@type":"WebPage","@id":"https:\/\/kapitalis.com\/tunisie\/2019\/09\/12\/biographie-de-youssef-chahed-candidat-aux-elections-presidentielles-anticipees-de-2019\/","url":"https:\/\/kapitalis.com\/tunisie\/2019\/09\/12\/biographie-de-youssef-chahed-candidat-aux-elections-presidentielles-anticipees-de-2019\/","name":"Biographie de Youssef Chahed, candidat aux \u00e9lections pr\u00e9sidentielles anticip\u00e9es de 2019 - Kapitalis","isPartOf":{"@id":"https:\/\/kapitalis.com\/tunisie\/#website"},"primaryImageOfPage":{"@id":"https:\/\/kapitalis.com\/tunisie\/2019\/09\/12\/biographie-de-youssef-chahed-candidat-aux-elections-presidentielles-anticipees-de-2019\/#primaryimage"},"image":{"@id":"https:\/\/kapitalis.com\/tunisie\/2019\/09\/12\/biographie-de-youssef-chahed-candidat-aux-elections-presidentielles-anticipees-de-2019\/#primaryimage"},"thumbnailUrl":"","datePublished":"2019-09-12T10:03:55+00:00","dateModified":"2019-09-12T10:03:59+00:00","breadcrumb":{"@id":"https:\/\/kapitalis.com\/tunisie\/2019\/09\/12\/biographie-de-youssef-chahed-candidat-aux-elections-presidentielles-anticipees-de-2019\/#breadcrumb"},"inLanguage":"fr-FR","potentialAction":[{"@type":"ReadAction","target":["https:\/\/kapitalis.com\/tunisie\/2019\/09\/12\/biographie-de-youssef-chahed-candidat-aux-elections-presidentielles-anticipees-de-2019\/"]}]},{"@type":"ImageObject","inLanguage":"fr-FR","@id":"https:\/\/kapitalis.com\/tunisie\/2019\/09\/12\/biographie-de-youssef-chahed-candidat-aux-elections-presidentielles-anticipees-de-2019\/#primaryimage","url":"","contentUrl":""},{"@type":"BreadcrumbList","@id":"https:\/\/kapitalis.com\/tunisie\/2019\/09\/12\/biographie-de-youssef-chahed-candidat-aux-elections-presidentielles-anticipees-de-2019\/#breadcrumb","itemListElement":[{"@type":"ListItem","position":1,"name":"Accueil","item":"https:\/\/kapitalis.com\/tunisie\/"},{"@type":"ListItem","position":2,"name":"Biographie de Youssef Chahed, candidat aux \u00e9lections pr\u00e9sidentielles anticip\u00e9es de 2019"}]},{"@type":"WebSite","@id":"https:\/\/kapitalis.com\/tunisie\/#website","url":"https:\/\/kapitalis.com\/tunisie\/","name":"Kapitalis","description":"L&#039;actualit\u00e9 en Tunisie et dans le monde","publisher":{"@id":"https:\/\/kapitalis.com\/tunisie\/#organization"},"potentialAction":[{"@type":"SearchAction","target":{"@type":"EntryPoint","urlTemplate":"https:\/\/kapitalis.com\/tunisie\/?s={search_term_string}"},"query-input":{"@type":"PropertyValueSpecification","valueRequired":true,"valueName":"search_term_string"}}],"inLanguage":"fr-FR"},{"@type":"Organization","@id":"https:\/\/kapitalis.com\/tunisie\/#organization","name":"Kapitalis","url":"https:\/\/kapitalis.com\/tunisie\/","logo":{"@type":"ImageObject","inLanguage":"fr-FR","@id":"https:\/\/kapitalis.com\/tunisie\/#\/schema\/logo\/image\/","url":"https:\/\/kapitalis.com\/tunisie\/wp-content\/uploads\/2022\/05\/Kapitalis-big-size.png","contentUrl":"https:\/\/kapitalis.com\/tunisie\/wp-content\/uploads\/2022\/05\/Kapitalis-big-size.png","width":5000,"height":1500,"caption":"Kapitalis"},"image":{"@id":"https:\/\/kapitalis.com\/tunisie\/#\/schema\/logo\/image\/"},"sameAs":["https:\/\/www.facebook.com\/KapitalisInfo\/","https:\/\/x.com\/KapitalisInfo","https:\/\/www.youtube.com\/channel\/UC-yDYrHyfFBWWZaOw3FPg9Q"]},{"@type":"Person","@id":"https:\/\/kapitalis.com\/tunisie\/#\/schema\/person\/093913313d3017554cb3ad077fff3fbd","name":"Amina Mkada","url":"https:\/\/kapitalis.com\/tunisie\/author\/amina\/"}]}},"_links":{"self":[{"href":"https:\/\/kapitalis.com\/tunisie\/wp-json\/wp\/v2\/posts\/238167","targetHints":{"allow":["GET"]}}],"collection":[{"href":"https:\/\/kapitalis.com\/tunisie\/wp-json\/wp\/v2\/posts"}],"about":[{"href":"https:\/\/kapitalis.com\/tunisie\/wp-json\/wp\/v2\/types\/post"}],"author":[{"embeddable":true,"href":"https:\/\/kapitalis.com\/tunisie\/wp-json\/wp\/v2\/users\/22"}],"replies":[{"embeddable":true,"href":"https:\/\/kapitalis.com\/tunisie\/wp-json\/wp\/v2\/comments?post=238167"}],"version-history":[{"count":0,"href":"https:\/\/kapitalis.com\/tunisie\/wp-json\/wp\/v2\/posts\/238167\/revisions"}],"wp:featuredmedia":[{"embeddable":true,"href":"https:\/\/kapitalis.com\/tunisie\/wp-json\/wp\/v2\/media\/238194"}],"wp:attachment":[{"href":"https:\/\/kapitalis.com\/tunisie\/wp-json\/wp\/v2\/media?parent=238167"}],"wp:term":[{"taxonomy":"category","embeddable":true,"href":"https:\/\/kapitalis.com\/tunisie\/wp-json\/wp\/v2\/categories?post=238167"},{"taxonomy":"post_tag","embeddable":true,"href":"https:\/\/kapitalis.com\/tunisie\/wp-json\/wp\/v2\/tags?post=238167"}],"curies":[{"name":"wp","href":"https:\/\/api.w.org\/{rel}","templated":true}]}}