{"id":23822,"date":"2015-11-07T11:58:02","date_gmt":"2015-11-07T10:58:02","guid":{"rendered":"http:\/\/kapitalis.com\/tunisie\/?p=23822"},"modified":"2015-11-07T11:58:02","modified_gmt":"2015-11-07T10:58:02","slug":"entree-en-vigueur-de-la-loi-reglementant-les-cours-particuliers","status":"publish","type":"post","link":"https:\/\/kapitalis.com\/tunisie\/2015\/11\/07\/entree-en-vigueur-de-la-loi-reglementant-les-cours-particuliers\/","title":{"rendered":"Entr\u00e9e en vigueur de la loi r\u00e9glementant les cours particuliers"},"content":{"rendered":"<p><img loading=\"lazy\" decoding=\"async\" class=\"alignnone size-full wp-image-13584 aligncenter\" src=\"http:\/\/kapitalis.com\/tunisie\/wp-content\/uploads\/2015\/09\/ecole-de-base.jpg\" alt=\"ecole de base\" width=\"626\" height=\"380\" \/><\/p>\n<p><em><strong>La loi visant \u00e0 mettre de l\u2019ordre dans le secteur anarchique des cours particuliers vient d\u2019\u00eatre publi\u00e9e au Journal officiel de la r\u00e9publique tunisienne (Jort).<\/strong> <\/em><\/p>\n<p><!--more--><\/p>\n<p>Les enseignants concern\u00e9s doivent lire minutieusement ce texte, publi\u00e9 depuis le 30 octobre dernier au<a href=\"http:\/\/www.iort.gov.tn\/WD120AWP\/WD120Awp.exe\/CTX_18280-154-oJlUfnnCnQ\/PageDernierParu\/SYNC_1210696640\" target=\"_blank\"> Jort<\/a>, pour \u00e9viter de l\u2019enfreindre et encourir des sanctions administratives.<\/p>\n<p>Les cours particuliers seront d\u00e9sormais organis\u00e9s par l\u2019administration, sous le contr\u00f4le de p\u00e9dagogues. Les enseignants qui d\u00e9sirent en donner sont donc appel\u00e9s \u00e0 coordonner avec les directeurs d\u2019\u00e9tablissements et le commissaire r\u00e9gional de l\u2019\u00e9ducation.<\/p>\n<p>Ils doivent pr\u00e9senter une demande en ce sens et se faire d\u00e9livrer une d\u00e9charge sign\u00e9e par le commissaire r\u00e9gional.<\/p>\n<p>Les cours seront donn\u00e9s exclusivement dans l\u2019enceinte des \u00e9coles, des coll\u00e8ges et des lyc\u00e9es. Et les recettes seront collect\u00e9es et distribu\u00e9es par les minist\u00e8res de l\u2019Education et des Finances, qui veilleront sur la r\u00e9mun\u00e9ration des intervenants.<\/p>\n<p>Toute enfreinte \u00e0 cette loi sera sanctionn\u00e9e.<\/p>\n<p style=\"text-align: right;\"><strong>Z. A.<\/strong><\/p>\n","protected":false},"excerpt":{"rendered":"<p>La loi visant \u00e0 mettre de l\u2019ordre dans le secteur anarchique des cours particuliers vient d\u2019\u00eatre publi\u00e9e au Journal officiel de la r\u00e9publique tunisienne (Jort).<\/p>\n","protected":false},"author":8,"featured_media":0,"comment_status":"open","ping_status":"open","sticky":false,"template":"","format":"standard","meta":{"footnotes":""},"categories":[998,2433],"tags":[6256,3784,1750,306,327,9361,553,2352,612],"class_list":["post-23822","post","type-post","status-publish","format-standard","hentry","category-societe","category-tunisie","tag-colleges","tag-cours-particuliers","tag-ecoles","tag-education","tag-enseignants","tag-jort","tag-loi","tag-lycees","tag-ministere"],"yoast_head":"<!-- This site is optimized with the Yoast SEO plugin v26.6 - https:\/\/yoast.com\/wordpress\/plugins\/seo\/ -->\n<title>Entr\u00e9e en vigueur de la loi r\u00e9glementant les cours particuliers - Kapitalis<\/title>\n<meta name=\"robots\" content=\"index, follow, max-snippet:-1, max-image-preview:large, max-video-preview:-1\" \/>\n<link rel=\"canonical\" href=\"https:\/\/kapitalis.com\/tunisie\/2015\/11\/07\/entree-en-vigueur-de-la-loi-reglementant-les-cours-particuliers\/\" \/>\n<meta property=\"og:locale\" content=\"fr_FR\" \/>\n<meta property=\"og:type\" content=\"article\" \/>\n<meta property=\"og:title\" content=\"Entr\u00e9e en vigueur de la loi r\u00e9glementant les cours particuliers - Kapitalis\" \/>\n<meta property=\"og:description\" content=\"La loi visant \u00e0 mettre de l\u2019ordre dans le secteur anarchique des cours particuliers vient d\u2019\u00eatre publi\u00e9e au Journal officiel de la r\u00e9publique tunisienne (Jort).\" \/>\n<meta property=\"og:url\" content=\"https:\/\/kapitalis.com\/tunisie\/2015\/11\/07\/entree-en-vigueur-de-la-loi-reglementant-les-cours-particuliers\/\" \/>\n<meta property=\"og:site_name\" content=\"Kapitalis\" \/>\n<meta property=\"article:publisher\" content=\"https:\/\/www.facebook.com\/KapitalisInfo\/\" \/>\n<meta property=\"article:published_time\" content=\"2015-11-07T10:58:02+00:00\" \/>\n<meta property=\"og:image\" content=\"http:\/\/kapitalis.com\/tunisie\/wp-content\/uploads\/2015\/09\/ecole-de-base.jpg\" \/>\n<meta name=\"author\" content=\"webmaster kapitalis\" \/>\n<meta name=\"twitter:card\" content=\"summary_large_image\" \/>\n<meta name=\"twitter:creator\" content=\"@KapitalisInfo\" \/>\n<meta name=\"twitter:site\" content=\"@KapitalisInfo\" \/>\n<meta name=\"twitter:label1\" content=\"\u00c9crit par\" \/>\n\t<meta name=\"twitter:data1\" content=\"webmaster kapitalis\" \/>\n\t<meta name=\"twitter:label2\" content=\"Dur\u00e9e de lecture estim\u00e9e\" \/>\n\t<meta name=\"twitter:data2\" content=\"1 minute\" \/>\n<script type=\"application\/ld+json\" class=\"yoast-schema-graph\">{\"@context\":\"https:\/\/schema.org\",\"@graph\":[{\"@type\":\"Article\",\"@id\":\"https:\/\/kapitalis.com\/tunisie\/2015\/11\/07\/entree-en-vigueur-de-la-loi-reglementant-les-cours-particuliers\/#article\",\"isPartOf\":{\"@id\":\"https:\/\/kapitalis.com\/tunisie\/2015\/11\/07\/entree-en-vigueur-de-la-loi-reglementant-les-cours-particuliers\/\"},\"author\":{\"name\":\"webmaster kapitalis\",\"@id\":\"https:\/\/kapitalis.com\/tunisie\/#\/schema\/person\/d71f33a9ca44f7bad4698210b480c8e9\"},\"headline\":\"Entr\u00e9e en vigueur de la loi r\u00e9glementant les cours particuliers\",\"datePublished\":\"2015-11-07T10:58:02+00:00\",\"mainEntityOfPage\":{\"@id\":\"https:\/\/kapitalis.com\/tunisie\/2015\/11\/07\/entree-en-vigueur-de-la-loi-reglementant-les-cours-particuliers\/\"},\"wordCount\":188,\"commentCount\":1,\"publisher\":{\"@id\":\"https:\/\/kapitalis.com\/tunisie\/#organization\"},\"image\":{\"@id\":\"https:\/\/kapitalis.com\/tunisie\/2015\/11\/07\/entree-en-vigueur-de-la-loi-reglementant-les-cours-particuliers\/#primaryimage\"},\"thumbnailUrl\":\"http:\/\/kapitalis.com\/tunisie\/wp-content\/uploads\/2015\/09\/ecole-de-base.jpg\",\"keywords\":[\"coll\u00e8ges\",\"cours particuliers\",\"\u00e9coles\",\"\u00e9ducation\",\"enseignants\",\"Jort\",\"loi\",\"lyc\u00e9es\",\"minist\u00e8re\"],\"articleSection\":[\"SOCIETE\",\"Tunisie\"],\"inLanguage\":\"fr-FR\",\"potentialAction\":[{\"@type\":\"CommentAction\",\"name\":\"Comment\",\"target\":[\"https:\/\/kapitalis.com\/tunisie\/2015\/11\/07\/entree-en-vigueur-de-la-loi-reglementant-les-cours-particuliers\/#respond\"]}]},{\"@type\":\"WebPage\",\"@id\":\"https:\/\/kapitalis.com\/tunisie\/2015\/11\/07\/entree-en-vigueur-de-la-loi-reglementant-les-cours-particuliers\/\",\"url\":\"https:\/\/kapitalis.com\/tunisie\/2015\/11\/07\/entree-en-vigueur-de-la-loi-reglementant-les-cours-particuliers\/\",\"name\":\"Entr\u00e9e en vigueur de la loi r\u00e9glementant les cours particuliers - Kapitalis\",\"isPartOf\":{\"@id\":\"https:\/\/kapitalis.com\/tunisie\/#website\"},\"primaryImageOfPage\":{\"@id\":\"https:\/\/kapitalis.com\/tunisie\/2015\/11\/07\/entree-en-vigueur-de-la-loi-reglementant-les-cours-particuliers\/#primaryimage\"},\"image\":{\"@id\":\"https:\/\/kapitalis.com\/tunisie\/2015\/11\/07\/entree-en-vigueur-de-la-loi-reglementant-les-cours-particuliers\/#primaryimage\"},\"thumbnailUrl\":\"http:\/\/kapitalis.com\/tunisie\/wp-content\/uploads\/2015\/09\/ecole-de-base.jpg\",\"datePublished\":\"2015-11-07T10:58:02+00:00\",\"breadcrumb\":{\"@id\":\"https:\/\/kapitalis.com\/tunisie\/2015\/11\/07\/entree-en-vigueur-de-la-loi-reglementant-les-cours-particuliers\/#breadcrumb\"},\"inLanguage\":\"fr-FR\",\"potentialAction\":[{\"@type\":\"ReadAction\",\"target\":[\"https:\/\/kapitalis.com\/tunisie\/2015\/11\/07\/entree-en-vigueur-de-la-loi-reglementant-les-cours-particuliers\/\"]}]},{\"@type\":\"ImageObject\",\"inLanguage\":\"fr-FR\",\"@id\":\"https:\/\/kapitalis.com\/tunisie\/2015\/11\/07\/entree-en-vigueur-de-la-loi-reglementant-les-cours-particuliers\/#primaryimage\",\"url\":\"http:\/\/kapitalis.com\/tunisie\/wp-content\/uploads\/2015\/09\/ecole-de-base.jpg\",\"contentUrl\":\"http:\/\/kapitalis.com\/tunisie\/wp-content\/uploads\/2015\/09\/ecole-de-base.jpg\"},{\"@type\":\"BreadcrumbList\",\"@id\":\"https:\/\/kapitalis.com\/tunisie\/2015\/11\/07\/entree-en-vigueur-de-la-loi-reglementant-les-cours-particuliers\/#breadcrumb\",\"itemListElement\":[{\"@type\":\"ListItem\",\"position\":1,\"name\":\"Accueil\",\"item\":\"https:\/\/kapitalis.com\/tunisie\/\"},{\"@type\":\"ListItem\",\"position\":2,\"name\":\"Entr\u00e9e en vigueur de la loi r\u00e9glementant les cours particuliers\"}]},{\"@type\":\"WebSite\",\"@id\":\"https:\/\/kapitalis.com\/tunisie\/#website\",\"url\":\"https:\/\/kapitalis.com\/tunisie\/\",\"name\":\"Kapitalis\",\"description\":\"L&#039;actualit\u00e9 en Tunisie et dans le monde\",\"publisher\":{\"@id\":\"https:\/\/kapitalis.com\/tunisie\/#organization\"},\"potentialAction\":[{\"@type\":\"SearchAction\",\"target\":{\"@type\":\"EntryPoint\",\"urlTemplate\":\"https:\/\/kapitalis.com\/tunisie\/?s={search_term_string}\"},\"query-input\":{\"@type\":\"PropertyValueSpecification\",\"valueRequired\":true,\"valueName\":\"search_term_string\"}}],\"inLanguage\":\"fr-FR\"},{\"@type\":\"Organization\",\"@id\":\"https:\/\/kapitalis.com\/tunisie\/#organization\",\"name\":\"Kapitalis\",\"url\":\"https:\/\/kapitalis.com\/tunisie\/\",\"logo\":{\"@type\":\"ImageObject\",\"inLanguage\":\"fr-FR\",\"@id\":\"https:\/\/kapitalis.com\/tunisie\/#\/schema\/logo\/image\/\",\"url\":\"https:\/\/kapitalis.com\/tunisie\/wp-content\/uploads\/2022\/05\/Kapitalis-big-size.png\",\"contentUrl\":\"https:\/\/kapitalis.com\/tunisie\/wp-content\/uploads\/2022\/05\/Kapitalis-big-size.png\",\"width\":5000,\"height\":1500,\"caption\":\"Kapitalis\"},\"image\":{\"@id\":\"https:\/\/kapitalis.com\/tunisie\/#\/schema\/logo\/image\/\"},\"sameAs\":[\"https:\/\/www.facebook.com\/KapitalisInfo\/\",\"https:\/\/x.com\/KapitalisInfo\",\"https:\/\/www.youtube.com\/channel\/UC-yDYrHyfFBWWZaOw3FPg9Q\"]},{\"@type\":\"Person\",\"@id\":\"https:\/\/kapitalis.com\/tunisie\/#\/schema\/person\/d71f33a9ca44f7bad4698210b480c8e9\",\"name\":\"webmaster kapitalis\",\"url\":\"https:\/\/kapitalis.com\/tunisie\/author\/webmaster-kapitalis\/\"}]}<\/script>\n<!-- \/ Yoast SEO plugin. -->","yoast_head_json":{"title":"Entr\u00e9e en vigueur de la loi r\u00e9glementant les cours particuliers - Kapitalis","robots":{"index":"index","follow":"follow","max-snippet":"max-snippet:-1","max-image-preview":"max-image-preview:large","max-video-preview":"max-video-preview:-1"},"canonical":"https:\/\/kapitalis.com\/tunisie\/2015\/11\/07\/entree-en-vigueur-de-la-loi-reglementant-les-cours-particuliers\/","og_locale":"fr_FR","og_type":"article","og_title":"Entr\u00e9e en vigueur de la loi r\u00e9glementant les cours particuliers - Kapitalis","og_description":"La loi visant \u00e0 mettre de l\u2019ordre dans le secteur anarchique des cours particuliers vient d\u2019\u00eatre publi\u00e9e au Journal officiel de la r\u00e9publique tunisienne (Jort).","og_url":"https:\/\/kapitalis.com\/tunisie\/2015\/11\/07\/entree-en-vigueur-de-la-loi-reglementant-les-cours-particuliers\/","og_site_name":"Kapitalis","article_publisher":"https:\/\/www.facebook.com\/KapitalisInfo\/","article_published_time":"2015-11-07T10:58:02+00:00","og_image":[{"url":"http:\/\/kapitalis.com\/tunisie\/wp-content\/uploads\/2015\/09\/ecole-de-base.jpg","type":"","width":"","height":""}],"author":"webmaster kapitalis","twitter_card":"summary_large_image","twitter_creator":"@KapitalisInfo","twitter_site":"@KapitalisInfo","twitter_misc":{"\u00c9crit par":"webmaster kapitalis","Dur\u00e9e de lecture estim\u00e9e":"1 minute"},"schema":{"@context":"https:\/\/schema.org","@graph":[{"@type":"Article","@id":"https:\/\/kapitalis.com\/tunisie\/2015\/11\/07\/entree-en-vigueur-de-la-loi-reglementant-les-cours-particuliers\/#article","isPartOf":{"@id":"https:\/\/kapitalis.com\/tunisie\/2015\/11\/07\/entree-en-vigueur-de-la-loi-reglementant-les-cours-particuliers\/"},"author":{"name":"webmaster kapitalis","@id":"https:\/\/kapitalis.com\/tunisie\/#\/schema\/person\/d71f33a9ca44f7bad4698210b480c8e9"},"headline":"Entr\u00e9e en vigueur de la loi r\u00e9glementant les cours particuliers","datePublished":"2015-11-07T10:58:02+00:00","mainEntityOfPage":{"@id":"https:\/\/kapitalis.com\/tunisie\/2015\/11\/07\/entree-en-vigueur-de-la-loi-reglementant-les-cours-particuliers\/"},"wordCount":188,"commentCount":1,"publisher":{"@id":"https:\/\/kapitalis.com\/tunisie\/#organization"},"image":{"@id":"https:\/\/kapitalis.com\/tunisie\/2015\/11\/07\/entree-en-vigueur-de-la-loi-reglementant-les-cours-particuliers\/#primaryimage"},"thumbnailUrl":"http:\/\/kapitalis.com\/tunisie\/wp-content\/uploads\/2015\/09\/ecole-de-base.jpg","keywords":["coll\u00e8ges","cours particuliers","\u00e9coles","\u00e9ducation","enseignants","Jort","loi","lyc\u00e9es","minist\u00e8re"],"articleSection":["SOCIETE","Tunisie"],"inLanguage":"fr-FR","potentialAction":[{"@type":"CommentAction","name":"Comment","target":["https:\/\/kapitalis.com\/tunisie\/2015\/11\/07\/entree-en-vigueur-de-la-loi-reglementant-les-cours-particuliers\/#respond"]}]},{"@type":"WebPage","@id":"https:\/\/kapitalis.com\/tunisie\/2015\/11\/07\/entree-en-vigueur-de-la-loi-reglementant-les-cours-particuliers\/","url":"https:\/\/kapitalis.com\/tunisie\/2015\/11\/07\/entree-en-vigueur-de-la-loi-reglementant-les-cours-particuliers\/","name":"Entr\u00e9e en vigueur de la loi r\u00e9glementant les cours particuliers - Kapitalis","isPartOf":{"@id":"https:\/\/kapitalis.com\/tunisie\/#website"},"primaryImageOfPage":{"@id":"https:\/\/kapitalis.com\/tunisie\/2015\/11\/07\/entree-en-vigueur-de-la-loi-reglementant-les-cours-particuliers\/#primaryimage"},"image":{"@id":"https:\/\/kapitalis.com\/tunisie\/2015\/11\/07\/entree-en-vigueur-de-la-loi-reglementant-les-cours-particuliers\/#primaryimage"},"thumbnailUrl":"http:\/\/kapitalis.com\/tunisie\/wp-content\/uploads\/2015\/09\/ecole-de-base.jpg","datePublished":"2015-11-07T10:58:02+00:00","breadcrumb":{"@id":"https:\/\/kapitalis.com\/tunisie\/2015\/11\/07\/entree-en-vigueur-de-la-loi-reglementant-les-cours-particuliers\/#breadcrumb"},"inLanguage":"fr-FR","potentialAction":[{"@type":"ReadAction","target":["https:\/\/kapitalis.com\/tunisie\/2015\/11\/07\/entree-en-vigueur-de-la-loi-reglementant-les-cours-particuliers\/"]}]},{"@type":"ImageObject","inLanguage":"fr-FR","@id":"https:\/\/kapitalis.com\/tunisie\/2015\/11\/07\/entree-en-vigueur-de-la-loi-reglementant-les-cours-particuliers\/#primaryimage","url":"http:\/\/kapitalis.com\/tunisie\/wp-content\/uploads\/2015\/09\/ecole-de-base.jpg","contentUrl":"http:\/\/kapitalis.com\/tunisie\/wp-content\/uploads\/2015\/09\/ecole-de-base.jpg"},{"@type":"BreadcrumbList","@id":"https:\/\/kapitalis.com\/tunisie\/2015\/11\/07\/entree-en-vigueur-de-la-loi-reglementant-les-cours-particuliers\/#breadcrumb","itemListElement":[{"@type":"ListItem","position":1,"name":"Accueil","item":"https:\/\/kapitalis.com\/tunisie\/"},{"@type":"ListItem","position":2,"name":"Entr\u00e9e en vigueur de la loi r\u00e9glementant les cours particuliers"}]},{"@type":"WebSite","@id":"https:\/\/kapitalis.com\/tunisie\/#website","url":"https:\/\/kapitalis.com\/tunisie\/","name":"Kapitalis","description":"L&#039;actualit\u00e9 en Tunisie et dans le monde","publisher":{"@id":"https:\/\/kapitalis.com\/tunisie\/#organization"},"potentialAction":[{"@type":"SearchAction","target":{"@type":"EntryPoint","urlTemplate":"https:\/\/kapitalis.com\/tunisie\/?s={search_term_string}"},"query-input":{"@type":"PropertyValueSpecification","valueRequired":true,"valueName":"search_term_string"}}],"inLanguage":"fr-FR"},{"@type":"Organization","@id":"https:\/\/kapitalis.com\/tunisie\/#organization","name":"Kapitalis","url":"https:\/\/kapitalis.com\/tunisie\/","logo":{"@type":"ImageObject","inLanguage":"fr-FR","@id":"https:\/\/kapitalis.com\/tunisie\/#\/schema\/logo\/image\/","url":"https:\/\/kapitalis.com\/tunisie\/wp-content\/uploads\/2022\/05\/Kapitalis-big-size.png","contentUrl":"https:\/\/kapitalis.com\/tunisie\/wp-content\/uploads\/2022\/05\/Kapitalis-big-size.png","width":5000,"height":1500,"caption":"Kapitalis"},"image":{"@id":"https:\/\/kapitalis.com\/tunisie\/#\/schema\/logo\/image\/"},"sameAs":["https:\/\/www.facebook.com\/KapitalisInfo\/","https:\/\/x.com\/KapitalisInfo","https:\/\/www.youtube.com\/channel\/UC-yDYrHyfFBWWZaOw3FPg9Q"]},{"@type":"Person","@id":"https:\/\/kapitalis.com\/tunisie\/#\/schema\/person\/d71f33a9ca44f7bad4698210b480c8e9","name":"webmaster kapitalis","url":"https:\/\/kapitalis.com\/tunisie\/author\/webmaster-kapitalis\/"}]}},"_links":{"self":[{"href":"https:\/\/kapitalis.com\/tunisie\/wp-json\/wp\/v2\/posts\/23822","targetHints":{"allow":["GET"]}}],"collection":[{"href":"https:\/\/kapitalis.com\/tunisie\/wp-json\/wp\/v2\/posts"}],"about":[{"href":"https:\/\/kapitalis.com\/tunisie\/wp-json\/wp\/v2\/types\/post"}],"author":[{"embeddable":true,"href":"https:\/\/kapitalis.com\/tunisie\/wp-json\/wp\/v2\/users\/8"}],"replies":[{"embeddable":true,"href":"https:\/\/kapitalis.com\/tunisie\/wp-json\/wp\/v2\/comments?post=23822"}],"version-history":[{"count":0,"href":"https:\/\/kapitalis.com\/tunisie\/wp-json\/wp\/v2\/posts\/23822\/revisions"}],"wp:attachment":[{"href":"https:\/\/kapitalis.com\/tunisie\/wp-json\/wp\/v2\/media?parent=23822"}],"wp:term":[{"taxonomy":"category","embeddable":true,"href":"https:\/\/kapitalis.com\/tunisie\/wp-json\/wp\/v2\/categories?post=23822"},{"taxonomy":"post_tag","embeddable":true,"href":"https:\/\/kapitalis.com\/tunisie\/wp-json\/wp\/v2\/tags?post=23822"}],"curies":[{"name":"wp","href":"https:\/\/api.w.org\/{rel}","templated":true}]}}