{"id":23824,"date":"2015-11-07T12:07:28","date_gmt":"2015-11-07T11:07:28","guid":{"rendered":"http:\/\/kapitalis.com\/tunisie\/?p=23824"},"modified":"2015-11-07T12:07:28","modified_gmt":"2015-11-07T11:07:28","slug":"ghar-el-melh-12-migrants-clandestins-sauves-de-la-noyade","status":"publish","type":"post","link":"https:\/\/kapitalis.com\/tunisie\/2015\/11\/07\/ghar-el-melh-12-migrants-clandestins-sauves-de-la-noyade\/","title":{"rendered":"Ghar El-Melh : 12 migrants clandestins sauv\u00e9s de la noyade"},"content":{"rendered":"<p><img loading=\"lazy\" decoding=\"async\" class=\"alignnone size-full wp-image-23825 aligncenter\" src=\"http:\/\/kapitalis.com\/tunisie\/wp-content\/uploads\/2015\/11\/Ghar-El-Melh.jpg\" alt=\"Ghar-El-Melh\" width=\"626\" height=\"380\" \/><\/p>\n<p><em><strong>La garde nationale maritime a sauv\u00e9 de la noyade 12 migrants clandestins, dont la barque est tomb\u00e9 en panne depuis 48h, au large de Ghar El-Melh (Bizerte).<\/strong><\/em><\/p>\n<p><!--more--><\/p>\n<p>Les migrants, qui comptaient rejoindre ill\u00e9galement l\u2019Italie, avaient embarqu\u00e9 mardi dernier, \u00e0 l\u2019aube. Leur barque, dont le moteur tomba en panne, mercredi, \u00e9tait sur le point de couler. Ne disposant pas d\u2019\u00e9quipements de communication pour lancer des appels de d\u00e9tresse, les migrants sont rest\u00e9s bloqu\u00e9s en pleine mer.<\/p>\n<p>Hier soir, la garde nationale maritime a d\u00e9couvert l\u2019embarcation et a pu sauver la totalit\u00e9 des migrants, tous de nationalit\u00e9 tunisienne.<\/p>\n<p>Les passeurs n\u2019ont pas encore \u00e9t\u00e9 identifi\u00e9s et une enqu\u00eate a \u00e9t\u00e9 ouverte.<\/p>\n<p style=\"text-align: right;\"><strong>Y. N.<\/strong><\/p>\n<p style=\"text-align: right;\">\n","protected":false},"excerpt":{"rendered":"<p>La garde nationale maritime a sauv\u00e9 de la noyade 12 migrants clandestins, dont la barque est tomb\u00e9 en panne depuis 48h, au large de Ghar El-Melh (Bizerte).<\/p>\n","protected":false},"author":8,"featured_media":23825,"comment_status":"open","ping_status":"open","sticky":false,"template":"","format":"standard","meta":{"footnotes":""},"categories":[998,2433],"tags":[4133,4199,505,3145,2843,696],"class_list":["post-23824","post","type-post","status-publish","format-standard","has-post-thumbnail","hentry","category-societe","category-tunisie","tag-garde-nationale-maritime","tag-ghar-el-melh","tag-italie","tag-migrants","tag-migration-clandestine","tag-passeurs"],"yoast_head":"<!-- This site is optimized with the Yoast SEO plugin v26.6 - https:\/\/yoast.com\/wordpress\/plugins\/seo\/ -->\n<title>Ghar El-Melh : 12 migrants clandestins sauv\u00e9s de la noyade - Kapitalis<\/title>\n<meta name=\"robots\" content=\"index, follow, max-snippet:-1, max-image-preview:large, max-video-preview:-1\" \/>\n<link rel=\"canonical\" href=\"https:\/\/kapitalis.com\/tunisie\/2015\/11\/07\/ghar-el-melh-12-migrants-clandestins-sauves-de-la-noyade\/\" \/>\n<meta property=\"og:locale\" content=\"fr_FR\" \/>\n<meta property=\"og:type\" content=\"article\" \/>\n<meta property=\"og:title\" content=\"Ghar El-Melh : 12 migrants clandestins sauv\u00e9s de la noyade - Kapitalis\" \/>\n<meta property=\"og:description\" content=\"La garde nationale maritime a sauv\u00e9 de la noyade 12 migrants clandestins, dont la barque est tomb\u00e9 en panne depuis 48h, au large de Ghar El-Melh (Bizerte).\" \/>\n<meta property=\"og:url\" content=\"https:\/\/kapitalis.com\/tunisie\/2015\/11\/07\/ghar-el-melh-12-migrants-clandestins-sauves-de-la-noyade\/\" \/>\n<meta property=\"og:site_name\" content=\"Kapitalis\" \/>\n<meta property=\"article:publisher\" content=\"https:\/\/www.facebook.com\/KapitalisInfo\/\" \/>\n<meta property=\"article:published_time\" content=\"2015-11-07T11:07:28+00:00\" \/>\n<meta property=\"og:image\" content=\"https:\/\/kapitalis.com\/tunisie\/wp-content\/uploads\/2022\/05\/kapitalis-logo-fb.png\" \/>\n\t<meta property=\"og:image:width\" content=\"1200\" \/>\n\t<meta property=\"og:image:height\" content=\"630\" \/>\n\t<meta property=\"og:image:type\" content=\"image\/png\" \/>\n<meta name=\"author\" content=\"webmaster kapitalis\" \/>\n<meta name=\"twitter:card\" content=\"summary_large_image\" \/>\n<meta name=\"twitter:creator\" content=\"@KapitalisInfo\" \/>\n<meta name=\"twitter:site\" content=\"@KapitalisInfo\" \/>\n<meta name=\"twitter:label1\" content=\"\u00c9crit par\" \/>\n\t<meta name=\"twitter:data1\" content=\"webmaster kapitalis\" \/>\n\t<meta name=\"twitter:label2\" content=\"Dur\u00e9e de lecture estim\u00e9e\" \/>\n\t<meta name=\"twitter:data2\" content=\"1 minute\" \/>\n<script type=\"application\/ld+json\" class=\"yoast-schema-graph\">{\"@context\":\"https:\/\/schema.org\",\"@graph\":[{\"@type\":\"Article\",\"@id\":\"https:\/\/kapitalis.com\/tunisie\/2015\/11\/07\/ghar-el-melh-12-migrants-clandestins-sauves-de-la-noyade\/#article\",\"isPartOf\":{\"@id\":\"https:\/\/kapitalis.com\/tunisie\/2015\/11\/07\/ghar-el-melh-12-migrants-clandestins-sauves-de-la-noyade\/\"},\"author\":{\"name\":\"webmaster kapitalis\",\"@id\":\"https:\/\/kapitalis.com\/tunisie\/#\/schema\/person\/d71f33a9ca44f7bad4698210b480c8e9\"},\"headline\":\"Ghar El-Melh : 12 migrants clandestins sauv\u00e9s de la noyade\",\"datePublished\":\"2015-11-07T11:07:28+00:00\",\"mainEntityOfPage\":{\"@id\":\"https:\/\/kapitalis.com\/tunisie\/2015\/11\/07\/ghar-el-melh-12-migrants-clandestins-sauves-de-la-noyade\/\"},\"wordCount\":130,\"commentCount\":0,\"publisher\":{\"@id\":\"https:\/\/kapitalis.com\/tunisie\/#organization\"},\"image\":{\"@id\":\"https:\/\/kapitalis.com\/tunisie\/2015\/11\/07\/ghar-el-melh-12-migrants-clandestins-sauves-de-la-noyade\/#primaryimage\"},\"thumbnailUrl\":\"\",\"keywords\":[\"garde nationale maritime\",\"Ghar El-Melh\",\"Italie\",\"migrants\",\"migration clandestine\",\"passeurs\"],\"articleSection\":[\"SOCIETE\",\"Tunisie\"],\"inLanguage\":\"fr-FR\",\"potentialAction\":[{\"@type\":\"CommentAction\",\"name\":\"Comment\",\"target\":[\"https:\/\/kapitalis.com\/tunisie\/2015\/11\/07\/ghar-el-melh-12-migrants-clandestins-sauves-de-la-noyade\/#respond\"]}]},{\"@type\":\"WebPage\",\"@id\":\"https:\/\/kapitalis.com\/tunisie\/2015\/11\/07\/ghar-el-melh-12-migrants-clandestins-sauves-de-la-noyade\/\",\"url\":\"https:\/\/kapitalis.com\/tunisie\/2015\/11\/07\/ghar-el-melh-12-migrants-clandestins-sauves-de-la-noyade\/\",\"name\":\"Ghar El-Melh : 12 migrants clandestins sauv\u00e9s de la noyade - Kapitalis\",\"isPartOf\":{\"@id\":\"https:\/\/kapitalis.com\/tunisie\/#website\"},\"primaryImageOfPage\":{\"@id\":\"https:\/\/kapitalis.com\/tunisie\/2015\/11\/07\/ghar-el-melh-12-migrants-clandestins-sauves-de-la-noyade\/#primaryimage\"},\"image\":{\"@id\":\"https:\/\/kapitalis.com\/tunisie\/2015\/11\/07\/ghar-el-melh-12-migrants-clandestins-sauves-de-la-noyade\/#primaryimage\"},\"thumbnailUrl\":\"\",\"datePublished\":\"2015-11-07T11:07:28+00:00\",\"breadcrumb\":{\"@id\":\"https:\/\/kapitalis.com\/tunisie\/2015\/11\/07\/ghar-el-melh-12-migrants-clandestins-sauves-de-la-noyade\/#breadcrumb\"},\"inLanguage\":\"fr-FR\",\"potentialAction\":[{\"@type\":\"ReadAction\",\"target\":[\"https:\/\/kapitalis.com\/tunisie\/2015\/11\/07\/ghar-el-melh-12-migrants-clandestins-sauves-de-la-noyade\/\"]}]},{\"@type\":\"ImageObject\",\"inLanguage\":\"fr-FR\",\"@id\":\"https:\/\/kapitalis.com\/tunisie\/2015\/11\/07\/ghar-el-melh-12-migrants-clandestins-sauves-de-la-noyade\/#primaryimage\",\"url\":\"\",\"contentUrl\":\"\"},{\"@type\":\"BreadcrumbList\",\"@id\":\"https:\/\/kapitalis.com\/tunisie\/2015\/11\/07\/ghar-el-melh-12-migrants-clandestins-sauves-de-la-noyade\/#breadcrumb\",\"itemListElement\":[{\"@type\":\"ListItem\",\"position\":1,\"name\":\"Accueil\",\"item\":\"https:\/\/kapitalis.com\/tunisie\/\"},{\"@type\":\"ListItem\",\"position\":2,\"name\":\"Ghar El-Melh : 12 migrants clandestins sauv\u00e9s de la noyade\"}]},{\"@type\":\"WebSite\",\"@id\":\"https:\/\/kapitalis.com\/tunisie\/#website\",\"url\":\"https:\/\/kapitalis.com\/tunisie\/\",\"name\":\"Kapitalis\",\"description\":\"L&#039;actualit\u00e9 en Tunisie et dans le monde\",\"publisher\":{\"@id\":\"https:\/\/kapitalis.com\/tunisie\/#organization\"},\"potentialAction\":[{\"@type\":\"SearchAction\",\"target\":{\"@type\":\"EntryPoint\",\"urlTemplate\":\"https:\/\/kapitalis.com\/tunisie\/?s={search_term_string}\"},\"query-input\":{\"@type\":\"PropertyValueSpecification\",\"valueRequired\":true,\"valueName\":\"search_term_string\"}}],\"inLanguage\":\"fr-FR\"},{\"@type\":\"Organization\",\"@id\":\"https:\/\/kapitalis.com\/tunisie\/#organization\",\"name\":\"Kapitalis\",\"url\":\"https:\/\/kapitalis.com\/tunisie\/\",\"logo\":{\"@type\":\"ImageObject\",\"inLanguage\":\"fr-FR\",\"@id\":\"https:\/\/kapitalis.com\/tunisie\/#\/schema\/logo\/image\/\",\"url\":\"https:\/\/kapitalis.com\/tunisie\/wp-content\/uploads\/2022\/05\/Kapitalis-big-size.png\",\"contentUrl\":\"https:\/\/kapitalis.com\/tunisie\/wp-content\/uploads\/2022\/05\/Kapitalis-big-size.png\",\"width\":5000,\"height\":1500,\"caption\":\"Kapitalis\"},\"image\":{\"@id\":\"https:\/\/kapitalis.com\/tunisie\/#\/schema\/logo\/image\/\"},\"sameAs\":[\"https:\/\/www.facebook.com\/KapitalisInfo\/\",\"https:\/\/x.com\/KapitalisInfo\",\"https:\/\/www.youtube.com\/channel\/UC-yDYrHyfFBWWZaOw3FPg9Q\"]},{\"@type\":\"Person\",\"@id\":\"https:\/\/kapitalis.com\/tunisie\/#\/schema\/person\/d71f33a9ca44f7bad4698210b480c8e9\",\"name\":\"webmaster kapitalis\",\"url\":\"https:\/\/kapitalis.com\/tunisie\/author\/webmaster-kapitalis\/\"}]}<\/script>\n<!-- \/ Yoast SEO plugin. -->","yoast_head_json":{"title":"Ghar El-Melh : 12 migrants clandestins sauv\u00e9s de la noyade - Kapitalis","robots":{"index":"index","follow":"follow","max-snippet":"max-snippet:-1","max-image-preview":"max-image-preview:large","max-video-preview":"max-video-preview:-1"},"canonical":"https:\/\/kapitalis.com\/tunisie\/2015\/11\/07\/ghar-el-melh-12-migrants-clandestins-sauves-de-la-noyade\/","og_locale":"fr_FR","og_type":"article","og_title":"Ghar El-Melh : 12 migrants clandestins sauv\u00e9s de la noyade - Kapitalis","og_description":"La garde nationale maritime a sauv\u00e9 de la noyade 12 migrants clandestins, dont la barque est tomb\u00e9 en panne depuis 48h, au large de Ghar El-Melh (Bizerte).","og_url":"https:\/\/kapitalis.com\/tunisie\/2015\/11\/07\/ghar-el-melh-12-migrants-clandestins-sauves-de-la-noyade\/","og_site_name":"Kapitalis","article_publisher":"https:\/\/www.facebook.com\/KapitalisInfo\/","article_published_time":"2015-11-07T11:07:28+00:00","og_image":[{"width":1200,"height":630,"url":"https:\/\/kapitalis.com\/tunisie\/wp-content\/uploads\/2022\/05\/kapitalis-logo-fb.png","type":"image\/png"}],"author":"webmaster kapitalis","twitter_card":"summary_large_image","twitter_creator":"@KapitalisInfo","twitter_site":"@KapitalisInfo","twitter_misc":{"\u00c9crit par":"webmaster kapitalis","Dur\u00e9e de lecture estim\u00e9e":"1 minute"},"schema":{"@context":"https:\/\/schema.org","@graph":[{"@type":"Article","@id":"https:\/\/kapitalis.com\/tunisie\/2015\/11\/07\/ghar-el-melh-12-migrants-clandestins-sauves-de-la-noyade\/#article","isPartOf":{"@id":"https:\/\/kapitalis.com\/tunisie\/2015\/11\/07\/ghar-el-melh-12-migrants-clandestins-sauves-de-la-noyade\/"},"author":{"name":"webmaster kapitalis","@id":"https:\/\/kapitalis.com\/tunisie\/#\/schema\/person\/d71f33a9ca44f7bad4698210b480c8e9"},"headline":"Ghar El-Melh : 12 migrants clandestins sauv\u00e9s de la noyade","datePublished":"2015-11-07T11:07:28+00:00","mainEntityOfPage":{"@id":"https:\/\/kapitalis.com\/tunisie\/2015\/11\/07\/ghar-el-melh-12-migrants-clandestins-sauves-de-la-noyade\/"},"wordCount":130,"commentCount":0,"publisher":{"@id":"https:\/\/kapitalis.com\/tunisie\/#organization"},"image":{"@id":"https:\/\/kapitalis.com\/tunisie\/2015\/11\/07\/ghar-el-melh-12-migrants-clandestins-sauves-de-la-noyade\/#primaryimage"},"thumbnailUrl":"","keywords":["garde nationale maritime","Ghar El-Melh","Italie","migrants","migration clandestine","passeurs"],"articleSection":["SOCIETE","Tunisie"],"inLanguage":"fr-FR","potentialAction":[{"@type":"CommentAction","name":"Comment","target":["https:\/\/kapitalis.com\/tunisie\/2015\/11\/07\/ghar-el-melh-12-migrants-clandestins-sauves-de-la-noyade\/#respond"]}]},{"@type":"WebPage","@id":"https:\/\/kapitalis.com\/tunisie\/2015\/11\/07\/ghar-el-melh-12-migrants-clandestins-sauves-de-la-noyade\/","url":"https:\/\/kapitalis.com\/tunisie\/2015\/11\/07\/ghar-el-melh-12-migrants-clandestins-sauves-de-la-noyade\/","name":"Ghar El-Melh : 12 migrants clandestins sauv\u00e9s de la noyade - Kapitalis","isPartOf":{"@id":"https:\/\/kapitalis.com\/tunisie\/#website"},"primaryImageOfPage":{"@id":"https:\/\/kapitalis.com\/tunisie\/2015\/11\/07\/ghar-el-melh-12-migrants-clandestins-sauves-de-la-noyade\/#primaryimage"},"image":{"@id":"https:\/\/kapitalis.com\/tunisie\/2015\/11\/07\/ghar-el-melh-12-migrants-clandestins-sauves-de-la-noyade\/#primaryimage"},"thumbnailUrl":"","datePublished":"2015-11-07T11:07:28+00:00","breadcrumb":{"@id":"https:\/\/kapitalis.com\/tunisie\/2015\/11\/07\/ghar-el-melh-12-migrants-clandestins-sauves-de-la-noyade\/#breadcrumb"},"inLanguage":"fr-FR","potentialAction":[{"@type":"ReadAction","target":["https:\/\/kapitalis.com\/tunisie\/2015\/11\/07\/ghar-el-melh-12-migrants-clandestins-sauves-de-la-noyade\/"]}]},{"@type":"ImageObject","inLanguage":"fr-FR","@id":"https:\/\/kapitalis.com\/tunisie\/2015\/11\/07\/ghar-el-melh-12-migrants-clandestins-sauves-de-la-noyade\/#primaryimage","url":"","contentUrl":""},{"@type":"BreadcrumbList","@id":"https:\/\/kapitalis.com\/tunisie\/2015\/11\/07\/ghar-el-melh-12-migrants-clandestins-sauves-de-la-noyade\/#breadcrumb","itemListElement":[{"@type":"ListItem","position":1,"name":"Accueil","item":"https:\/\/kapitalis.com\/tunisie\/"},{"@type":"ListItem","position":2,"name":"Ghar El-Melh : 12 migrants clandestins sauv\u00e9s de la noyade"}]},{"@type":"WebSite","@id":"https:\/\/kapitalis.com\/tunisie\/#website","url":"https:\/\/kapitalis.com\/tunisie\/","name":"Kapitalis","description":"L&#039;actualit\u00e9 en Tunisie et dans le monde","publisher":{"@id":"https:\/\/kapitalis.com\/tunisie\/#organization"},"potentialAction":[{"@type":"SearchAction","target":{"@type":"EntryPoint","urlTemplate":"https:\/\/kapitalis.com\/tunisie\/?s={search_term_string}"},"query-input":{"@type":"PropertyValueSpecification","valueRequired":true,"valueName":"search_term_string"}}],"inLanguage":"fr-FR"},{"@type":"Organization","@id":"https:\/\/kapitalis.com\/tunisie\/#organization","name":"Kapitalis","url":"https:\/\/kapitalis.com\/tunisie\/","logo":{"@type":"ImageObject","inLanguage":"fr-FR","@id":"https:\/\/kapitalis.com\/tunisie\/#\/schema\/logo\/image\/","url":"https:\/\/kapitalis.com\/tunisie\/wp-content\/uploads\/2022\/05\/Kapitalis-big-size.png","contentUrl":"https:\/\/kapitalis.com\/tunisie\/wp-content\/uploads\/2022\/05\/Kapitalis-big-size.png","width":5000,"height":1500,"caption":"Kapitalis"},"image":{"@id":"https:\/\/kapitalis.com\/tunisie\/#\/schema\/logo\/image\/"},"sameAs":["https:\/\/www.facebook.com\/KapitalisInfo\/","https:\/\/x.com\/KapitalisInfo","https:\/\/www.youtube.com\/channel\/UC-yDYrHyfFBWWZaOw3FPg9Q"]},{"@type":"Person","@id":"https:\/\/kapitalis.com\/tunisie\/#\/schema\/person\/d71f33a9ca44f7bad4698210b480c8e9","name":"webmaster kapitalis","url":"https:\/\/kapitalis.com\/tunisie\/author\/webmaster-kapitalis\/"}]}},"_links":{"self":[{"href":"https:\/\/kapitalis.com\/tunisie\/wp-json\/wp\/v2\/posts\/23824","targetHints":{"allow":["GET"]}}],"collection":[{"href":"https:\/\/kapitalis.com\/tunisie\/wp-json\/wp\/v2\/posts"}],"about":[{"href":"https:\/\/kapitalis.com\/tunisie\/wp-json\/wp\/v2\/types\/post"}],"author":[{"embeddable":true,"href":"https:\/\/kapitalis.com\/tunisie\/wp-json\/wp\/v2\/users\/8"}],"replies":[{"embeddable":true,"href":"https:\/\/kapitalis.com\/tunisie\/wp-json\/wp\/v2\/comments?post=23824"}],"version-history":[{"count":0,"href":"https:\/\/kapitalis.com\/tunisie\/wp-json\/wp\/v2\/posts\/23824\/revisions"}],"wp:featuredmedia":[{"embeddable":true,"href":"https:\/\/kapitalis.com\/tunisie\/wp-json\/wp\/v2\/media\/23825"}],"wp:attachment":[{"href":"https:\/\/kapitalis.com\/tunisie\/wp-json\/wp\/v2\/media?parent=23824"}],"wp:term":[{"taxonomy":"category","embeddable":true,"href":"https:\/\/kapitalis.com\/tunisie\/wp-json\/wp\/v2\/categories?post=23824"},{"taxonomy":"post_tag","embeddable":true,"href":"https:\/\/kapitalis.com\/tunisie\/wp-json\/wp\/v2\/tags?post=23824"}],"curies":[{"name":"wp","href":"https:\/\/api.w.org\/{rel}","templated":true}]}}