{"id":238358,"date":"2019-09-12T13:28:52","date_gmt":"2019-09-12T12:28:52","guid":{"rendered":"http:\/\/kapitalis.com\/tunisie\/?p=238358"},"modified":"2019-09-12T13:29:00","modified_gmt":"2019-09-12T12:29:00","slug":"biographie-de-hamma-hammami-candidat-aux-elections-presidentielles-anticipees-de-2019","status":"publish","type":"post","link":"https:\/\/kapitalis.com\/tunisie\/2019\/09\/12\/biographie-de-hamma-hammami-candidat-aux-elections-presidentielles-anticipees-de-2019\/","title":{"rendered":"Biographie de Hamma Hammami, candidat aux \u00e9lections pr\u00e9sidentielles anticip\u00e9es de 2019"},"content":{"rendered":"\n<figure class=\"wp-block-image\"><img decoding=\"async\" src=\"http:\/\/kapitalis.com\/tunisie\/wp-content\/uploads\/2019\/09\/hamma-hammami.-..jpg\" alt=\"\" class=\"wp-image-238380\"\/><\/figure>\n\n\n\n<p><em><strong>Hamma Hammami, candidat du Parti des Travailleurs au 1er tour de la pr\u00e9sidentielle anticip\u00e9e, ce dimanche, 15 septembre 2019, est dipl\u00f4m\u00e9 de langue arabe, homme politique et militant des droits de l&rsquo;homme. Il a \u00e9t\u00e9 membre de plusieurs formations politiques et a endur\u00e9 de longues ann\u00e9es de prison.<\/strong><\/em><\/p>\n\n\n\n<!--more-->\n\n\n\n<p>Hamma Hammami a d\u00e9but\u00e9 sa carri\u00e8re politique en 1970 avec l\u2019Union g\u00e9n\u00e9rale des \u00e9tudiants tunisiens (Uget) et a \u00e9t\u00e9 arr\u00eat\u00e9 en 1972 pour sa participation aux \u00e9v\u00e9nements du <em>\u00abSamedi Noir\u00bb<\/em>. En 1973, il rejoint<em> Perspectives,<\/em> une organisation interdite et a \u00e9cop\u00e9 de 8 ans et demi de prison. Six ans plus tard, il est lib\u00e9r\u00e9 et envoy\u00e9 en France aux frais de l&rsquo;\u00c9tat tunisien, pour y \u00eatre soign\u00e9 des s\u00e9quelles de la torture.<\/p>\n\n\n\n<p>Hammami a contribu\u00e9 en 1986 \u00e0 la fondation du Parti communiste des ouvriers de Tunisie (PCOT), et a refus\u00e9 en 1988 la signature du pacte national du pr\u00e9sident d\u00e9chu Ben Ali, qu&rsquo;ont sign\u00e9 tous les partis politiques y compris le mouvement Ennahdha.<\/p>\n\n\n\n<p>En 1990, Hammami il dirige le journal <em>El Badil,<\/em> suspendu une ann\u00e9e plus tard. Il fut arr\u00eat\u00e9 et jug\u00e9 plusieurs fois et a pass\u00e9 environ 10 ans de prison, et v\u00e9cut plus de 10 ans dans la clandestinit\u00e9.<\/p>\n\n\n\n<p>En 2005, il contribue \u00e0 la fondation du Collectif 18 octobre pour les droits et les libert\u00e9s en Tunisie<em>,<\/em> et a \u00e9t\u00e9 arr\u00eat\u00e9 apr\u00e8s le d\u00e9clenchement de la R\u00e9volution Tunisienne en 2011. <\/p>\n\n\n\n<p>Apr\u00e8s 2011, Hamma devient une figure populaire oppos\u00e9e gouvernements successifs. Son parti n\u2019a pas int\u00e9gr\u00e9 la Haute instance pour la r\u00e9alisation des objectifs de la R\u00e9volution (Hiror). Hamma fut parmi les premiers \u00e0 appeler \u00e0 la cr\u00e9ation d\u2019une <em>Assembl\u00e9e constituante<\/em> qui rompt avec l\u2019ancien r\u00e9gime et c&rsquo;est ce qui \u00e9t\u00e9 \u00e9t\u00e9 fait. Mais Hamma et ses camarades sont rest\u00e9s dehors, n&rsquo;ayant pu gagner les suffrages des \u00e9lecteurs. <\/p>\n\n\n\n<p>Le leader de la gauche radicale a pr\u00e9sent\u00e9 sa candidature aux \u00e9lections pr\u00e9sidentielles de 2014, comme candidat du Front Populaire dont il est le porte-parole.<\/p>\n\n\n\n<p>Opposant aux gouvernements de Essid et Chahed, il insiste sur la n\u00e9cessit\u00e9 de proposer une alternative et d&rsquo;\u00e9laborer des programmes permettant de sauver la Tunisie de sa crise politique, \u00e9conomique et sociale. Il appelle toutes les forces d\u00e9mocratiques ainsi que les communicateurs, les intellectuels et les cr\u00e9ateurs, \u00e0 <em>\u00abassumer<\/em>\u00bb leurs responsabilit\u00e9s face \u00e0 la coalition au pouvoir qu&rsquo;il accuse de <em>\u00abpousser le pays dans le gouffre, de le vendre \u00e0 l&rsquo;\u00e9tranger, et de le soumettre \u00e0 ses injonctions\u00bb<\/em> et r\u00e9clame une place centrale aux PME dans le tissu \u00e9conomique du pays. <\/p>\n\n\n\n<p>En mars 2019, il est propos\u00e9 pour \u00eatre le candidat de son parti \u00e0 l&rsquo;\u00e9lection pr\u00e9sidentielle de 2019. <\/p>\n\n\n\n<p>N\u00e9 le 8 janvier 1952 \u00e0 El Aroussa, du gouvernorat de Siliana, Hamma Hammami est mari\u00e9 \u00e0 Radhia Nasraoui, avocate et militante des droits de l&rsquo;homme, et a 3 filles. <\/p>\n\n\n\n<p>Ses adversaires lui reprochent son opposition tous azimuts et sans nuance. Et son absence de propositions concr\u00e8tes et r\u00e9alistes pour sauver le pays de la crise \u00e9conomique et sociale ne plaide pas pour lui. Tant il est vrai que le refus de rembourser les dettes de la Tunisie aupr\u00e8s des bailleurs de fonds internationaux, souvent pr\u00e9conis\u00e9 par Hamma Hammami, ne saurait \u00eatre une solution raisonnable et viable. <\/p>\n\n\n\n<p style=\"text-align:right\"><strong>A. M.<\/strong><\/p>\n\n\n\n<figure class=\"wp-block-embed is-type-rich is-provider-kapitalis\"><div class=\"wp-block-embed__wrapper\">\n<blockquote class=\"wp-embedded-content\" data-secret=\"LPKBq16uPC\"><a href=\"https:\/\/kapitalis.com\/tunisie\/2019\/09\/09\/debat-de-la-presidentielle-hamma-hammami-accuse-youssef-chahed-de-corruption\/\">D\u00e9bat de la pr\u00e9sidentielle  : Hamma Hammami accuse Youssef Chahed de corruption<\/a><\/blockquote><iframe loading=\"lazy\" class=\"wp-embedded-content\" sandbox=\"allow-scripts\" security=\"restricted\" style=\"position: absolute; clip: rect(1px, 1px, 1px, 1px);\" title=\"\u00ab\u00a0D\u00e9bat de la pr\u00e9sidentielle  : Hamma Hammami accuse Youssef Chahed de corruption\u00a0\u00bb &#8212; Kapitalis\" src=\"https:\/\/kapitalis.com\/tunisie\/2019\/09\/09\/debat-de-la-presidentielle-hamma-hammami-accuse-youssef-chahed-de-corruption\/embed\/#?secret=bLeui6HrBU#?secret=LPKBq16uPC\" data-secret=\"LPKBq16uPC\" width=\"600\" height=\"338\" frameborder=\"0\" marginwidth=\"0\" marginheight=\"0\" scrolling=\"no\"><\/iframe>\n<\/div><\/figure>\n","protected":false},"excerpt":{"rendered":"<p>Hamma Hammami, candidat du Parti des Travailleurs au 1er tour de la pr\u00e9sidentielle anticip\u00e9e, ce dimanche, 15 septembre 2019, est dipl\u00f4m\u00e9 de langue arabe, homme politique et militant des droits de l&rsquo;homme. Il a \u00e9t\u00e9 membre de plusieurs formations politiques et a endur\u00e9 de longues ann\u00e9es de prison.<\/p>\n","protected":false},"author":22,"featured_media":238380,"comment_status":"open","ping_status":"open","sticky":false,"template":"","format":"standard","meta":{"footnotes":""},"categories":[997,2433],"tags":[63812,1363,9314,399,1156,437,5337,759,11246],"class_list":["post-238358","post","type-post","status-publish","format-standard","has-post-thumbnail","hentry","category-politique","category-tunisie","tag-biographie","tag-candidat","tag-elections-presidentielles","tag-front-populaire","tag-gouvernement-habib-essid","tag-hamma-hammami","tag-parti-des-travailleurs","tag-radhia-nasraoui","tag-youssef-chahed"],"yoast_head":"<!-- This site is optimized with the Yoast SEO plugin v26.6 - https:\/\/yoast.com\/wordpress\/plugins\/seo\/ -->\n<title>Biographie de Hamma Hammami, candidat aux \u00e9lections pr\u00e9sidentielles anticip\u00e9es de 2019 - Kapitalis<\/title>\n<meta name=\"robots\" content=\"index, follow, max-snippet:-1, max-image-preview:large, max-video-preview:-1\" \/>\n<link rel=\"canonical\" href=\"https:\/\/kapitalis.com\/tunisie\/2019\/09\/12\/biographie-de-hamma-hammami-candidat-aux-elections-presidentielles-anticipees-de-2019\/\" \/>\n<meta property=\"og:locale\" content=\"fr_FR\" \/>\n<meta property=\"og:type\" content=\"article\" \/>\n<meta property=\"og:title\" content=\"Biographie de Hamma Hammami, candidat aux \u00e9lections pr\u00e9sidentielles anticip\u00e9es de 2019 - Kapitalis\" \/>\n<meta property=\"og:description\" content=\"Hamma Hammami, candidat du Parti des Travailleurs au 1er tour de la pr\u00e9sidentielle anticip\u00e9e, ce dimanche, 15 septembre 2019, est dipl\u00f4m\u00e9 de langue arabe, homme politique et militant des droits de l&rsquo;homme. Il a \u00e9t\u00e9 membre de plusieurs formations politiques et a endur\u00e9 de longues ann\u00e9es de prison.\" \/>\n<meta property=\"og:url\" content=\"https:\/\/kapitalis.com\/tunisie\/2019\/09\/12\/biographie-de-hamma-hammami-candidat-aux-elections-presidentielles-anticipees-de-2019\/\" \/>\n<meta property=\"og:site_name\" content=\"Kapitalis\" \/>\n<meta property=\"article:publisher\" content=\"https:\/\/www.facebook.com\/KapitalisInfo\/\" \/>\n<meta property=\"article:published_time\" content=\"2019-09-12T12:28:52+00:00\" \/>\n<meta property=\"article:modified_time\" content=\"2019-09-12T12:29:00+00:00\" \/>\n<meta property=\"og:image\" content=\"https:\/\/kapitalis.com\/tunisie\/wp-content\/uploads\/2022\/05\/kapitalis-logo-fb.png\" \/>\n\t<meta property=\"og:image:width\" content=\"1200\" \/>\n\t<meta property=\"og:image:height\" content=\"630\" \/>\n\t<meta property=\"og:image:type\" content=\"image\/png\" \/>\n<meta name=\"author\" content=\"Amina Mkada\" \/>\n<meta name=\"twitter:card\" content=\"summary_large_image\" \/>\n<meta name=\"twitter:creator\" content=\"@KapitalisInfo\" \/>\n<meta name=\"twitter:site\" content=\"@KapitalisInfo\" \/>\n<meta name=\"twitter:label1\" content=\"\u00c9crit par\" \/>\n\t<meta name=\"twitter:data1\" content=\"Amina Mkada\" \/>\n\t<meta name=\"twitter:label2\" content=\"Dur\u00e9e de lecture estim\u00e9e\" \/>\n\t<meta name=\"twitter:data2\" content=\"3 minutes\" \/>\n<script type=\"application\/ld+json\" class=\"yoast-schema-graph\">{\"@context\":\"https:\/\/schema.org\",\"@graph\":[{\"@type\":\"Article\",\"@id\":\"https:\/\/kapitalis.com\/tunisie\/2019\/09\/12\/biographie-de-hamma-hammami-candidat-aux-elections-presidentielles-anticipees-de-2019\/#article\",\"isPartOf\":{\"@id\":\"https:\/\/kapitalis.com\/tunisie\/2019\/09\/12\/biographie-de-hamma-hammami-candidat-aux-elections-presidentielles-anticipees-de-2019\/\"},\"author\":{\"name\":\"Amina Mkada\",\"@id\":\"https:\/\/kapitalis.com\/tunisie\/#\/schema\/person\/093913313d3017554cb3ad077fff3fbd\"},\"headline\":\"Biographie de Hamma Hammami, candidat aux \u00e9lections pr\u00e9sidentielles anticip\u00e9es de 2019\",\"datePublished\":\"2019-09-12T12:28:52+00:00\",\"dateModified\":\"2019-09-12T12:29:00+00:00\",\"mainEntityOfPage\":{\"@id\":\"https:\/\/kapitalis.com\/tunisie\/2019\/09\/12\/biographie-de-hamma-hammami-candidat-aux-elections-presidentielles-anticipees-de-2019\/\"},\"wordCount\":569,\"commentCount\":1,\"publisher\":{\"@id\":\"https:\/\/kapitalis.com\/tunisie\/#organization\"},\"image\":{\"@id\":\"https:\/\/kapitalis.com\/tunisie\/2019\/09\/12\/biographie-de-hamma-hammami-candidat-aux-elections-presidentielles-anticipees-de-2019\/#primaryimage\"},\"thumbnailUrl\":\"\",\"keywords\":[\"biographie\",\"candidat\",\"\u00e9lections pr\u00e9sidentielles\",\"Front populaire\",\"gouvernement Habib Essid\",\"Hamma Hammami\",\"Parti des travailleurs\",\"Radhia Nasraoui\",\"Youssef Chahed\"],\"articleSection\":[\"POLITIQUE\",\"Tunisie\"],\"inLanguage\":\"fr-FR\",\"potentialAction\":[{\"@type\":\"CommentAction\",\"name\":\"Comment\",\"target\":[\"https:\/\/kapitalis.com\/tunisie\/2019\/09\/12\/biographie-de-hamma-hammami-candidat-aux-elections-presidentielles-anticipees-de-2019\/#respond\"]}]},{\"@type\":\"WebPage\",\"@id\":\"https:\/\/kapitalis.com\/tunisie\/2019\/09\/12\/biographie-de-hamma-hammami-candidat-aux-elections-presidentielles-anticipees-de-2019\/\",\"url\":\"https:\/\/kapitalis.com\/tunisie\/2019\/09\/12\/biographie-de-hamma-hammami-candidat-aux-elections-presidentielles-anticipees-de-2019\/\",\"name\":\"Biographie de Hamma Hammami, candidat aux \u00e9lections pr\u00e9sidentielles anticip\u00e9es de 2019 - Kapitalis\",\"isPartOf\":{\"@id\":\"https:\/\/kapitalis.com\/tunisie\/#website\"},\"primaryImageOfPage\":{\"@id\":\"https:\/\/kapitalis.com\/tunisie\/2019\/09\/12\/biographie-de-hamma-hammami-candidat-aux-elections-presidentielles-anticipees-de-2019\/#primaryimage\"},\"image\":{\"@id\":\"https:\/\/kapitalis.com\/tunisie\/2019\/09\/12\/biographie-de-hamma-hammami-candidat-aux-elections-presidentielles-anticipees-de-2019\/#primaryimage\"},\"thumbnailUrl\":\"\",\"datePublished\":\"2019-09-12T12:28:52+00:00\",\"dateModified\":\"2019-09-12T12:29:00+00:00\",\"breadcrumb\":{\"@id\":\"https:\/\/kapitalis.com\/tunisie\/2019\/09\/12\/biographie-de-hamma-hammami-candidat-aux-elections-presidentielles-anticipees-de-2019\/#breadcrumb\"},\"inLanguage\":\"fr-FR\",\"potentialAction\":[{\"@type\":\"ReadAction\",\"target\":[\"https:\/\/kapitalis.com\/tunisie\/2019\/09\/12\/biographie-de-hamma-hammami-candidat-aux-elections-presidentielles-anticipees-de-2019\/\"]}]},{\"@type\":\"ImageObject\",\"inLanguage\":\"fr-FR\",\"@id\":\"https:\/\/kapitalis.com\/tunisie\/2019\/09\/12\/biographie-de-hamma-hammami-candidat-aux-elections-presidentielles-anticipees-de-2019\/#primaryimage\",\"url\":\"\",\"contentUrl\":\"\"},{\"@type\":\"BreadcrumbList\",\"@id\":\"https:\/\/kapitalis.com\/tunisie\/2019\/09\/12\/biographie-de-hamma-hammami-candidat-aux-elections-presidentielles-anticipees-de-2019\/#breadcrumb\",\"itemListElement\":[{\"@type\":\"ListItem\",\"position\":1,\"name\":\"Accueil\",\"item\":\"https:\/\/kapitalis.com\/tunisie\/\"},{\"@type\":\"ListItem\",\"position\":2,\"name\":\"Biographie de Hamma Hammami, candidat aux \u00e9lections pr\u00e9sidentielles anticip\u00e9es de 2019\"}]},{\"@type\":\"WebSite\",\"@id\":\"https:\/\/kapitalis.com\/tunisie\/#website\",\"url\":\"https:\/\/kapitalis.com\/tunisie\/\",\"name\":\"Kapitalis\",\"description\":\"L&#039;actualit\u00e9 en Tunisie et dans le monde\",\"publisher\":{\"@id\":\"https:\/\/kapitalis.com\/tunisie\/#organization\"},\"potentialAction\":[{\"@type\":\"SearchAction\",\"target\":{\"@type\":\"EntryPoint\",\"urlTemplate\":\"https:\/\/kapitalis.com\/tunisie\/?s={search_term_string}\"},\"query-input\":{\"@type\":\"PropertyValueSpecification\",\"valueRequired\":true,\"valueName\":\"search_term_string\"}}],\"inLanguage\":\"fr-FR\"},{\"@type\":\"Organization\",\"@id\":\"https:\/\/kapitalis.com\/tunisie\/#organization\",\"name\":\"Kapitalis\",\"url\":\"https:\/\/kapitalis.com\/tunisie\/\",\"logo\":{\"@type\":\"ImageObject\",\"inLanguage\":\"fr-FR\",\"@id\":\"https:\/\/kapitalis.com\/tunisie\/#\/schema\/logo\/image\/\",\"url\":\"https:\/\/kapitalis.com\/tunisie\/wp-content\/uploads\/2022\/05\/Kapitalis-big-size.png\",\"contentUrl\":\"https:\/\/kapitalis.com\/tunisie\/wp-content\/uploads\/2022\/05\/Kapitalis-big-size.png\",\"width\":5000,\"height\":1500,\"caption\":\"Kapitalis\"},\"image\":{\"@id\":\"https:\/\/kapitalis.com\/tunisie\/#\/schema\/logo\/image\/\"},\"sameAs\":[\"https:\/\/www.facebook.com\/KapitalisInfo\/\",\"https:\/\/x.com\/KapitalisInfo\",\"https:\/\/www.youtube.com\/channel\/UC-yDYrHyfFBWWZaOw3FPg9Q\"]},{\"@type\":\"Person\",\"@id\":\"https:\/\/kapitalis.com\/tunisie\/#\/schema\/person\/093913313d3017554cb3ad077fff3fbd\",\"name\":\"Amina Mkada\",\"url\":\"https:\/\/kapitalis.com\/tunisie\/author\/amina\/\"}]}<\/script>\n<!-- \/ Yoast SEO plugin. -->","yoast_head_json":{"title":"Biographie de Hamma Hammami, candidat aux \u00e9lections pr\u00e9sidentielles anticip\u00e9es de 2019 - Kapitalis","robots":{"index":"index","follow":"follow","max-snippet":"max-snippet:-1","max-image-preview":"max-image-preview:large","max-video-preview":"max-video-preview:-1"},"canonical":"https:\/\/kapitalis.com\/tunisie\/2019\/09\/12\/biographie-de-hamma-hammami-candidat-aux-elections-presidentielles-anticipees-de-2019\/","og_locale":"fr_FR","og_type":"article","og_title":"Biographie de Hamma Hammami, candidat aux \u00e9lections pr\u00e9sidentielles anticip\u00e9es de 2019 - Kapitalis","og_description":"Hamma Hammami, candidat du Parti des Travailleurs au 1er tour de la pr\u00e9sidentielle anticip\u00e9e, ce dimanche, 15 septembre 2019, est dipl\u00f4m\u00e9 de langue arabe, homme politique et militant des droits de l&rsquo;homme. Il a \u00e9t\u00e9 membre de plusieurs formations politiques et a endur\u00e9 de longues ann\u00e9es de prison.","og_url":"https:\/\/kapitalis.com\/tunisie\/2019\/09\/12\/biographie-de-hamma-hammami-candidat-aux-elections-presidentielles-anticipees-de-2019\/","og_site_name":"Kapitalis","article_publisher":"https:\/\/www.facebook.com\/KapitalisInfo\/","article_published_time":"2019-09-12T12:28:52+00:00","article_modified_time":"2019-09-12T12:29:00+00:00","og_image":[{"width":1200,"height":630,"url":"https:\/\/kapitalis.com\/tunisie\/wp-content\/uploads\/2022\/05\/kapitalis-logo-fb.png","type":"image\/png"}],"author":"Amina Mkada","twitter_card":"summary_large_image","twitter_creator":"@KapitalisInfo","twitter_site":"@KapitalisInfo","twitter_misc":{"\u00c9crit par":"Amina Mkada","Dur\u00e9e de lecture estim\u00e9e":"3 minutes"},"schema":{"@context":"https:\/\/schema.org","@graph":[{"@type":"Article","@id":"https:\/\/kapitalis.com\/tunisie\/2019\/09\/12\/biographie-de-hamma-hammami-candidat-aux-elections-presidentielles-anticipees-de-2019\/#article","isPartOf":{"@id":"https:\/\/kapitalis.com\/tunisie\/2019\/09\/12\/biographie-de-hamma-hammami-candidat-aux-elections-presidentielles-anticipees-de-2019\/"},"author":{"name":"Amina Mkada","@id":"https:\/\/kapitalis.com\/tunisie\/#\/schema\/person\/093913313d3017554cb3ad077fff3fbd"},"headline":"Biographie de Hamma Hammami, candidat aux \u00e9lections pr\u00e9sidentielles anticip\u00e9es de 2019","datePublished":"2019-09-12T12:28:52+00:00","dateModified":"2019-09-12T12:29:00+00:00","mainEntityOfPage":{"@id":"https:\/\/kapitalis.com\/tunisie\/2019\/09\/12\/biographie-de-hamma-hammami-candidat-aux-elections-presidentielles-anticipees-de-2019\/"},"wordCount":569,"commentCount":1,"publisher":{"@id":"https:\/\/kapitalis.com\/tunisie\/#organization"},"image":{"@id":"https:\/\/kapitalis.com\/tunisie\/2019\/09\/12\/biographie-de-hamma-hammami-candidat-aux-elections-presidentielles-anticipees-de-2019\/#primaryimage"},"thumbnailUrl":"","keywords":["biographie","candidat","\u00e9lections pr\u00e9sidentielles","Front populaire","gouvernement Habib Essid","Hamma Hammami","Parti des travailleurs","Radhia Nasraoui","Youssef Chahed"],"articleSection":["POLITIQUE","Tunisie"],"inLanguage":"fr-FR","potentialAction":[{"@type":"CommentAction","name":"Comment","target":["https:\/\/kapitalis.com\/tunisie\/2019\/09\/12\/biographie-de-hamma-hammami-candidat-aux-elections-presidentielles-anticipees-de-2019\/#respond"]}]},{"@type":"WebPage","@id":"https:\/\/kapitalis.com\/tunisie\/2019\/09\/12\/biographie-de-hamma-hammami-candidat-aux-elections-presidentielles-anticipees-de-2019\/","url":"https:\/\/kapitalis.com\/tunisie\/2019\/09\/12\/biographie-de-hamma-hammami-candidat-aux-elections-presidentielles-anticipees-de-2019\/","name":"Biographie de Hamma Hammami, candidat aux \u00e9lections pr\u00e9sidentielles anticip\u00e9es de 2019 - Kapitalis","isPartOf":{"@id":"https:\/\/kapitalis.com\/tunisie\/#website"},"primaryImageOfPage":{"@id":"https:\/\/kapitalis.com\/tunisie\/2019\/09\/12\/biographie-de-hamma-hammami-candidat-aux-elections-presidentielles-anticipees-de-2019\/#primaryimage"},"image":{"@id":"https:\/\/kapitalis.com\/tunisie\/2019\/09\/12\/biographie-de-hamma-hammami-candidat-aux-elections-presidentielles-anticipees-de-2019\/#primaryimage"},"thumbnailUrl":"","datePublished":"2019-09-12T12:28:52+00:00","dateModified":"2019-09-12T12:29:00+00:00","breadcrumb":{"@id":"https:\/\/kapitalis.com\/tunisie\/2019\/09\/12\/biographie-de-hamma-hammami-candidat-aux-elections-presidentielles-anticipees-de-2019\/#breadcrumb"},"inLanguage":"fr-FR","potentialAction":[{"@type":"ReadAction","target":["https:\/\/kapitalis.com\/tunisie\/2019\/09\/12\/biographie-de-hamma-hammami-candidat-aux-elections-presidentielles-anticipees-de-2019\/"]}]},{"@type":"ImageObject","inLanguage":"fr-FR","@id":"https:\/\/kapitalis.com\/tunisie\/2019\/09\/12\/biographie-de-hamma-hammami-candidat-aux-elections-presidentielles-anticipees-de-2019\/#primaryimage","url":"","contentUrl":""},{"@type":"BreadcrumbList","@id":"https:\/\/kapitalis.com\/tunisie\/2019\/09\/12\/biographie-de-hamma-hammami-candidat-aux-elections-presidentielles-anticipees-de-2019\/#breadcrumb","itemListElement":[{"@type":"ListItem","position":1,"name":"Accueil","item":"https:\/\/kapitalis.com\/tunisie\/"},{"@type":"ListItem","position":2,"name":"Biographie de Hamma Hammami, candidat aux \u00e9lections pr\u00e9sidentielles anticip\u00e9es de 2019"}]},{"@type":"WebSite","@id":"https:\/\/kapitalis.com\/tunisie\/#website","url":"https:\/\/kapitalis.com\/tunisie\/","name":"Kapitalis","description":"L&#039;actualit\u00e9 en Tunisie et dans le monde","publisher":{"@id":"https:\/\/kapitalis.com\/tunisie\/#organization"},"potentialAction":[{"@type":"SearchAction","target":{"@type":"EntryPoint","urlTemplate":"https:\/\/kapitalis.com\/tunisie\/?s={search_term_string}"},"query-input":{"@type":"PropertyValueSpecification","valueRequired":true,"valueName":"search_term_string"}}],"inLanguage":"fr-FR"},{"@type":"Organization","@id":"https:\/\/kapitalis.com\/tunisie\/#organization","name":"Kapitalis","url":"https:\/\/kapitalis.com\/tunisie\/","logo":{"@type":"ImageObject","inLanguage":"fr-FR","@id":"https:\/\/kapitalis.com\/tunisie\/#\/schema\/logo\/image\/","url":"https:\/\/kapitalis.com\/tunisie\/wp-content\/uploads\/2022\/05\/Kapitalis-big-size.png","contentUrl":"https:\/\/kapitalis.com\/tunisie\/wp-content\/uploads\/2022\/05\/Kapitalis-big-size.png","width":5000,"height":1500,"caption":"Kapitalis"},"image":{"@id":"https:\/\/kapitalis.com\/tunisie\/#\/schema\/logo\/image\/"},"sameAs":["https:\/\/www.facebook.com\/KapitalisInfo\/","https:\/\/x.com\/KapitalisInfo","https:\/\/www.youtube.com\/channel\/UC-yDYrHyfFBWWZaOw3FPg9Q"]},{"@type":"Person","@id":"https:\/\/kapitalis.com\/tunisie\/#\/schema\/person\/093913313d3017554cb3ad077fff3fbd","name":"Amina Mkada","url":"https:\/\/kapitalis.com\/tunisie\/author\/amina\/"}]}},"_links":{"self":[{"href":"https:\/\/kapitalis.com\/tunisie\/wp-json\/wp\/v2\/posts\/238358","targetHints":{"allow":["GET"]}}],"collection":[{"href":"https:\/\/kapitalis.com\/tunisie\/wp-json\/wp\/v2\/posts"}],"about":[{"href":"https:\/\/kapitalis.com\/tunisie\/wp-json\/wp\/v2\/types\/post"}],"author":[{"embeddable":true,"href":"https:\/\/kapitalis.com\/tunisie\/wp-json\/wp\/v2\/users\/22"}],"replies":[{"embeddable":true,"href":"https:\/\/kapitalis.com\/tunisie\/wp-json\/wp\/v2\/comments?post=238358"}],"version-history":[{"count":0,"href":"https:\/\/kapitalis.com\/tunisie\/wp-json\/wp\/v2\/posts\/238358\/revisions"}],"wp:featuredmedia":[{"embeddable":true,"href":"https:\/\/kapitalis.com\/tunisie\/wp-json\/wp\/v2\/media\/238380"}],"wp:attachment":[{"href":"https:\/\/kapitalis.com\/tunisie\/wp-json\/wp\/v2\/media?parent=238358"}],"wp:term":[{"taxonomy":"category","embeddable":true,"href":"https:\/\/kapitalis.com\/tunisie\/wp-json\/wp\/v2\/categories?post=238358"},{"taxonomy":"post_tag","embeddable":true,"href":"https:\/\/kapitalis.com\/tunisie\/wp-json\/wp\/v2\/tags?post=238358"}],"curies":[{"name":"wp","href":"https:\/\/api.w.org\/{rel}","templated":true}]}}