{"id":23869,"date":"2015-11-07T22:37:29","date_gmt":"2015-11-07T21:37:29","guid":{"rendered":"http:\/\/kapitalis.com\/tunisie\/?p=23869"},"modified":"2015-11-08T09:52:29","modified_gmt":"2015-11-08T08:52:29","slug":"coups-de-feu-a-la-prison-de-bulla-regia-le-directeur-explique","status":"publish","type":"post","link":"https:\/\/kapitalis.com\/tunisie\/2015\/11\/07\/coups-de-feu-a-la-prison-de-bulla-regia-le-directeur-explique\/","title":{"rendered":"Coups de feu \u00e0 la prison de Bulla Regia : Le directeur explique"},"content":{"rendered":"<p><em><strong><img loading=\"lazy\" decoding=\"async\" class=\"size-full wp-image-23870 aligncenter\" src=\"http:\/\/kapitalis.com\/tunisie\/wp-content\/uploads\/2015\/11\/coup-de-feu-prison.jpeg\" alt=\"coup-de-feu-prison\" width=\"626\" height=\"380\" \/><\/strong><\/em><\/p>\n<p><em><strong>Le directeur de la prison de Bulla Regia (gouvernorat de Jendouba) donne des pr\u00e9cisions sur les coups de feu qui ont retenti dans l\u2019\u00e9tablissement.<\/strong><\/em><\/p>\n<p><!--more--><\/p>\n<p>Zied Mazeya, le directeur de la prison de Bulla Regia, a expliqu\u00e9 sur les ondes de Shemsfm, que les coups de feu ont \u00e9t\u00e9 tir\u00e9s par erreur par un agent qui \u00e9tait en train de nettoyer son arme en pr\u00e9cisant que ce genre d\u2019accidents arrive fr\u00e9quemment.<\/p>\n<p>Il a par ailleurs d\u00e9menti les informations relay\u00e9es par certains m\u00e9dias qui ont avanc\u00e9 qu\u2019un agent p\u00e9nitentiaire \u00e9tait entr\u00e9 dans un \u00e9tat d\u2019hyst\u00e9rie et tir\u00e9 les coups de feu. Il a \u00e9galement d\u00e9menti le vent de panique qui aurait eu lieu chez les d\u00e9tenus suite \u00e0 ces tirs.<\/p>\n<p style=\"text-align: right;\"><strong>H. K.<\/strong><\/p>\n","protected":false},"excerpt":{"rendered":"<p>Le directeur de la prison de Bulla Regia (gouvernorat de Jendouba) donne des pr\u00e9cisions sur les coups de feu qui ont retenti dans l\u2019\u00e9tablissement.<\/p>\n","protected":false},"author":13,"featured_media":23870,"comment_status":"open","ping_status":"open","sticky":false,"template":"","format":"standard","meta":{"footnotes":""},"categories":[998,2433],"tags":[9380,9379,3081,1314],"class_list":["post-23869","post","type-post","status-publish","format-standard","has-post-thumbnail","hentry","category-societe","category-tunisie","tag-bulla-regia","tag-coups-de-feu","tag-dementi","tag-prison"],"yoast_head":"<!-- This site is optimized with the Yoast SEO plugin v26.6 - https:\/\/yoast.com\/wordpress\/plugins\/seo\/ -->\n<title>Coups de feu \u00e0 la prison de Bulla Regia : Le directeur explique - Kapitalis<\/title>\n<meta name=\"robots\" content=\"index, follow, max-snippet:-1, max-image-preview:large, max-video-preview:-1\" \/>\n<link rel=\"canonical\" href=\"https:\/\/kapitalis.com\/tunisie\/2015\/11\/07\/coups-de-feu-a-la-prison-de-bulla-regia-le-directeur-explique\/\" \/>\n<meta property=\"og:locale\" content=\"fr_FR\" \/>\n<meta property=\"og:type\" content=\"article\" \/>\n<meta property=\"og:title\" content=\"Coups de feu \u00e0 la prison de Bulla Regia : Le directeur explique - Kapitalis\" \/>\n<meta property=\"og:description\" content=\"Le directeur de la prison de Bulla Regia (gouvernorat de Jendouba) donne des pr\u00e9cisions sur les coups de feu qui ont retenti dans l\u2019\u00e9tablissement.\" \/>\n<meta property=\"og:url\" content=\"https:\/\/kapitalis.com\/tunisie\/2015\/11\/07\/coups-de-feu-a-la-prison-de-bulla-regia-le-directeur-explique\/\" \/>\n<meta property=\"og:site_name\" content=\"Kapitalis\" \/>\n<meta property=\"article:publisher\" content=\"https:\/\/www.facebook.com\/KapitalisInfo\/\" \/>\n<meta property=\"article:published_time\" content=\"2015-11-07T21:37:29+00:00\" \/>\n<meta property=\"article:modified_time\" content=\"2015-11-08T08:52:29+00:00\" \/>\n<meta property=\"og:image\" content=\"https:\/\/kapitalis.com\/tunisie\/wp-content\/uploads\/2022\/05\/kapitalis-logo-fb.png\" \/>\n\t<meta property=\"og:image:width\" content=\"1200\" \/>\n\t<meta property=\"og:image:height\" content=\"630\" \/>\n\t<meta property=\"og:image:type\" content=\"image\/png\" \/>\n<meta name=\"author\" content=\"webmaster aux\" \/>\n<meta name=\"twitter:card\" content=\"summary_large_image\" \/>\n<meta name=\"twitter:creator\" content=\"@KapitalisInfo\" \/>\n<meta name=\"twitter:site\" content=\"@KapitalisInfo\" \/>\n<meta name=\"twitter:label1\" content=\"\u00c9crit par\" \/>\n\t<meta name=\"twitter:data1\" content=\"webmaster aux\" \/>\n\t<meta name=\"twitter:label2\" content=\"Dur\u00e9e de lecture estim\u00e9e\" \/>\n\t<meta name=\"twitter:data2\" content=\"1 minute\" \/>\n<script type=\"application\/ld+json\" class=\"yoast-schema-graph\">{\"@context\":\"https:\/\/schema.org\",\"@graph\":[{\"@type\":\"Article\",\"@id\":\"https:\/\/kapitalis.com\/tunisie\/2015\/11\/07\/coups-de-feu-a-la-prison-de-bulla-regia-le-directeur-explique\/#article\",\"isPartOf\":{\"@id\":\"https:\/\/kapitalis.com\/tunisie\/2015\/11\/07\/coups-de-feu-a-la-prison-de-bulla-regia-le-directeur-explique\/\"},\"author\":{\"name\":\"webmaster aux\",\"@id\":\"https:\/\/kapitalis.com\/tunisie\/#\/schema\/person\/aa8b4a429805c4e3f0713a3c3f95212b\"},\"headline\":\"Coups de feu \u00e0 la prison de Bulla Regia : Le directeur explique\",\"datePublished\":\"2015-11-07T21:37:29+00:00\",\"dateModified\":\"2015-11-08T08:52:29+00:00\",\"mainEntityOfPage\":{\"@id\":\"https:\/\/kapitalis.com\/tunisie\/2015\/11\/07\/coups-de-feu-a-la-prison-de-bulla-regia-le-directeur-explique\/\"},\"wordCount\":145,\"commentCount\":0,\"publisher\":{\"@id\":\"https:\/\/kapitalis.com\/tunisie\/#organization\"},\"image\":{\"@id\":\"https:\/\/kapitalis.com\/tunisie\/2015\/11\/07\/coups-de-feu-a-la-prison-de-bulla-regia-le-directeur-explique\/#primaryimage\"},\"thumbnailUrl\":\"\",\"keywords\":[\"Bulla Regia\",\"coups de feu\",\"d\u00e9menti\",\"prison\"],\"articleSection\":[\"SOCIETE\",\"Tunisie\"],\"inLanguage\":\"fr-FR\",\"potentialAction\":[{\"@type\":\"CommentAction\",\"name\":\"Comment\",\"target\":[\"https:\/\/kapitalis.com\/tunisie\/2015\/11\/07\/coups-de-feu-a-la-prison-de-bulla-regia-le-directeur-explique\/#respond\"]}]},{\"@type\":\"WebPage\",\"@id\":\"https:\/\/kapitalis.com\/tunisie\/2015\/11\/07\/coups-de-feu-a-la-prison-de-bulla-regia-le-directeur-explique\/\",\"url\":\"https:\/\/kapitalis.com\/tunisie\/2015\/11\/07\/coups-de-feu-a-la-prison-de-bulla-regia-le-directeur-explique\/\",\"name\":\"Coups de feu \u00e0 la prison de Bulla Regia : Le directeur explique - Kapitalis\",\"isPartOf\":{\"@id\":\"https:\/\/kapitalis.com\/tunisie\/#website\"},\"primaryImageOfPage\":{\"@id\":\"https:\/\/kapitalis.com\/tunisie\/2015\/11\/07\/coups-de-feu-a-la-prison-de-bulla-regia-le-directeur-explique\/#primaryimage\"},\"image\":{\"@id\":\"https:\/\/kapitalis.com\/tunisie\/2015\/11\/07\/coups-de-feu-a-la-prison-de-bulla-regia-le-directeur-explique\/#primaryimage\"},\"thumbnailUrl\":\"\",\"datePublished\":\"2015-11-07T21:37:29+00:00\",\"dateModified\":\"2015-11-08T08:52:29+00:00\",\"breadcrumb\":{\"@id\":\"https:\/\/kapitalis.com\/tunisie\/2015\/11\/07\/coups-de-feu-a-la-prison-de-bulla-regia-le-directeur-explique\/#breadcrumb\"},\"inLanguage\":\"fr-FR\",\"potentialAction\":[{\"@type\":\"ReadAction\",\"target\":[\"https:\/\/kapitalis.com\/tunisie\/2015\/11\/07\/coups-de-feu-a-la-prison-de-bulla-regia-le-directeur-explique\/\"]}]},{\"@type\":\"ImageObject\",\"inLanguage\":\"fr-FR\",\"@id\":\"https:\/\/kapitalis.com\/tunisie\/2015\/11\/07\/coups-de-feu-a-la-prison-de-bulla-regia-le-directeur-explique\/#primaryimage\",\"url\":\"\",\"contentUrl\":\"\"},{\"@type\":\"BreadcrumbList\",\"@id\":\"https:\/\/kapitalis.com\/tunisie\/2015\/11\/07\/coups-de-feu-a-la-prison-de-bulla-regia-le-directeur-explique\/#breadcrumb\",\"itemListElement\":[{\"@type\":\"ListItem\",\"position\":1,\"name\":\"Accueil\",\"item\":\"https:\/\/kapitalis.com\/tunisie\/\"},{\"@type\":\"ListItem\",\"position\":2,\"name\":\"Coups de feu \u00e0 la prison de Bulla Regia : Le directeur explique\"}]},{\"@type\":\"WebSite\",\"@id\":\"https:\/\/kapitalis.com\/tunisie\/#website\",\"url\":\"https:\/\/kapitalis.com\/tunisie\/\",\"name\":\"Kapitalis\",\"description\":\"L&#039;actualit\u00e9 en Tunisie et dans le monde\",\"publisher\":{\"@id\":\"https:\/\/kapitalis.com\/tunisie\/#organization\"},\"potentialAction\":[{\"@type\":\"SearchAction\",\"target\":{\"@type\":\"EntryPoint\",\"urlTemplate\":\"https:\/\/kapitalis.com\/tunisie\/?s={search_term_string}\"},\"query-input\":{\"@type\":\"PropertyValueSpecification\",\"valueRequired\":true,\"valueName\":\"search_term_string\"}}],\"inLanguage\":\"fr-FR\"},{\"@type\":\"Organization\",\"@id\":\"https:\/\/kapitalis.com\/tunisie\/#organization\",\"name\":\"Kapitalis\",\"url\":\"https:\/\/kapitalis.com\/tunisie\/\",\"logo\":{\"@type\":\"ImageObject\",\"inLanguage\":\"fr-FR\",\"@id\":\"https:\/\/kapitalis.com\/tunisie\/#\/schema\/logo\/image\/\",\"url\":\"https:\/\/kapitalis.com\/tunisie\/wp-content\/uploads\/2022\/05\/Kapitalis-big-size.png\",\"contentUrl\":\"https:\/\/kapitalis.com\/tunisie\/wp-content\/uploads\/2022\/05\/Kapitalis-big-size.png\",\"width\":5000,\"height\":1500,\"caption\":\"Kapitalis\"},\"image\":{\"@id\":\"https:\/\/kapitalis.com\/tunisie\/#\/schema\/logo\/image\/\"},\"sameAs\":[\"https:\/\/www.facebook.com\/KapitalisInfo\/\",\"https:\/\/x.com\/KapitalisInfo\",\"https:\/\/www.youtube.com\/channel\/UC-yDYrHyfFBWWZaOw3FPg9Q\"]},{\"@type\":\"Person\",\"@id\":\"https:\/\/kapitalis.com\/tunisie\/#\/schema\/person\/aa8b4a429805c4e3f0713a3c3f95212b\",\"name\":\"webmaster aux\",\"url\":\"https:\/\/kapitalis.com\/tunisie\/author\/webmasteraux\/\"}]}<\/script>\n<!-- \/ Yoast SEO plugin. -->","yoast_head_json":{"title":"Coups de feu \u00e0 la prison de Bulla Regia : Le directeur explique - Kapitalis","robots":{"index":"index","follow":"follow","max-snippet":"max-snippet:-1","max-image-preview":"max-image-preview:large","max-video-preview":"max-video-preview:-1"},"canonical":"https:\/\/kapitalis.com\/tunisie\/2015\/11\/07\/coups-de-feu-a-la-prison-de-bulla-regia-le-directeur-explique\/","og_locale":"fr_FR","og_type":"article","og_title":"Coups de feu \u00e0 la prison de Bulla Regia : Le directeur explique - Kapitalis","og_description":"Le directeur de la prison de Bulla Regia (gouvernorat de Jendouba) donne des pr\u00e9cisions sur les coups de feu qui ont retenti dans l\u2019\u00e9tablissement.","og_url":"https:\/\/kapitalis.com\/tunisie\/2015\/11\/07\/coups-de-feu-a-la-prison-de-bulla-regia-le-directeur-explique\/","og_site_name":"Kapitalis","article_publisher":"https:\/\/www.facebook.com\/KapitalisInfo\/","article_published_time":"2015-11-07T21:37:29+00:00","article_modified_time":"2015-11-08T08:52:29+00:00","og_image":[{"width":1200,"height":630,"url":"https:\/\/kapitalis.com\/tunisie\/wp-content\/uploads\/2022\/05\/kapitalis-logo-fb.png","type":"image\/png"}],"author":"webmaster aux","twitter_card":"summary_large_image","twitter_creator":"@KapitalisInfo","twitter_site":"@KapitalisInfo","twitter_misc":{"\u00c9crit par":"webmaster aux","Dur\u00e9e de lecture estim\u00e9e":"1 minute"},"schema":{"@context":"https:\/\/schema.org","@graph":[{"@type":"Article","@id":"https:\/\/kapitalis.com\/tunisie\/2015\/11\/07\/coups-de-feu-a-la-prison-de-bulla-regia-le-directeur-explique\/#article","isPartOf":{"@id":"https:\/\/kapitalis.com\/tunisie\/2015\/11\/07\/coups-de-feu-a-la-prison-de-bulla-regia-le-directeur-explique\/"},"author":{"name":"webmaster aux","@id":"https:\/\/kapitalis.com\/tunisie\/#\/schema\/person\/aa8b4a429805c4e3f0713a3c3f95212b"},"headline":"Coups de feu \u00e0 la prison de Bulla Regia : Le directeur explique","datePublished":"2015-11-07T21:37:29+00:00","dateModified":"2015-11-08T08:52:29+00:00","mainEntityOfPage":{"@id":"https:\/\/kapitalis.com\/tunisie\/2015\/11\/07\/coups-de-feu-a-la-prison-de-bulla-regia-le-directeur-explique\/"},"wordCount":145,"commentCount":0,"publisher":{"@id":"https:\/\/kapitalis.com\/tunisie\/#organization"},"image":{"@id":"https:\/\/kapitalis.com\/tunisie\/2015\/11\/07\/coups-de-feu-a-la-prison-de-bulla-regia-le-directeur-explique\/#primaryimage"},"thumbnailUrl":"","keywords":["Bulla Regia","coups de feu","d\u00e9menti","prison"],"articleSection":["SOCIETE","Tunisie"],"inLanguage":"fr-FR","potentialAction":[{"@type":"CommentAction","name":"Comment","target":["https:\/\/kapitalis.com\/tunisie\/2015\/11\/07\/coups-de-feu-a-la-prison-de-bulla-regia-le-directeur-explique\/#respond"]}]},{"@type":"WebPage","@id":"https:\/\/kapitalis.com\/tunisie\/2015\/11\/07\/coups-de-feu-a-la-prison-de-bulla-regia-le-directeur-explique\/","url":"https:\/\/kapitalis.com\/tunisie\/2015\/11\/07\/coups-de-feu-a-la-prison-de-bulla-regia-le-directeur-explique\/","name":"Coups de feu \u00e0 la prison de Bulla Regia : Le directeur explique - Kapitalis","isPartOf":{"@id":"https:\/\/kapitalis.com\/tunisie\/#website"},"primaryImageOfPage":{"@id":"https:\/\/kapitalis.com\/tunisie\/2015\/11\/07\/coups-de-feu-a-la-prison-de-bulla-regia-le-directeur-explique\/#primaryimage"},"image":{"@id":"https:\/\/kapitalis.com\/tunisie\/2015\/11\/07\/coups-de-feu-a-la-prison-de-bulla-regia-le-directeur-explique\/#primaryimage"},"thumbnailUrl":"","datePublished":"2015-11-07T21:37:29+00:00","dateModified":"2015-11-08T08:52:29+00:00","breadcrumb":{"@id":"https:\/\/kapitalis.com\/tunisie\/2015\/11\/07\/coups-de-feu-a-la-prison-de-bulla-regia-le-directeur-explique\/#breadcrumb"},"inLanguage":"fr-FR","potentialAction":[{"@type":"ReadAction","target":["https:\/\/kapitalis.com\/tunisie\/2015\/11\/07\/coups-de-feu-a-la-prison-de-bulla-regia-le-directeur-explique\/"]}]},{"@type":"ImageObject","inLanguage":"fr-FR","@id":"https:\/\/kapitalis.com\/tunisie\/2015\/11\/07\/coups-de-feu-a-la-prison-de-bulla-regia-le-directeur-explique\/#primaryimage","url":"","contentUrl":""},{"@type":"BreadcrumbList","@id":"https:\/\/kapitalis.com\/tunisie\/2015\/11\/07\/coups-de-feu-a-la-prison-de-bulla-regia-le-directeur-explique\/#breadcrumb","itemListElement":[{"@type":"ListItem","position":1,"name":"Accueil","item":"https:\/\/kapitalis.com\/tunisie\/"},{"@type":"ListItem","position":2,"name":"Coups de feu \u00e0 la prison de Bulla Regia : Le directeur explique"}]},{"@type":"WebSite","@id":"https:\/\/kapitalis.com\/tunisie\/#website","url":"https:\/\/kapitalis.com\/tunisie\/","name":"Kapitalis","description":"L&#039;actualit\u00e9 en Tunisie et dans le monde","publisher":{"@id":"https:\/\/kapitalis.com\/tunisie\/#organization"},"potentialAction":[{"@type":"SearchAction","target":{"@type":"EntryPoint","urlTemplate":"https:\/\/kapitalis.com\/tunisie\/?s={search_term_string}"},"query-input":{"@type":"PropertyValueSpecification","valueRequired":true,"valueName":"search_term_string"}}],"inLanguage":"fr-FR"},{"@type":"Organization","@id":"https:\/\/kapitalis.com\/tunisie\/#organization","name":"Kapitalis","url":"https:\/\/kapitalis.com\/tunisie\/","logo":{"@type":"ImageObject","inLanguage":"fr-FR","@id":"https:\/\/kapitalis.com\/tunisie\/#\/schema\/logo\/image\/","url":"https:\/\/kapitalis.com\/tunisie\/wp-content\/uploads\/2022\/05\/Kapitalis-big-size.png","contentUrl":"https:\/\/kapitalis.com\/tunisie\/wp-content\/uploads\/2022\/05\/Kapitalis-big-size.png","width":5000,"height":1500,"caption":"Kapitalis"},"image":{"@id":"https:\/\/kapitalis.com\/tunisie\/#\/schema\/logo\/image\/"},"sameAs":["https:\/\/www.facebook.com\/KapitalisInfo\/","https:\/\/x.com\/KapitalisInfo","https:\/\/www.youtube.com\/channel\/UC-yDYrHyfFBWWZaOw3FPg9Q"]},{"@type":"Person","@id":"https:\/\/kapitalis.com\/tunisie\/#\/schema\/person\/aa8b4a429805c4e3f0713a3c3f95212b","name":"webmaster aux","url":"https:\/\/kapitalis.com\/tunisie\/author\/webmasteraux\/"}]}},"_links":{"self":[{"href":"https:\/\/kapitalis.com\/tunisie\/wp-json\/wp\/v2\/posts\/23869","targetHints":{"allow":["GET"]}}],"collection":[{"href":"https:\/\/kapitalis.com\/tunisie\/wp-json\/wp\/v2\/posts"}],"about":[{"href":"https:\/\/kapitalis.com\/tunisie\/wp-json\/wp\/v2\/types\/post"}],"author":[{"embeddable":true,"href":"https:\/\/kapitalis.com\/tunisie\/wp-json\/wp\/v2\/users\/13"}],"replies":[{"embeddable":true,"href":"https:\/\/kapitalis.com\/tunisie\/wp-json\/wp\/v2\/comments?post=23869"}],"version-history":[{"count":0,"href":"https:\/\/kapitalis.com\/tunisie\/wp-json\/wp\/v2\/posts\/23869\/revisions"}],"wp:featuredmedia":[{"embeddable":true,"href":"https:\/\/kapitalis.com\/tunisie\/wp-json\/wp\/v2\/media\/23870"}],"wp:attachment":[{"href":"https:\/\/kapitalis.com\/tunisie\/wp-json\/wp\/v2\/media?parent=23869"}],"wp:term":[{"taxonomy":"category","embeddable":true,"href":"https:\/\/kapitalis.com\/tunisie\/wp-json\/wp\/v2\/categories?post=23869"},{"taxonomy":"post_tag","embeddable":true,"href":"https:\/\/kapitalis.com\/tunisie\/wp-json\/wp\/v2\/tags?post=23869"}],"curies":[{"name":"wp","href":"https:\/\/api.w.org\/{rel}","templated":true}]}}