{"id":238718,"date":"2019-09-11T13:39:24","date_gmt":"2019-09-11T12:39:24","guid":{"rendered":"http:\/\/kapitalis.com\/tunisie\/?p=238718"},"modified":"2019-09-11T13:39:34","modified_gmt":"2019-09-11T12:39:34","slug":"inondations-dans-le-grand-tunis-les-candidats-a-la-presidentielle-ont-tous-rate-loccasion-de-se-montrer-proches-du-peuple","status":"publish","type":"post","link":"https:\/\/kapitalis.com\/tunisie\/2019\/09\/11\/inondations-dans-le-grand-tunis-les-candidats-a-la-presidentielle-ont-tous-rate-loccasion-de-se-montrer-proches-du-peuple\/","title":{"rendered":"Inondations dans le Grand-Tunis : les candidats \u00e0 la pr\u00e9sidentielle ont TOUS rat\u00e9 l&rsquo;occasion de se montrer&#8230; proches du peuple"},"content":{"rendered":"\n<figure class=\"wp-block-image\"><img decoding=\"async\" src=\"http:\/\/kapitalis.com\/tunisie\/wp-content\/uploads\/2019\/09\/candidats-inondations.jpg\" alt=\"\" class=\"wp-image-238735\"\/><\/figure>\n\n\n\n<p><strong><em>Les inondations d&rsquo;hier, mardi 10 septembre 2019, dans le Grand-Tunis, ont d\u00e9montr\u00e9 que les candidats \u00e0 la pr\u00e9sidentielle anticip\u00e9e de dimanche prochain, 15 septembre 2019, ont bel et bien rat\u00e9 l&rsquo;occasion de tenir leur promesse de se tenir aux c\u00f4t\u00e9s du peuple.<\/em><\/strong><\/p>\n\n\n\n<!--more-->\n\n\n\n<p>Ce triste constat a \u00e9t\u00e9 v\u00e9rifi\u00e9 aussi bien aupr\u00e8s de tous les 26 candidats aux \u00e9lections, comme beaucoup de responsables en poste, charg\u00e9s d&rsquo;\u00eatre sur les lieux, comme les maires, l&rsquo;Onas, la Sonede, en plus de la protection civile etc., m\u00eame si on peut admettre que les pluies torrentielles \u00e9taient exceptionnelles et les d\u00e9g\u00e2ts importants et difficile \u00e0 g\u00e9rer rapidement avec les moyens humains et logistiques disponibles.    <\/p>\n\n\n\n<p>On a entendu un h\u00e9licopt\u00e8re de l&rsquo;arm\u00e9e survoler l&rsquo;Ariana, Raoued&#8230; vers 22h. Quand la circulation est devenue plus fluide&#8230; <\/p>\n\n\n\n<p>Nous attendrons encore longtemps avant de voir un ministre, un gouverneur, un maire ou un d\u00e9put\u00e9 sur les lieux d&rsquo;une catastrophe naturelle, en bottes de caoutchouc et imperm\u00e9able, pour (au moins) constater les d\u00e9g\u00e2ts et donner des directives imm\u00e9diates pour aider la population sinistr\u00e9e.  O\u00f9 simplement pour se montrer solidaires avec les pipulations. <\/p>\n\n\n\n<p>  \u00ab <em>Une fois pr\u00e9sident, je n&rsquo;ai pas l&rsquo;intention de rester cantonn\u00e9 au Palais de Carthage. Je sortirai vers le peuple<\/em>\u00bb. Cette promesse a \u00e9t\u00e9 faite par la plupart des candidats pour le Palais de Carthage lors de leur campagne pr\u00e9sidentielle. Ils ont rat\u00e9, hier, une occasion de montrer qu&rsquo;ils sont d\u00e9termin\u00e9s \u00e0 la respecter. Il est vrai qu&rsquo;ils avaient plus \u00e0 faire en serrant les mains des \u00e9lecteurs et en examinant les r\u00e9sultats des sondages d&rsquo;opinion.  <\/p>\n\n\n\n<p style=\"text-align:right\"><strong>Amina Mkada<\/strong><\/p>\n","protected":false},"excerpt":{"rendered":"<p>Les inondations d&rsquo;hier, mardi 10 septembre 2019, dans le Grand-Tunis, ont d\u00e9montr\u00e9 que les candidats \u00e0 la pr\u00e9sidentielle anticip\u00e9e de dimanche prochain, 15 septembre 2019, ont bel et bien rat\u00e9 l&rsquo;occasion de tenir leur promesse de se tenir aux c\u00f4t\u00e9s du peuple.<\/p>\n","protected":false},"author":22,"featured_media":238735,"comment_status":"open","ping_status":"open","sticky":false,"template":"","format":"standard","meta":{"footnotes":""},"categories":[997,2433],"tags":[1216,64227,5376],"class_list":["post-238718","post","type-post","status-publish","format-standard","has-post-thumbnail","hentry","category-politique","category-tunisie","tag-candidats","tag-elections-anticipees-2019","tag-inondations"],"yoast_head":"<!-- This site is optimized with the Yoast SEO plugin v26.6 - https:\/\/yoast.com\/wordpress\/plugins\/seo\/ -->\n<title>Inondations dans le Grand-Tunis : les candidats \u00e0 la pr\u00e9sidentielle ont TOUS rat\u00e9 l&#039;occasion de se montrer... proches du peuple - Kapitalis<\/title>\n<meta name=\"robots\" content=\"index, follow, max-snippet:-1, max-image-preview:large, max-video-preview:-1\" \/>\n<link rel=\"canonical\" href=\"https:\/\/kapitalis.com\/tunisie\/2019\/09\/11\/inondations-dans-le-grand-tunis-les-candidats-a-la-presidentielle-ont-tous-rate-loccasion-de-se-montrer-proches-du-peuple\/\" \/>\n<meta property=\"og:locale\" content=\"fr_FR\" \/>\n<meta property=\"og:type\" content=\"article\" \/>\n<meta property=\"og:title\" content=\"Inondations dans le Grand-Tunis : les candidats \u00e0 la pr\u00e9sidentielle ont TOUS rat\u00e9 l&#039;occasion de se montrer... proches du peuple - Kapitalis\" \/>\n<meta property=\"og:description\" content=\"Les inondations d&rsquo;hier, mardi 10 septembre 2019, dans le Grand-Tunis, ont d\u00e9montr\u00e9 que les candidats \u00e0 la pr\u00e9sidentielle anticip\u00e9e de dimanche prochain, 15 septembre 2019, ont bel et bien rat\u00e9 l&rsquo;occasion de tenir leur promesse de se tenir aux c\u00f4t\u00e9s du peuple.\" \/>\n<meta property=\"og:url\" content=\"https:\/\/kapitalis.com\/tunisie\/2019\/09\/11\/inondations-dans-le-grand-tunis-les-candidats-a-la-presidentielle-ont-tous-rate-loccasion-de-se-montrer-proches-du-peuple\/\" \/>\n<meta property=\"og:site_name\" content=\"Kapitalis\" \/>\n<meta property=\"article:publisher\" content=\"https:\/\/www.facebook.com\/KapitalisInfo\/\" \/>\n<meta property=\"article:published_time\" content=\"2019-09-11T12:39:24+00:00\" \/>\n<meta property=\"article:modified_time\" content=\"2019-09-11T12:39:34+00:00\" \/>\n<meta property=\"og:image\" content=\"https:\/\/kapitalis.com\/tunisie\/wp-content\/uploads\/2022\/05\/kapitalis-logo-fb.png\" \/>\n\t<meta property=\"og:image:width\" content=\"1200\" \/>\n\t<meta property=\"og:image:height\" content=\"630\" \/>\n\t<meta property=\"og:image:type\" content=\"image\/png\" \/>\n<meta name=\"author\" content=\"Amina Mkada\" \/>\n<meta name=\"twitter:card\" content=\"summary_large_image\" \/>\n<meta name=\"twitter:creator\" content=\"@KapitalisInfo\" \/>\n<meta name=\"twitter:site\" content=\"@KapitalisInfo\" \/>\n<meta name=\"twitter:label1\" content=\"\u00c9crit par\" \/>\n\t<meta name=\"twitter:data1\" content=\"Amina Mkada\" \/>\n\t<meta name=\"twitter:label2\" content=\"Dur\u00e9e de lecture estim\u00e9e\" \/>\n\t<meta name=\"twitter:data2\" content=\"1 minute\" \/>\n<script type=\"application\/ld+json\" class=\"yoast-schema-graph\">{\"@context\":\"https:\/\/schema.org\",\"@graph\":[{\"@type\":\"Article\",\"@id\":\"https:\/\/kapitalis.com\/tunisie\/2019\/09\/11\/inondations-dans-le-grand-tunis-les-candidats-a-la-presidentielle-ont-tous-rate-loccasion-de-se-montrer-proches-du-peuple\/#article\",\"isPartOf\":{\"@id\":\"https:\/\/kapitalis.com\/tunisie\/2019\/09\/11\/inondations-dans-le-grand-tunis-les-candidats-a-la-presidentielle-ont-tous-rate-loccasion-de-se-montrer-proches-du-peuple\/\"},\"author\":{\"name\":\"Amina Mkada\",\"@id\":\"https:\/\/kapitalis.com\/tunisie\/#\/schema\/person\/093913313d3017554cb3ad077fff3fbd\"},\"headline\":\"Inondations dans le Grand-Tunis : les candidats \u00e0 la pr\u00e9sidentielle ont TOUS rat\u00e9 l&rsquo;occasion de se montrer&#8230; proches du peuple\",\"datePublished\":\"2019-09-11T12:39:24+00:00\",\"dateModified\":\"2019-09-11T12:39:34+00:00\",\"mainEntityOfPage\":{\"@id\":\"https:\/\/kapitalis.com\/tunisie\/2019\/09\/11\/inondations-dans-le-grand-tunis-les-candidats-a-la-presidentielle-ont-tous-rate-loccasion-de-se-montrer-proches-du-peuple\/\"},\"wordCount\":295,\"commentCount\":3,\"publisher\":{\"@id\":\"https:\/\/kapitalis.com\/tunisie\/#organization\"},\"image\":{\"@id\":\"https:\/\/kapitalis.com\/tunisie\/2019\/09\/11\/inondations-dans-le-grand-tunis-les-candidats-a-la-presidentielle-ont-tous-rate-loccasion-de-se-montrer-proches-du-peuple\/#primaryimage\"},\"thumbnailUrl\":\"\",\"keywords\":[\"candidats\",\"\u00e9lections anticip\u00e9es 2019\",\"inondations\"],\"articleSection\":[\"POLITIQUE\",\"Tunisie\"],\"inLanguage\":\"fr-FR\",\"potentialAction\":[{\"@type\":\"CommentAction\",\"name\":\"Comment\",\"target\":[\"https:\/\/kapitalis.com\/tunisie\/2019\/09\/11\/inondations-dans-le-grand-tunis-les-candidats-a-la-presidentielle-ont-tous-rate-loccasion-de-se-montrer-proches-du-peuple\/#respond\"]}]},{\"@type\":\"WebPage\",\"@id\":\"https:\/\/kapitalis.com\/tunisie\/2019\/09\/11\/inondations-dans-le-grand-tunis-les-candidats-a-la-presidentielle-ont-tous-rate-loccasion-de-se-montrer-proches-du-peuple\/\",\"url\":\"https:\/\/kapitalis.com\/tunisie\/2019\/09\/11\/inondations-dans-le-grand-tunis-les-candidats-a-la-presidentielle-ont-tous-rate-loccasion-de-se-montrer-proches-du-peuple\/\",\"name\":\"Inondations dans le Grand-Tunis : les candidats \u00e0 la pr\u00e9sidentielle ont TOUS rat\u00e9 l'occasion de se montrer... proches du peuple - Kapitalis\",\"isPartOf\":{\"@id\":\"https:\/\/kapitalis.com\/tunisie\/#website\"},\"primaryImageOfPage\":{\"@id\":\"https:\/\/kapitalis.com\/tunisie\/2019\/09\/11\/inondations-dans-le-grand-tunis-les-candidats-a-la-presidentielle-ont-tous-rate-loccasion-de-se-montrer-proches-du-peuple\/#primaryimage\"},\"image\":{\"@id\":\"https:\/\/kapitalis.com\/tunisie\/2019\/09\/11\/inondations-dans-le-grand-tunis-les-candidats-a-la-presidentielle-ont-tous-rate-loccasion-de-se-montrer-proches-du-peuple\/#primaryimage\"},\"thumbnailUrl\":\"\",\"datePublished\":\"2019-09-11T12:39:24+00:00\",\"dateModified\":\"2019-09-11T12:39:34+00:00\",\"breadcrumb\":{\"@id\":\"https:\/\/kapitalis.com\/tunisie\/2019\/09\/11\/inondations-dans-le-grand-tunis-les-candidats-a-la-presidentielle-ont-tous-rate-loccasion-de-se-montrer-proches-du-peuple\/#breadcrumb\"},\"inLanguage\":\"fr-FR\",\"potentialAction\":[{\"@type\":\"ReadAction\",\"target\":[\"https:\/\/kapitalis.com\/tunisie\/2019\/09\/11\/inondations-dans-le-grand-tunis-les-candidats-a-la-presidentielle-ont-tous-rate-loccasion-de-se-montrer-proches-du-peuple\/\"]}]},{\"@type\":\"ImageObject\",\"inLanguage\":\"fr-FR\",\"@id\":\"https:\/\/kapitalis.com\/tunisie\/2019\/09\/11\/inondations-dans-le-grand-tunis-les-candidats-a-la-presidentielle-ont-tous-rate-loccasion-de-se-montrer-proches-du-peuple\/#primaryimage\",\"url\":\"\",\"contentUrl\":\"\"},{\"@type\":\"BreadcrumbList\",\"@id\":\"https:\/\/kapitalis.com\/tunisie\/2019\/09\/11\/inondations-dans-le-grand-tunis-les-candidats-a-la-presidentielle-ont-tous-rate-loccasion-de-se-montrer-proches-du-peuple\/#breadcrumb\",\"itemListElement\":[{\"@type\":\"ListItem\",\"position\":1,\"name\":\"Accueil\",\"item\":\"https:\/\/kapitalis.com\/tunisie\/\"},{\"@type\":\"ListItem\",\"position\":2,\"name\":\"Inondations dans le Grand-Tunis : les candidats \u00e0 la pr\u00e9sidentielle ont TOUS rat\u00e9 l&rsquo;occasion de se montrer&#8230; proches du peuple\"}]},{\"@type\":\"WebSite\",\"@id\":\"https:\/\/kapitalis.com\/tunisie\/#website\",\"url\":\"https:\/\/kapitalis.com\/tunisie\/\",\"name\":\"Kapitalis\",\"description\":\"L&#039;actualit\u00e9 en Tunisie et dans le monde\",\"publisher\":{\"@id\":\"https:\/\/kapitalis.com\/tunisie\/#organization\"},\"potentialAction\":[{\"@type\":\"SearchAction\",\"target\":{\"@type\":\"EntryPoint\",\"urlTemplate\":\"https:\/\/kapitalis.com\/tunisie\/?s={search_term_string}\"},\"query-input\":{\"@type\":\"PropertyValueSpecification\",\"valueRequired\":true,\"valueName\":\"search_term_string\"}}],\"inLanguage\":\"fr-FR\"},{\"@type\":\"Organization\",\"@id\":\"https:\/\/kapitalis.com\/tunisie\/#organization\",\"name\":\"Kapitalis\",\"url\":\"https:\/\/kapitalis.com\/tunisie\/\",\"logo\":{\"@type\":\"ImageObject\",\"inLanguage\":\"fr-FR\",\"@id\":\"https:\/\/kapitalis.com\/tunisie\/#\/schema\/logo\/image\/\",\"url\":\"https:\/\/kapitalis.com\/tunisie\/wp-content\/uploads\/2022\/05\/Kapitalis-big-size.png\",\"contentUrl\":\"https:\/\/kapitalis.com\/tunisie\/wp-content\/uploads\/2022\/05\/Kapitalis-big-size.png\",\"width\":5000,\"height\":1500,\"caption\":\"Kapitalis\"},\"image\":{\"@id\":\"https:\/\/kapitalis.com\/tunisie\/#\/schema\/logo\/image\/\"},\"sameAs\":[\"https:\/\/www.facebook.com\/KapitalisInfo\/\",\"https:\/\/x.com\/KapitalisInfo\",\"https:\/\/www.youtube.com\/channel\/UC-yDYrHyfFBWWZaOw3FPg9Q\"]},{\"@type\":\"Person\",\"@id\":\"https:\/\/kapitalis.com\/tunisie\/#\/schema\/person\/093913313d3017554cb3ad077fff3fbd\",\"name\":\"Amina Mkada\",\"url\":\"https:\/\/kapitalis.com\/tunisie\/author\/amina\/\"}]}<\/script>\n<!-- \/ Yoast SEO plugin. -->","yoast_head_json":{"title":"Inondations dans le Grand-Tunis : les candidats \u00e0 la pr\u00e9sidentielle ont TOUS rat\u00e9 l'occasion de se montrer... proches du peuple - Kapitalis","robots":{"index":"index","follow":"follow","max-snippet":"max-snippet:-1","max-image-preview":"max-image-preview:large","max-video-preview":"max-video-preview:-1"},"canonical":"https:\/\/kapitalis.com\/tunisie\/2019\/09\/11\/inondations-dans-le-grand-tunis-les-candidats-a-la-presidentielle-ont-tous-rate-loccasion-de-se-montrer-proches-du-peuple\/","og_locale":"fr_FR","og_type":"article","og_title":"Inondations dans le Grand-Tunis : les candidats \u00e0 la pr\u00e9sidentielle ont TOUS rat\u00e9 l'occasion de se montrer... proches du peuple - Kapitalis","og_description":"Les inondations d&rsquo;hier, mardi 10 septembre 2019, dans le Grand-Tunis, ont d\u00e9montr\u00e9 que les candidats \u00e0 la pr\u00e9sidentielle anticip\u00e9e de dimanche prochain, 15 septembre 2019, ont bel et bien rat\u00e9 l&rsquo;occasion de tenir leur promesse de se tenir aux c\u00f4t\u00e9s du peuple.","og_url":"https:\/\/kapitalis.com\/tunisie\/2019\/09\/11\/inondations-dans-le-grand-tunis-les-candidats-a-la-presidentielle-ont-tous-rate-loccasion-de-se-montrer-proches-du-peuple\/","og_site_name":"Kapitalis","article_publisher":"https:\/\/www.facebook.com\/KapitalisInfo\/","article_published_time":"2019-09-11T12:39:24+00:00","article_modified_time":"2019-09-11T12:39:34+00:00","og_image":[{"width":1200,"height":630,"url":"https:\/\/kapitalis.com\/tunisie\/wp-content\/uploads\/2022\/05\/kapitalis-logo-fb.png","type":"image\/png"}],"author":"Amina Mkada","twitter_card":"summary_large_image","twitter_creator":"@KapitalisInfo","twitter_site":"@KapitalisInfo","twitter_misc":{"\u00c9crit par":"Amina Mkada","Dur\u00e9e de lecture estim\u00e9e":"1 minute"},"schema":{"@context":"https:\/\/schema.org","@graph":[{"@type":"Article","@id":"https:\/\/kapitalis.com\/tunisie\/2019\/09\/11\/inondations-dans-le-grand-tunis-les-candidats-a-la-presidentielle-ont-tous-rate-loccasion-de-se-montrer-proches-du-peuple\/#article","isPartOf":{"@id":"https:\/\/kapitalis.com\/tunisie\/2019\/09\/11\/inondations-dans-le-grand-tunis-les-candidats-a-la-presidentielle-ont-tous-rate-loccasion-de-se-montrer-proches-du-peuple\/"},"author":{"name":"Amina Mkada","@id":"https:\/\/kapitalis.com\/tunisie\/#\/schema\/person\/093913313d3017554cb3ad077fff3fbd"},"headline":"Inondations dans le Grand-Tunis : les candidats \u00e0 la pr\u00e9sidentielle ont TOUS rat\u00e9 l&rsquo;occasion de se montrer&#8230; proches du peuple","datePublished":"2019-09-11T12:39:24+00:00","dateModified":"2019-09-11T12:39:34+00:00","mainEntityOfPage":{"@id":"https:\/\/kapitalis.com\/tunisie\/2019\/09\/11\/inondations-dans-le-grand-tunis-les-candidats-a-la-presidentielle-ont-tous-rate-loccasion-de-se-montrer-proches-du-peuple\/"},"wordCount":295,"commentCount":3,"publisher":{"@id":"https:\/\/kapitalis.com\/tunisie\/#organization"},"image":{"@id":"https:\/\/kapitalis.com\/tunisie\/2019\/09\/11\/inondations-dans-le-grand-tunis-les-candidats-a-la-presidentielle-ont-tous-rate-loccasion-de-se-montrer-proches-du-peuple\/#primaryimage"},"thumbnailUrl":"","keywords":["candidats","\u00e9lections anticip\u00e9es 2019","inondations"],"articleSection":["POLITIQUE","Tunisie"],"inLanguage":"fr-FR","potentialAction":[{"@type":"CommentAction","name":"Comment","target":["https:\/\/kapitalis.com\/tunisie\/2019\/09\/11\/inondations-dans-le-grand-tunis-les-candidats-a-la-presidentielle-ont-tous-rate-loccasion-de-se-montrer-proches-du-peuple\/#respond"]}]},{"@type":"WebPage","@id":"https:\/\/kapitalis.com\/tunisie\/2019\/09\/11\/inondations-dans-le-grand-tunis-les-candidats-a-la-presidentielle-ont-tous-rate-loccasion-de-se-montrer-proches-du-peuple\/","url":"https:\/\/kapitalis.com\/tunisie\/2019\/09\/11\/inondations-dans-le-grand-tunis-les-candidats-a-la-presidentielle-ont-tous-rate-loccasion-de-se-montrer-proches-du-peuple\/","name":"Inondations dans le Grand-Tunis : les candidats \u00e0 la pr\u00e9sidentielle ont TOUS rat\u00e9 l'occasion de se montrer... proches du peuple - Kapitalis","isPartOf":{"@id":"https:\/\/kapitalis.com\/tunisie\/#website"},"primaryImageOfPage":{"@id":"https:\/\/kapitalis.com\/tunisie\/2019\/09\/11\/inondations-dans-le-grand-tunis-les-candidats-a-la-presidentielle-ont-tous-rate-loccasion-de-se-montrer-proches-du-peuple\/#primaryimage"},"image":{"@id":"https:\/\/kapitalis.com\/tunisie\/2019\/09\/11\/inondations-dans-le-grand-tunis-les-candidats-a-la-presidentielle-ont-tous-rate-loccasion-de-se-montrer-proches-du-peuple\/#primaryimage"},"thumbnailUrl":"","datePublished":"2019-09-11T12:39:24+00:00","dateModified":"2019-09-11T12:39:34+00:00","breadcrumb":{"@id":"https:\/\/kapitalis.com\/tunisie\/2019\/09\/11\/inondations-dans-le-grand-tunis-les-candidats-a-la-presidentielle-ont-tous-rate-loccasion-de-se-montrer-proches-du-peuple\/#breadcrumb"},"inLanguage":"fr-FR","potentialAction":[{"@type":"ReadAction","target":["https:\/\/kapitalis.com\/tunisie\/2019\/09\/11\/inondations-dans-le-grand-tunis-les-candidats-a-la-presidentielle-ont-tous-rate-loccasion-de-se-montrer-proches-du-peuple\/"]}]},{"@type":"ImageObject","inLanguage":"fr-FR","@id":"https:\/\/kapitalis.com\/tunisie\/2019\/09\/11\/inondations-dans-le-grand-tunis-les-candidats-a-la-presidentielle-ont-tous-rate-loccasion-de-se-montrer-proches-du-peuple\/#primaryimage","url":"","contentUrl":""},{"@type":"BreadcrumbList","@id":"https:\/\/kapitalis.com\/tunisie\/2019\/09\/11\/inondations-dans-le-grand-tunis-les-candidats-a-la-presidentielle-ont-tous-rate-loccasion-de-se-montrer-proches-du-peuple\/#breadcrumb","itemListElement":[{"@type":"ListItem","position":1,"name":"Accueil","item":"https:\/\/kapitalis.com\/tunisie\/"},{"@type":"ListItem","position":2,"name":"Inondations dans le Grand-Tunis : les candidats \u00e0 la pr\u00e9sidentielle ont TOUS rat\u00e9 l&rsquo;occasion de se montrer&#8230; proches du peuple"}]},{"@type":"WebSite","@id":"https:\/\/kapitalis.com\/tunisie\/#website","url":"https:\/\/kapitalis.com\/tunisie\/","name":"Kapitalis","description":"L&#039;actualit\u00e9 en Tunisie et dans le monde","publisher":{"@id":"https:\/\/kapitalis.com\/tunisie\/#organization"},"potentialAction":[{"@type":"SearchAction","target":{"@type":"EntryPoint","urlTemplate":"https:\/\/kapitalis.com\/tunisie\/?s={search_term_string}"},"query-input":{"@type":"PropertyValueSpecification","valueRequired":true,"valueName":"search_term_string"}}],"inLanguage":"fr-FR"},{"@type":"Organization","@id":"https:\/\/kapitalis.com\/tunisie\/#organization","name":"Kapitalis","url":"https:\/\/kapitalis.com\/tunisie\/","logo":{"@type":"ImageObject","inLanguage":"fr-FR","@id":"https:\/\/kapitalis.com\/tunisie\/#\/schema\/logo\/image\/","url":"https:\/\/kapitalis.com\/tunisie\/wp-content\/uploads\/2022\/05\/Kapitalis-big-size.png","contentUrl":"https:\/\/kapitalis.com\/tunisie\/wp-content\/uploads\/2022\/05\/Kapitalis-big-size.png","width":5000,"height":1500,"caption":"Kapitalis"},"image":{"@id":"https:\/\/kapitalis.com\/tunisie\/#\/schema\/logo\/image\/"},"sameAs":["https:\/\/www.facebook.com\/KapitalisInfo\/","https:\/\/x.com\/KapitalisInfo","https:\/\/www.youtube.com\/channel\/UC-yDYrHyfFBWWZaOw3FPg9Q"]},{"@type":"Person","@id":"https:\/\/kapitalis.com\/tunisie\/#\/schema\/person\/093913313d3017554cb3ad077fff3fbd","name":"Amina Mkada","url":"https:\/\/kapitalis.com\/tunisie\/author\/amina\/"}]}},"_links":{"self":[{"href":"https:\/\/kapitalis.com\/tunisie\/wp-json\/wp\/v2\/posts\/238718","targetHints":{"allow":["GET"]}}],"collection":[{"href":"https:\/\/kapitalis.com\/tunisie\/wp-json\/wp\/v2\/posts"}],"about":[{"href":"https:\/\/kapitalis.com\/tunisie\/wp-json\/wp\/v2\/types\/post"}],"author":[{"embeddable":true,"href":"https:\/\/kapitalis.com\/tunisie\/wp-json\/wp\/v2\/users\/22"}],"replies":[{"embeddable":true,"href":"https:\/\/kapitalis.com\/tunisie\/wp-json\/wp\/v2\/comments?post=238718"}],"version-history":[{"count":0,"href":"https:\/\/kapitalis.com\/tunisie\/wp-json\/wp\/v2\/posts\/238718\/revisions"}],"wp:featuredmedia":[{"embeddable":true,"href":"https:\/\/kapitalis.com\/tunisie\/wp-json\/wp\/v2\/media\/238735"}],"wp:attachment":[{"href":"https:\/\/kapitalis.com\/tunisie\/wp-json\/wp\/v2\/media?parent=238718"}],"wp:term":[{"taxonomy":"category","embeddable":true,"href":"https:\/\/kapitalis.com\/tunisie\/wp-json\/wp\/v2\/categories?post=238718"},{"taxonomy":"post_tag","embeddable":true,"href":"https:\/\/kapitalis.com\/tunisie\/wp-json\/wp\/v2\/tags?post=238718"}],"curies":[{"name":"wp","href":"https:\/\/api.w.org\/{rel}","templated":true}]}}