{"id":2387315,"date":"2022-07-19T23:17:08","date_gmt":"2022-07-19T22:17:08","guid":{"rendered":"https:\/\/kapitalis.com\/tunisie\/?p=2387315"},"modified":"2022-07-19T23:17:09","modified_gmt":"2022-07-19T22:17:09","slug":"aswat-nissa-soppose-au-projet-de-la-nouvelle-constitution-et-appelle-a-manifester-vendredi-22-juillet-a-tunis","status":"publish","type":"post","link":"https:\/\/kapitalis.com\/tunisie\/2022\/07\/19\/aswat-nissa-soppose-au-projet-de-la-nouvelle-constitution-et-appelle-a-manifester-vendredi-22-juillet-a-tunis\/","title":{"rendered":"Aswat Nissa s&rsquo;oppose au projet de la nouvelle constitution et appelle \u00e0 manifester vendredi 22 juillet \u00e0 Tunis"},"content":{"rendered":"\n<p><strong><em>Estimant que le projet de la nouvelle constitution consolide le retour \u00e0 l&rsquo;autocratie et menace les acquis des droits de l&rsquo;Homme et des libert\u00e9s, l&rsquo;association Aswat Nissa a exprim\u00e9 son opposition au r\u00e9f\u00e9rendum du 25 juillet 2022.<\/em><\/strong><\/p>\n\n\n\n<!--more-->\n\n\n\n<p>Aswat Nissa estime aussi que le projet du pr\u00e9sident Ka\u00efs Sa\u00efed porte atteinte aux libert\u00e9s individuelles et \u00e0 la transition d\u00e9mocratique en Tunisie et menace les droits des minorit\u00e9s ainsi que les droits de la femme, et le principe de l\u2019\u00c9tat civil.<\/p>\n\n\n<div class=\"wp-block-image\">\n<figure class=\"aligncenter size-large is-resized\"><img loading=\"lazy\" decoding=\"async\" src=\"https:\/\/kapitalis.com\/tunisie\/wp-content\/uploads\/2022\/07\/22-1024x538.jpg\" alt=\"\" class=\"wp-image-2387406\" width=\"500\" height=\"386\"\/><\/figure>\n<\/div>\n\n\n<p>La m\u00eame source a aussi d\u00e9nonc\u00e9 la d\u00e9marche unilat\u00e9rale du pr\u00e9sident de la R\u00e9publique, qui a ferm\u00e9 les voies du dialogue et a appel\u00e9, de ce fait, les citoyennes et les citoyens \u00e0 exprimer leur rejet du projet de constitution, en participant \u00e0 la manifestation organis\u00e9e notamment avec le Forum tunisien pour les droits \u00e9conomiques et sociaux et le Syndicat national des journalistes tunisiens, vendredi 22 juillet 2022, \u00e0 18h, devant le Th\u00e9\u00e2tre municipal de Tunis.<\/p>\n\n\n\n<p class=\"has-text-align-right\"><strong>Y. N.<\/strong><\/p>\n","protected":false},"excerpt":{"rendered":"<p>Aswat Nissa s&rsquo;oppose au projet de la nouvelle constitution et appelle \u00e0 manifester vendredi 22 juillet \u00e0 Tunis<\/p>\n","protected":false},"author":6,"featured_media":2387448,"comment_status":"open","ping_status":"open","sticky":false,"template":"","format":"standard","meta":{"footnotes":""},"categories":[998,2433],"tags":[76920,26318,401,2889,87935,838,62643],"class_list":["post-2387315","post","type-post","status-publish","format-standard","has-post-thumbnail","hentry","category-societe","category-tunisie","tag-25-juillet","tag-aswat-nissa","tag-ftdes","tag-referendum","tag-saied-2","tag-snjt","tag-tunisie"],"yoast_head":"<!-- This site is optimized with the Yoast SEO plugin v26.6 - https:\/\/yoast.com\/wordpress\/plugins\/seo\/ -->\n<title>Aswat Nissa s&#039;oppose au projet de la nouvelle constitution et appelle \u00e0 manifester vendredi 22 juillet \u00e0 Tunis - Kapitalis<\/title>\n<meta name=\"description\" content=\"Estimant que le projet de la nouvelle constitution consolide le retour \u00e0 l&#039;autocratie et menace les acquis des droits de l&#039;Homme et des libert\u00e9s, l&#039;association Aswat Nissa a exprim\u00e9 son opposition au r\u00e9f\u00e9rendum du 25 juillet 2022.\" \/>\n<meta name=\"robots\" content=\"index, follow, max-snippet:-1, max-image-preview:large, max-video-preview:-1\" \/>\n<link rel=\"canonical\" href=\"https:\/\/kapitalis.com\/tunisie\/2022\/07\/19\/aswat-nissa-soppose-au-projet-de-la-nouvelle-constitution-et-appelle-a-manifester-vendredi-22-juillet-a-tunis\/\" \/>\n<meta property=\"og:locale\" content=\"fr_FR\" \/>\n<meta property=\"og:type\" content=\"article\" \/>\n<meta property=\"og:title\" content=\"Aswat Nissa s&#039;oppose au projet de la nouvelle constitution et appelle \u00e0 manifester vendredi 22 juillet \u00e0 Tunis - Kapitalis\" \/>\n<meta property=\"og:description\" content=\"Estimant que le projet de la nouvelle constitution consolide le retour \u00e0 l&#039;autocratie et menace les acquis des droits de l&#039;Homme et des libert\u00e9s, l&#039;association Aswat Nissa a exprim\u00e9 son opposition au r\u00e9f\u00e9rendum du 25 juillet 2022.\" \/>\n<meta property=\"og:url\" content=\"https:\/\/kapitalis.com\/tunisie\/2022\/07\/19\/aswat-nissa-soppose-au-projet-de-la-nouvelle-constitution-et-appelle-a-manifester-vendredi-22-juillet-a-tunis\/\" \/>\n<meta property=\"og:site_name\" content=\"Kapitalis\" \/>\n<meta property=\"article:publisher\" content=\"https:\/\/www.facebook.com\/KapitalisInfo\/\" \/>\n<meta property=\"article:published_time\" content=\"2022-07-19T22:17:08+00:00\" \/>\n<meta property=\"article:modified_time\" content=\"2022-07-19T22:17:09+00:00\" \/>\n<meta property=\"og:image\" content=\"https:\/\/kapitalis.com\/tunisie\/wp-content\/uploads\/2022\/07\/Aswat-Nissa.jpg\" \/>\n\t<meta property=\"og:image:width\" content=\"1200\" \/>\n\t<meta property=\"og:image:height\" content=\"630\" \/>\n\t<meta property=\"og:image:type\" content=\"image\/jpeg\" \/>\n<meta name=\"author\" content=\"Yusra NY\" \/>\n<meta name=\"twitter:card\" content=\"summary_large_image\" \/>\n<meta name=\"twitter:creator\" content=\"@KapitalisInfo\" \/>\n<meta name=\"twitter:site\" content=\"@KapitalisInfo\" \/>\n<meta name=\"twitter:label1\" content=\"\u00c9crit par\" \/>\n\t<meta name=\"twitter:data1\" content=\"Yusra NY\" \/>\n\t<meta name=\"twitter:label2\" content=\"Dur\u00e9e de lecture estim\u00e9e\" \/>\n\t<meta name=\"twitter:data2\" content=\"2 minutes\" \/>\n<script type=\"application\/ld+json\" class=\"yoast-schema-graph\">{\"@context\":\"https:\/\/schema.org\",\"@graph\":[{\"@type\":\"Article\",\"@id\":\"https:\/\/kapitalis.com\/tunisie\/2022\/07\/19\/aswat-nissa-soppose-au-projet-de-la-nouvelle-constitution-et-appelle-a-manifester-vendredi-22-juillet-a-tunis\/#article\",\"isPartOf\":{\"@id\":\"https:\/\/kapitalis.com\/tunisie\/2022\/07\/19\/aswat-nissa-soppose-au-projet-de-la-nouvelle-constitution-et-appelle-a-manifester-vendredi-22-juillet-a-tunis\/\"},\"author\":{\"name\":\"Yusra NY\",\"@id\":\"https:\/\/kapitalis.com\/tunisie\/#\/schema\/person\/74bbde0154d49d790a92aaeac5bc01d5\"},\"headline\":\"Aswat Nissa s&rsquo;oppose au projet de la nouvelle constitution et appelle \u00e0 manifester vendredi 22 juillet \u00e0 Tunis\",\"datePublished\":\"2022-07-19T22:17:08+00:00\",\"dateModified\":\"2022-07-19T22:17:09+00:00\",\"mainEntityOfPage\":{\"@id\":\"https:\/\/kapitalis.com\/tunisie\/2022\/07\/19\/aswat-nissa-soppose-au-projet-de-la-nouvelle-constitution-et-appelle-a-manifester-vendredi-22-juillet-a-tunis\/\"},\"wordCount\":181,\"commentCount\":0,\"publisher\":{\"@id\":\"https:\/\/kapitalis.com\/tunisie\/#organization\"},\"image\":{\"@id\":\"https:\/\/kapitalis.com\/tunisie\/2022\/07\/19\/aswat-nissa-soppose-au-projet-de-la-nouvelle-constitution-et-appelle-a-manifester-vendredi-22-juillet-a-tunis\/#primaryimage\"},\"thumbnailUrl\":\"https:\/\/kapitalis.com\/tunisie\/wp-content\/uploads\/2022\/07\/Aswat-Nissa.jpg\",\"keywords\":[\"25 juillet\",\"Aswat Nissa\",\"FTDES\",\"r\u00e9f\u00e9rendum\",\"Sa\u00efed\",\"SNJT\",\"Tunisie\"],\"articleSection\":[\"SOCIETE\",\"Tunisie\"],\"inLanguage\":\"fr-FR\",\"potentialAction\":[{\"@type\":\"CommentAction\",\"name\":\"Comment\",\"target\":[\"https:\/\/kapitalis.com\/tunisie\/2022\/07\/19\/aswat-nissa-soppose-au-projet-de-la-nouvelle-constitution-et-appelle-a-manifester-vendredi-22-juillet-a-tunis\/#respond\"]}]},{\"@type\":\"WebPage\",\"@id\":\"https:\/\/kapitalis.com\/tunisie\/2022\/07\/19\/aswat-nissa-soppose-au-projet-de-la-nouvelle-constitution-et-appelle-a-manifester-vendredi-22-juillet-a-tunis\/\",\"url\":\"https:\/\/kapitalis.com\/tunisie\/2022\/07\/19\/aswat-nissa-soppose-au-projet-de-la-nouvelle-constitution-et-appelle-a-manifester-vendredi-22-juillet-a-tunis\/\",\"name\":\"Aswat Nissa s'oppose au projet de la nouvelle constitution et appelle \u00e0 manifester vendredi 22 juillet \u00e0 Tunis - Kapitalis\",\"isPartOf\":{\"@id\":\"https:\/\/kapitalis.com\/tunisie\/#website\"},\"primaryImageOfPage\":{\"@id\":\"https:\/\/kapitalis.com\/tunisie\/2022\/07\/19\/aswat-nissa-soppose-au-projet-de-la-nouvelle-constitution-et-appelle-a-manifester-vendredi-22-juillet-a-tunis\/#primaryimage\"},\"image\":{\"@id\":\"https:\/\/kapitalis.com\/tunisie\/2022\/07\/19\/aswat-nissa-soppose-au-projet-de-la-nouvelle-constitution-et-appelle-a-manifester-vendredi-22-juillet-a-tunis\/#primaryimage\"},\"thumbnailUrl\":\"https:\/\/kapitalis.com\/tunisie\/wp-content\/uploads\/2022\/07\/Aswat-Nissa.jpg\",\"datePublished\":\"2022-07-19T22:17:08+00:00\",\"dateModified\":\"2022-07-19T22:17:09+00:00\",\"description\":\"Estimant que le projet de la nouvelle constitution consolide le retour \u00e0 l'autocratie et menace les acquis des droits de l'Homme et des libert\u00e9s, l'association Aswat Nissa a exprim\u00e9 son opposition au r\u00e9f\u00e9rendum du 25 juillet 2022.\",\"breadcrumb\":{\"@id\":\"https:\/\/kapitalis.com\/tunisie\/2022\/07\/19\/aswat-nissa-soppose-au-projet-de-la-nouvelle-constitution-et-appelle-a-manifester-vendredi-22-juillet-a-tunis\/#breadcrumb\"},\"inLanguage\":\"fr-FR\",\"potentialAction\":[{\"@type\":\"ReadAction\",\"target\":[\"https:\/\/kapitalis.com\/tunisie\/2022\/07\/19\/aswat-nissa-soppose-au-projet-de-la-nouvelle-constitution-et-appelle-a-manifester-vendredi-22-juillet-a-tunis\/\"]}]},{\"@type\":\"ImageObject\",\"inLanguage\":\"fr-FR\",\"@id\":\"https:\/\/kapitalis.com\/tunisie\/2022\/07\/19\/aswat-nissa-soppose-au-projet-de-la-nouvelle-constitution-et-appelle-a-manifester-vendredi-22-juillet-a-tunis\/#primaryimage\",\"url\":\"https:\/\/kapitalis.com\/tunisie\/wp-content\/uploads\/2022\/07\/Aswat-Nissa.jpg\",\"contentUrl\":\"https:\/\/kapitalis.com\/tunisie\/wp-content\/uploads\/2022\/07\/Aswat-Nissa.jpg\",\"width\":1200,\"height\":630},{\"@type\":\"BreadcrumbList\",\"@id\":\"https:\/\/kapitalis.com\/tunisie\/2022\/07\/19\/aswat-nissa-soppose-au-projet-de-la-nouvelle-constitution-et-appelle-a-manifester-vendredi-22-juillet-a-tunis\/#breadcrumb\",\"itemListElement\":[{\"@type\":\"ListItem\",\"position\":1,\"name\":\"Accueil\",\"item\":\"https:\/\/kapitalis.com\/tunisie\/\"},{\"@type\":\"ListItem\",\"position\":2,\"name\":\"Aswat Nissa s&rsquo;oppose au projet de la nouvelle constitution et appelle \u00e0 manifester vendredi 22 juillet \u00e0 Tunis\"}]},{\"@type\":\"WebSite\",\"@id\":\"https:\/\/kapitalis.com\/tunisie\/#website\",\"url\":\"https:\/\/kapitalis.com\/tunisie\/\",\"name\":\"Kapitalis\",\"description\":\"L&#039;actualit\u00e9 en Tunisie et dans le monde\",\"publisher\":{\"@id\":\"https:\/\/kapitalis.com\/tunisie\/#organization\"},\"potentialAction\":[{\"@type\":\"SearchAction\",\"target\":{\"@type\":\"EntryPoint\",\"urlTemplate\":\"https:\/\/kapitalis.com\/tunisie\/?s={search_term_string}\"},\"query-input\":{\"@type\":\"PropertyValueSpecification\",\"valueRequired\":true,\"valueName\":\"search_term_string\"}}],\"inLanguage\":\"fr-FR\"},{\"@type\":\"Organization\",\"@id\":\"https:\/\/kapitalis.com\/tunisie\/#organization\",\"name\":\"Kapitalis\",\"url\":\"https:\/\/kapitalis.com\/tunisie\/\",\"logo\":{\"@type\":\"ImageObject\",\"inLanguage\":\"fr-FR\",\"@id\":\"https:\/\/kapitalis.com\/tunisie\/#\/schema\/logo\/image\/\",\"url\":\"https:\/\/kapitalis.com\/tunisie\/wp-content\/uploads\/2022\/05\/Kapitalis-big-size.png\",\"contentUrl\":\"https:\/\/kapitalis.com\/tunisie\/wp-content\/uploads\/2022\/05\/Kapitalis-big-size.png\",\"width\":5000,\"height\":1500,\"caption\":\"Kapitalis\"},\"image\":{\"@id\":\"https:\/\/kapitalis.com\/tunisie\/#\/schema\/logo\/image\/\"},\"sameAs\":[\"https:\/\/www.facebook.com\/KapitalisInfo\/\",\"https:\/\/x.com\/KapitalisInfo\",\"https:\/\/www.youtube.com\/channel\/UC-yDYrHyfFBWWZaOw3FPg9Q\"]},{\"@type\":\"Person\",\"@id\":\"https:\/\/kapitalis.com\/tunisie\/#\/schema\/person\/74bbde0154d49d790a92aaeac5bc01d5\",\"name\":\"Yusra NY\",\"url\":\"https:\/\/kapitalis.com\/tunisie\/author\/yuza_adam\/\"}]}<\/script>\n<!-- \/ Yoast SEO plugin. -->","yoast_head_json":{"title":"Aswat Nissa s'oppose au projet de la nouvelle constitution et appelle \u00e0 manifester vendredi 22 juillet \u00e0 Tunis - Kapitalis","description":"Estimant que le projet de la nouvelle constitution consolide le retour \u00e0 l'autocratie et menace les acquis des droits de l'Homme et des libert\u00e9s, l'association Aswat Nissa a exprim\u00e9 son opposition au r\u00e9f\u00e9rendum du 25 juillet 2022.","robots":{"index":"index","follow":"follow","max-snippet":"max-snippet:-1","max-image-preview":"max-image-preview:large","max-video-preview":"max-video-preview:-1"},"canonical":"https:\/\/kapitalis.com\/tunisie\/2022\/07\/19\/aswat-nissa-soppose-au-projet-de-la-nouvelle-constitution-et-appelle-a-manifester-vendredi-22-juillet-a-tunis\/","og_locale":"fr_FR","og_type":"article","og_title":"Aswat Nissa s'oppose au projet de la nouvelle constitution et appelle \u00e0 manifester vendredi 22 juillet \u00e0 Tunis - Kapitalis","og_description":"Estimant que le projet de la nouvelle constitution consolide le retour \u00e0 l'autocratie et menace les acquis des droits de l'Homme et des libert\u00e9s, l'association Aswat Nissa a exprim\u00e9 son opposition au r\u00e9f\u00e9rendum du 25 juillet 2022.","og_url":"https:\/\/kapitalis.com\/tunisie\/2022\/07\/19\/aswat-nissa-soppose-au-projet-de-la-nouvelle-constitution-et-appelle-a-manifester-vendredi-22-juillet-a-tunis\/","og_site_name":"Kapitalis","article_publisher":"https:\/\/www.facebook.com\/KapitalisInfo\/","article_published_time":"2022-07-19T22:17:08+00:00","article_modified_time":"2022-07-19T22:17:09+00:00","og_image":[{"width":1200,"height":630,"url":"https:\/\/kapitalis.com\/tunisie\/wp-content\/uploads\/2022\/07\/Aswat-Nissa.jpg","type":"image\/jpeg"}],"author":"Yusra NY","twitter_card":"summary_large_image","twitter_creator":"@KapitalisInfo","twitter_site":"@KapitalisInfo","twitter_misc":{"\u00c9crit par":"Yusra NY","Dur\u00e9e de lecture estim\u00e9e":"2 minutes"},"schema":{"@context":"https:\/\/schema.org","@graph":[{"@type":"Article","@id":"https:\/\/kapitalis.com\/tunisie\/2022\/07\/19\/aswat-nissa-soppose-au-projet-de-la-nouvelle-constitution-et-appelle-a-manifester-vendredi-22-juillet-a-tunis\/#article","isPartOf":{"@id":"https:\/\/kapitalis.com\/tunisie\/2022\/07\/19\/aswat-nissa-soppose-au-projet-de-la-nouvelle-constitution-et-appelle-a-manifester-vendredi-22-juillet-a-tunis\/"},"author":{"name":"Yusra NY","@id":"https:\/\/kapitalis.com\/tunisie\/#\/schema\/person\/74bbde0154d49d790a92aaeac5bc01d5"},"headline":"Aswat Nissa s&rsquo;oppose au projet de la nouvelle constitution et appelle \u00e0 manifester vendredi 22 juillet \u00e0 Tunis","datePublished":"2022-07-19T22:17:08+00:00","dateModified":"2022-07-19T22:17:09+00:00","mainEntityOfPage":{"@id":"https:\/\/kapitalis.com\/tunisie\/2022\/07\/19\/aswat-nissa-soppose-au-projet-de-la-nouvelle-constitution-et-appelle-a-manifester-vendredi-22-juillet-a-tunis\/"},"wordCount":181,"commentCount":0,"publisher":{"@id":"https:\/\/kapitalis.com\/tunisie\/#organization"},"image":{"@id":"https:\/\/kapitalis.com\/tunisie\/2022\/07\/19\/aswat-nissa-soppose-au-projet-de-la-nouvelle-constitution-et-appelle-a-manifester-vendredi-22-juillet-a-tunis\/#primaryimage"},"thumbnailUrl":"https:\/\/kapitalis.com\/tunisie\/wp-content\/uploads\/2022\/07\/Aswat-Nissa.jpg","keywords":["25 juillet","Aswat Nissa","FTDES","r\u00e9f\u00e9rendum","Sa\u00efed","SNJT","Tunisie"],"articleSection":["SOCIETE","Tunisie"],"inLanguage":"fr-FR","potentialAction":[{"@type":"CommentAction","name":"Comment","target":["https:\/\/kapitalis.com\/tunisie\/2022\/07\/19\/aswat-nissa-soppose-au-projet-de-la-nouvelle-constitution-et-appelle-a-manifester-vendredi-22-juillet-a-tunis\/#respond"]}]},{"@type":"WebPage","@id":"https:\/\/kapitalis.com\/tunisie\/2022\/07\/19\/aswat-nissa-soppose-au-projet-de-la-nouvelle-constitution-et-appelle-a-manifester-vendredi-22-juillet-a-tunis\/","url":"https:\/\/kapitalis.com\/tunisie\/2022\/07\/19\/aswat-nissa-soppose-au-projet-de-la-nouvelle-constitution-et-appelle-a-manifester-vendredi-22-juillet-a-tunis\/","name":"Aswat Nissa s'oppose au projet de la nouvelle constitution et appelle \u00e0 manifester vendredi 22 juillet \u00e0 Tunis - Kapitalis","isPartOf":{"@id":"https:\/\/kapitalis.com\/tunisie\/#website"},"primaryImageOfPage":{"@id":"https:\/\/kapitalis.com\/tunisie\/2022\/07\/19\/aswat-nissa-soppose-au-projet-de-la-nouvelle-constitution-et-appelle-a-manifester-vendredi-22-juillet-a-tunis\/#primaryimage"},"image":{"@id":"https:\/\/kapitalis.com\/tunisie\/2022\/07\/19\/aswat-nissa-soppose-au-projet-de-la-nouvelle-constitution-et-appelle-a-manifester-vendredi-22-juillet-a-tunis\/#primaryimage"},"thumbnailUrl":"https:\/\/kapitalis.com\/tunisie\/wp-content\/uploads\/2022\/07\/Aswat-Nissa.jpg","datePublished":"2022-07-19T22:17:08+00:00","dateModified":"2022-07-19T22:17:09+00:00","description":"Estimant que le projet de la nouvelle constitution consolide le retour \u00e0 l'autocratie et menace les acquis des droits de l'Homme et des libert\u00e9s, l'association Aswat Nissa a exprim\u00e9 son opposition au r\u00e9f\u00e9rendum du 25 juillet 2022.","breadcrumb":{"@id":"https:\/\/kapitalis.com\/tunisie\/2022\/07\/19\/aswat-nissa-soppose-au-projet-de-la-nouvelle-constitution-et-appelle-a-manifester-vendredi-22-juillet-a-tunis\/#breadcrumb"},"inLanguage":"fr-FR","potentialAction":[{"@type":"ReadAction","target":["https:\/\/kapitalis.com\/tunisie\/2022\/07\/19\/aswat-nissa-soppose-au-projet-de-la-nouvelle-constitution-et-appelle-a-manifester-vendredi-22-juillet-a-tunis\/"]}]},{"@type":"ImageObject","inLanguage":"fr-FR","@id":"https:\/\/kapitalis.com\/tunisie\/2022\/07\/19\/aswat-nissa-soppose-au-projet-de-la-nouvelle-constitution-et-appelle-a-manifester-vendredi-22-juillet-a-tunis\/#primaryimage","url":"https:\/\/kapitalis.com\/tunisie\/wp-content\/uploads\/2022\/07\/Aswat-Nissa.jpg","contentUrl":"https:\/\/kapitalis.com\/tunisie\/wp-content\/uploads\/2022\/07\/Aswat-Nissa.jpg","width":1200,"height":630},{"@type":"BreadcrumbList","@id":"https:\/\/kapitalis.com\/tunisie\/2022\/07\/19\/aswat-nissa-soppose-au-projet-de-la-nouvelle-constitution-et-appelle-a-manifester-vendredi-22-juillet-a-tunis\/#breadcrumb","itemListElement":[{"@type":"ListItem","position":1,"name":"Accueil","item":"https:\/\/kapitalis.com\/tunisie\/"},{"@type":"ListItem","position":2,"name":"Aswat Nissa s&rsquo;oppose au projet de la nouvelle constitution et appelle \u00e0 manifester vendredi 22 juillet \u00e0 Tunis"}]},{"@type":"WebSite","@id":"https:\/\/kapitalis.com\/tunisie\/#website","url":"https:\/\/kapitalis.com\/tunisie\/","name":"Kapitalis","description":"L&#039;actualit\u00e9 en Tunisie et dans le monde","publisher":{"@id":"https:\/\/kapitalis.com\/tunisie\/#organization"},"potentialAction":[{"@type":"SearchAction","target":{"@type":"EntryPoint","urlTemplate":"https:\/\/kapitalis.com\/tunisie\/?s={search_term_string}"},"query-input":{"@type":"PropertyValueSpecification","valueRequired":true,"valueName":"search_term_string"}}],"inLanguage":"fr-FR"},{"@type":"Organization","@id":"https:\/\/kapitalis.com\/tunisie\/#organization","name":"Kapitalis","url":"https:\/\/kapitalis.com\/tunisie\/","logo":{"@type":"ImageObject","inLanguage":"fr-FR","@id":"https:\/\/kapitalis.com\/tunisie\/#\/schema\/logo\/image\/","url":"https:\/\/kapitalis.com\/tunisie\/wp-content\/uploads\/2022\/05\/Kapitalis-big-size.png","contentUrl":"https:\/\/kapitalis.com\/tunisie\/wp-content\/uploads\/2022\/05\/Kapitalis-big-size.png","width":5000,"height":1500,"caption":"Kapitalis"},"image":{"@id":"https:\/\/kapitalis.com\/tunisie\/#\/schema\/logo\/image\/"},"sameAs":["https:\/\/www.facebook.com\/KapitalisInfo\/","https:\/\/x.com\/KapitalisInfo","https:\/\/www.youtube.com\/channel\/UC-yDYrHyfFBWWZaOw3FPg9Q"]},{"@type":"Person","@id":"https:\/\/kapitalis.com\/tunisie\/#\/schema\/person\/74bbde0154d49d790a92aaeac5bc01d5","name":"Yusra NY","url":"https:\/\/kapitalis.com\/tunisie\/author\/yuza_adam\/"}]}},"_links":{"self":[{"href":"https:\/\/kapitalis.com\/tunisie\/wp-json\/wp\/v2\/posts\/2387315","targetHints":{"allow":["GET"]}}],"collection":[{"href":"https:\/\/kapitalis.com\/tunisie\/wp-json\/wp\/v2\/posts"}],"about":[{"href":"https:\/\/kapitalis.com\/tunisie\/wp-json\/wp\/v2\/types\/post"}],"author":[{"embeddable":true,"href":"https:\/\/kapitalis.com\/tunisie\/wp-json\/wp\/v2\/users\/6"}],"replies":[{"embeddable":true,"href":"https:\/\/kapitalis.com\/tunisie\/wp-json\/wp\/v2\/comments?post=2387315"}],"version-history":[{"count":0,"href":"https:\/\/kapitalis.com\/tunisie\/wp-json\/wp\/v2\/posts\/2387315\/revisions"}],"wp:featuredmedia":[{"embeddable":true,"href":"https:\/\/kapitalis.com\/tunisie\/wp-json\/wp\/v2\/media\/2387448"}],"wp:attachment":[{"href":"https:\/\/kapitalis.com\/tunisie\/wp-json\/wp\/v2\/media?parent=2387315"}],"wp:term":[{"taxonomy":"category","embeddable":true,"href":"https:\/\/kapitalis.com\/tunisie\/wp-json\/wp\/v2\/categories?post=2387315"},{"taxonomy":"post_tag","embeddable":true,"href":"https:\/\/kapitalis.com\/tunisie\/wp-json\/wp\/v2\/tags?post=2387315"}],"curies":[{"name":"wp","href":"https:\/\/api.w.org\/{rel}","templated":true}]}}