{"id":238865,"date":"2019-09-11T18:49:10","date_gmt":"2019-09-11T17:49:10","guid":{"rendered":"http:\/\/kapitalis.com\/tunisie\/?p=238865"},"modified":"2019-09-11T19:21:01","modified_gmt":"2019-09-11T18:21:01","slug":"bochra-belhaj-hmida-se-lache-et-recadre-hafedh-caid-essebsi-tu-nas-jamais-pense-au-bien-de-la-tunisie-et-tu-as-trahi-ton-pere","status":"publish","type":"post","link":"https:\/\/kapitalis.com\/tunisie\/2019\/09\/11\/bochra-belhaj-hmida-se-lache-et-recadre-hafedh-caid-essebsi-tu-nas-jamais-pense-au-bien-de-la-tunisie-et-tu-as-trahi-ton-pere\/","title":{"rendered":"Bochra Belhaj Hmida se l\u00e2che et recadre Hafedh Ca\u00efd Essebsi : \u00abTu n\u2019as jamais pens\u00e9 au bien de la Tunisie et tu as trahi ton p\u00e8re\u00bb"},"content":{"rendered":"\n<figure class=\"wp-block-image\"><img decoding=\"async\" src=\"http:\/\/kapitalis.com\/tunisie\/wp-content\/uploads\/2019\/09\/Bochra-Belhaj-Hmida-Hafedh-Caid-Essebsi.jpg\" alt=\"\" class=\"wp-image-238877\"\/><\/figure>\n\n\n\n<p><strong><em>La d\u00e9put\u00e9e Bochra Belhaj Hmida est sortie de son silence en publiant, cet apr\u00e8s-midi, mercredi 11 septembre 2019, une vid\u00e9o o\u00f9 elle s&rsquo;adresse \u00e0 Hafedh Ca\u00efd Essebsi, directeur ex\u00e9cutif de Nidaa Tounes. Elle n&rsquo;a pas m\u00e2ch\u00e9 ses mots et accuse son interlocuteur de n&rsquo;avoir jamais pens\u00e9 au bien du pays et d&rsquo;avoir trahi son p\u00e8re, feu B\u00e9ji Ca\u00efd Essebsi.<\/em><\/strong><\/p>\n\n\n\n<!--more-->\n\n\n\n<p>C&rsquo;est la premi\u00e8re fois que Mme Belhaj Hmida publie une vid\u00e9o sur les r\u00e9seaux sociaux, mais elle assure qu&rsquo;elle a le devoir d&rsquo;avertir les Tunisiens et emp\u00eacher qu&rsquo;on les manipule et qu&rsquo;elle voulait vider son sac et appeler Hafedh Ca\u00efd Essebsi \u00e0 la raison. <\/p>\n\n\n\n<p>La d\u00e9put\u00e9e dit r\u00e9agir aux rumeurs relatives \u00e0 la demande d\u2019asile politique en France qui aurait \u00e9t\u00e9 d\u00e9pos\u00e9e par M. Ca\u00efd Essebsi : \u00ab<em>D&rsquo;abord tu n\u2019as pas besoin d\u2019asile, puisque tu as d\u00e9j\u00e0 un titre de s\u00e9jour au Qatar. Cela me laisse donc penser que tu pr\u00e9pares une magouille, comme tu l\u2019as fait par le pass\u00e9, notamment \u00e0 Nidaa Tounes<\/em>\u00bb.<\/p>\n\n\n\n<figure class=\"wp-block-embed-facebook wp-block-embed is-type-video is-provider-facebook\"><div class=\"wp-block-embed__wrapper\">\nhttps:\/\/www.facebook.com\/bochra.belhadj.9\/videos\/916514532040479\/UzpfSTEwMDAxMDQ1ODIxNzQxNTo5MTY1NzA0MzIwMzQ4ODk\/\n<\/div><\/figure>\n\n\n\n<p>Tout en lui rappelant cesdites magouilles, citant notamment les manipulations faites pour \u00e9carter deux chefs de gouvernement successifs, Habib Essid et Youssef Chahed, ce qui a pouss\u00e9 des membres du parti \u00e0 d\u00e9missionner, Bochra Belhaj Hmida a appel\u00e9 Hafedh Caid Essebsi \u00e0 penser au bien du pays : \u00ab<em>Pour une fois pense \u00e0 ce pays, le pays de tes enfants et de tes filleuls. \u00c9loigne-toi de ceux qui te manipulent et de la politique de la terre br\u00fbl\u00e9e, ce que tu as fait est d\u00e9j\u00e0 suffisant !\u00bb<\/em><\/p>\n\n\n\n<p>\u00ab<em>Lorsque ton p\u00e8re, Allah yarhmou <\/em>(que dieu ait son \u00e2me, Ndlr) <em>t\u2019a demand\u00e9 de sortir du parti, tu as refus\u00e9 allant jusqu&rsquo;\u00e0 menacer de faire intervenir l\u2019arm\u00e9e ! Lorsque B\u00e9ji ne voulait pas se repr\u00e9senter \u00e0 la pr\u00e9sidentielle, tu t&rsquo;es encore oppos\u00e9 \u00e0 son choix, faisant fi du fait qu&rsquo;il soit moqu\u00e9 et compar\u00e9 \u00e0 Bouteflika<\/em>\u00bb, a-t-elle lanc\u00e9, en ajoutant : \u00ab<em>Ton probl\u00e8me c&rsquo;est que tu veux gouverner, mais le pire c&rsquo;est que des gens t&rsquo;ont manipul\u00e9 et t&rsquo;ont trahi. D&rsquo;ailleurs, ils continuent \u00e0 te manipuler pour leurs propres int\u00e9r\u00eats, continuent \u00e0 faire du mal au pays<\/em>\u00bb.<\/p>\n\n\n\n<p>\u00ab<em>Personne n&rsquo;a trahi B\u00e9ji, tu es le seul \u00e0 l&rsquo;avoir trahi ! Un conseil reste loin de tout \u00e7a, reste loin de ces gens-l\u00e0, repose toi et r\u00e9fl\u00e9chis en pensant au bien du pays que tu vas l\u00e9guer \u00e0 tes enfants<\/em>\u00bb, a conclu Mme Belhaj Hmida en s&rsquo;adressant au fils du regrett\u00e9 pr\u00e9sident et en assurant ne pas avoir peur malgr\u00e9 les menaces dont elle a fait l&rsquo;objet et en rappelant avoir refus\u00e9 malgr\u00e9 tout la garde rapproch\u00e9e.<\/p>\n\n\n\n<p style=\"text-align:right\"><strong>Y. N.<\/strong><\/p>\n","protected":false},"excerpt":{"rendered":"<p>La d\u00e9put\u00e9e Bochra Belhaj Hmida est sortie de son silence en publiant, cet apr\u00e8s-midi, mercredi 11 septembre 2019, une vid\u00e9o o\u00f9 elle s&rsquo;adresse \u00e0 Hafedh Ca\u00efd Essebsi, directeur ex\u00e9cutif de Nidaa Tounes. Elle n&rsquo;a pas m\u00e2ch\u00e9 ses mots et accuse son interlocuteur de n&rsquo;avoir jamais pens\u00e9 au bien du pays et d&rsquo;avoir trahi son p\u00e8re,&#8230;<\/p>\n","protected":false},"author":6,"featured_media":238877,"comment_status":"open","ping_status":"open","sticky":false,"template":"","format":"standard","meta":{"footnotes":""},"categories":[997,2433,4806],"tags":[4576],"class_list":["post-238865","post","type-post","status-publish","format-standard","has-post-thumbnail","hentry","category-politique","category-tunisie","category-videos","tag-bochra-belhaj-hmida"],"yoast_head":"<!-- This site is optimized with the Yoast SEO plugin v26.6 - https:\/\/yoast.com\/wordpress\/plugins\/seo\/ -->\n<title>Bochra Belhaj Hmida se l\u00e2che et recadre Hafedh Ca\u00efd Essebsi : \u00abTu n\u2019as jamais pens\u00e9 au bien de la Tunisie et tu as trahi ton p\u00e8re\u00bb - Kapitalis<\/title>\n<meta name=\"robots\" content=\"index, follow, max-snippet:-1, max-image-preview:large, max-video-preview:-1\" \/>\n<link rel=\"canonical\" href=\"https:\/\/kapitalis.com\/tunisie\/2019\/09\/11\/bochra-belhaj-hmida-se-lache-et-recadre-hafedh-caid-essebsi-tu-nas-jamais-pense-au-bien-de-la-tunisie-et-tu-as-trahi-ton-pere\/\" \/>\n<meta property=\"og:locale\" content=\"fr_FR\" \/>\n<meta property=\"og:type\" content=\"article\" \/>\n<meta property=\"og:title\" content=\"Bochra Belhaj Hmida se l\u00e2che et recadre Hafedh Ca\u00efd Essebsi : \u00abTu n\u2019as jamais pens\u00e9 au bien de la Tunisie et tu as trahi ton p\u00e8re\u00bb - Kapitalis\" \/>\n<meta property=\"og:description\" content=\"La d\u00e9put\u00e9e Bochra Belhaj Hmida est sortie de son silence en publiant, cet apr\u00e8s-midi, mercredi 11 septembre 2019, une vid\u00e9o o\u00f9 elle s&rsquo;adresse \u00e0 Hafedh Ca\u00efd Essebsi, directeur ex\u00e9cutif de Nidaa Tounes. Elle n&rsquo;a pas m\u00e2ch\u00e9 ses mots et accuse son interlocuteur de n&rsquo;avoir jamais pens\u00e9 au bien du pays et d&rsquo;avoir trahi son p\u00e8re,...\" \/>\n<meta property=\"og:url\" content=\"https:\/\/kapitalis.com\/tunisie\/2019\/09\/11\/bochra-belhaj-hmida-se-lache-et-recadre-hafedh-caid-essebsi-tu-nas-jamais-pense-au-bien-de-la-tunisie-et-tu-as-trahi-ton-pere\/\" \/>\n<meta property=\"og:site_name\" content=\"Kapitalis\" \/>\n<meta property=\"article:publisher\" content=\"https:\/\/www.facebook.com\/KapitalisInfo\/\" \/>\n<meta property=\"article:published_time\" content=\"2019-09-11T17:49:10+00:00\" \/>\n<meta property=\"article:modified_time\" content=\"2019-09-11T18:21:01+00:00\" \/>\n<meta property=\"og:image\" content=\"https:\/\/kapitalis.com\/tunisie\/wp-content\/uploads\/2022\/05\/kapitalis-logo-fb.png\" \/>\n\t<meta property=\"og:image:width\" content=\"1200\" \/>\n\t<meta property=\"og:image:height\" content=\"630\" \/>\n\t<meta property=\"og:image:type\" content=\"image\/png\" \/>\n<meta name=\"author\" content=\"Yusra NY\" \/>\n<meta name=\"twitter:card\" content=\"summary_large_image\" \/>\n<meta name=\"twitter:creator\" content=\"@KapitalisInfo\" \/>\n<meta name=\"twitter:site\" content=\"@KapitalisInfo\" \/>\n<meta name=\"twitter:label1\" content=\"\u00c9crit par\" \/>\n\t<meta name=\"twitter:data1\" content=\"Yusra NY\" \/>\n\t<meta name=\"twitter:label2\" content=\"Dur\u00e9e de lecture estim\u00e9e\" \/>\n\t<meta name=\"twitter:data2\" content=\"2 minutes\" \/>\n<script type=\"application\/ld+json\" class=\"yoast-schema-graph\">{\"@context\":\"https:\/\/schema.org\",\"@graph\":[{\"@type\":\"Article\",\"@id\":\"https:\/\/kapitalis.com\/tunisie\/2019\/09\/11\/bochra-belhaj-hmida-se-lache-et-recadre-hafedh-caid-essebsi-tu-nas-jamais-pense-au-bien-de-la-tunisie-et-tu-as-trahi-ton-pere\/#article\",\"isPartOf\":{\"@id\":\"https:\/\/kapitalis.com\/tunisie\/2019\/09\/11\/bochra-belhaj-hmida-se-lache-et-recadre-hafedh-caid-essebsi-tu-nas-jamais-pense-au-bien-de-la-tunisie-et-tu-as-trahi-ton-pere\/\"},\"author\":{\"name\":\"Yusra NY\",\"@id\":\"https:\/\/kapitalis.com\/tunisie\/#\/schema\/person\/74bbde0154d49d790a92aaeac5bc01d5\"},\"headline\":\"Bochra Belhaj Hmida se l\u00e2che et recadre Hafedh Ca\u00efd Essebsi : \u00abTu n\u2019as jamais pens\u00e9 au bien de la Tunisie et tu as trahi ton p\u00e8re\u00bb\",\"datePublished\":\"2019-09-11T17:49:10+00:00\",\"dateModified\":\"2019-09-11T18:21:01+00:00\",\"mainEntityOfPage\":{\"@id\":\"https:\/\/kapitalis.com\/tunisie\/2019\/09\/11\/bochra-belhaj-hmida-se-lache-et-recadre-hafedh-caid-essebsi-tu-nas-jamais-pense-au-bien-de-la-tunisie-et-tu-as-trahi-ton-pere\/\"},\"wordCount\":495,\"commentCount\":5,\"publisher\":{\"@id\":\"https:\/\/kapitalis.com\/tunisie\/#organization\"},\"image\":{\"@id\":\"https:\/\/kapitalis.com\/tunisie\/2019\/09\/11\/bochra-belhaj-hmida-se-lache-et-recadre-hafedh-caid-essebsi-tu-nas-jamais-pense-au-bien-de-la-tunisie-et-tu-as-trahi-ton-pere\/#primaryimage\"},\"thumbnailUrl\":\"\",\"keywords\":[\"Bochra Belhaj Hmida\"],\"articleSection\":[\"POLITIQUE\",\"Tunisie\",\"VIDEOS\"],\"inLanguage\":\"fr-FR\",\"potentialAction\":[{\"@type\":\"CommentAction\",\"name\":\"Comment\",\"target\":[\"https:\/\/kapitalis.com\/tunisie\/2019\/09\/11\/bochra-belhaj-hmida-se-lache-et-recadre-hafedh-caid-essebsi-tu-nas-jamais-pense-au-bien-de-la-tunisie-et-tu-as-trahi-ton-pere\/#respond\"]}]},{\"@type\":\"WebPage\",\"@id\":\"https:\/\/kapitalis.com\/tunisie\/2019\/09\/11\/bochra-belhaj-hmida-se-lache-et-recadre-hafedh-caid-essebsi-tu-nas-jamais-pense-au-bien-de-la-tunisie-et-tu-as-trahi-ton-pere\/\",\"url\":\"https:\/\/kapitalis.com\/tunisie\/2019\/09\/11\/bochra-belhaj-hmida-se-lache-et-recadre-hafedh-caid-essebsi-tu-nas-jamais-pense-au-bien-de-la-tunisie-et-tu-as-trahi-ton-pere\/\",\"name\":\"Bochra Belhaj Hmida se l\u00e2che et recadre Hafedh Ca\u00efd Essebsi : \u00abTu n\u2019as jamais pens\u00e9 au bien de la Tunisie et tu as trahi ton p\u00e8re\u00bb - Kapitalis\",\"isPartOf\":{\"@id\":\"https:\/\/kapitalis.com\/tunisie\/#website\"},\"primaryImageOfPage\":{\"@id\":\"https:\/\/kapitalis.com\/tunisie\/2019\/09\/11\/bochra-belhaj-hmida-se-lache-et-recadre-hafedh-caid-essebsi-tu-nas-jamais-pense-au-bien-de-la-tunisie-et-tu-as-trahi-ton-pere\/#primaryimage\"},\"image\":{\"@id\":\"https:\/\/kapitalis.com\/tunisie\/2019\/09\/11\/bochra-belhaj-hmida-se-lache-et-recadre-hafedh-caid-essebsi-tu-nas-jamais-pense-au-bien-de-la-tunisie-et-tu-as-trahi-ton-pere\/#primaryimage\"},\"thumbnailUrl\":\"\",\"datePublished\":\"2019-09-11T17:49:10+00:00\",\"dateModified\":\"2019-09-11T18:21:01+00:00\",\"breadcrumb\":{\"@id\":\"https:\/\/kapitalis.com\/tunisie\/2019\/09\/11\/bochra-belhaj-hmida-se-lache-et-recadre-hafedh-caid-essebsi-tu-nas-jamais-pense-au-bien-de-la-tunisie-et-tu-as-trahi-ton-pere\/#breadcrumb\"},\"inLanguage\":\"fr-FR\",\"potentialAction\":[{\"@type\":\"ReadAction\",\"target\":[\"https:\/\/kapitalis.com\/tunisie\/2019\/09\/11\/bochra-belhaj-hmida-se-lache-et-recadre-hafedh-caid-essebsi-tu-nas-jamais-pense-au-bien-de-la-tunisie-et-tu-as-trahi-ton-pere\/\"]}]},{\"@type\":\"ImageObject\",\"inLanguage\":\"fr-FR\",\"@id\":\"https:\/\/kapitalis.com\/tunisie\/2019\/09\/11\/bochra-belhaj-hmida-se-lache-et-recadre-hafedh-caid-essebsi-tu-nas-jamais-pense-au-bien-de-la-tunisie-et-tu-as-trahi-ton-pere\/#primaryimage\",\"url\":\"\",\"contentUrl\":\"\"},{\"@type\":\"BreadcrumbList\",\"@id\":\"https:\/\/kapitalis.com\/tunisie\/2019\/09\/11\/bochra-belhaj-hmida-se-lache-et-recadre-hafedh-caid-essebsi-tu-nas-jamais-pense-au-bien-de-la-tunisie-et-tu-as-trahi-ton-pere\/#breadcrumb\",\"itemListElement\":[{\"@type\":\"ListItem\",\"position\":1,\"name\":\"Accueil\",\"item\":\"https:\/\/kapitalis.com\/tunisie\/\"},{\"@type\":\"ListItem\",\"position\":2,\"name\":\"Bochra Belhaj Hmida se l\u00e2che et recadre Hafedh Ca\u00efd Essebsi : \u00abTu n\u2019as jamais pens\u00e9 au bien de la Tunisie et tu as trahi ton p\u00e8re\u00bb\"}]},{\"@type\":\"WebSite\",\"@id\":\"https:\/\/kapitalis.com\/tunisie\/#website\",\"url\":\"https:\/\/kapitalis.com\/tunisie\/\",\"name\":\"Kapitalis\",\"description\":\"L&#039;actualit\u00e9 en Tunisie et dans le monde\",\"publisher\":{\"@id\":\"https:\/\/kapitalis.com\/tunisie\/#organization\"},\"potentialAction\":[{\"@type\":\"SearchAction\",\"target\":{\"@type\":\"EntryPoint\",\"urlTemplate\":\"https:\/\/kapitalis.com\/tunisie\/?s={search_term_string}\"},\"query-input\":{\"@type\":\"PropertyValueSpecification\",\"valueRequired\":true,\"valueName\":\"search_term_string\"}}],\"inLanguage\":\"fr-FR\"},{\"@type\":\"Organization\",\"@id\":\"https:\/\/kapitalis.com\/tunisie\/#organization\",\"name\":\"Kapitalis\",\"url\":\"https:\/\/kapitalis.com\/tunisie\/\",\"logo\":{\"@type\":\"ImageObject\",\"inLanguage\":\"fr-FR\",\"@id\":\"https:\/\/kapitalis.com\/tunisie\/#\/schema\/logo\/image\/\",\"url\":\"https:\/\/kapitalis.com\/tunisie\/wp-content\/uploads\/2022\/05\/Kapitalis-big-size.png\",\"contentUrl\":\"https:\/\/kapitalis.com\/tunisie\/wp-content\/uploads\/2022\/05\/Kapitalis-big-size.png\",\"width\":5000,\"height\":1500,\"caption\":\"Kapitalis\"},\"image\":{\"@id\":\"https:\/\/kapitalis.com\/tunisie\/#\/schema\/logo\/image\/\"},\"sameAs\":[\"https:\/\/www.facebook.com\/KapitalisInfo\/\",\"https:\/\/x.com\/KapitalisInfo\",\"https:\/\/www.youtube.com\/channel\/UC-yDYrHyfFBWWZaOw3FPg9Q\"]},{\"@type\":\"Person\",\"@id\":\"https:\/\/kapitalis.com\/tunisie\/#\/schema\/person\/74bbde0154d49d790a92aaeac5bc01d5\",\"name\":\"Yusra NY\",\"url\":\"https:\/\/kapitalis.com\/tunisie\/author\/yuza_adam\/\"}]}<\/script>\n<!-- \/ Yoast SEO plugin. -->","yoast_head_json":{"title":"Bochra Belhaj Hmida se l\u00e2che et recadre Hafedh Ca\u00efd Essebsi : \u00abTu n\u2019as jamais pens\u00e9 au bien de la Tunisie et tu as trahi ton p\u00e8re\u00bb - Kapitalis","robots":{"index":"index","follow":"follow","max-snippet":"max-snippet:-1","max-image-preview":"max-image-preview:large","max-video-preview":"max-video-preview:-1"},"canonical":"https:\/\/kapitalis.com\/tunisie\/2019\/09\/11\/bochra-belhaj-hmida-se-lache-et-recadre-hafedh-caid-essebsi-tu-nas-jamais-pense-au-bien-de-la-tunisie-et-tu-as-trahi-ton-pere\/","og_locale":"fr_FR","og_type":"article","og_title":"Bochra Belhaj Hmida se l\u00e2che et recadre Hafedh Ca\u00efd Essebsi : \u00abTu n\u2019as jamais pens\u00e9 au bien de la Tunisie et tu as trahi ton p\u00e8re\u00bb - Kapitalis","og_description":"La d\u00e9put\u00e9e Bochra Belhaj Hmida est sortie de son silence en publiant, cet apr\u00e8s-midi, mercredi 11 septembre 2019, une vid\u00e9o o\u00f9 elle s&rsquo;adresse \u00e0 Hafedh Ca\u00efd Essebsi, directeur ex\u00e9cutif de Nidaa Tounes. Elle n&rsquo;a pas m\u00e2ch\u00e9 ses mots et accuse son interlocuteur de n&rsquo;avoir jamais pens\u00e9 au bien du pays et d&rsquo;avoir trahi son p\u00e8re,...","og_url":"https:\/\/kapitalis.com\/tunisie\/2019\/09\/11\/bochra-belhaj-hmida-se-lache-et-recadre-hafedh-caid-essebsi-tu-nas-jamais-pense-au-bien-de-la-tunisie-et-tu-as-trahi-ton-pere\/","og_site_name":"Kapitalis","article_publisher":"https:\/\/www.facebook.com\/KapitalisInfo\/","article_published_time":"2019-09-11T17:49:10+00:00","article_modified_time":"2019-09-11T18:21:01+00:00","og_image":[{"width":1200,"height":630,"url":"https:\/\/kapitalis.com\/tunisie\/wp-content\/uploads\/2022\/05\/kapitalis-logo-fb.png","type":"image\/png"}],"author":"Yusra NY","twitter_card":"summary_large_image","twitter_creator":"@KapitalisInfo","twitter_site":"@KapitalisInfo","twitter_misc":{"\u00c9crit par":"Yusra NY","Dur\u00e9e de lecture estim\u00e9e":"2 minutes"},"schema":{"@context":"https:\/\/schema.org","@graph":[{"@type":"Article","@id":"https:\/\/kapitalis.com\/tunisie\/2019\/09\/11\/bochra-belhaj-hmida-se-lache-et-recadre-hafedh-caid-essebsi-tu-nas-jamais-pense-au-bien-de-la-tunisie-et-tu-as-trahi-ton-pere\/#article","isPartOf":{"@id":"https:\/\/kapitalis.com\/tunisie\/2019\/09\/11\/bochra-belhaj-hmida-se-lache-et-recadre-hafedh-caid-essebsi-tu-nas-jamais-pense-au-bien-de-la-tunisie-et-tu-as-trahi-ton-pere\/"},"author":{"name":"Yusra NY","@id":"https:\/\/kapitalis.com\/tunisie\/#\/schema\/person\/74bbde0154d49d790a92aaeac5bc01d5"},"headline":"Bochra Belhaj Hmida se l\u00e2che et recadre Hafedh Ca\u00efd Essebsi : \u00abTu n\u2019as jamais pens\u00e9 au bien de la Tunisie et tu as trahi ton p\u00e8re\u00bb","datePublished":"2019-09-11T17:49:10+00:00","dateModified":"2019-09-11T18:21:01+00:00","mainEntityOfPage":{"@id":"https:\/\/kapitalis.com\/tunisie\/2019\/09\/11\/bochra-belhaj-hmida-se-lache-et-recadre-hafedh-caid-essebsi-tu-nas-jamais-pense-au-bien-de-la-tunisie-et-tu-as-trahi-ton-pere\/"},"wordCount":495,"commentCount":5,"publisher":{"@id":"https:\/\/kapitalis.com\/tunisie\/#organization"},"image":{"@id":"https:\/\/kapitalis.com\/tunisie\/2019\/09\/11\/bochra-belhaj-hmida-se-lache-et-recadre-hafedh-caid-essebsi-tu-nas-jamais-pense-au-bien-de-la-tunisie-et-tu-as-trahi-ton-pere\/#primaryimage"},"thumbnailUrl":"","keywords":["Bochra Belhaj Hmida"],"articleSection":["POLITIQUE","Tunisie","VIDEOS"],"inLanguage":"fr-FR","potentialAction":[{"@type":"CommentAction","name":"Comment","target":["https:\/\/kapitalis.com\/tunisie\/2019\/09\/11\/bochra-belhaj-hmida-se-lache-et-recadre-hafedh-caid-essebsi-tu-nas-jamais-pense-au-bien-de-la-tunisie-et-tu-as-trahi-ton-pere\/#respond"]}]},{"@type":"WebPage","@id":"https:\/\/kapitalis.com\/tunisie\/2019\/09\/11\/bochra-belhaj-hmida-se-lache-et-recadre-hafedh-caid-essebsi-tu-nas-jamais-pense-au-bien-de-la-tunisie-et-tu-as-trahi-ton-pere\/","url":"https:\/\/kapitalis.com\/tunisie\/2019\/09\/11\/bochra-belhaj-hmida-se-lache-et-recadre-hafedh-caid-essebsi-tu-nas-jamais-pense-au-bien-de-la-tunisie-et-tu-as-trahi-ton-pere\/","name":"Bochra Belhaj Hmida se l\u00e2che et recadre Hafedh Ca\u00efd Essebsi : \u00abTu n\u2019as jamais pens\u00e9 au bien de la Tunisie et tu as trahi ton p\u00e8re\u00bb - Kapitalis","isPartOf":{"@id":"https:\/\/kapitalis.com\/tunisie\/#website"},"primaryImageOfPage":{"@id":"https:\/\/kapitalis.com\/tunisie\/2019\/09\/11\/bochra-belhaj-hmida-se-lache-et-recadre-hafedh-caid-essebsi-tu-nas-jamais-pense-au-bien-de-la-tunisie-et-tu-as-trahi-ton-pere\/#primaryimage"},"image":{"@id":"https:\/\/kapitalis.com\/tunisie\/2019\/09\/11\/bochra-belhaj-hmida-se-lache-et-recadre-hafedh-caid-essebsi-tu-nas-jamais-pense-au-bien-de-la-tunisie-et-tu-as-trahi-ton-pere\/#primaryimage"},"thumbnailUrl":"","datePublished":"2019-09-11T17:49:10+00:00","dateModified":"2019-09-11T18:21:01+00:00","breadcrumb":{"@id":"https:\/\/kapitalis.com\/tunisie\/2019\/09\/11\/bochra-belhaj-hmida-se-lache-et-recadre-hafedh-caid-essebsi-tu-nas-jamais-pense-au-bien-de-la-tunisie-et-tu-as-trahi-ton-pere\/#breadcrumb"},"inLanguage":"fr-FR","potentialAction":[{"@type":"ReadAction","target":["https:\/\/kapitalis.com\/tunisie\/2019\/09\/11\/bochra-belhaj-hmida-se-lache-et-recadre-hafedh-caid-essebsi-tu-nas-jamais-pense-au-bien-de-la-tunisie-et-tu-as-trahi-ton-pere\/"]}]},{"@type":"ImageObject","inLanguage":"fr-FR","@id":"https:\/\/kapitalis.com\/tunisie\/2019\/09\/11\/bochra-belhaj-hmida-se-lache-et-recadre-hafedh-caid-essebsi-tu-nas-jamais-pense-au-bien-de-la-tunisie-et-tu-as-trahi-ton-pere\/#primaryimage","url":"","contentUrl":""},{"@type":"BreadcrumbList","@id":"https:\/\/kapitalis.com\/tunisie\/2019\/09\/11\/bochra-belhaj-hmida-se-lache-et-recadre-hafedh-caid-essebsi-tu-nas-jamais-pense-au-bien-de-la-tunisie-et-tu-as-trahi-ton-pere\/#breadcrumb","itemListElement":[{"@type":"ListItem","position":1,"name":"Accueil","item":"https:\/\/kapitalis.com\/tunisie\/"},{"@type":"ListItem","position":2,"name":"Bochra Belhaj Hmida se l\u00e2che et recadre Hafedh Ca\u00efd Essebsi : \u00abTu n\u2019as jamais pens\u00e9 au bien de la Tunisie et tu as trahi ton p\u00e8re\u00bb"}]},{"@type":"WebSite","@id":"https:\/\/kapitalis.com\/tunisie\/#website","url":"https:\/\/kapitalis.com\/tunisie\/","name":"Kapitalis","description":"L&#039;actualit\u00e9 en Tunisie et dans le monde","publisher":{"@id":"https:\/\/kapitalis.com\/tunisie\/#organization"},"potentialAction":[{"@type":"SearchAction","target":{"@type":"EntryPoint","urlTemplate":"https:\/\/kapitalis.com\/tunisie\/?s={search_term_string}"},"query-input":{"@type":"PropertyValueSpecification","valueRequired":true,"valueName":"search_term_string"}}],"inLanguage":"fr-FR"},{"@type":"Organization","@id":"https:\/\/kapitalis.com\/tunisie\/#organization","name":"Kapitalis","url":"https:\/\/kapitalis.com\/tunisie\/","logo":{"@type":"ImageObject","inLanguage":"fr-FR","@id":"https:\/\/kapitalis.com\/tunisie\/#\/schema\/logo\/image\/","url":"https:\/\/kapitalis.com\/tunisie\/wp-content\/uploads\/2022\/05\/Kapitalis-big-size.png","contentUrl":"https:\/\/kapitalis.com\/tunisie\/wp-content\/uploads\/2022\/05\/Kapitalis-big-size.png","width":5000,"height":1500,"caption":"Kapitalis"},"image":{"@id":"https:\/\/kapitalis.com\/tunisie\/#\/schema\/logo\/image\/"},"sameAs":["https:\/\/www.facebook.com\/KapitalisInfo\/","https:\/\/x.com\/KapitalisInfo","https:\/\/www.youtube.com\/channel\/UC-yDYrHyfFBWWZaOw3FPg9Q"]},{"@type":"Person","@id":"https:\/\/kapitalis.com\/tunisie\/#\/schema\/person\/74bbde0154d49d790a92aaeac5bc01d5","name":"Yusra NY","url":"https:\/\/kapitalis.com\/tunisie\/author\/yuza_adam\/"}]}},"_links":{"self":[{"href":"https:\/\/kapitalis.com\/tunisie\/wp-json\/wp\/v2\/posts\/238865","targetHints":{"allow":["GET"]}}],"collection":[{"href":"https:\/\/kapitalis.com\/tunisie\/wp-json\/wp\/v2\/posts"}],"about":[{"href":"https:\/\/kapitalis.com\/tunisie\/wp-json\/wp\/v2\/types\/post"}],"author":[{"embeddable":true,"href":"https:\/\/kapitalis.com\/tunisie\/wp-json\/wp\/v2\/users\/6"}],"replies":[{"embeddable":true,"href":"https:\/\/kapitalis.com\/tunisie\/wp-json\/wp\/v2\/comments?post=238865"}],"version-history":[{"count":0,"href":"https:\/\/kapitalis.com\/tunisie\/wp-json\/wp\/v2\/posts\/238865\/revisions"}],"wp:featuredmedia":[{"embeddable":true,"href":"https:\/\/kapitalis.com\/tunisie\/wp-json\/wp\/v2\/media\/238877"}],"wp:attachment":[{"href":"https:\/\/kapitalis.com\/tunisie\/wp-json\/wp\/v2\/media?parent=238865"}],"wp:term":[{"taxonomy":"category","embeddable":true,"href":"https:\/\/kapitalis.com\/tunisie\/wp-json\/wp\/v2\/categories?post=238865"},{"taxonomy":"post_tag","embeddable":true,"href":"https:\/\/kapitalis.com\/tunisie\/wp-json\/wp\/v2\/tags?post=238865"}],"curies":[{"name":"wp","href":"https:\/\/api.w.org\/{rel}","templated":true}]}}