{"id":239055,"date":"2019-09-12T14:46:18","date_gmt":"2019-09-12T13:46:18","guid":{"rendered":"http:\/\/kapitalis.com\/tunisie\/?p=239055"},"modified":"2019-09-12T14:56:05","modified_gmt":"2019-09-12T13:56:05","slug":"presidentielle-anticipee-mohamed-abbou-publie-son-rapport-medical","status":"publish","type":"post","link":"https:\/\/kapitalis.com\/tunisie\/2019\/09\/12\/presidentielle-anticipee-mohamed-abbou-publie-son-rapport-medical\/","title":{"rendered":"Pr\u00e9sidentielle anticip\u00e9e : Mohamed Abbou publie son rapport m\u00e9dical"},"content":{"rendered":"\n<div class=\"wp-block-image\"><figure class=\"aligncenter\"><img decoding=\"async\" src=\"http:\/\/kapitalis.com\/tunisie\/wp-content\/uploads\/2019\/09\/mohamed-abbou-examen.jpg\" alt=\"\" class=\"wp-image-239069\"\/><\/figure><\/div>\n\n\n\n<p><strong><em>Le candidat du Courant d\u00e9mocratique (Attayar) \u00e0 l&rsquo;\u00e9lection pr\u00e9sidentielle anticip\u00e9e de dimanche prochain, 15 septembre 2019, Mohamed Abbou, a rendu public, hier soir, mercredi, 11 septembre, son rapport m\u00e9dical, qui contient les r\u00e9sultats des diff\u00e9rents examens et analyses qu\u2019il a effectu\u00e9s \u00e0 l\u2019h\u00f4pital militaire de Tunis.<\/em><\/strong><\/p>\n\n\n\n<!--more-->\n\n\n\n<p>Tenant \u00e0 faire preuve de transparence, quant \u00e0 sa situation sanitaire, le social-d\u00e9mocrate confirme sa capacit\u00e9 \u00e0 assumer les responsabilit\u00e9s de pr\u00e9sident de la r\u00e9publique, en cas de victoire au scrutin qui aura lieu dans 3 jours. Les analyses m\u00e9dicales ont confirm\u00e9, en effet, la stabilit\u00e9 de son \u00e9tat de sant\u00e9 et l\u2019absence de tout type de maladies chroniques. <\/p>\n\n\n\n<p>Les examens publi\u00e9s par l&rsquo;\u00e9quipe de la campagne \u00e9lectorale de M. Abbou englobent les r\u00e9sultats d&rsquo;une \u00e9lectrocardiographie, qui mesure l\u2019activit\u00e9 \u00e9lectrique du c\u0153ur, d&rsquo;un \u00e9lectrocardiogramme d\u2019effort, qui montre la r\u00e9action du c\u0153ur au cours d\u2019un exercice physique soutenu, des analyses de sang, etc. <\/p>\n\n\n\n<ul class=\"wp-block-gallery columns-3 is-cropped wp-block-gallery-1 is-layout-flex wp-block-gallery-is-layout-flex\"><li class=\"blocks-gallery-item\"><figure><img decoding=\"async\" src=\"http:\/\/kapitalis.com\/tunisie\/wp-content\/uploads\/2019\/09\/abbou1.jpg\" alt=\"\" data-id=\"239071\" data-link=\"http:\/\/kapitalis.com\/tunisie\/?attachment_id=239071\" class=\"wp-image-239071\"\/><\/figure><\/li><li class=\"blocks-gallery-item\"><figure><img decoding=\"async\" src=\"http:\/\/kapitalis.com\/tunisie\/wp-content\/uploads\/2019\/09\/abbou2.jpg\" alt=\"\" data-id=\"239072\" data-link=\"http:\/\/kapitalis.com\/tunisie\/?attachment_id=239072\" class=\"wp-image-239072\"\/><\/figure><\/li><li class=\"blocks-gallery-item\"><figure><img decoding=\"async\" src=\"http:\/\/kapitalis.com\/tunisie\/wp-content\/uploads\/2019\/09\/abbou3.jpg\" alt=\"\" data-id=\"239073\" data-link=\"http:\/\/kapitalis.com\/tunisie\/?attachment_id=239073\" class=\"wp-image-239073\"\/><\/figure><\/li><li class=\"blocks-gallery-item\"><figure><img decoding=\"async\" src=\"http:\/\/kapitalis.com\/tunisie\/wp-content\/uploads\/2019\/09\/abbou4.jpg\" alt=\"\" data-id=\"239074\" data-link=\"http:\/\/kapitalis.com\/tunisie\/?attachment_id=239074\" class=\"wp-image-239074\"\/><\/figure><\/li><li class=\"blocks-gallery-item\"><figure><img decoding=\"async\" src=\"http:\/\/kapitalis.com\/tunisie\/wp-content\/uploads\/2019\/09\/abbou5.jpg\" alt=\"\" data-id=\"239075\" data-link=\"http:\/\/kapitalis.com\/tunisie\/?attachment_id=239075\" class=\"wp-image-239075\"\/><\/figure><\/li><li class=\"blocks-gallery-item\"><figure><img decoding=\"async\" src=\"http:\/\/kapitalis.com\/tunisie\/wp-content\/uploads\/2019\/09\/abbou6.jpg\" alt=\"\" data-id=\"239076\" data-link=\"http:\/\/kapitalis.com\/tunisie\/?attachment_id=239076\" class=\"wp-image-239076\"\/><\/figure><\/li><\/ul>\n\n\n\n<p>Mohamed Abbou transmet donc intelligemment un double-message : le premier est destin\u00e9 aux \u00e9lecteurs, qui savent d\u00e9sormais qu&rsquo;il est en parfaite sant\u00e9 et apte \u00e0 la magistrature supr\u00eame; et le deuxi\u00e8me est \u00e0 l&rsquo;attention de ses adversaires, qui sont implicitement invit\u00e9s \u00e0 faire de m\u00eame, pour le bon d\u00e9roulement du processus d\u00e9mocratique.<\/p>\n\n\n\n<p style=\"text-align:right\"><strong>C. B. Y.<\/strong><\/p>\n","protected":false},"excerpt":{"rendered":"<p>Le candidat du Courant d\u00e9mocratique (Attayar) \u00e0 l&rsquo;\u00e9lection pr\u00e9sidentielle anticip\u00e9e de dimanche prochain, 15 septembre 2019, Mohamed Abbou, a rendu public, hier soir, mercredi, 11 septembre, son rapport m\u00e9dical, qui contient les r\u00e9sultats des diff\u00e9rents examens et analyses qu\u2019il a effectu\u00e9s \u00e0 l\u2019h\u00f4pital militaire de Tunis.<\/p>\n","protected":false},"author":24,"featured_media":239069,"comment_status":"open","ping_status":"open","sticky":false,"template":"","format":"standard","meta":{"footnotes":""},"categories":[997,2433],"tags":[15519,4416],"class_list":["post-239055","post","type-post","status-publish","format-standard","has-post-thumbnail","hentry","category-politique","category-tunisie","tag-attayar","tag-mohamed-abbou"],"yoast_head":"<!-- This site is optimized with the Yoast SEO plugin v26.6 - https:\/\/yoast.com\/wordpress\/plugins\/seo\/ -->\n<title>Pr\u00e9sidentielle anticip\u00e9e : Mohamed Abbou publie son rapport m\u00e9dical - Kapitalis<\/title>\n<meta name=\"robots\" content=\"index, follow, max-snippet:-1, max-image-preview:large, max-video-preview:-1\" \/>\n<link rel=\"canonical\" href=\"https:\/\/kapitalis.com\/tunisie\/2019\/09\/12\/presidentielle-anticipee-mohamed-abbou-publie-son-rapport-medical\/\" \/>\n<meta property=\"og:locale\" content=\"fr_FR\" \/>\n<meta property=\"og:type\" content=\"article\" \/>\n<meta property=\"og:title\" content=\"Pr\u00e9sidentielle anticip\u00e9e : Mohamed Abbou publie son rapport m\u00e9dical - Kapitalis\" \/>\n<meta property=\"og:description\" content=\"Le candidat du Courant d\u00e9mocratique (Attayar) \u00e0 l&rsquo;\u00e9lection pr\u00e9sidentielle anticip\u00e9e de dimanche prochain, 15 septembre 2019, Mohamed Abbou, a rendu public, hier soir, mercredi, 11 septembre, son rapport m\u00e9dical, qui contient les r\u00e9sultats des diff\u00e9rents examens et analyses qu\u2019il a effectu\u00e9s \u00e0 l\u2019h\u00f4pital militaire de Tunis.\" \/>\n<meta property=\"og:url\" content=\"https:\/\/kapitalis.com\/tunisie\/2019\/09\/12\/presidentielle-anticipee-mohamed-abbou-publie-son-rapport-medical\/\" \/>\n<meta property=\"og:site_name\" content=\"Kapitalis\" \/>\n<meta property=\"article:publisher\" content=\"https:\/\/www.facebook.com\/KapitalisInfo\/\" \/>\n<meta property=\"article:published_time\" content=\"2019-09-12T13:46:18+00:00\" \/>\n<meta property=\"article:modified_time\" content=\"2019-09-12T13:56:05+00:00\" \/>\n<meta property=\"og:image\" content=\"https:\/\/kapitalis.com\/tunisie\/wp-content\/uploads\/2022\/05\/kapitalis-logo-fb.png\" \/>\n\t<meta property=\"og:image:width\" content=\"1200\" \/>\n\t<meta property=\"og:image:height\" content=\"630\" \/>\n\t<meta property=\"og:image:type\" content=\"image\/png\" \/>\n<meta name=\"author\" content=\"Cherif Benyounes\" \/>\n<meta name=\"twitter:card\" content=\"summary_large_image\" \/>\n<meta name=\"twitter:creator\" content=\"@KapitalisInfo\" \/>\n<meta name=\"twitter:site\" content=\"@KapitalisInfo\" \/>\n<meta name=\"twitter:label1\" content=\"\u00c9crit par\" \/>\n\t<meta name=\"twitter:data1\" content=\"Cherif Benyounes\" \/>\n\t<meta name=\"twitter:label2\" content=\"Dur\u00e9e de lecture estim\u00e9e\" \/>\n\t<meta name=\"twitter:data2\" content=\"1 minute\" \/>\n<script type=\"application\/ld+json\" class=\"yoast-schema-graph\">{\"@context\":\"https:\/\/schema.org\",\"@graph\":[{\"@type\":\"Article\",\"@id\":\"https:\/\/kapitalis.com\/tunisie\/2019\/09\/12\/presidentielle-anticipee-mohamed-abbou-publie-son-rapport-medical\/#article\",\"isPartOf\":{\"@id\":\"https:\/\/kapitalis.com\/tunisie\/2019\/09\/12\/presidentielle-anticipee-mohamed-abbou-publie-son-rapport-medical\/\"},\"author\":{\"name\":\"Cherif Benyounes\",\"@id\":\"https:\/\/kapitalis.com\/tunisie\/#\/schema\/person\/b35b8d631961131107263178aeb8019e\"},\"headline\":\"Pr\u00e9sidentielle anticip\u00e9e : Mohamed Abbou publie son rapport m\u00e9dical\",\"datePublished\":\"2019-09-12T13:46:18+00:00\",\"dateModified\":\"2019-09-12T13:56:05+00:00\",\"mainEntityOfPage\":{\"@id\":\"https:\/\/kapitalis.com\/tunisie\/2019\/09\/12\/presidentielle-anticipee-mohamed-abbou-publie-son-rapport-medical\/\"},\"wordCount\":234,\"commentCount\":4,\"publisher\":{\"@id\":\"https:\/\/kapitalis.com\/tunisie\/#organization\"},\"image\":{\"@id\":\"https:\/\/kapitalis.com\/tunisie\/2019\/09\/12\/presidentielle-anticipee-mohamed-abbou-publie-son-rapport-medical\/#primaryimage\"},\"thumbnailUrl\":\"\",\"keywords\":[\"Attayar\",\"Mohamed Abbou\"],\"articleSection\":[\"POLITIQUE\",\"Tunisie\"],\"inLanguage\":\"fr-FR\",\"potentialAction\":[{\"@type\":\"CommentAction\",\"name\":\"Comment\",\"target\":[\"https:\/\/kapitalis.com\/tunisie\/2019\/09\/12\/presidentielle-anticipee-mohamed-abbou-publie-son-rapport-medical\/#respond\"]}]},{\"@type\":\"WebPage\",\"@id\":\"https:\/\/kapitalis.com\/tunisie\/2019\/09\/12\/presidentielle-anticipee-mohamed-abbou-publie-son-rapport-medical\/\",\"url\":\"https:\/\/kapitalis.com\/tunisie\/2019\/09\/12\/presidentielle-anticipee-mohamed-abbou-publie-son-rapport-medical\/\",\"name\":\"Pr\u00e9sidentielle anticip\u00e9e : Mohamed Abbou publie son rapport m\u00e9dical - Kapitalis\",\"isPartOf\":{\"@id\":\"https:\/\/kapitalis.com\/tunisie\/#website\"},\"primaryImageOfPage\":{\"@id\":\"https:\/\/kapitalis.com\/tunisie\/2019\/09\/12\/presidentielle-anticipee-mohamed-abbou-publie-son-rapport-medical\/#primaryimage\"},\"image\":{\"@id\":\"https:\/\/kapitalis.com\/tunisie\/2019\/09\/12\/presidentielle-anticipee-mohamed-abbou-publie-son-rapport-medical\/#primaryimage\"},\"thumbnailUrl\":\"\",\"datePublished\":\"2019-09-12T13:46:18+00:00\",\"dateModified\":\"2019-09-12T13:56:05+00:00\",\"breadcrumb\":{\"@id\":\"https:\/\/kapitalis.com\/tunisie\/2019\/09\/12\/presidentielle-anticipee-mohamed-abbou-publie-son-rapport-medical\/#breadcrumb\"},\"inLanguage\":\"fr-FR\",\"potentialAction\":[{\"@type\":\"ReadAction\",\"target\":[\"https:\/\/kapitalis.com\/tunisie\/2019\/09\/12\/presidentielle-anticipee-mohamed-abbou-publie-son-rapport-medical\/\"]}]},{\"@type\":\"ImageObject\",\"inLanguage\":\"fr-FR\",\"@id\":\"https:\/\/kapitalis.com\/tunisie\/2019\/09\/12\/presidentielle-anticipee-mohamed-abbou-publie-son-rapport-medical\/#primaryimage\",\"url\":\"\",\"contentUrl\":\"\"},{\"@type\":\"BreadcrumbList\",\"@id\":\"https:\/\/kapitalis.com\/tunisie\/2019\/09\/12\/presidentielle-anticipee-mohamed-abbou-publie-son-rapport-medical\/#breadcrumb\",\"itemListElement\":[{\"@type\":\"ListItem\",\"position\":1,\"name\":\"Accueil\",\"item\":\"https:\/\/kapitalis.com\/tunisie\/\"},{\"@type\":\"ListItem\",\"position\":2,\"name\":\"Pr\u00e9sidentielle anticip\u00e9e : Mohamed Abbou publie son rapport m\u00e9dical\"}]},{\"@type\":\"WebSite\",\"@id\":\"https:\/\/kapitalis.com\/tunisie\/#website\",\"url\":\"https:\/\/kapitalis.com\/tunisie\/\",\"name\":\"Kapitalis\",\"description\":\"L&#039;actualit\u00e9 en Tunisie et dans le monde\",\"publisher\":{\"@id\":\"https:\/\/kapitalis.com\/tunisie\/#organization\"},\"potentialAction\":[{\"@type\":\"SearchAction\",\"target\":{\"@type\":\"EntryPoint\",\"urlTemplate\":\"https:\/\/kapitalis.com\/tunisie\/?s={search_term_string}\"},\"query-input\":{\"@type\":\"PropertyValueSpecification\",\"valueRequired\":true,\"valueName\":\"search_term_string\"}}],\"inLanguage\":\"fr-FR\"},{\"@type\":\"Organization\",\"@id\":\"https:\/\/kapitalis.com\/tunisie\/#organization\",\"name\":\"Kapitalis\",\"url\":\"https:\/\/kapitalis.com\/tunisie\/\",\"logo\":{\"@type\":\"ImageObject\",\"inLanguage\":\"fr-FR\",\"@id\":\"https:\/\/kapitalis.com\/tunisie\/#\/schema\/logo\/image\/\",\"url\":\"https:\/\/kapitalis.com\/tunisie\/wp-content\/uploads\/2022\/05\/Kapitalis-big-size.png\",\"contentUrl\":\"https:\/\/kapitalis.com\/tunisie\/wp-content\/uploads\/2022\/05\/Kapitalis-big-size.png\",\"width\":5000,\"height\":1500,\"caption\":\"Kapitalis\"},\"image\":{\"@id\":\"https:\/\/kapitalis.com\/tunisie\/#\/schema\/logo\/image\/\"},\"sameAs\":[\"https:\/\/www.facebook.com\/KapitalisInfo\/\",\"https:\/\/x.com\/KapitalisInfo\",\"https:\/\/www.youtube.com\/channel\/UC-yDYrHyfFBWWZaOw3FPg9Q\"]},{\"@type\":\"Person\",\"@id\":\"https:\/\/kapitalis.com\/tunisie\/#\/schema\/person\/b35b8d631961131107263178aeb8019e\",\"name\":\"Cherif Benyounes\",\"url\":\"https:\/\/kapitalis.com\/tunisie\/author\/cherif\/\"}]}<\/script>\n<!-- \/ Yoast SEO plugin. -->","yoast_head_json":{"title":"Pr\u00e9sidentielle anticip\u00e9e : Mohamed Abbou publie son rapport m\u00e9dical - Kapitalis","robots":{"index":"index","follow":"follow","max-snippet":"max-snippet:-1","max-image-preview":"max-image-preview:large","max-video-preview":"max-video-preview:-1"},"canonical":"https:\/\/kapitalis.com\/tunisie\/2019\/09\/12\/presidentielle-anticipee-mohamed-abbou-publie-son-rapport-medical\/","og_locale":"fr_FR","og_type":"article","og_title":"Pr\u00e9sidentielle anticip\u00e9e : Mohamed Abbou publie son rapport m\u00e9dical - Kapitalis","og_description":"Le candidat du Courant d\u00e9mocratique (Attayar) \u00e0 l&rsquo;\u00e9lection pr\u00e9sidentielle anticip\u00e9e de dimanche prochain, 15 septembre 2019, Mohamed Abbou, a rendu public, hier soir, mercredi, 11 septembre, son rapport m\u00e9dical, qui contient les r\u00e9sultats des diff\u00e9rents examens et analyses qu\u2019il a effectu\u00e9s \u00e0 l\u2019h\u00f4pital militaire de Tunis.","og_url":"https:\/\/kapitalis.com\/tunisie\/2019\/09\/12\/presidentielle-anticipee-mohamed-abbou-publie-son-rapport-medical\/","og_site_name":"Kapitalis","article_publisher":"https:\/\/www.facebook.com\/KapitalisInfo\/","article_published_time":"2019-09-12T13:46:18+00:00","article_modified_time":"2019-09-12T13:56:05+00:00","og_image":[{"width":1200,"height":630,"url":"https:\/\/kapitalis.com\/tunisie\/wp-content\/uploads\/2022\/05\/kapitalis-logo-fb.png","type":"image\/png"}],"author":"Cherif Benyounes","twitter_card":"summary_large_image","twitter_creator":"@KapitalisInfo","twitter_site":"@KapitalisInfo","twitter_misc":{"\u00c9crit par":"Cherif Benyounes","Dur\u00e9e de lecture estim\u00e9e":"1 minute"},"schema":{"@context":"https:\/\/schema.org","@graph":[{"@type":"Article","@id":"https:\/\/kapitalis.com\/tunisie\/2019\/09\/12\/presidentielle-anticipee-mohamed-abbou-publie-son-rapport-medical\/#article","isPartOf":{"@id":"https:\/\/kapitalis.com\/tunisie\/2019\/09\/12\/presidentielle-anticipee-mohamed-abbou-publie-son-rapport-medical\/"},"author":{"name":"Cherif Benyounes","@id":"https:\/\/kapitalis.com\/tunisie\/#\/schema\/person\/b35b8d631961131107263178aeb8019e"},"headline":"Pr\u00e9sidentielle anticip\u00e9e : Mohamed Abbou publie son rapport m\u00e9dical","datePublished":"2019-09-12T13:46:18+00:00","dateModified":"2019-09-12T13:56:05+00:00","mainEntityOfPage":{"@id":"https:\/\/kapitalis.com\/tunisie\/2019\/09\/12\/presidentielle-anticipee-mohamed-abbou-publie-son-rapport-medical\/"},"wordCount":234,"commentCount":4,"publisher":{"@id":"https:\/\/kapitalis.com\/tunisie\/#organization"},"image":{"@id":"https:\/\/kapitalis.com\/tunisie\/2019\/09\/12\/presidentielle-anticipee-mohamed-abbou-publie-son-rapport-medical\/#primaryimage"},"thumbnailUrl":"","keywords":["Attayar","Mohamed Abbou"],"articleSection":["POLITIQUE","Tunisie"],"inLanguage":"fr-FR","potentialAction":[{"@type":"CommentAction","name":"Comment","target":["https:\/\/kapitalis.com\/tunisie\/2019\/09\/12\/presidentielle-anticipee-mohamed-abbou-publie-son-rapport-medical\/#respond"]}]},{"@type":"WebPage","@id":"https:\/\/kapitalis.com\/tunisie\/2019\/09\/12\/presidentielle-anticipee-mohamed-abbou-publie-son-rapport-medical\/","url":"https:\/\/kapitalis.com\/tunisie\/2019\/09\/12\/presidentielle-anticipee-mohamed-abbou-publie-son-rapport-medical\/","name":"Pr\u00e9sidentielle anticip\u00e9e : Mohamed Abbou publie son rapport m\u00e9dical - Kapitalis","isPartOf":{"@id":"https:\/\/kapitalis.com\/tunisie\/#website"},"primaryImageOfPage":{"@id":"https:\/\/kapitalis.com\/tunisie\/2019\/09\/12\/presidentielle-anticipee-mohamed-abbou-publie-son-rapport-medical\/#primaryimage"},"image":{"@id":"https:\/\/kapitalis.com\/tunisie\/2019\/09\/12\/presidentielle-anticipee-mohamed-abbou-publie-son-rapport-medical\/#primaryimage"},"thumbnailUrl":"","datePublished":"2019-09-12T13:46:18+00:00","dateModified":"2019-09-12T13:56:05+00:00","breadcrumb":{"@id":"https:\/\/kapitalis.com\/tunisie\/2019\/09\/12\/presidentielle-anticipee-mohamed-abbou-publie-son-rapport-medical\/#breadcrumb"},"inLanguage":"fr-FR","potentialAction":[{"@type":"ReadAction","target":["https:\/\/kapitalis.com\/tunisie\/2019\/09\/12\/presidentielle-anticipee-mohamed-abbou-publie-son-rapport-medical\/"]}]},{"@type":"ImageObject","inLanguage":"fr-FR","@id":"https:\/\/kapitalis.com\/tunisie\/2019\/09\/12\/presidentielle-anticipee-mohamed-abbou-publie-son-rapport-medical\/#primaryimage","url":"","contentUrl":""},{"@type":"BreadcrumbList","@id":"https:\/\/kapitalis.com\/tunisie\/2019\/09\/12\/presidentielle-anticipee-mohamed-abbou-publie-son-rapport-medical\/#breadcrumb","itemListElement":[{"@type":"ListItem","position":1,"name":"Accueil","item":"https:\/\/kapitalis.com\/tunisie\/"},{"@type":"ListItem","position":2,"name":"Pr\u00e9sidentielle anticip\u00e9e : Mohamed Abbou publie son rapport m\u00e9dical"}]},{"@type":"WebSite","@id":"https:\/\/kapitalis.com\/tunisie\/#website","url":"https:\/\/kapitalis.com\/tunisie\/","name":"Kapitalis","description":"L&#039;actualit\u00e9 en Tunisie et dans le monde","publisher":{"@id":"https:\/\/kapitalis.com\/tunisie\/#organization"},"potentialAction":[{"@type":"SearchAction","target":{"@type":"EntryPoint","urlTemplate":"https:\/\/kapitalis.com\/tunisie\/?s={search_term_string}"},"query-input":{"@type":"PropertyValueSpecification","valueRequired":true,"valueName":"search_term_string"}}],"inLanguage":"fr-FR"},{"@type":"Organization","@id":"https:\/\/kapitalis.com\/tunisie\/#organization","name":"Kapitalis","url":"https:\/\/kapitalis.com\/tunisie\/","logo":{"@type":"ImageObject","inLanguage":"fr-FR","@id":"https:\/\/kapitalis.com\/tunisie\/#\/schema\/logo\/image\/","url":"https:\/\/kapitalis.com\/tunisie\/wp-content\/uploads\/2022\/05\/Kapitalis-big-size.png","contentUrl":"https:\/\/kapitalis.com\/tunisie\/wp-content\/uploads\/2022\/05\/Kapitalis-big-size.png","width":5000,"height":1500,"caption":"Kapitalis"},"image":{"@id":"https:\/\/kapitalis.com\/tunisie\/#\/schema\/logo\/image\/"},"sameAs":["https:\/\/www.facebook.com\/KapitalisInfo\/","https:\/\/x.com\/KapitalisInfo","https:\/\/www.youtube.com\/channel\/UC-yDYrHyfFBWWZaOw3FPg9Q"]},{"@type":"Person","@id":"https:\/\/kapitalis.com\/tunisie\/#\/schema\/person\/b35b8d631961131107263178aeb8019e","name":"Cherif Benyounes","url":"https:\/\/kapitalis.com\/tunisie\/author\/cherif\/"}]}},"_links":{"self":[{"href":"https:\/\/kapitalis.com\/tunisie\/wp-json\/wp\/v2\/posts\/239055","targetHints":{"allow":["GET"]}}],"collection":[{"href":"https:\/\/kapitalis.com\/tunisie\/wp-json\/wp\/v2\/posts"}],"about":[{"href":"https:\/\/kapitalis.com\/tunisie\/wp-json\/wp\/v2\/types\/post"}],"author":[{"embeddable":true,"href":"https:\/\/kapitalis.com\/tunisie\/wp-json\/wp\/v2\/users\/24"}],"replies":[{"embeddable":true,"href":"https:\/\/kapitalis.com\/tunisie\/wp-json\/wp\/v2\/comments?post=239055"}],"version-history":[{"count":0,"href":"https:\/\/kapitalis.com\/tunisie\/wp-json\/wp\/v2\/posts\/239055\/revisions"}],"wp:featuredmedia":[{"embeddable":true,"href":"https:\/\/kapitalis.com\/tunisie\/wp-json\/wp\/v2\/media\/239069"}],"wp:attachment":[{"href":"https:\/\/kapitalis.com\/tunisie\/wp-json\/wp\/v2\/media?parent=239055"}],"wp:term":[{"taxonomy":"category","embeddable":true,"href":"https:\/\/kapitalis.com\/tunisie\/wp-json\/wp\/v2\/categories?post=239055"},{"taxonomy":"post_tag","embeddable":true,"href":"https:\/\/kapitalis.com\/tunisie\/wp-json\/wp\/v2\/tags?post=239055"}],"curies":[{"name":"wp","href":"https:\/\/api.w.org\/{rel}","templated":true}]}}