{"id":239206,"date":"2019-09-12T19:20:33","date_gmt":"2019-09-12T18:20:33","guid":{"rendered":"http:\/\/kapitalis.com\/tunisie\/?p=239206"},"modified":"2019-09-12T19:21:50","modified_gmt":"2019-09-12T18:21:50","slug":"tunisie-le-groupe-vertu-annonce-la-conclusion-dun-partenariat-strategique-avec-merz-pharmaceuticals","status":"publish","type":"post","link":"https:\/\/kapitalis.com\/tunisie\/2019\/09\/12\/tunisie-le-groupe-vertu-annonce-la-conclusion-dun-partenariat-strategique-avec-merz-pharmaceuticals\/","title":{"rendered":"Tunisie : Le Groupe Vertu annonce la conclusion d\u2019un partenariat strat\u00e9gique avec Merz Pharmaceuticals"},"content":{"rendered":"\n<figure class=\"wp-block-image\"><img decoding=\"async\" src=\"http:\/\/kapitalis.com\/tunisie\/wp-content\/uploads\/2019\/09\/Groupe-Vertu-Mohamed-Fadhel-Mzabi-Merz-Pharmaceuticals-Ghassan-Mattar.jpg\" alt=\"\" class=\"wp-image-239207\"\/><\/figure>\n\n\n\n<p><strong><em>Le Groupe Vertu, dirig\u00e9 par Skander Fadhel Mzabi, annonce la signature d\u2019un partenariat strat\u00e9gique avec l\u2019Allemand Merz Pharmaceuticals, leader mondial de la m\u00e9decine esth\u00e9tique.    <\/em><\/strong><br><\/p>\n\n\n\n<!--more-->\n\n\n\n<p> Pr\u00e9sent dans plus de 70 pays, Merz Pharmaceuticals  a 110 ans d\u2019exp\u00e9rience dans les recherches scientifiques. C\u2019est un leader mondial avec des produits innovants pour la sant\u00e9 et le bien-\u00eatre. Des produits qui ont fait leur preuve et qui b\u00e9n\u00e9ficient du label de qualit\u00e9 gr\u00e2ce notamment \u00e0 la certification mondialement reconnue de l\u2019organisme am\u00e9ricain FDA.<br><\/p>\n\n\n\n<p> Ensemble, le Groupe Vertu  et Merz Pharmaceuticals vont adopter une politique de distribution de produits cibl\u00e9s touchant \u00e0 l\u2019esth\u00e9tisme et \u00e0 la beaut\u00e9 r\u00e9g\u00e9n\u00e9ratrice avec notamment le Radiesse, produit de comblement cutan\u00e9 \u00e0 base de calcium  et ses effets r\u00e9g\u00e9n\u00e9rateurs des cellules, le Belotero, une gamme de tr\u00e8s haute qualit\u00e9 d\u2019acide hyaluronique et ses vertus de r\u00e9hydratation des peaux et de restauration des volumes, et enfin l\u2019Ultherapy et ses capacit\u00e9s extraordinaires de jouvence  gr\u00e2ce \u00e0 la technique d\u2019ultrason. <br><\/p>\n\n\n\n<p> Ainsi les  m\u00e9decins sp\u00e9cialis\u00e9s en esth\u00e9tique et en m\u00e9decine r\u00e9paratrice auront \u00e0 leur disposition une large gamme de tr\u00e8s haute qualit\u00e9 et certifi\u00e9e mondialement avec le label FDA. <br><\/p>\n\n\n\n<p> Ce partenariat strat\u00e9gique entre le g\u00e9ant allemand et le groupe tunisien garantira la disponibilit\u00e9 de toute la gamme \u00e0 travers une politique de distribution de proximit\u00e9 et capillaire. <br><\/p>\n\n\n\n<p> Portant sur la distribution exclusive de toute la gamme Merz et couvrant tout le territoire tunisien, le partenariat a \u00e9t\u00e9 conclu et sign\u00e9 par M. Skander Fadhel Mzabi, Pdg du Groupe Vertu et Ghassan Mattar, senior area manager Middle East &amp; Africa du Groupe Merz Pharmaceuticals. <br><\/p>\n\n\n\n<p> En vertu de ce contrat, les partenaires se sont accord\u00e9s d\u2019approfondir la coop\u00e9ration avec des cycles de formation dispens\u00e9s par des experts internationaux et de contributions scientifiques de m\u00e9decins tunisiens dans les s\u00e9minaires, revues scientifiques mondiales et la formation continue. <br><\/p>\n\n\n\n<p><strong><em> Source<\/em><\/strong> : communiqu\u00e9.  <\/p>\n","protected":false},"excerpt":{"rendered":"<p>Le Groupe Vertu, dirig\u00e9 par Skander Fadhel Mzabi, annonce la signature d\u2019un partenariat strat\u00e9gique avec l\u2019Allemand Merz Pharmaceuticals, leader mondial de la m\u00e9decine esth\u00e9tique.<\/p>\n","protected":false},"author":8,"featured_media":239207,"comment_status":"open","ping_status":"open","sticky":false,"template":"","format":"standard","meta":{"footnotes":""},"categories":[995,2433],"tags":[],"class_list":["post-239206","post","type-post","status-publish","format-standard","has-post-thumbnail","hentry","category-economie","category-tunisie"],"yoast_head":"<!-- This site is optimized with the Yoast SEO plugin v26.6 - https:\/\/yoast.com\/wordpress\/plugins\/seo\/ -->\n<title>Tunisie : Le Groupe Vertu annonce la conclusion d\u2019un partenariat strat\u00e9gique avec Merz Pharmaceuticals - Kapitalis<\/title>\n<meta name=\"robots\" content=\"index, follow, max-snippet:-1, max-image-preview:large, max-video-preview:-1\" \/>\n<link rel=\"canonical\" href=\"https:\/\/kapitalis.com\/tunisie\/2019\/09\/12\/tunisie-le-groupe-vertu-annonce-la-conclusion-dun-partenariat-strategique-avec-merz-pharmaceuticals\/\" \/>\n<meta property=\"og:locale\" content=\"fr_FR\" \/>\n<meta property=\"og:type\" content=\"article\" \/>\n<meta property=\"og:title\" content=\"Tunisie : Le Groupe Vertu annonce la conclusion d\u2019un partenariat strat\u00e9gique avec Merz Pharmaceuticals - Kapitalis\" \/>\n<meta property=\"og:description\" content=\"Le Groupe Vertu, dirig\u00e9 par Skander Fadhel Mzabi, annonce la signature d\u2019un partenariat strat\u00e9gique avec l\u2019Allemand Merz Pharmaceuticals, leader mondial de la m\u00e9decine esth\u00e9tique.\" \/>\n<meta property=\"og:url\" content=\"https:\/\/kapitalis.com\/tunisie\/2019\/09\/12\/tunisie-le-groupe-vertu-annonce-la-conclusion-dun-partenariat-strategique-avec-merz-pharmaceuticals\/\" \/>\n<meta property=\"og:site_name\" content=\"Kapitalis\" \/>\n<meta property=\"article:publisher\" content=\"https:\/\/www.facebook.com\/KapitalisInfo\/\" \/>\n<meta property=\"article:published_time\" content=\"2019-09-12T18:20:33+00:00\" \/>\n<meta property=\"article:modified_time\" content=\"2019-09-12T18:21:50+00:00\" \/>\n<meta property=\"og:image\" content=\"https:\/\/kapitalis.com\/tunisie\/wp-content\/uploads\/2022\/05\/kapitalis-logo-fb.png\" \/>\n\t<meta property=\"og:image:width\" content=\"1200\" \/>\n\t<meta property=\"og:image:height\" content=\"630\" \/>\n\t<meta property=\"og:image:type\" content=\"image\/png\" \/>\n<meta name=\"author\" content=\"webmaster kapitalis\" \/>\n<meta name=\"twitter:card\" content=\"summary_large_image\" \/>\n<meta name=\"twitter:creator\" content=\"@KapitalisInfo\" \/>\n<meta name=\"twitter:site\" content=\"@KapitalisInfo\" \/>\n<meta name=\"twitter:label1\" content=\"\u00c9crit par\" \/>\n\t<meta name=\"twitter:data1\" content=\"webmaster kapitalis\" \/>\n\t<meta name=\"twitter:label2\" content=\"Dur\u00e9e de lecture estim\u00e9e\" \/>\n\t<meta name=\"twitter:data2\" content=\"2 minutes\" \/>\n<script type=\"application\/ld+json\" class=\"yoast-schema-graph\">{\"@context\":\"https:\/\/schema.org\",\"@graph\":[{\"@type\":\"Article\",\"@id\":\"https:\/\/kapitalis.com\/tunisie\/2019\/09\/12\/tunisie-le-groupe-vertu-annonce-la-conclusion-dun-partenariat-strategique-avec-merz-pharmaceuticals\/#article\",\"isPartOf\":{\"@id\":\"https:\/\/kapitalis.com\/tunisie\/2019\/09\/12\/tunisie-le-groupe-vertu-annonce-la-conclusion-dun-partenariat-strategique-avec-merz-pharmaceuticals\/\"},\"author\":{\"name\":\"webmaster kapitalis\",\"@id\":\"https:\/\/kapitalis.com\/tunisie\/#\/schema\/person\/d71f33a9ca44f7bad4698210b480c8e9\"},\"headline\":\"Tunisie : Le Groupe Vertu annonce la conclusion d\u2019un partenariat strat\u00e9gique avec Merz Pharmaceuticals\",\"datePublished\":\"2019-09-12T18:20:33+00:00\",\"dateModified\":\"2019-09-12T18:21:50+00:00\",\"mainEntityOfPage\":{\"@id\":\"https:\/\/kapitalis.com\/tunisie\/2019\/09\/12\/tunisie-le-groupe-vertu-annonce-la-conclusion-dun-partenariat-strategique-avec-merz-pharmaceuticals\/\"},\"wordCount\":354,\"commentCount\":1,\"publisher\":{\"@id\":\"https:\/\/kapitalis.com\/tunisie\/#organization\"},\"image\":{\"@id\":\"https:\/\/kapitalis.com\/tunisie\/2019\/09\/12\/tunisie-le-groupe-vertu-annonce-la-conclusion-dun-partenariat-strategique-avec-merz-pharmaceuticals\/#primaryimage\"},\"thumbnailUrl\":\"\",\"articleSection\":[\"ECONOMIE\",\"Tunisie\"],\"inLanguage\":\"fr-FR\",\"potentialAction\":[{\"@type\":\"CommentAction\",\"name\":\"Comment\",\"target\":[\"https:\/\/kapitalis.com\/tunisie\/2019\/09\/12\/tunisie-le-groupe-vertu-annonce-la-conclusion-dun-partenariat-strategique-avec-merz-pharmaceuticals\/#respond\"]}]},{\"@type\":\"WebPage\",\"@id\":\"https:\/\/kapitalis.com\/tunisie\/2019\/09\/12\/tunisie-le-groupe-vertu-annonce-la-conclusion-dun-partenariat-strategique-avec-merz-pharmaceuticals\/\",\"url\":\"https:\/\/kapitalis.com\/tunisie\/2019\/09\/12\/tunisie-le-groupe-vertu-annonce-la-conclusion-dun-partenariat-strategique-avec-merz-pharmaceuticals\/\",\"name\":\"Tunisie : Le Groupe Vertu annonce la conclusion d\u2019un partenariat strat\u00e9gique avec Merz Pharmaceuticals - Kapitalis\",\"isPartOf\":{\"@id\":\"https:\/\/kapitalis.com\/tunisie\/#website\"},\"primaryImageOfPage\":{\"@id\":\"https:\/\/kapitalis.com\/tunisie\/2019\/09\/12\/tunisie-le-groupe-vertu-annonce-la-conclusion-dun-partenariat-strategique-avec-merz-pharmaceuticals\/#primaryimage\"},\"image\":{\"@id\":\"https:\/\/kapitalis.com\/tunisie\/2019\/09\/12\/tunisie-le-groupe-vertu-annonce-la-conclusion-dun-partenariat-strategique-avec-merz-pharmaceuticals\/#primaryimage\"},\"thumbnailUrl\":\"\",\"datePublished\":\"2019-09-12T18:20:33+00:00\",\"dateModified\":\"2019-09-12T18:21:50+00:00\",\"breadcrumb\":{\"@id\":\"https:\/\/kapitalis.com\/tunisie\/2019\/09\/12\/tunisie-le-groupe-vertu-annonce-la-conclusion-dun-partenariat-strategique-avec-merz-pharmaceuticals\/#breadcrumb\"},\"inLanguage\":\"fr-FR\",\"potentialAction\":[{\"@type\":\"ReadAction\",\"target\":[\"https:\/\/kapitalis.com\/tunisie\/2019\/09\/12\/tunisie-le-groupe-vertu-annonce-la-conclusion-dun-partenariat-strategique-avec-merz-pharmaceuticals\/\"]}]},{\"@type\":\"ImageObject\",\"inLanguage\":\"fr-FR\",\"@id\":\"https:\/\/kapitalis.com\/tunisie\/2019\/09\/12\/tunisie-le-groupe-vertu-annonce-la-conclusion-dun-partenariat-strategique-avec-merz-pharmaceuticals\/#primaryimage\",\"url\":\"\",\"contentUrl\":\"\"},{\"@type\":\"BreadcrumbList\",\"@id\":\"https:\/\/kapitalis.com\/tunisie\/2019\/09\/12\/tunisie-le-groupe-vertu-annonce-la-conclusion-dun-partenariat-strategique-avec-merz-pharmaceuticals\/#breadcrumb\",\"itemListElement\":[{\"@type\":\"ListItem\",\"position\":1,\"name\":\"Accueil\",\"item\":\"https:\/\/kapitalis.com\/tunisie\/\"},{\"@type\":\"ListItem\",\"position\":2,\"name\":\"Tunisie : Le Groupe Vertu annonce la conclusion d\u2019un partenariat strat\u00e9gique avec Merz Pharmaceuticals\"}]},{\"@type\":\"WebSite\",\"@id\":\"https:\/\/kapitalis.com\/tunisie\/#website\",\"url\":\"https:\/\/kapitalis.com\/tunisie\/\",\"name\":\"Kapitalis\",\"description\":\"L&#039;actualit\u00e9 en Tunisie et dans le monde\",\"publisher\":{\"@id\":\"https:\/\/kapitalis.com\/tunisie\/#organization\"},\"potentialAction\":[{\"@type\":\"SearchAction\",\"target\":{\"@type\":\"EntryPoint\",\"urlTemplate\":\"https:\/\/kapitalis.com\/tunisie\/?s={search_term_string}\"},\"query-input\":{\"@type\":\"PropertyValueSpecification\",\"valueRequired\":true,\"valueName\":\"search_term_string\"}}],\"inLanguage\":\"fr-FR\"},{\"@type\":\"Organization\",\"@id\":\"https:\/\/kapitalis.com\/tunisie\/#organization\",\"name\":\"Kapitalis\",\"url\":\"https:\/\/kapitalis.com\/tunisie\/\",\"logo\":{\"@type\":\"ImageObject\",\"inLanguage\":\"fr-FR\",\"@id\":\"https:\/\/kapitalis.com\/tunisie\/#\/schema\/logo\/image\/\",\"url\":\"https:\/\/kapitalis.com\/tunisie\/wp-content\/uploads\/2022\/05\/Kapitalis-big-size.png\",\"contentUrl\":\"https:\/\/kapitalis.com\/tunisie\/wp-content\/uploads\/2022\/05\/Kapitalis-big-size.png\",\"width\":5000,\"height\":1500,\"caption\":\"Kapitalis\"},\"image\":{\"@id\":\"https:\/\/kapitalis.com\/tunisie\/#\/schema\/logo\/image\/\"},\"sameAs\":[\"https:\/\/www.facebook.com\/KapitalisInfo\/\",\"https:\/\/x.com\/KapitalisInfo\",\"https:\/\/www.youtube.com\/channel\/UC-yDYrHyfFBWWZaOw3FPg9Q\"]},{\"@type\":\"Person\",\"@id\":\"https:\/\/kapitalis.com\/tunisie\/#\/schema\/person\/d71f33a9ca44f7bad4698210b480c8e9\",\"name\":\"webmaster kapitalis\",\"url\":\"https:\/\/kapitalis.com\/tunisie\/author\/webmaster-kapitalis\/\"}]}<\/script>\n<!-- \/ Yoast SEO plugin. -->","yoast_head_json":{"title":"Tunisie : Le Groupe Vertu annonce la conclusion d\u2019un partenariat strat\u00e9gique avec Merz Pharmaceuticals - Kapitalis","robots":{"index":"index","follow":"follow","max-snippet":"max-snippet:-1","max-image-preview":"max-image-preview:large","max-video-preview":"max-video-preview:-1"},"canonical":"https:\/\/kapitalis.com\/tunisie\/2019\/09\/12\/tunisie-le-groupe-vertu-annonce-la-conclusion-dun-partenariat-strategique-avec-merz-pharmaceuticals\/","og_locale":"fr_FR","og_type":"article","og_title":"Tunisie : Le Groupe Vertu annonce la conclusion d\u2019un partenariat strat\u00e9gique avec Merz Pharmaceuticals - Kapitalis","og_description":"Le Groupe Vertu, dirig\u00e9 par Skander Fadhel Mzabi, annonce la signature d\u2019un partenariat strat\u00e9gique avec l\u2019Allemand Merz Pharmaceuticals, leader mondial de la m\u00e9decine esth\u00e9tique.","og_url":"https:\/\/kapitalis.com\/tunisie\/2019\/09\/12\/tunisie-le-groupe-vertu-annonce-la-conclusion-dun-partenariat-strategique-avec-merz-pharmaceuticals\/","og_site_name":"Kapitalis","article_publisher":"https:\/\/www.facebook.com\/KapitalisInfo\/","article_published_time":"2019-09-12T18:20:33+00:00","article_modified_time":"2019-09-12T18:21:50+00:00","og_image":[{"width":1200,"height":630,"url":"https:\/\/kapitalis.com\/tunisie\/wp-content\/uploads\/2022\/05\/kapitalis-logo-fb.png","type":"image\/png"}],"author":"webmaster kapitalis","twitter_card":"summary_large_image","twitter_creator":"@KapitalisInfo","twitter_site":"@KapitalisInfo","twitter_misc":{"\u00c9crit par":"webmaster kapitalis","Dur\u00e9e de lecture estim\u00e9e":"2 minutes"},"schema":{"@context":"https:\/\/schema.org","@graph":[{"@type":"Article","@id":"https:\/\/kapitalis.com\/tunisie\/2019\/09\/12\/tunisie-le-groupe-vertu-annonce-la-conclusion-dun-partenariat-strategique-avec-merz-pharmaceuticals\/#article","isPartOf":{"@id":"https:\/\/kapitalis.com\/tunisie\/2019\/09\/12\/tunisie-le-groupe-vertu-annonce-la-conclusion-dun-partenariat-strategique-avec-merz-pharmaceuticals\/"},"author":{"name":"webmaster kapitalis","@id":"https:\/\/kapitalis.com\/tunisie\/#\/schema\/person\/d71f33a9ca44f7bad4698210b480c8e9"},"headline":"Tunisie : Le Groupe Vertu annonce la conclusion d\u2019un partenariat strat\u00e9gique avec Merz Pharmaceuticals","datePublished":"2019-09-12T18:20:33+00:00","dateModified":"2019-09-12T18:21:50+00:00","mainEntityOfPage":{"@id":"https:\/\/kapitalis.com\/tunisie\/2019\/09\/12\/tunisie-le-groupe-vertu-annonce-la-conclusion-dun-partenariat-strategique-avec-merz-pharmaceuticals\/"},"wordCount":354,"commentCount":1,"publisher":{"@id":"https:\/\/kapitalis.com\/tunisie\/#organization"},"image":{"@id":"https:\/\/kapitalis.com\/tunisie\/2019\/09\/12\/tunisie-le-groupe-vertu-annonce-la-conclusion-dun-partenariat-strategique-avec-merz-pharmaceuticals\/#primaryimage"},"thumbnailUrl":"","articleSection":["ECONOMIE","Tunisie"],"inLanguage":"fr-FR","potentialAction":[{"@type":"CommentAction","name":"Comment","target":["https:\/\/kapitalis.com\/tunisie\/2019\/09\/12\/tunisie-le-groupe-vertu-annonce-la-conclusion-dun-partenariat-strategique-avec-merz-pharmaceuticals\/#respond"]}]},{"@type":"WebPage","@id":"https:\/\/kapitalis.com\/tunisie\/2019\/09\/12\/tunisie-le-groupe-vertu-annonce-la-conclusion-dun-partenariat-strategique-avec-merz-pharmaceuticals\/","url":"https:\/\/kapitalis.com\/tunisie\/2019\/09\/12\/tunisie-le-groupe-vertu-annonce-la-conclusion-dun-partenariat-strategique-avec-merz-pharmaceuticals\/","name":"Tunisie : Le Groupe Vertu annonce la conclusion d\u2019un partenariat strat\u00e9gique avec Merz Pharmaceuticals - Kapitalis","isPartOf":{"@id":"https:\/\/kapitalis.com\/tunisie\/#website"},"primaryImageOfPage":{"@id":"https:\/\/kapitalis.com\/tunisie\/2019\/09\/12\/tunisie-le-groupe-vertu-annonce-la-conclusion-dun-partenariat-strategique-avec-merz-pharmaceuticals\/#primaryimage"},"image":{"@id":"https:\/\/kapitalis.com\/tunisie\/2019\/09\/12\/tunisie-le-groupe-vertu-annonce-la-conclusion-dun-partenariat-strategique-avec-merz-pharmaceuticals\/#primaryimage"},"thumbnailUrl":"","datePublished":"2019-09-12T18:20:33+00:00","dateModified":"2019-09-12T18:21:50+00:00","breadcrumb":{"@id":"https:\/\/kapitalis.com\/tunisie\/2019\/09\/12\/tunisie-le-groupe-vertu-annonce-la-conclusion-dun-partenariat-strategique-avec-merz-pharmaceuticals\/#breadcrumb"},"inLanguage":"fr-FR","potentialAction":[{"@type":"ReadAction","target":["https:\/\/kapitalis.com\/tunisie\/2019\/09\/12\/tunisie-le-groupe-vertu-annonce-la-conclusion-dun-partenariat-strategique-avec-merz-pharmaceuticals\/"]}]},{"@type":"ImageObject","inLanguage":"fr-FR","@id":"https:\/\/kapitalis.com\/tunisie\/2019\/09\/12\/tunisie-le-groupe-vertu-annonce-la-conclusion-dun-partenariat-strategique-avec-merz-pharmaceuticals\/#primaryimage","url":"","contentUrl":""},{"@type":"BreadcrumbList","@id":"https:\/\/kapitalis.com\/tunisie\/2019\/09\/12\/tunisie-le-groupe-vertu-annonce-la-conclusion-dun-partenariat-strategique-avec-merz-pharmaceuticals\/#breadcrumb","itemListElement":[{"@type":"ListItem","position":1,"name":"Accueil","item":"https:\/\/kapitalis.com\/tunisie\/"},{"@type":"ListItem","position":2,"name":"Tunisie : Le Groupe Vertu annonce la conclusion d\u2019un partenariat strat\u00e9gique avec Merz Pharmaceuticals"}]},{"@type":"WebSite","@id":"https:\/\/kapitalis.com\/tunisie\/#website","url":"https:\/\/kapitalis.com\/tunisie\/","name":"Kapitalis","description":"L&#039;actualit\u00e9 en Tunisie et dans le monde","publisher":{"@id":"https:\/\/kapitalis.com\/tunisie\/#organization"},"potentialAction":[{"@type":"SearchAction","target":{"@type":"EntryPoint","urlTemplate":"https:\/\/kapitalis.com\/tunisie\/?s={search_term_string}"},"query-input":{"@type":"PropertyValueSpecification","valueRequired":true,"valueName":"search_term_string"}}],"inLanguage":"fr-FR"},{"@type":"Organization","@id":"https:\/\/kapitalis.com\/tunisie\/#organization","name":"Kapitalis","url":"https:\/\/kapitalis.com\/tunisie\/","logo":{"@type":"ImageObject","inLanguage":"fr-FR","@id":"https:\/\/kapitalis.com\/tunisie\/#\/schema\/logo\/image\/","url":"https:\/\/kapitalis.com\/tunisie\/wp-content\/uploads\/2022\/05\/Kapitalis-big-size.png","contentUrl":"https:\/\/kapitalis.com\/tunisie\/wp-content\/uploads\/2022\/05\/Kapitalis-big-size.png","width":5000,"height":1500,"caption":"Kapitalis"},"image":{"@id":"https:\/\/kapitalis.com\/tunisie\/#\/schema\/logo\/image\/"},"sameAs":["https:\/\/www.facebook.com\/KapitalisInfo\/","https:\/\/x.com\/KapitalisInfo","https:\/\/www.youtube.com\/channel\/UC-yDYrHyfFBWWZaOw3FPg9Q"]},{"@type":"Person","@id":"https:\/\/kapitalis.com\/tunisie\/#\/schema\/person\/d71f33a9ca44f7bad4698210b480c8e9","name":"webmaster kapitalis","url":"https:\/\/kapitalis.com\/tunisie\/author\/webmaster-kapitalis\/"}]}},"_links":{"self":[{"href":"https:\/\/kapitalis.com\/tunisie\/wp-json\/wp\/v2\/posts\/239206","targetHints":{"allow":["GET"]}}],"collection":[{"href":"https:\/\/kapitalis.com\/tunisie\/wp-json\/wp\/v2\/posts"}],"about":[{"href":"https:\/\/kapitalis.com\/tunisie\/wp-json\/wp\/v2\/types\/post"}],"author":[{"embeddable":true,"href":"https:\/\/kapitalis.com\/tunisie\/wp-json\/wp\/v2\/users\/8"}],"replies":[{"embeddable":true,"href":"https:\/\/kapitalis.com\/tunisie\/wp-json\/wp\/v2\/comments?post=239206"}],"version-history":[{"count":0,"href":"https:\/\/kapitalis.com\/tunisie\/wp-json\/wp\/v2\/posts\/239206\/revisions"}],"wp:featuredmedia":[{"embeddable":true,"href":"https:\/\/kapitalis.com\/tunisie\/wp-json\/wp\/v2\/media\/239207"}],"wp:attachment":[{"href":"https:\/\/kapitalis.com\/tunisie\/wp-json\/wp\/v2\/media?parent=239206"}],"wp:term":[{"taxonomy":"category","embeddable":true,"href":"https:\/\/kapitalis.com\/tunisie\/wp-json\/wp\/v2\/categories?post=239206"},{"taxonomy":"post_tag","embeddable":true,"href":"https:\/\/kapitalis.com\/tunisie\/wp-json\/wp\/v2\/tags?post=239206"}],"curies":[{"name":"wp","href":"https:\/\/api.w.org\/{rel}","templated":true}]}}