{"id":239222,"date":"2019-09-12T21:18:30","date_gmt":"2019-09-12T20:18:30","guid":{"rendered":"http:\/\/kapitalis.com\/tunisie\/?p=239222"},"modified":"2019-09-13T07:18:25","modified_gmt":"2019-09-13T06:18:25","slug":"presidentielle-2019-le-2e-tour-aura-lieu-au-plus-tard-le-13-octobre","status":"publish","type":"post","link":"https:\/\/kapitalis.com\/tunisie\/2019\/09\/12\/presidentielle-2019-le-2e-tour-aura-lieu-au-plus-tard-le-13-octobre\/","title":{"rendered":"Pr\u00e9sidentielle 2019 : Le 2e tour aura lieu au plus tard le 13 octobre"},"content":{"rendered":"\n<figure class=\"wp-block-image\"><img decoding=\"async\" src=\"http:\/\/kapitalis.com\/tunisie\/wp-content\/uploads\/2019\/07\/Nv-calendrier-\u00e9lections-tunisie.jpg\" alt=\"\" class=\"wp-image-228617\"\/><\/figure>\n\n\n\n<p><strong><em>Nabil Baffoun, le pr\u00e9sident de l&rsquo;Instance sup\u00e9rieure ind\u00e9pendante pour les \u00e9lections (Isie), a annonc\u00e9 que le 2e tour de la pr\u00e9sidentielle anticip\u00e9e aura lieu au plus tard le 13 octobre 2019.<\/em><\/strong><\/p>\n\n\n\n<!--more-->\n\n\n\n<p>Cette annonce a \u00e9t\u00e9 faite en marge de l&rsquo;ouverture, cet apr\u00e8s-midi,  du centre des m\u00e9dias pour les \u00e9lections de 2019, \u00e0 Tunis. <\/p>\n\n\n\n<p>Ainsi les l\u00e9gislatives, pr\u00e9vues le 6 octobre 2001, sont prises en sandwich entre le 1er tour de la pr\u00e9sidentielle, dimanche prochain, 15 septembre, et le 2e tour, qui devait initialement avoir lieu le 17 novembre 2019 mais qui a \u00e9t\u00e9 avanc\u00e9e suite au d\u00e9c\u00e8s, le 25 juillet dernier, du regrett\u00e9 pr\u00e9sident Beji Ca\u00efd Essebsi.<\/p>\n\n\n\n<p>D&rsquo;autre part, M. Baffoun est revenu sur les infractions enregistr\u00e9es lors de la campagne \u00e9lectorale, en assurant que des avertissements ont \u00e9t\u00e9 adress\u00e9s aux candidats concern\u00e9s, tout en affirmant que l&rsquo;Instance saisira la justice en cas d&rsquo;infraction jug\u00e9e grave.<\/p>\n\n\n\n<p>Notons que les votes des Tunisiens \u00e0 l&rsquo;\u00e9tranger pour le 1er tour \u00e0 la pr\u00e9sidentielle d\u00e9butera demain, vendredi 13 septembre, et se poursuivra jusqu&rsquo;au 15 septembre.<\/p>\n\n\n\n<p style=\"text-align:right\"><strong>Y. N.<\/strong><\/p>\n","protected":false},"excerpt":{"rendered":"<p>Nabil Baffoun, le pr\u00e9sident de l&rsquo;Instance sup\u00e9rieure ind\u00e9pendante pour les \u00e9lections (Isie), a annonc\u00e9 que le 2e tour de la pr\u00e9sidentielle anticip\u00e9e aura lieu au plus tard le 13 octobre 2019.<\/p>\n","protected":false},"author":6,"featured_media":0,"comment_status":"open","ping_status":"open","sticky":false,"template":"","format":"standard","meta":{"footnotes":""},"categories":[997,2433],"tags":[],"class_list":["post-239222","post","type-post","status-publish","format-standard","hentry","category-politique","category-tunisie"],"yoast_head":"<!-- This site is optimized with the Yoast SEO plugin v26.6 - https:\/\/yoast.com\/wordpress\/plugins\/seo\/ -->\n<title>Pr\u00e9sidentielle 2019 : Le 2e tour aura lieu au plus tard le 13 octobre - Kapitalis<\/title>\n<meta name=\"robots\" content=\"index, follow, max-snippet:-1, max-image-preview:large, max-video-preview:-1\" \/>\n<link rel=\"canonical\" href=\"https:\/\/kapitalis.com\/tunisie\/2019\/09\/12\/presidentielle-2019-le-2e-tour-aura-lieu-au-plus-tard-le-13-octobre\/\" \/>\n<meta property=\"og:locale\" content=\"fr_FR\" \/>\n<meta property=\"og:type\" content=\"article\" \/>\n<meta property=\"og:title\" content=\"Pr\u00e9sidentielle 2019 : Le 2e tour aura lieu au plus tard le 13 octobre - Kapitalis\" \/>\n<meta property=\"og:description\" content=\"Nabil Baffoun, le pr\u00e9sident de l&rsquo;Instance sup\u00e9rieure ind\u00e9pendante pour les \u00e9lections (Isie), a annonc\u00e9 que le 2e tour de la pr\u00e9sidentielle anticip\u00e9e aura lieu au plus tard le 13 octobre 2019.\" \/>\n<meta property=\"og:url\" content=\"https:\/\/kapitalis.com\/tunisie\/2019\/09\/12\/presidentielle-2019-le-2e-tour-aura-lieu-au-plus-tard-le-13-octobre\/\" \/>\n<meta property=\"og:site_name\" content=\"Kapitalis\" \/>\n<meta property=\"article:publisher\" content=\"https:\/\/www.facebook.com\/KapitalisInfo\/\" \/>\n<meta property=\"article:published_time\" content=\"2019-09-12T20:18:30+00:00\" \/>\n<meta property=\"article:modified_time\" content=\"2019-09-13T06:18:25+00:00\" \/>\n<meta property=\"og:image\" content=\"https:\/\/kapitalis.com\/tunisie\/wp-content\/uploads\/2022\/05\/kapitalis-logo-fb.png\" \/>\n\t<meta property=\"og:image:width\" content=\"1200\" \/>\n\t<meta property=\"og:image:height\" content=\"630\" \/>\n\t<meta property=\"og:image:type\" content=\"image\/png\" \/>\n<meta name=\"author\" content=\"Yusra NY\" \/>\n<meta name=\"twitter:card\" content=\"summary_large_image\" \/>\n<meta name=\"twitter:creator\" content=\"@KapitalisInfo\" \/>\n<meta name=\"twitter:site\" content=\"@KapitalisInfo\" \/>\n<meta name=\"twitter:label1\" content=\"\u00c9crit par\" \/>\n\t<meta name=\"twitter:data1\" content=\"Yusra NY\" \/>\n\t<meta name=\"twitter:label2\" content=\"Dur\u00e9e de lecture estim\u00e9e\" \/>\n\t<meta name=\"twitter:data2\" content=\"1 minute\" \/>\n<script type=\"application\/ld+json\" class=\"yoast-schema-graph\">{\"@context\":\"https:\/\/schema.org\",\"@graph\":[{\"@type\":\"Article\",\"@id\":\"https:\/\/kapitalis.com\/tunisie\/2019\/09\/12\/presidentielle-2019-le-2e-tour-aura-lieu-au-plus-tard-le-13-octobre\/#article\",\"isPartOf\":{\"@id\":\"https:\/\/kapitalis.com\/tunisie\/2019\/09\/12\/presidentielle-2019-le-2e-tour-aura-lieu-au-plus-tard-le-13-octobre\/\"},\"author\":{\"name\":\"Yusra NY\",\"@id\":\"https:\/\/kapitalis.com\/tunisie\/#\/schema\/person\/74bbde0154d49d790a92aaeac5bc01d5\"},\"headline\":\"Pr\u00e9sidentielle 2019 : Le 2e tour aura lieu au plus tard le 13 octobre\",\"datePublished\":\"2019-09-12T20:18:30+00:00\",\"dateModified\":\"2019-09-13T06:18:25+00:00\",\"mainEntityOfPage\":{\"@id\":\"https:\/\/kapitalis.com\/tunisie\/2019\/09\/12\/presidentielle-2019-le-2e-tour-aura-lieu-au-plus-tard-le-13-octobre\/\"},\"wordCount\":194,\"commentCount\":1,\"publisher\":{\"@id\":\"https:\/\/kapitalis.com\/tunisie\/#organization\"},\"articleSection\":[\"POLITIQUE\",\"Tunisie\"],\"inLanguage\":\"fr-FR\",\"potentialAction\":[{\"@type\":\"CommentAction\",\"name\":\"Comment\",\"target\":[\"https:\/\/kapitalis.com\/tunisie\/2019\/09\/12\/presidentielle-2019-le-2e-tour-aura-lieu-au-plus-tard-le-13-octobre\/#respond\"]}]},{\"@type\":\"WebPage\",\"@id\":\"https:\/\/kapitalis.com\/tunisie\/2019\/09\/12\/presidentielle-2019-le-2e-tour-aura-lieu-au-plus-tard-le-13-octobre\/\",\"url\":\"https:\/\/kapitalis.com\/tunisie\/2019\/09\/12\/presidentielle-2019-le-2e-tour-aura-lieu-au-plus-tard-le-13-octobre\/\",\"name\":\"Pr\u00e9sidentielle 2019 : Le 2e tour aura lieu au plus tard le 13 octobre - Kapitalis\",\"isPartOf\":{\"@id\":\"https:\/\/kapitalis.com\/tunisie\/#website\"},\"datePublished\":\"2019-09-12T20:18:30+00:00\",\"dateModified\":\"2019-09-13T06:18:25+00:00\",\"breadcrumb\":{\"@id\":\"https:\/\/kapitalis.com\/tunisie\/2019\/09\/12\/presidentielle-2019-le-2e-tour-aura-lieu-au-plus-tard-le-13-octobre\/#breadcrumb\"},\"inLanguage\":\"fr-FR\",\"potentialAction\":[{\"@type\":\"ReadAction\",\"target\":[\"https:\/\/kapitalis.com\/tunisie\/2019\/09\/12\/presidentielle-2019-le-2e-tour-aura-lieu-au-plus-tard-le-13-octobre\/\"]}]},{\"@type\":\"BreadcrumbList\",\"@id\":\"https:\/\/kapitalis.com\/tunisie\/2019\/09\/12\/presidentielle-2019-le-2e-tour-aura-lieu-au-plus-tard-le-13-octobre\/#breadcrumb\",\"itemListElement\":[{\"@type\":\"ListItem\",\"position\":1,\"name\":\"Accueil\",\"item\":\"https:\/\/kapitalis.com\/tunisie\/\"},{\"@type\":\"ListItem\",\"position\":2,\"name\":\"Pr\u00e9sidentielle 2019 : Le 2e tour aura lieu au plus tard le 13 octobre\"}]},{\"@type\":\"WebSite\",\"@id\":\"https:\/\/kapitalis.com\/tunisie\/#website\",\"url\":\"https:\/\/kapitalis.com\/tunisie\/\",\"name\":\"Kapitalis\",\"description\":\"L&#039;actualit\u00e9 en Tunisie et dans le monde\",\"publisher\":{\"@id\":\"https:\/\/kapitalis.com\/tunisie\/#organization\"},\"potentialAction\":[{\"@type\":\"SearchAction\",\"target\":{\"@type\":\"EntryPoint\",\"urlTemplate\":\"https:\/\/kapitalis.com\/tunisie\/?s={search_term_string}\"},\"query-input\":{\"@type\":\"PropertyValueSpecification\",\"valueRequired\":true,\"valueName\":\"search_term_string\"}}],\"inLanguage\":\"fr-FR\"},{\"@type\":\"Organization\",\"@id\":\"https:\/\/kapitalis.com\/tunisie\/#organization\",\"name\":\"Kapitalis\",\"url\":\"https:\/\/kapitalis.com\/tunisie\/\",\"logo\":{\"@type\":\"ImageObject\",\"inLanguage\":\"fr-FR\",\"@id\":\"https:\/\/kapitalis.com\/tunisie\/#\/schema\/logo\/image\/\",\"url\":\"https:\/\/kapitalis.com\/tunisie\/wp-content\/uploads\/2022\/05\/Kapitalis-big-size.png\",\"contentUrl\":\"https:\/\/kapitalis.com\/tunisie\/wp-content\/uploads\/2022\/05\/Kapitalis-big-size.png\",\"width\":5000,\"height\":1500,\"caption\":\"Kapitalis\"},\"image\":{\"@id\":\"https:\/\/kapitalis.com\/tunisie\/#\/schema\/logo\/image\/\"},\"sameAs\":[\"https:\/\/www.facebook.com\/KapitalisInfo\/\",\"https:\/\/x.com\/KapitalisInfo\",\"https:\/\/www.youtube.com\/channel\/UC-yDYrHyfFBWWZaOw3FPg9Q\"]},{\"@type\":\"Person\",\"@id\":\"https:\/\/kapitalis.com\/tunisie\/#\/schema\/person\/74bbde0154d49d790a92aaeac5bc01d5\",\"name\":\"Yusra NY\",\"url\":\"https:\/\/kapitalis.com\/tunisie\/author\/yuza_adam\/\"}]}<\/script>\n<!-- \/ Yoast SEO plugin. -->","yoast_head_json":{"title":"Pr\u00e9sidentielle 2019 : Le 2e tour aura lieu au plus tard le 13 octobre - Kapitalis","robots":{"index":"index","follow":"follow","max-snippet":"max-snippet:-1","max-image-preview":"max-image-preview:large","max-video-preview":"max-video-preview:-1"},"canonical":"https:\/\/kapitalis.com\/tunisie\/2019\/09\/12\/presidentielle-2019-le-2e-tour-aura-lieu-au-plus-tard-le-13-octobre\/","og_locale":"fr_FR","og_type":"article","og_title":"Pr\u00e9sidentielle 2019 : Le 2e tour aura lieu au plus tard le 13 octobre - Kapitalis","og_description":"Nabil Baffoun, le pr\u00e9sident de l&rsquo;Instance sup\u00e9rieure ind\u00e9pendante pour les \u00e9lections (Isie), a annonc\u00e9 que le 2e tour de la pr\u00e9sidentielle anticip\u00e9e aura lieu au plus tard le 13 octobre 2019.","og_url":"https:\/\/kapitalis.com\/tunisie\/2019\/09\/12\/presidentielle-2019-le-2e-tour-aura-lieu-au-plus-tard-le-13-octobre\/","og_site_name":"Kapitalis","article_publisher":"https:\/\/www.facebook.com\/KapitalisInfo\/","article_published_time":"2019-09-12T20:18:30+00:00","article_modified_time":"2019-09-13T06:18:25+00:00","og_image":[{"width":1200,"height":630,"url":"https:\/\/kapitalis.com\/tunisie\/wp-content\/uploads\/2022\/05\/kapitalis-logo-fb.png","type":"image\/png"}],"author":"Yusra NY","twitter_card":"summary_large_image","twitter_creator":"@KapitalisInfo","twitter_site":"@KapitalisInfo","twitter_misc":{"\u00c9crit par":"Yusra NY","Dur\u00e9e de lecture estim\u00e9e":"1 minute"},"schema":{"@context":"https:\/\/schema.org","@graph":[{"@type":"Article","@id":"https:\/\/kapitalis.com\/tunisie\/2019\/09\/12\/presidentielle-2019-le-2e-tour-aura-lieu-au-plus-tard-le-13-octobre\/#article","isPartOf":{"@id":"https:\/\/kapitalis.com\/tunisie\/2019\/09\/12\/presidentielle-2019-le-2e-tour-aura-lieu-au-plus-tard-le-13-octobre\/"},"author":{"name":"Yusra NY","@id":"https:\/\/kapitalis.com\/tunisie\/#\/schema\/person\/74bbde0154d49d790a92aaeac5bc01d5"},"headline":"Pr\u00e9sidentielle 2019 : Le 2e tour aura lieu au plus tard le 13 octobre","datePublished":"2019-09-12T20:18:30+00:00","dateModified":"2019-09-13T06:18:25+00:00","mainEntityOfPage":{"@id":"https:\/\/kapitalis.com\/tunisie\/2019\/09\/12\/presidentielle-2019-le-2e-tour-aura-lieu-au-plus-tard-le-13-octobre\/"},"wordCount":194,"commentCount":1,"publisher":{"@id":"https:\/\/kapitalis.com\/tunisie\/#organization"},"articleSection":["POLITIQUE","Tunisie"],"inLanguage":"fr-FR","potentialAction":[{"@type":"CommentAction","name":"Comment","target":["https:\/\/kapitalis.com\/tunisie\/2019\/09\/12\/presidentielle-2019-le-2e-tour-aura-lieu-au-plus-tard-le-13-octobre\/#respond"]}]},{"@type":"WebPage","@id":"https:\/\/kapitalis.com\/tunisie\/2019\/09\/12\/presidentielle-2019-le-2e-tour-aura-lieu-au-plus-tard-le-13-octobre\/","url":"https:\/\/kapitalis.com\/tunisie\/2019\/09\/12\/presidentielle-2019-le-2e-tour-aura-lieu-au-plus-tard-le-13-octobre\/","name":"Pr\u00e9sidentielle 2019 : Le 2e tour aura lieu au plus tard le 13 octobre - Kapitalis","isPartOf":{"@id":"https:\/\/kapitalis.com\/tunisie\/#website"},"datePublished":"2019-09-12T20:18:30+00:00","dateModified":"2019-09-13T06:18:25+00:00","breadcrumb":{"@id":"https:\/\/kapitalis.com\/tunisie\/2019\/09\/12\/presidentielle-2019-le-2e-tour-aura-lieu-au-plus-tard-le-13-octobre\/#breadcrumb"},"inLanguage":"fr-FR","potentialAction":[{"@type":"ReadAction","target":["https:\/\/kapitalis.com\/tunisie\/2019\/09\/12\/presidentielle-2019-le-2e-tour-aura-lieu-au-plus-tard-le-13-octobre\/"]}]},{"@type":"BreadcrumbList","@id":"https:\/\/kapitalis.com\/tunisie\/2019\/09\/12\/presidentielle-2019-le-2e-tour-aura-lieu-au-plus-tard-le-13-octobre\/#breadcrumb","itemListElement":[{"@type":"ListItem","position":1,"name":"Accueil","item":"https:\/\/kapitalis.com\/tunisie\/"},{"@type":"ListItem","position":2,"name":"Pr\u00e9sidentielle 2019 : Le 2e tour aura lieu au plus tard le 13 octobre"}]},{"@type":"WebSite","@id":"https:\/\/kapitalis.com\/tunisie\/#website","url":"https:\/\/kapitalis.com\/tunisie\/","name":"Kapitalis","description":"L&#039;actualit\u00e9 en Tunisie et dans le monde","publisher":{"@id":"https:\/\/kapitalis.com\/tunisie\/#organization"},"potentialAction":[{"@type":"SearchAction","target":{"@type":"EntryPoint","urlTemplate":"https:\/\/kapitalis.com\/tunisie\/?s={search_term_string}"},"query-input":{"@type":"PropertyValueSpecification","valueRequired":true,"valueName":"search_term_string"}}],"inLanguage":"fr-FR"},{"@type":"Organization","@id":"https:\/\/kapitalis.com\/tunisie\/#organization","name":"Kapitalis","url":"https:\/\/kapitalis.com\/tunisie\/","logo":{"@type":"ImageObject","inLanguage":"fr-FR","@id":"https:\/\/kapitalis.com\/tunisie\/#\/schema\/logo\/image\/","url":"https:\/\/kapitalis.com\/tunisie\/wp-content\/uploads\/2022\/05\/Kapitalis-big-size.png","contentUrl":"https:\/\/kapitalis.com\/tunisie\/wp-content\/uploads\/2022\/05\/Kapitalis-big-size.png","width":5000,"height":1500,"caption":"Kapitalis"},"image":{"@id":"https:\/\/kapitalis.com\/tunisie\/#\/schema\/logo\/image\/"},"sameAs":["https:\/\/www.facebook.com\/KapitalisInfo\/","https:\/\/x.com\/KapitalisInfo","https:\/\/www.youtube.com\/channel\/UC-yDYrHyfFBWWZaOw3FPg9Q"]},{"@type":"Person","@id":"https:\/\/kapitalis.com\/tunisie\/#\/schema\/person\/74bbde0154d49d790a92aaeac5bc01d5","name":"Yusra NY","url":"https:\/\/kapitalis.com\/tunisie\/author\/yuza_adam\/"}]}},"_links":{"self":[{"href":"https:\/\/kapitalis.com\/tunisie\/wp-json\/wp\/v2\/posts\/239222","targetHints":{"allow":["GET"]}}],"collection":[{"href":"https:\/\/kapitalis.com\/tunisie\/wp-json\/wp\/v2\/posts"}],"about":[{"href":"https:\/\/kapitalis.com\/tunisie\/wp-json\/wp\/v2\/types\/post"}],"author":[{"embeddable":true,"href":"https:\/\/kapitalis.com\/tunisie\/wp-json\/wp\/v2\/users\/6"}],"replies":[{"embeddable":true,"href":"https:\/\/kapitalis.com\/tunisie\/wp-json\/wp\/v2\/comments?post=239222"}],"version-history":[{"count":0,"href":"https:\/\/kapitalis.com\/tunisie\/wp-json\/wp\/v2\/posts\/239222\/revisions"}],"wp:attachment":[{"href":"https:\/\/kapitalis.com\/tunisie\/wp-json\/wp\/v2\/media?parent=239222"}],"wp:term":[{"taxonomy":"category","embeddable":true,"href":"https:\/\/kapitalis.com\/tunisie\/wp-json\/wp\/v2\/categories?post=239222"},{"taxonomy":"post_tag","embeddable":true,"href":"https:\/\/kapitalis.com\/tunisie\/wp-json\/wp\/v2\/tags?post=239222"}],"curies":[{"name":"wp","href":"https:\/\/api.w.org\/{rel}","templated":true}]}}