{"id":239230,"date":"2019-09-12T23:23:31","date_gmt":"2019-09-12T22:23:31","guid":{"rendered":"http:\/\/kapitalis.com\/tunisie\/?p=239230"},"modified":"2019-09-13T07:29:22","modified_gmt":"2019-09-13T06:29:22","slug":"entretien-de-slim-riahi-par-sami-fehri-youssef-chahed-saisit-la-justice","status":"publish","type":"post","link":"https:\/\/kapitalis.com\/tunisie\/2019\/09\/12\/entretien-de-slim-riahi-par-sami-fehri-youssef-chahed-saisit-la-justice\/","title":{"rendered":"Entretien de Slim Riahi par Sami Fehri : Youssef Chahed saisit la justice"},"content":{"rendered":"\n<figure class=\"wp-block-image\"><img decoding=\"async\" src=\"http:\/\/kapitalis.com\/tunisie\/wp-content\/uploads\/2019\/09\/Youssef-Chahed.jpg\" alt=\"\" class=\"wp-image-239233\"\/><\/figure>\n\n\n\n<p><strong><em>Youssef Chahed, candidat de Tahya Tounes au 1er tour de la pr\u00e9sidentielle, dimanche prochain, 15 septembre 2019, a assur\u00e9 qu&rsquo;il a charg\u00e9 son avocat de saisir la justice suite \u00e0 l&rsquo;entretien de Slim Riahi par Sami Fehri, diffus\u00e9 le 4 septembre 2019 sur El-Hiwar Ettounsi.<\/em><\/strong><\/p>\n\n\n\n<!--more-->\n\n\n\n<p>Interrog\u00e9 ce soir, jeudi 12 septembre 2019, sur Hannibal TV, sur les d\u00e9clarations de Slim Riahi, lors cet entretien, o\u00f9 il l&rsquo;accuse de manipuler la justice pour r\u00e9gler ses comptes, ce dernier a indiqu\u00e9 qu&rsquo;il a saisi la justice  <br>\u00e0 propos de ces  all\u00e9gations.<\/p>\n\n\n\n<p><em>\u00abDor\u00e9navant, je ne vais plus me taire, \u00e7a fait trois ans que je ne dis rien mais maintenant je vais saisir la justice \u00e0 chaque fois que cela sera n\u00e9cessaire\u00bb,<\/em> a-t-il dit, en ajoutant que l&rsquo;entretien de Slim Riahi par Sami Fehri a consacr\u00e9 plus de deux heures \u00e0 le diffamer et \u00e0 colporter de fausses informations le concernant.<\/p>\n\n\n\n<p><em>\u00abEst-ce normal que l&rsquo;on r\u00e9serve une \u00e9mission enti\u00e8re uniquement pour s&rsquo;attaquer \u00e0 un autre candidat en pleine campagne \u00e9lectorale?\u00bb, <\/em>s&rsquo;est interrog\u00e9 Youssef Chahed, en regrettant encore une fois que plusieurs candidats ont r\u00e9serv\u00e9 leur campagne \u00e9lectorale pour le diffamer et non pour pr\u00e9senter leur projets pour les Tunisiens et leurs programmes \u00e9lectoraux.<\/p>\n\n\n\n<p>Rappelons que la Haute autorit\u00e9 ind\u00e9pendante de la communication audiovisuelle (Haica) avait inflig\u00e9 une amende de 50.000 dinars tunisiens (DT) \u00e0 El-Hiwar Ettounsi, estimant que cet entretien constitue une violation de la loi sur la communication audiovisuelle et atteinte \u00e0 la d\u00e9ontologie du m\u00e9tier, et a port\u00e9 pr\u00e9judice \u00e0 un adversaire politique de M. Riahi. Une bien maigre sanction pour un d\u00e9passement de taille, et on se demande si l&rsquo;amende sera un jour pay\u00e9e par ces patrons de t\u00e9l\u00e9vision qui se comportent comme des bandits de l&rsquo;audiovisuel&#8230;<\/p>\n\n\n\n<p>Rappelons aussi que Slim Riahi est en fuite en France depuis janvier 2019 et qu&rsquo;il fait l&rsquo;objet d&rsquo;un mandat de d\u00e9p\u00f4t depuis avril dernier, pour des affaires de corruption. Tout comme son interviewer, Sami Fehri, poursuivi par la justice pour corruption et dont le verdict final de son proc\u00e8s dans l&rsquo;affaire dite de Cactus Prod va \u00eatre prononc\u00e9 dans quelques semaines. Leur acharnement sur le chef du gouvernement et candidat de Tahya Tounes \u00e0 la pr\u00e9sidentielle doit \u00eatre mis dans ce contexte&#8230; <\/p>\n\n\n\n<p style=\"text-align:right\"><strong>Y. N.<\/strong><\/p>\n\n\n\n<figure class=\"wp-block-embed is-type-rich is-provider-kapitalis\"><div class=\"wp-block-embed__wrapper\">\n<blockquote class=\"wp-embedded-content\" data-secret=\"chNeXUSNJt\"><a href=\"https:\/\/kapitalis.com\/tunisie\/2019\/09\/06\/el-hiwar-ettounsi-sen-sort-avec-une-amende-de-50-000-dt-apres-lentretien-arrange-de-riahi-par-fehri\/\">El-Hiwar Ettounsi s&rsquo;en sort avec une amende de 50.000 DT apr\u00e8s \u00abl&rsquo;entretien arrang\u00e9\u00bb de Riahi par Fehri<\/a><\/blockquote><iframe loading=\"lazy\" class=\"wp-embedded-content\" sandbox=\"allow-scripts\" security=\"restricted\" style=\"position: absolute; clip: rect(1px, 1px, 1px, 1px);\" title=\"\u00ab\u00a0El-Hiwar Ettounsi s&rsquo;en sort avec une amende de 50.000 DT apr\u00e8s \u00abl&rsquo;entretien arrang\u00e9\u00bb de Riahi par Fehri\u00a0\u00bb &#8212; Kapitalis\" src=\"https:\/\/kapitalis.com\/tunisie\/2019\/09\/06\/el-hiwar-ettounsi-sen-sort-avec-une-amende-de-50-000-dt-apres-lentretien-arrange-de-riahi-par-fehri\/embed\/#?secret=VrpcVv3XUv#?secret=chNeXUSNJt\" data-secret=\"chNeXUSNJt\" width=\"600\" height=\"338\" frameborder=\"0\" marginwidth=\"0\" marginheight=\"0\" scrolling=\"no\"><\/iframe>\n<\/div><\/figure>\n\n\n\n<figure class=\"wp-block-embed is-type-rich is-provider-kapitalis\"><div class=\"wp-block-embed__wrapper\">\n<blockquote class=\"wp-embedded-content\" data-secret=\"3JWp8Z3s1i\"><a href=\"https:\/\/kapitalis.com\/tunisie\/2019\/09\/06\/entretien-televise-de-riahi-avec-fehri-le-syndicat-des-journalistes-tire-la-sonnette-dalarme\/\">Entretien t\u00e9l\u00e9vis\u00e9 de Riahi avec Fehri : Le syndicat des journalistes tire la sonnette d&rsquo;alarme<\/a><\/blockquote><iframe loading=\"lazy\" class=\"wp-embedded-content\" sandbox=\"allow-scripts\" security=\"restricted\" style=\"position: absolute; clip: rect(1px, 1px, 1px, 1px);\" title=\"\u00ab\u00a0Entretien t\u00e9l\u00e9vis\u00e9 de Riahi avec Fehri : Le syndicat des journalistes tire la sonnette d&rsquo;alarme\u00a0\u00bb &#8212; Kapitalis\" src=\"https:\/\/kapitalis.com\/tunisie\/2019\/09\/06\/entretien-televise-de-riahi-avec-fehri-le-syndicat-des-journalistes-tire-la-sonnette-dalarme\/embed\/#?secret=5YoEzzv15S#?secret=3JWp8Z3s1i\" data-secret=\"3JWp8Z3s1i\" width=\"600\" height=\"338\" frameborder=\"0\" marginwidth=\"0\" marginheight=\"0\" scrolling=\"no\"><\/iframe>\n<\/div><\/figure>\n","protected":false},"excerpt":{"rendered":"<p>Youssef Chahed, candidat de Tahya Tounes au 1er tour de la pr\u00e9sidentielle, dimanche prochain, 15 septembre 2019, a assur\u00e9 qu&rsquo;il a charg\u00e9 son avocat de saisir la justice suite \u00e0 l&rsquo;entretien de Slim Riahi par Sami Fehri, diffus\u00e9 le 4 septembre 2019 sur El-Hiwar Ettounsi.<\/p>\n","protected":false},"author":6,"featured_media":239233,"comment_status":"open","ping_status":"open","sticky":false,"template":"","format":"standard","meta":{"footnotes":""},"categories":[997,2433],"tags":[310,1843,64355,4797,1642,11246],"class_list":["post-239230","post","type-post","status-publish","format-standard","has-post-thumbnail","hentry","category-politique","category-tunisie","tag-el-hiwar-ettounsi","tag-haica","tag-justice","tag-presidentielle","tag-slim-riahi","tag-youssef-chahed"],"yoast_head":"<!-- This site is optimized with the Yoast SEO plugin v26.6 - https:\/\/yoast.com\/wordpress\/plugins\/seo\/ -->\n<title>Entretien de Slim Riahi par Sami Fehri : Youssef Chahed saisit la justice - Kapitalis<\/title>\n<meta name=\"robots\" content=\"index, follow, max-snippet:-1, max-image-preview:large, max-video-preview:-1\" \/>\n<link rel=\"canonical\" href=\"https:\/\/kapitalis.com\/tunisie\/2019\/09\/12\/entretien-de-slim-riahi-par-sami-fehri-youssef-chahed-saisit-la-justice\/\" \/>\n<meta property=\"og:locale\" content=\"fr_FR\" \/>\n<meta property=\"og:type\" content=\"article\" \/>\n<meta property=\"og:title\" content=\"Entretien de Slim Riahi par Sami Fehri : Youssef Chahed saisit la justice - Kapitalis\" \/>\n<meta property=\"og:description\" content=\"Youssef Chahed, candidat de Tahya Tounes au 1er tour de la pr\u00e9sidentielle, dimanche prochain, 15 septembre 2019, a assur\u00e9 qu&rsquo;il a charg\u00e9 son avocat de saisir la justice suite \u00e0 l&rsquo;entretien de Slim Riahi par Sami Fehri, diffus\u00e9 le 4 septembre 2019 sur El-Hiwar Ettounsi.\" \/>\n<meta property=\"og:url\" content=\"https:\/\/kapitalis.com\/tunisie\/2019\/09\/12\/entretien-de-slim-riahi-par-sami-fehri-youssef-chahed-saisit-la-justice\/\" \/>\n<meta property=\"og:site_name\" content=\"Kapitalis\" \/>\n<meta property=\"article:publisher\" content=\"https:\/\/www.facebook.com\/KapitalisInfo\/\" \/>\n<meta property=\"article:published_time\" content=\"2019-09-12T22:23:31+00:00\" \/>\n<meta property=\"article:modified_time\" content=\"2019-09-13T06:29:22+00:00\" \/>\n<meta property=\"og:image\" content=\"https:\/\/kapitalis.com\/tunisie\/wp-content\/uploads\/2022\/05\/kapitalis-logo-fb.png\" \/>\n\t<meta property=\"og:image:width\" content=\"1200\" \/>\n\t<meta property=\"og:image:height\" content=\"630\" \/>\n\t<meta property=\"og:image:type\" content=\"image\/png\" \/>\n<meta name=\"author\" content=\"Yusra NY\" \/>\n<meta name=\"twitter:card\" content=\"summary_large_image\" \/>\n<meta name=\"twitter:creator\" content=\"@KapitalisInfo\" \/>\n<meta name=\"twitter:site\" content=\"@KapitalisInfo\" \/>\n<meta name=\"twitter:label1\" content=\"\u00c9crit par\" \/>\n\t<meta name=\"twitter:data1\" content=\"Yusra NY\" \/>\n\t<meta name=\"twitter:label2\" content=\"Dur\u00e9e de lecture estim\u00e9e\" \/>\n\t<meta name=\"twitter:data2\" content=\"2 minutes\" \/>\n<script type=\"application\/ld+json\" class=\"yoast-schema-graph\">{\"@context\":\"https:\/\/schema.org\",\"@graph\":[{\"@type\":\"Article\",\"@id\":\"https:\/\/kapitalis.com\/tunisie\/2019\/09\/12\/entretien-de-slim-riahi-par-sami-fehri-youssef-chahed-saisit-la-justice\/#article\",\"isPartOf\":{\"@id\":\"https:\/\/kapitalis.com\/tunisie\/2019\/09\/12\/entretien-de-slim-riahi-par-sami-fehri-youssef-chahed-saisit-la-justice\/\"},\"author\":{\"name\":\"Yusra NY\",\"@id\":\"https:\/\/kapitalis.com\/tunisie\/#\/schema\/person\/74bbde0154d49d790a92aaeac5bc01d5\"},\"headline\":\"Entretien de Slim Riahi par Sami Fehri : Youssef Chahed saisit la justice\",\"datePublished\":\"2019-09-12T22:23:31+00:00\",\"dateModified\":\"2019-09-13T06:29:22+00:00\",\"mainEntityOfPage\":{\"@id\":\"https:\/\/kapitalis.com\/tunisie\/2019\/09\/12\/entretien-de-slim-riahi-par-sami-fehri-youssef-chahed-saisit-la-justice\/\"},\"wordCount\":399,\"commentCount\":1,\"publisher\":{\"@id\":\"https:\/\/kapitalis.com\/tunisie\/#organization\"},\"image\":{\"@id\":\"https:\/\/kapitalis.com\/tunisie\/2019\/09\/12\/entretien-de-slim-riahi-par-sami-fehri-youssef-chahed-saisit-la-justice\/#primaryimage\"},\"thumbnailUrl\":\"\",\"keywords\":[\"El-Hiwar Ettounsi\",\"Haica\",\"justice\",\"pr\u00e9sidentielle\",\"Slim Riahi\",\"Youssef Chahed\"],\"articleSection\":[\"POLITIQUE\",\"Tunisie\"],\"inLanguage\":\"fr-FR\",\"potentialAction\":[{\"@type\":\"CommentAction\",\"name\":\"Comment\",\"target\":[\"https:\/\/kapitalis.com\/tunisie\/2019\/09\/12\/entretien-de-slim-riahi-par-sami-fehri-youssef-chahed-saisit-la-justice\/#respond\"]}]},{\"@type\":\"WebPage\",\"@id\":\"https:\/\/kapitalis.com\/tunisie\/2019\/09\/12\/entretien-de-slim-riahi-par-sami-fehri-youssef-chahed-saisit-la-justice\/\",\"url\":\"https:\/\/kapitalis.com\/tunisie\/2019\/09\/12\/entretien-de-slim-riahi-par-sami-fehri-youssef-chahed-saisit-la-justice\/\",\"name\":\"Entretien de Slim Riahi par Sami Fehri : Youssef Chahed saisit la justice - Kapitalis\",\"isPartOf\":{\"@id\":\"https:\/\/kapitalis.com\/tunisie\/#website\"},\"primaryImageOfPage\":{\"@id\":\"https:\/\/kapitalis.com\/tunisie\/2019\/09\/12\/entretien-de-slim-riahi-par-sami-fehri-youssef-chahed-saisit-la-justice\/#primaryimage\"},\"image\":{\"@id\":\"https:\/\/kapitalis.com\/tunisie\/2019\/09\/12\/entretien-de-slim-riahi-par-sami-fehri-youssef-chahed-saisit-la-justice\/#primaryimage\"},\"thumbnailUrl\":\"\",\"datePublished\":\"2019-09-12T22:23:31+00:00\",\"dateModified\":\"2019-09-13T06:29:22+00:00\",\"breadcrumb\":{\"@id\":\"https:\/\/kapitalis.com\/tunisie\/2019\/09\/12\/entretien-de-slim-riahi-par-sami-fehri-youssef-chahed-saisit-la-justice\/#breadcrumb\"},\"inLanguage\":\"fr-FR\",\"potentialAction\":[{\"@type\":\"ReadAction\",\"target\":[\"https:\/\/kapitalis.com\/tunisie\/2019\/09\/12\/entretien-de-slim-riahi-par-sami-fehri-youssef-chahed-saisit-la-justice\/\"]}]},{\"@type\":\"ImageObject\",\"inLanguage\":\"fr-FR\",\"@id\":\"https:\/\/kapitalis.com\/tunisie\/2019\/09\/12\/entretien-de-slim-riahi-par-sami-fehri-youssef-chahed-saisit-la-justice\/#primaryimage\",\"url\":\"\",\"contentUrl\":\"\"},{\"@type\":\"BreadcrumbList\",\"@id\":\"https:\/\/kapitalis.com\/tunisie\/2019\/09\/12\/entretien-de-slim-riahi-par-sami-fehri-youssef-chahed-saisit-la-justice\/#breadcrumb\",\"itemListElement\":[{\"@type\":\"ListItem\",\"position\":1,\"name\":\"Accueil\",\"item\":\"https:\/\/kapitalis.com\/tunisie\/\"},{\"@type\":\"ListItem\",\"position\":2,\"name\":\"Entretien de Slim Riahi par Sami Fehri : Youssef Chahed saisit la justice\"}]},{\"@type\":\"WebSite\",\"@id\":\"https:\/\/kapitalis.com\/tunisie\/#website\",\"url\":\"https:\/\/kapitalis.com\/tunisie\/\",\"name\":\"Kapitalis\",\"description\":\"L&#039;actualit\u00e9 en Tunisie et dans le monde\",\"publisher\":{\"@id\":\"https:\/\/kapitalis.com\/tunisie\/#organization\"},\"potentialAction\":[{\"@type\":\"SearchAction\",\"target\":{\"@type\":\"EntryPoint\",\"urlTemplate\":\"https:\/\/kapitalis.com\/tunisie\/?s={search_term_string}\"},\"query-input\":{\"@type\":\"PropertyValueSpecification\",\"valueRequired\":true,\"valueName\":\"search_term_string\"}}],\"inLanguage\":\"fr-FR\"},{\"@type\":\"Organization\",\"@id\":\"https:\/\/kapitalis.com\/tunisie\/#organization\",\"name\":\"Kapitalis\",\"url\":\"https:\/\/kapitalis.com\/tunisie\/\",\"logo\":{\"@type\":\"ImageObject\",\"inLanguage\":\"fr-FR\",\"@id\":\"https:\/\/kapitalis.com\/tunisie\/#\/schema\/logo\/image\/\",\"url\":\"https:\/\/kapitalis.com\/tunisie\/wp-content\/uploads\/2022\/05\/Kapitalis-big-size.png\",\"contentUrl\":\"https:\/\/kapitalis.com\/tunisie\/wp-content\/uploads\/2022\/05\/Kapitalis-big-size.png\",\"width\":5000,\"height\":1500,\"caption\":\"Kapitalis\"},\"image\":{\"@id\":\"https:\/\/kapitalis.com\/tunisie\/#\/schema\/logo\/image\/\"},\"sameAs\":[\"https:\/\/www.facebook.com\/KapitalisInfo\/\",\"https:\/\/x.com\/KapitalisInfo\",\"https:\/\/www.youtube.com\/channel\/UC-yDYrHyfFBWWZaOw3FPg9Q\"]},{\"@type\":\"Person\",\"@id\":\"https:\/\/kapitalis.com\/tunisie\/#\/schema\/person\/74bbde0154d49d790a92aaeac5bc01d5\",\"name\":\"Yusra NY\",\"url\":\"https:\/\/kapitalis.com\/tunisie\/author\/yuza_adam\/\"}]}<\/script>\n<!-- \/ Yoast SEO plugin. -->","yoast_head_json":{"title":"Entretien de Slim Riahi par Sami Fehri : Youssef Chahed saisit la justice - Kapitalis","robots":{"index":"index","follow":"follow","max-snippet":"max-snippet:-1","max-image-preview":"max-image-preview:large","max-video-preview":"max-video-preview:-1"},"canonical":"https:\/\/kapitalis.com\/tunisie\/2019\/09\/12\/entretien-de-slim-riahi-par-sami-fehri-youssef-chahed-saisit-la-justice\/","og_locale":"fr_FR","og_type":"article","og_title":"Entretien de Slim Riahi par Sami Fehri : Youssef Chahed saisit la justice - Kapitalis","og_description":"Youssef Chahed, candidat de Tahya Tounes au 1er tour de la pr\u00e9sidentielle, dimanche prochain, 15 septembre 2019, a assur\u00e9 qu&rsquo;il a charg\u00e9 son avocat de saisir la justice suite \u00e0 l&rsquo;entretien de Slim Riahi par Sami Fehri, diffus\u00e9 le 4 septembre 2019 sur El-Hiwar Ettounsi.","og_url":"https:\/\/kapitalis.com\/tunisie\/2019\/09\/12\/entretien-de-slim-riahi-par-sami-fehri-youssef-chahed-saisit-la-justice\/","og_site_name":"Kapitalis","article_publisher":"https:\/\/www.facebook.com\/KapitalisInfo\/","article_published_time":"2019-09-12T22:23:31+00:00","article_modified_time":"2019-09-13T06:29:22+00:00","og_image":[{"width":1200,"height":630,"url":"https:\/\/kapitalis.com\/tunisie\/wp-content\/uploads\/2022\/05\/kapitalis-logo-fb.png","type":"image\/png"}],"author":"Yusra NY","twitter_card":"summary_large_image","twitter_creator":"@KapitalisInfo","twitter_site":"@KapitalisInfo","twitter_misc":{"\u00c9crit par":"Yusra NY","Dur\u00e9e de lecture estim\u00e9e":"2 minutes"},"schema":{"@context":"https:\/\/schema.org","@graph":[{"@type":"Article","@id":"https:\/\/kapitalis.com\/tunisie\/2019\/09\/12\/entretien-de-slim-riahi-par-sami-fehri-youssef-chahed-saisit-la-justice\/#article","isPartOf":{"@id":"https:\/\/kapitalis.com\/tunisie\/2019\/09\/12\/entretien-de-slim-riahi-par-sami-fehri-youssef-chahed-saisit-la-justice\/"},"author":{"name":"Yusra NY","@id":"https:\/\/kapitalis.com\/tunisie\/#\/schema\/person\/74bbde0154d49d790a92aaeac5bc01d5"},"headline":"Entretien de Slim Riahi par Sami Fehri : Youssef Chahed saisit la justice","datePublished":"2019-09-12T22:23:31+00:00","dateModified":"2019-09-13T06:29:22+00:00","mainEntityOfPage":{"@id":"https:\/\/kapitalis.com\/tunisie\/2019\/09\/12\/entretien-de-slim-riahi-par-sami-fehri-youssef-chahed-saisit-la-justice\/"},"wordCount":399,"commentCount":1,"publisher":{"@id":"https:\/\/kapitalis.com\/tunisie\/#organization"},"image":{"@id":"https:\/\/kapitalis.com\/tunisie\/2019\/09\/12\/entretien-de-slim-riahi-par-sami-fehri-youssef-chahed-saisit-la-justice\/#primaryimage"},"thumbnailUrl":"","keywords":["El-Hiwar Ettounsi","Haica","justice","pr\u00e9sidentielle","Slim Riahi","Youssef Chahed"],"articleSection":["POLITIQUE","Tunisie"],"inLanguage":"fr-FR","potentialAction":[{"@type":"CommentAction","name":"Comment","target":["https:\/\/kapitalis.com\/tunisie\/2019\/09\/12\/entretien-de-slim-riahi-par-sami-fehri-youssef-chahed-saisit-la-justice\/#respond"]}]},{"@type":"WebPage","@id":"https:\/\/kapitalis.com\/tunisie\/2019\/09\/12\/entretien-de-slim-riahi-par-sami-fehri-youssef-chahed-saisit-la-justice\/","url":"https:\/\/kapitalis.com\/tunisie\/2019\/09\/12\/entretien-de-slim-riahi-par-sami-fehri-youssef-chahed-saisit-la-justice\/","name":"Entretien de Slim Riahi par Sami Fehri : Youssef Chahed saisit la justice - Kapitalis","isPartOf":{"@id":"https:\/\/kapitalis.com\/tunisie\/#website"},"primaryImageOfPage":{"@id":"https:\/\/kapitalis.com\/tunisie\/2019\/09\/12\/entretien-de-slim-riahi-par-sami-fehri-youssef-chahed-saisit-la-justice\/#primaryimage"},"image":{"@id":"https:\/\/kapitalis.com\/tunisie\/2019\/09\/12\/entretien-de-slim-riahi-par-sami-fehri-youssef-chahed-saisit-la-justice\/#primaryimage"},"thumbnailUrl":"","datePublished":"2019-09-12T22:23:31+00:00","dateModified":"2019-09-13T06:29:22+00:00","breadcrumb":{"@id":"https:\/\/kapitalis.com\/tunisie\/2019\/09\/12\/entretien-de-slim-riahi-par-sami-fehri-youssef-chahed-saisit-la-justice\/#breadcrumb"},"inLanguage":"fr-FR","potentialAction":[{"@type":"ReadAction","target":["https:\/\/kapitalis.com\/tunisie\/2019\/09\/12\/entretien-de-slim-riahi-par-sami-fehri-youssef-chahed-saisit-la-justice\/"]}]},{"@type":"ImageObject","inLanguage":"fr-FR","@id":"https:\/\/kapitalis.com\/tunisie\/2019\/09\/12\/entretien-de-slim-riahi-par-sami-fehri-youssef-chahed-saisit-la-justice\/#primaryimage","url":"","contentUrl":""},{"@type":"BreadcrumbList","@id":"https:\/\/kapitalis.com\/tunisie\/2019\/09\/12\/entretien-de-slim-riahi-par-sami-fehri-youssef-chahed-saisit-la-justice\/#breadcrumb","itemListElement":[{"@type":"ListItem","position":1,"name":"Accueil","item":"https:\/\/kapitalis.com\/tunisie\/"},{"@type":"ListItem","position":2,"name":"Entretien de Slim Riahi par Sami Fehri : Youssef Chahed saisit la justice"}]},{"@type":"WebSite","@id":"https:\/\/kapitalis.com\/tunisie\/#website","url":"https:\/\/kapitalis.com\/tunisie\/","name":"Kapitalis","description":"L&#039;actualit\u00e9 en Tunisie et dans le monde","publisher":{"@id":"https:\/\/kapitalis.com\/tunisie\/#organization"},"potentialAction":[{"@type":"SearchAction","target":{"@type":"EntryPoint","urlTemplate":"https:\/\/kapitalis.com\/tunisie\/?s={search_term_string}"},"query-input":{"@type":"PropertyValueSpecification","valueRequired":true,"valueName":"search_term_string"}}],"inLanguage":"fr-FR"},{"@type":"Organization","@id":"https:\/\/kapitalis.com\/tunisie\/#organization","name":"Kapitalis","url":"https:\/\/kapitalis.com\/tunisie\/","logo":{"@type":"ImageObject","inLanguage":"fr-FR","@id":"https:\/\/kapitalis.com\/tunisie\/#\/schema\/logo\/image\/","url":"https:\/\/kapitalis.com\/tunisie\/wp-content\/uploads\/2022\/05\/Kapitalis-big-size.png","contentUrl":"https:\/\/kapitalis.com\/tunisie\/wp-content\/uploads\/2022\/05\/Kapitalis-big-size.png","width":5000,"height":1500,"caption":"Kapitalis"},"image":{"@id":"https:\/\/kapitalis.com\/tunisie\/#\/schema\/logo\/image\/"},"sameAs":["https:\/\/www.facebook.com\/KapitalisInfo\/","https:\/\/x.com\/KapitalisInfo","https:\/\/www.youtube.com\/channel\/UC-yDYrHyfFBWWZaOw3FPg9Q"]},{"@type":"Person","@id":"https:\/\/kapitalis.com\/tunisie\/#\/schema\/person\/74bbde0154d49d790a92aaeac5bc01d5","name":"Yusra NY","url":"https:\/\/kapitalis.com\/tunisie\/author\/yuza_adam\/"}]}},"_links":{"self":[{"href":"https:\/\/kapitalis.com\/tunisie\/wp-json\/wp\/v2\/posts\/239230","targetHints":{"allow":["GET"]}}],"collection":[{"href":"https:\/\/kapitalis.com\/tunisie\/wp-json\/wp\/v2\/posts"}],"about":[{"href":"https:\/\/kapitalis.com\/tunisie\/wp-json\/wp\/v2\/types\/post"}],"author":[{"embeddable":true,"href":"https:\/\/kapitalis.com\/tunisie\/wp-json\/wp\/v2\/users\/6"}],"replies":[{"embeddable":true,"href":"https:\/\/kapitalis.com\/tunisie\/wp-json\/wp\/v2\/comments?post=239230"}],"version-history":[{"count":0,"href":"https:\/\/kapitalis.com\/tunisie\/wp-json\/wp\/v2\/posts\/239230\/revisions"}],"wp:featuredmedia":[{"embeddable":true,"href":"https:\/\/kapitalis.com\/tunisie\/wp-json\/wp\/v2\/media\/239233"}],"wp:attachment":[{"href":"https:\/\/kapitalis.com\/tunisie\/wp-json\/wp\/v2\/media?parent=239230"}],"wp:term":[{"taxonomy":"category","embeddable":true,"href":"https:\/\/kapitalis.com\/tunisie\/wp-json\/wp\/v2\/categories?post=239230"},{"taxonomy":"post_tag","embeddable":true,"href":"https:\/\/kapitalis.com\/tunisie\/wp-json\/wp\/v2\/tags?post=239230"}],"curies":[{"name":"wp","href":"https:\/\/api.w.org\/{rel}","templated":true}]}}