{"id":239461,"date":"2019-09-13T17:54:55","date_gmt":"2019-09-13T16:54:55","guid":{"rendered":"http:\/\/kapitalis.com\/tunisie\/?p=239461"},"modified":"2019-09-13T18:06:46","modified_gmt":"2019-09-13T17:06:46","slug":"presidentielle-la-justice-rejette-la-pourvoi-de-nabil-karoui-qui-reste-en-prison","status":"publish","type":"post","link":"https:\/\/kapitalis.com\/tunisie\/2019\/09\/13\/presidentielle-la-justice-rejette-la-pourvoi-de-nabil-karoui-qui-reste-en-prison\/","title":{"rendered":"Pr\u00e9sidentielle : La justice rejette la pourvoi de Nabil Karoui, qui reste en prison"},"content":{"rendered":"\n<figure class=\"wp-block-image\"><img decoding=\"async\" src=\"http:\/\/kapitalis.com\/tunisie\/wp-content\/uploads\/2019\/09\/Nabil-Karoui-prison.jpg\" alt=\"\" class=\"wp-image-239470\"\/><\/figure>\n\n\n\n<p><strong><em>La Cour de cassation a rejet\u00e9 aujourd&rsquo;hui, vendredi 13 septembre 2019, la demande de pourvoi du candidat \u00e0 la pr\u00e9sidentielle de Qalb Tounes (Au coeur de la Tunisie), Nabil Karoui, en d\u00e9tention depuis le 23 ao\u00fbt dernier, pour des affaires de corruption et de blanchiment d&rsquo;argent.<\/em><\/strong><\/p>\n\n\n\n<!--more-->\n\n\n\n<p>Nabil Karoui, qui a entam\u00e9, hier, une gr\u00e8ve de la faim demeure donc maintenu en prison, en attendant son jugement, dont la date n&rsquo;a pas encore \u00e9t\u00e9 fix\u00e9e.<\/p>\n\n\n\n<p>Il est \u00e0 noter que si le candidat de Qalb Tounes, dont l\u2019emprisonnement n&rsquo;a pas annul\u00e9 sa candidature dans la course pour Carthage, passe au 2e tour des \u00e9lections et remporte ce scrutin, il sera juridiquement pr\u00e9sident de la r\u00e9publique.<\/p>\n\n\n\n<p>Son immunit\u00e9 pr\u00e9sidentielle prendra imm\u00e9diatement effet et durera 5 ans, le temps de son mandat (article 87.1 de la Constitution). Il pourra alors quitter la prison et rejoindre Carthage, m\u00eame en l&rsquo;absence de jugement \u2026<\/p>\n\n\n\n<p style=\"text-align:right\"><strong>Y. N.<\/strong><\/p>\n\n\n\n<figure class=\"wp-block-embed is-type-rich is-provider-kapitalis\"><div class=\"wp-block-embed__wrapper\">\n<blockquote class=\"wp-embedded-content\" data-secret=\"269yho77wG\"><a href=\"https:\/\/kapitalis.com\/tunisie\/2019\/09\/12\/presidentielle-nabil-karoui-entame-une-greve-de-la-faim-a-la-prison-de-mornaguia\/\">Pr\u00e9sidentielle : Nabil Karoui entame une gr\u00e8ve de la faim \u00e0 la prison de Mornaguia<\/a><\/blockquote><iframe loading=\"lazy\" class=\"wp-embedded-content\" sandbox=\"allow-scripts\" security=\"restricted\" style=\"position: absolute; clip: rect(1px, 1px, 1px, 1px);\" title=\"\u00ab\u00a0Pr\u00e9sidentielle : Nabil Karoui entame une gr\u00e8ve de la faim \u00e0 la prison de Mornaguia\u00a0\u00bb &#8212; Kapitalis\" src=\"https:\/\/kapitalis.com\/tunisie\/2019\/09\/12\/presidentielle-nabil-karoui-entame-une-greve-de-la-faim-a-la-prison-de-mornaguia\/embed\/#?secret=yelxXezTbg#?secret=269yho77wG\" data-secret=\"269yho77wG\" width=\"600\" height=\"338\" frameborder=\"0\" marginwidth=\"0\" marginheight=\"0\" scrolling=\"no\"><\/iframe>\n<\/div><\/figure>\n\n\n\n<figure class=\"wp-block-embed is-type-rich is-provider-kapitalis\"><div class=\"wp-block-embed__wrapper\">\n<blockquote class=\"wp-embedded-content\" data-secret=\"rPcFe3d2s7\"><a href=\"https:\/\/kapitalis.com\/tunisie\/2019\/08\/23\/faisant-lobjet-dun-mandat-de-depot-nabil-karoui-arrete-a-une-station-de-peage-a-medjez-el-bab\/\">Faisant l&rsquo;objet d&rsquo;un mandat de d\u00e9p\u00f4t : Nabil Karoui arr\u00eat\u00e9 \u00e0 une station de p\u00e9age \u00e0 Medjez El Bab<\/a><\/blockquote><iframe loading=\"lazy\" class=\"wp-embedded-content\" sandbox=\"allow-scripts\" security=\"restricted\" style=\"position: absolute; clip: rect(1px, 1px, 1px, 1px);\" title=\"\u00ab\u00a0Faisant l&rsquo;objet d&rsquo;un mandat de d\u00e9p\u00f4t : Nabil Karoui arr\u00eat\u00e9 \u00e0 une station de p\u00e9age \u00e0 Medjez El Bab\u00a0\u00bb &#8212; Kapitalis\" src=\"https:\/\/kapitalis.com\/tunisie\/2019\/08\/23\/faisant-lobjet-dun-mandat-de-depot-nabil-karoui-arrete-a-une-station-de-peage-a-medjez-el-bab\/embed\/#?secret=JBDPqFwhDz#?secret=rPcFe3d2s7\" data-secret=\"rPcFe3d2s7\" width=\"600\" height=\"338\" frameborder=\"0\" marginwidth=\"0\" marginheight=\"0\" scrolling=\"no\"><\/iframe>\n<\/div><\/figure>\n","protected":false},"excerpt":{"rendered":"<p>La Cour de cassation a rejet\u00e9 aujourd&rsquo;hui, vendredi 13 septembre 2019, la demande de pourvoi du candidat \u00e0 la pr\u00e9sidentielle de Qalb Tounes (Au coeur de la Tunisie), Nabil Karoui, en d\u00e9tention depuis le 23 ao\u00fbt dernier, pour des affaires de corruption et de blanchiment d&rsquo;argent.<\/p>\n","protected":false},"author":6,"featured_media":239470,"comment_status":"open","ping_status":"open","sticky":false,"template":"","format":"standard","meta":{"footnotes":""},"categories":[997,2433],"tags":[1070,64355,651,4797,1314,61989,11381],"class_list":["post-239461","post","type-post","status-publish","format-standard","has-post-thumbnail","hentry","category-politique","category-tunisie","tag-election","tag-justice","tag-nabil-karoui","tag-presidentielle","tag-prison","tag-qalb-tounes","tag-recours"],"yoast_head":"<!-- This site is optimized with the Yoast SEO plugin v26.6 - https:\/\/yoast.com\/wordpress\/plugins\/seo\/ -->\n<title>Pr\u00e9sidentielle : La justice rejette la pourvoi de Nabil Karoui, qui reste en prison - Kapitalis<\/title>\n<meta name=\"robots\" content=\"index, follow, max-snippet:-1, max-image-preview:large, max-video-preview:-1\" \/>\n<link rel=\"canonical\" href=\"https:\/\/kapitalis.com\/tunisie\/2019\/09\/13\/presidentielle-la-justice-rejette-la-pourvoi-de-nabil-karoui-qui-reste-en-prison\/\" \/>\n<meta property=\"og:locale\" content=\"fr_FR\" \/>\n<meta property=\"og:type\" content=\"article\" \/>\n<meta property=\"og:title\" content=\"Pr\u00e9sidentielle : La justice rejette la pourvoi de Nabil Karoui, qui reste en prison - Kapitalis\" \/>\n<meta property=\"og:description\" content=\"La Cour de cassation a rejet\u00e9 aujourd&rsquo;hui, vendredi 13 septembre 2019, la demande de pourvoi du candidat \u00e0 la pr\u00e9sidentielle de Qalb Tounes (Au coeur de la Tunisie), Nabil Karoui, en d\u00e9tention depuis le 23 ao\u00fbt dernier, pour des affaires de corruption et de blanchiment d&rsquo;argent.\" \/>\n<meta property=\"og:url\" content=\"https:\/\/kapitalis.com\/tunisie\/2019\/09\/13\/presidentielle-la-justice-rejette-la-pourvoi-de-nabil-karoui-qui-reste-en-prison\/\" \/>\n<meta property=\"og:site_name\" content=\"Kapitalis\" \/>\n<meta property=\"article:publisher\" content=\"https:\/\/www.facebook.com\/KapitalisInfo\/\" \/>\n<meta property=\"article:published_time\" content=\"2019-09-13T16:54:55+00:00\" \/>\n<meta property=\"article:modified_time\" content=\"2019-09-13T17:06:46+00:00\" \/>\n<meta property=\"og:image\" content=\"https:\/\/kapitalis.com\/tunisie\/wp-content\/uploads\/2022\/05\/kapitalis-logo-fb.png\" \/>\n\t<meta property=\"og:image:width\" content=\"1200\" \/>\n\t<meta property=\"og:image:height\" content=\"630\" \/>\n\t<meta property=\"og:image:type\" content=\"image\/png\" \/>\n<meta name=\"author\" content=\"Yusra NY\" \/>\n<meta name=\"twitter:card\" content=\"summary_large_image\" \/>\n<meta name=\"twitter:creator\" content=\"@KapitalisInfo\" \/>\n<meta name=\"twitter:site\" content=\"@KapitalisInfo\" \/>\n<meta name=\"twitter:label1\" content=\"\u00c9crit par\" \/>\n\t<meta name=\"twitter:data1\" content=\"Yusra NY\" \/>\n\t<meta name=\"twitter:label2\" content=\"Dur\u00e9e de lecture estim\u00e9e\" \/>\n\t<meta name=\"twitter:data2\" content=\"1 minute\" \/>\n<script type=\"application\/ld+json\" class=\"yoast-schema-graph\">{\"@context\":\"https:\/\/schema.org\",\"@graph\":[{\"@type\":\"Article\",\"@id\":\"https:\/\/kapitalis.com\/tunisie\/2019\/09\/13\/presidentielle-la-justice-rejette-la-pourvoi-de-nabil-karoui-qui-reste-en-prison\/#article\",\"isPartOf\":{\"@id\":\"https:\/\/kapitalis.com\/tunisie\/2019\/09\/13\/presidentielle-la-justice-rejette-la-pourvoi-de-nabil-karoui-qui-reste-en-prison\/\"},\"author\":{\"name\":\"Yusra NY\",\"@id\":\"https:\/\/kapitalis.com\/tunisie\/#\/schema\/person\/74bbde0154d49d790a92aaeac5bc01d5\"},\"headline\":\"Pr\u00e9sidentielle : La justice rejette la pourvoi de Nabil Karoui, qui reste en prison\",\"datePublished\":\"2019-09-13T16:54:55+00:00\",\"dateModified\":\"2019-09-13T17:06:46+00:00\",\"mainEntityOfPage\":{\"@id\":\"https:\/\/kapitalis.com\/tunisie\/2019\/09\/13\/presidentielle-la-justice-rejette-la-pourvoi-de-nabil-karoui-qui-reste-en-prison\/\"},\"wordCount\":178,\"commentCount\":1,\"publisher\":{\"@id\":\"https:\/\/kapitalis.com\/tunisie\/#organization\"},\"image\":{\"@id\":\"https:\/\/kapitalis.com\/tunisie\/2019\/09\/13\/presidentielle-la-justice-rejette-la-pourvoi-de-nabil-karoui-qui-reste-en-prison\/#primaryimage\"},\"thumbnailUrl\":\"\",\"keywords\":[\"\u00e9lection\",\"justice\",\"Nabil Karoui\",\"pr\u00e9sidentielle\",\"prison\",\"Qalb Tounes\",\"recours\"],\"articleSection\":[\"POLITIQUE\",\"Tunisie\"],\"inLanguage\":\"fr-FR\",\"potentialAction\":[{\"@type\":\"CommentAction\",\"name\":\"Comment\",\"target\":[\"https:\/\/kapitalis.com\/tunisie\/2019\/09\/13\/presidentielle-la-justice-rejette-la-pourvoi-de-nabil-karoui-qui-reste-en-prison\/#respond\"]}]},{\"@type\":\"WebPage\",\"@id\":\"https:\/\/kapitalis.com\/tunisie\/2019\/09\/13\/presidentielle-la-justice-rejette-la-pourvoi-de-nabil-karoui-qui-reste-en-prison\/\",\"url\":\"https:\/\/kapitalis.com\/tunisie\/2019\/09\/13\/presidentielle-la-justice-rejette-la-pourvoi-de-nabil-karoui-qui-reste-en-prison\/\",\"name\":\"Pr\u00e9sidentielle : La justice rejette la pourvoi de Nabil Karoui, qui reste en prison - Kapitalis\",\"isPartOf\":{\"@id\":\"https:\/\/kapitalis.com\/tunisie\/#website\"},\"primaryImageOfPage\":{\"@id\":\"https:\/\/kapitalis.com\/tunisie\/2019\/09\/13\/presidentielle-la-justice-rejette-la-pourvoi-de-nabil-karoui-qui-reste-en-prison\/#primaryimage\"},\"image\":{\"@id\":\"https:\/\/kapitalis.com\/tunisie\/2019\/09\/13\/presidentielle-la-justice-rejette-la-pourvoi-de-nabil-karoui-qui-reste-en-prison\/#primaryimage\"},\"thumbnailUrl\":\"\",\"datePublished\":\"2019-09-13T16:54:55+00:00\",\"dateModified\":\"2019-09-13T17:06:46+00:00\",\"breadcrumb\":{\"@id\":\"https:\/\/kapitalis.com\/tunisie\/2019\/09\/13\/presidentielle-la-justice-rejette-la-pourvoi-de-nabil-karoui-qui-reste-en-prison\/#breadcrumb\"},\"inLanguage\":\"fr-FR\",\"potentialAction\":[{\"@type\":\"ReadAction\",\"target\":[\"https:\/\/kapitalis.com\/tunisie\/2019\/09\/13\/presidentielle-la-justice-rejette-la-pourvoi-de-nabil-karoui-qui-reste-en-prison\/\"]}]},{\"@type\":\"ImageObject\",\"inLanguage\":\"fr-FR\",\"@id\":\"https:\/\/kapitalis.com\/tunisie\/2019\/09\/13\/presidentielle-la-justice-rejette-la-pourvoi-de-nabil-karoui-qui-reste-en-prison\/#primaryimage\",\"url\":\"\",\"contentUrl\":\"\"},{\"@type\":\"BreadcrumbList\",\"@id\":\"https:\/\/kapitalis.com\/tunisie\/2019\/09\/13\/presidentielle-la-justice-rejette-la-pourvoi-de-nabil-karoui-qui-reste-en-prison\/#breadcrumb\",\"itemListElement\":[{\"@type\":\"ListItem\",\"position\":1,\"name\":\"Accueil\",\"item\":\"https:\/\/kapitalis.com\/tunisie\/\"},{\"@type\":\"ListItem\",\"position\":2,\"name\":\"Pr\u00e9sidentielle : La justice rejette la pourvoi de Nabil Karoui, qui reste en prison\"}]},{\"@type\":\"WebSite\",\"@id\":\"https:\/\/kapitalis.com\/tunisie\/#website\",\"url\":\"https:\/\/kapitalis.com\/tunisie\/\",\"name\":\"Kapitalis\",\"description\":\"L&#039;actualit\u00e9 en Tunisie et dans le monde\",\"publisher\":{\"@id\":\"https:\/\/kapitalis.com\/tunisie\/#organization\"},\"potentialAction\":[{\"@type\":\"SearchAction\",\"target\":{\"@type\":\"EntryPoint\",\"urlTemplate\":\"https:\/\/kapitalis.com\/tunisie\/?s={search_term_string}\"},\"query-input\":{\"@type\":\"PropertyValueSpecification\",\"valueRequired\":true,\"valueName\":\"search_term_string\"}}],\"inLanguage\":\"fr-FR\"},{\"@type\":\"Organization\",\"@id\":\"https:\/\/kapitalis.com\/tunisie\/#organization\",\"name\":\"Kapitalis\",\"url\":\"https:\/\/kapitalis.com\/tunisie\/\",\"logo\":{\"@type\":\"ImageObject\",\"inLanguage\":\"fr-FR\",\"@id\":\"https:\/\/kapitalis.com\/tunisie\/#\/schema\/logo\/image\/\",\"url\":\"https:\/\/kapitalis.com\/tunisie\/wp-content\/uploads\/2022\/05\/Kapitalis-big-size.png\",\"contentUrl\":\"https:\/\/kapitalis.com\/tunisie\/wp-content\/uploads\/2022\/05\/Kapitalis-big-size.png\",\"width\":5000,\"height\":1500,\"caption\":\"Kapitalis\"},\"image\":{\"@id\":\"https:\/\/kapitalis.com\/tunisie\/#\/schema\/logo\/image\/\"},\"sameAs\":[\"https:\/\/www.facebook.com\/KapitalisInfo\/\",\"https:\/\/x.com\/KapitalisInfo\",\"https:\/\/www.youtube.com\/channel\/UC-yDYrHyfFBWWZaOw3FPg9Q\"]},{\"@type\":\"Person\",\"@id\":\"https:\/\/kapitalis.com\/tunisie\/#\/schema\/person\/74bbde0154d49d790a92aaeac5bc01d5\",\"name\":\"Yusra NY\",\"url\":\"https:\/\/kapitalis.com\/tunisie\/author\/yuza_adam\/\"}]}<\/script>\n<!-- \/ Yoast SEO plugin. -->","yoast_head_json":{"title":"Pr\u00e9sidentielle : La justice rejette la pourvoi de Nabil Karoui, qui reste en prison - Kapitalis","robots":{"index":"index","follow":"follow","max-snippet":"max-snippet:-1","max-image-preview":"max-image-preview:large","max-video-preview":"max-video-preview:-1"},"canonical":"https:\/\/kapitalis.com\/tunisie\/2019\/09\/13\/presidentielle-la-justice-rejette-la-pourvoi-de-nabil-karoui-qui-reste-en-prison\/","og_locale":"fr_FR","og_type":"article","og_title":"Pr\u00e9sidentielle : La justice rejette la pourvoi de Nabil Karoui, qui reste en prison - Kapitalis","og_description":"La Cour de cassation a rejet\u00e9 aujourd&rsquo;hui, vendredi 13 septembre 2019, la demande de pourvoi du candidat \u00e0 la pr\u00e9sidentielle de Qalb Tounes (Au coeur de la Tunisie), Nabil Karoui, en d\u00e9tention depuis le 23 ao\u00fbt dernier, pour des affaires de corruption et de blanchiment d&rsquo;argent.","og_url":"https:\/\/kapitalis.com\/tunisie\/2019\/09\/13\/presidentielle-la-justice-rejette-la-pourvoi-de-nabil-karoui-qui-reste-en-prison\/","og_site_name":"Kapitalis","article_publisher":"https:\/\/www.facebook.com\/KapitalisInfo\/","article_published_time":"2019-09-13T16:54:55+00:00","article_modified_time":"2019-09-13T17:06:46+00:00","og_image":[{"width":1200,"height":630,"url":"https:\/\/kapitalis.com\/tunisie\/wp-content\/uploads\/2022\/05\/kapitalis-logo-fb.png","type":"image\/png"}],"author":"Yusra NY","twitter_card":"summary_large_image","twitter_creator":"@KapitalisInfo","twitter_site":"@KapitalisInfo","twitter_misc":{"\u00c9crit par":"Yusra NY","Dur\u00e9e de lecture estim\u00e9e":"1 minute"},"schema":{"@context":"https:\/\/schema.org","@graph":[{"@type":"Article","@id":"https:\/\/kapitalis.com\/tunisie\/2019\/09\/13\/presidentielle-la-justice-rejette-la-pourvoi-de-nabil-karoui-qui-reste-en-prison\/#article","isPartOf":{"@id":"https:\/\/kapitalis.com\/tunisie\/2019\/09\/13\/presidentielle-la-justice-rejette-la-pourvoi-de-nabil-karoui-qui-reste-en-prison\/"},"author":{"name":"Yusra NY","@id":"https:\/\/kapitalis.com\/tunisie\/#\/schema\/person\/74bbde0154d49d790a92aaeac5bc01d5"},"headline":"Pr\u00e9sidentielle : La justice rejette la pourvoi de Nabil Karoui, qui reste en prison","datePublished":"2019-09-13T16:54:55+00:00","dateModified":"2019-09-13T17:06:46+00:00","mainEntityOfPage":{"@id":"https:\/\/kapitalis.com\/tunisie\/2019\/09\/13\/presidentielle-la-justice-rejette-la-pourvoi-de-nabil-karoui-qui-reste-en-prison\/"},"wordCount":178,"commentCount":1,"publisher":{"@id":"https:\/\/kapitalis.com\/tunisie\/#organization"},"image":{"@id":"https:\/\/kapitalis.com\/tunisie\/2019\/09\/13\/presidentielle-la-justice-rejette-la-pourvoi-de-nabil-karoui-qui-reste-en-prison\/#primaryimage"},"thumbnailUrl":"","keywords":["\u00e9lection","justice","Nabil Karoui","pr\u00e9sidentielle","prison","Qalb Tounes","recours"],"articleSection":["POLITIQUE","Tunisie"],"inLanguage":"fr-FR","potentialAction":[{"@type":"CommentAction","name":"Comment","target":["https:\/\/kapitalis.com\/tunisie\/2019\/09\/13\/presidentielle-la-justice-rejette-la-pourvoi-de-nabil-karoui-qui-reste-en-prison\/#respond"]}]},{"@type":"WebPage","@id":"https:\/\/kapitalis.com\/tunisie\/2019\/09\/13\/presidentielle-la-justice-rejette-la-pourvoi-de-nabil-karoui-qui-reste-en-prison\/","url":"https:\/\/kapitalis.com\/tunisie\/2019\/09\/13\/presidentielle-la-justice-rejette-la-pourvoi-de-nabil-karoui-qui-reste-en-prison\/","name":"Pr\u00e9sidentielle : La justice rejette la pourvoi de Nabil Karoui, qui reste en prison - Kapitalis","isPartOf":{"@id":"https:\/\/kapitalis.com\/tunisie\/#website"},"primaryImageOfPage":{"@id":"https:\/\/kapitalis.com\/tunisie\/2019\/09\/13\/presidentielle-la-justice-rejette-la-pourvoi-de-nabil-karoui-qui-reste-en-prison\/#primaryimage"},"image":{"@id":"https:\/\/kapitalis.com\/tunisie\/2019\/09\/13\/presidentielle-la-justice-rejette-la-pourvoi-de-nabil-karoui-qui-reste-en-prison\/#primaryimage"},"thumbnailUrl":"","datePublished":"2019-09-13T16:54:55+00:00","dateModified":"2019-09-13T17:06:46+00:00","breadcrumb":{"@id":"https:\/\/kapitalis.com\/tunisie\/2019\/09\/13\/presidentielle-la-justice-rejette-la-pourvoi-de-nabil-karoui-qui-reste-en-prison\/#breadcrumb"},"inLanguage":"fr-FR","potentialAction":[{"@type":"ReadAction","target":["https:\/\/kapitalis.com\/tunisie\/2019\/09\/13\/presidentielle-la-justice-rejette-la-pourvoi-de-nabil-karoui-qui-reste-en-prison\/"]}]},{"@type":"ImageObject","inLanguage":"fr-FR","@id":"https:\/\/kapitalis.com\/tunisie\/2019\/09\/13\/presidentielle-la-justice-rejette-la-pourvoi-de-nabil-karoui-qui-reste-en-prison\/#primaryimage","url":"","contentUrl":""},{"@type":"BreadcrumbList","@id":"https:\/\/kapitalis.com\/tunisie\/2019\/09\/13\/presidentielle-la-justice-rejette-la-pourvoi-de-nabil-karoui-qui-reste-en-prison\/#breadcrumb","itemListElement":[{"@type":"ListItem","position":1,"name":"Accueil","item":"https:\/\/kapitalis.com\/tunisie\/"},{"@type":"ListItem","position":2,"name":"Pr\u00e9sidentielle : La justice rejette la pourvoi de Nabil Karoui, qui reste en prison"}]},{"@type":"WebSite","@id":"https:\/\/kapitalis.com\/tunisie\/#website","url":"https:\/\/kapitalis.com\/tunisie\/","name":"Kapitalis","description":"L&#039;actualit\u00e9 en Tunisie et dans le monde","publisher":{"@id":"https:\/\/kapitalis.com\/tunisie\/#organization"},"potentialAction":[{"@type":"SearchAction","target":{"@type":"EntryPoint","urlTemplate":"https:\/\/kapitalis.com\/tunisie\/?s={search_term_string}"},"query-input":{"@type":"PropertyValueSpecification","valueRequired":true,"valueName":"search_term_string"}}],"inLanguage":"fr-FR"},{"@type":"Organization","@id":"https:\/\/kapitalis.com\/tunisie\/#organization","name":"Kapitalis","url":"https:\/\/kapitalis.com\/tunisie\/","logo":{"@type":"ImageObject","inLanguage":"fr-FR","@id":"https:\/\/kapitalis.com\/tunisie\/#\/schema\/logo\/image\/","url":"https:\/\/kapitalis.com\/tunisie\/wp-content\/uploads\/2022\/05\/Kapitalis-big-size.png","contentUrl":"https:\/\/kapitalis.com\/tunisie\/wp-content\/uploads\/2022\/05\/Kapitalis-big-size.png","width":5000,"height":1500,"caption":"Kapitalis"},"image":{"@id":"https:\/\/kapitalis.com\/tunisie\/#\/schema\/logo\/image\/"},"sameAs":["https:\/\/www.facebook.com\/KapitalisInfo\/","https:\/\/x.com\/KapitalisInfo","https:\/\/www.youtube.com\/channel\/UC-yDYrHyfFBWWZaOw3FPg9Q"]},{"@type":"Person","@id":"https:\/\/kapitalis.com\/tunisie\/#\/schema\/person\/74bbde0154d49d790a92aaeac5bc01d5","name":"Yusra NY","url":"https:\/\/kapitalis.com\/tunisie\/author\/yuza_adam\/"}]}},"_links":{"self":[{"href":"https:\/\/kapitalis.com\/tunisie\/wp-json\/wp\/v2\/posts\/239461","targetHints":{"allow":["GET"]}}],"collection":[{"href":"https:\/\/kapitalis.com\/tunisie\/wp-json\/wp\/v2\/posts"}],"about":[{"href":"https:\/\/kapitalis.com\/tunisie\/wp-json\/wp\/v2\/types\/post"}],"author":[{"embeddable":true,"href":"https:\/\/kapitalis.com\/tunisie\/wp-json\/wp\/v2\/users\/6"}],"replies":[{"embeddable":true,"href":"https:\/\/kapitalis.com\/tunisie\/wp-json\/wp\/v2\/comments?post=239461"}],"version-history":[{"count":0,"href":"https:\/\/kapitalis.com\/tunisie\/wp-json\/wp\/v2\/posts\/239461\/revisions"}],"wp:featuredmedia":[{"embeddable":true,"href":"https:\/\/kapitalis.com\/tunisie\/wp-json\/wp\/v2\/media\/239470"}],"wp:attachment":[{"href":"https:\/\/kapitalis.com\/tunisie\/wp-json\/wp\/v2\/media?parent=239461"}],"wp:term":[{"taxonomy":"category","embeddable":true,"href":"https:\/\/kapitalis.com\/tunisie\/wp-json\/wp\/v2\/categories?post=239461"},{"taxonomy":"post_tag","embeddable":true,"href":"https:\/\/kapitalis.com\/tunisie\/wp-json\/wp\/v2\/tags?post=239461"}],"curies":[{"name":"wp","href":"https:\/\/api.w.org\/{rel}","templated":true}]}}