{"id":239624,"date":"2019-09-14T10:37:13","date_gmt":"2019-09-14T09:37:13","guid":{"rendered":"http:\/\/kapitalis.com\/tunisie\/?p=239624"},"modified":"2019-09-14T10:37:22","modified_gmt":"2019-09-14T09:37:22","slug":"ligue-des-champions-letoile-du-sahel-laisse-rami-bedoui-et-alaya-brigui-a-la-maison","status":"publish","type":"post","link":"https:\/\/kapitalis.com\/tunisie\/2019\/09\/14\/ligue-des-champions-letoile-du-sahel-laisse-rami-bedoui-et-alaya-brigui-a-la-maison\/","title":{"rendered":"Ligue des champions : L\u2019Etoile du Sahel laisse Rami Bedoui et Alaya Brigui \u00e0 la maison"},"content":{"rendered":"\n<figure class=\"wp-block-image\"><img decoding=\"async\" src=\"http:\/\/kapitalis.com\/tunisie\/wp-content\/uploads\/2019\/08\/Etoile-du-Sahel-2019.jpg\" alt=\"\" class=\"wp-image-232438\"\/><\/figure>\n\n\n\n<p><strong><em>Apr\u00e8s avoir battu le Hafia Conakry en pr\u00e9liminaires de la Ligue des Champions, l\u2019Etoile sportive du Sahel (ESS) jouera la qualification au tournoi de groupes, en affrontant les Ghan\u00e9ens d\u2019Asante Kotoko, demain, dimanche 15 septembre 2019, \u00e0 partir de 16h00 (HT) au stade Baba Yaro de Kumasi, seconde grande ville situ\u00e9e \u00e0 quelques 500 km de la capitale Accra.<\/em><\/strong><br><\/p>\n\n\n\n<!--more-->\n\n\n\n<p> La liste des 19 joueurs retenus par Faouzi Benzarti pour ce d\u00e9placement retient particuli\u00e8rement l\u2019attention. Deux \u00e9l\u00e9ments sont \u00e9ject\u00e9s du groupe : l\u2019international Rami Bedoui qui ne joue plus avec son \u00e9quipe (mais qui est toujours convoqu\u00e9 en s\u00e9lection) et Alaya Brigui, tr\u00e8s contest\u00e9 par les supporteurs et que l\u2019entra\u00eeneur de l\u2019ESS a laiss\u00e9 \u00e0 la maison.<br><\/p>\n\n\n\n<p> L\u2019autre international \u00e9toil\u00e9, Wajdi Kechrida, totalement remis de sa blessure, n\u2019est pas lui aussi du voyage, simplement parce qu\u2019il n\u2019\u00e9tait pas inscrit sur la premi\u00e8re liste africaine.<br><\/p>\n\n\n\n<p> En l\u2019absence de Kechrida, le poste de lat\u00e9ral droit sera confi\u00e9 \u00e0 Maher Hanachi.<br><\/p>\n\n\n\n<p> Faouzi Benzarti a convoqu\u00e9 le d\u00e9fenseur international olympique Bahaeddine Sellami pour toute pr\u00e9caution.<br><\/p>\n\n\n\n<p><strong><em> La liste des joueurs retenus :<\/em><\/strong> Makrem Bediri, Achraf Krir, Omar Kounat\u00e9, Saddam Ben Aziza, Zied Boughattas, Bahaeddine Sellami, Ammar Jemal, Maher Hannachi, Ahmed Raddaoui, Mortadha Ben Ouanes, Salim Boukhenchouche, Malek Baayou, Hamza Lahmar, Firas Belarbi, Yanis Tafer, Bilel Mejri, Karim Laaribi, Darwin Gonzalez, Hazem Haj Hassan. <br><\/p>\n\n\n\n<p style=\"text-align:right\"><strong> H. M.<\/strong> <\/p>\n","protected":false},"excerpt":{"rendered":"<p>Apr\u00e8s avoir battu le Hafia Conakry en pr\u00e9liminaires de la Ligue des Champions, l\u2019Etoile sportive du Sahel (ESS) jouera la qualification au tournoi de groupes, en affrontant les Ghan\u00e9ens d\u2019Asante Kotoko, demain, dimanche 15 septembre 2019, \u00e0 partir de 16h00 (HT) au stade Baba Yaro de Kumasi, seconde grande ville situ\u00e9e \u00e0 quelques 500 km&#8230;<\/p>\n","protected":false},"author":8,"featured_media":0,"comment_status":"open","ping_status":"open","sticky":false,"template":"","format":"standard","meta":{"footnotes":""},"categories":[999,2433],"tags":[33280,64375,1852,32114,34000],"class_list":["post-239624","post","type-post","status-publish","format-standard","hentry","category-sport","category-tunisie","tag-alaya-brigui","tag-asante-kotoko","tag-faouzi-benzarti","tag-rami-bedoui","tag-wajdi-kechrida"],"yoast_head":"<!-- This site is optimized with the Yoast SEO plugin v26.6 - https:\/\/yoast.com\/wordpress\/plugins\/seo\/ -->\n<title>Ligue des champions : L\u2019Etoile du Sahel laisse Rami Bedoui et Alaya Brigui \u00e0 la maison - Kapitalis<\/title>\n<meta name=\"robots\" content=\"index, follow, max-snippet:-1, max-image-preview:large, max-video-preview:-1\" \/>\n<link rel=\"canonical\" href=\"https:\/\/kapitalis.com\/tunisie\/2019\/09\/14\/ligue-des-champions-letoile-du-sahel-laisse-rami-bedoui-et-alaya-brigui-a-la-maison\/\" \/>\n<meta property=\"og:locale\" content=\"fr_FR\" \/>\n<meta property=\"og:type\" content=\"article\" \/>\n<meta property=\"og:title\" content=\"Ligue des champions : L\u2019Etoile du Sahel laisse Rami Bedoui et Alaya Brigui \u00e0 la maison - Kapitalis\" \/>\n<meta property=\"og:description\" content=\"Apr\u00e8s avoir battu le Hafia Conakry en pr\u00e9liminaires de la Ligue des Champions, l\u2019Etoile sportive du Sahel (ESS) jouera la qualification au tournoi de groupes, en affrontant les Ghan\u00e9ens d\u2019Asante Kotoko, demain, dimanche 15 septembre 2019, \u00e0 partir de 16h00 (HT) au stade Baba Yaro de Kumasi, seconde grande ville situ\u00e9e \u00e0 quelques 500 km...\" \/>\n<meta property=\"og:url\" content=\"https:\/\/kapitalis.com\/tunisie\/2019\/09\/14\/ligue-des-champions-letoile-du-sahel-laisse-rami-bedoui-et-alaya-brigui-a-la-maison\/\" \/>\n<meta property=\"og:site_name\" content=\"Kapitalis\" \/>\n<meta property=\"article:publisher\" content=\"https:\/\/www.facebook.com\/KapitalisInfo\/\" \/>\n<meta property=\"article:published_time\" content=\"2019-09-14T09:37:13+00:00\" \/>\n<meta property=\"article:modified_time\" content=\"2019-09-14T09:37:22+00:00\" \/>\n<meta property=\"og:image\" content=\"http:\/\/kapitalis.com\/tunisie\/wp-content\/uploads\/2019\/08\/Etoile-du-Sahel-2019.jpg\" \/>\n<meta name=\"author\" content=\"webmaster kapitalis\" \/>\n<meta name=\"twitter:card\" content=\"summary_large_image\" \/>\n<meta name=\"twitter:creator\" content=\"@KapitalisInfo\" \/>\n<meta name=\"twitter:site\" content=\"@KapitalisInfo\" \/>\n<meta name=\"twitter:label1\" content=\"\u00c9crit par\" \/>\n\t<meta name=\"twitter:data1\" content=\"webmaster kapitalis\" \/>\n\t<meta name=\"twitter:label2\" content=\"Dur\u00e9e de lecture estim\u00e9e\" \/>\n\t<meta name=\"twitter:data2\" content=\"1 minute\" \/>\n<script type=\"application\/ld+json\" class=\"yoast-schema-graph\">{\"@context\":\"https:\/\/schema.org\",\"@graph\":[{\"@type\":\"Article\",\"@id\":\"https:\/\/kapitalis.com\/tunisie\/2019\/09\/14\/ligue-des-champions-letoile-du-sahel-laisse-rami-bedoui-et-alaya-brigui-a-la-maison\/#article\",\"isPartOf\":{\"@id\":\"https:\/\/kapitalis.com\/tunisie\/2019\/09\/14\/ligue-des-champions-letoile-du-sahel-laisse-rami-bedoui-et-alaya-brigui-a-la-maison\/\"},\"author\":{\"name\":\"webmaster kapitalis\",\"@id\":\"https:\/\/kapitalis.com\/tunisie\/#\/schema\/person\/d71f33a9ca44f7bad4698210b480c8e9\"},\"headline\":\"Ligue des champions : L\u2019Etoile du Sahel laisse Rami Bedoui et Alaya Brigui \u00e0 la maison\",\"datePublished\":\"2019-09-14T09:37:13+00:00\",\"dateModified\":\"2019-09-14T09:37:22+00:00\",\"mainEntityOfPage\":{\"@id\":\"https:\/\/kapitalis.com\/tunisie\/2019\/09\/14\/ligue-des-champions-letoile-du-sahel-laisse-rami-bedoui-et-alaya-brigui-a-la-maison\/\"},\"wordCount\":250,\"commentCount\":0,\"publisher\":{\"@id\":\"https:\/\/kapitalis.com\/tunisie\/#organization\"},\"image\":{\"@id\":\"https:\/\/kapitalis.com\/tunisie\/2019\/09\/14\/ligue-des-champions-letoile-du-sahel-laisse-rami-bedoui-et-alaya-brigui-a-la-maison\/#primaryimage\"},\"thumbnailUrl\":\"http:\/\/kapitalis.com\/tunisie\/wp-content\/uploads\/2019\/08\/Etoile-du-Sahel-2019.jpg\",\"keywords\":[\"Alaya Brigui\",\"Asante Kotoko\",\"Faouzi Benzarti\",\"Rami Bedoui\",\"Wajdi Kechrida\"],\"articleSection\":[\"SPORT\",\"Tunisie\"],\"inLanguage\":\"fr-FR\",\"potentialAction\":[{\"@type\":\"CommentAction\",\"name\":\"Comment\",\"target\":[\"https:\/\/kapitalis.com\/tunisie\/2019\/09\/14\/ligue-des-champions-letoile-du-sahel-laisse-rami-bedoui-et-alaya-brigui-a-la-maison\/#respond\"]}]},{\"@type\":\"WebPage\",\"@id\":\"https:\/\/kapitalis.com\/tunisie\/2019\/09\/14\/ligue-des-champions-letoile-du-sahel-laisse-rami-bedoui-et-alaya-brigui-a-la-maison\/\",\"url\":\"https:\/\/kapitalis.com\/tunisie\/2019\/09\/14\/ligue-des-champions-letoile-du-sahel-laisse-rami-bedoui-et-alaya-brigui-a-la-maison\/\",\"name\":\"Ligue des champions : L\u2019Etoile du Sahel laisse Rami Bedoui et Alaya Brigui \u00e0 la maison - Kapitalis\",\"isPartOf\":{\"@id\":\"https:\/\/kapitalis.com\/tunisie\/#website\"},\"primaryImageOfPage\":{\"@id\":\"https:\/\/kapitalis.com\/tunisie\/2019\/09\/14\/ligue-des-champions-letoile-du-sahel-laisse-rami-bedoui-et-alaya-brigui-a-la-maison\/#primaryimage\"},\"image\":{\"@id\":\"https:\/\/kapitalis.com\/tunisie\/2019\/09\/14\/ligue-des-champions-letoile-du-sahel-laisse-rami-bedoui-et-alaya-brigui-a-la-maison\/#primaryimage\"},\"thumbnailUrl\":\"http:\/\/kapitalis.com\/tunisie\/wp-content\/uploads\/2019\/08\/Etoile-du-Sahel-2019.jpg\",\"datePublished\":\"2019-09-14T09:37:13+00:00\",\"dateModified\":\"2019-09-14T09:37:22+00:00\",\"breadcrumb\":{\"@id\":\"https:\/\/kapitalis.com\/tunisie\/2019\/09\/14\/ligue-des-champions-letoile-du-sahel-laisse-rami-bedoui-et-alaya-brigui-a-la-maison\/#breadcrumb\"},\"inLanguage\":\"fr-FR\",\"potentialAction\":[{\"@type\":\"ReadAction\",\"target\":[\"https:\/\/kapitalis.com\/tunisie\/2019\/09\/14\/ligue-des-champions-letoile-du-sahel-laisse-rami-bedoui-et-alaya-brigui-a-la-maison\/\"]}]},{\"@type\":\"ImageObject\",\"inLanguage\":\"fr-FR\",\"@id\":\"https:\/\/kapitalis.com\/tunisie\/2019\/09\/14\/ligue-des-champions-letoile-du-sahel-laisse-rami-bedoui-et-alaya-brigui-a-la-maison\/#primaryimage\",\"url\":\"\",\"contentUrl\":\"\"},{\"@type\":\"BreadcrumbList\",\"@id\":\"https:\/\/kapitalis.com\/tunisie\/2019\/09\/14\/ligue-des-champions-letoile-du-sahel-laisse-rami-bedoui-et-alaya-brigui-a-la-maison\/#breadcrumb\",\"itemListElement\":[{\"@type\":\"ListItem\",\"position\":1,\"name\":\"Accueil\",\"item\":\"https:\/\/kapitalis.com\/tunisie\/\"},{\"@type\":\"ListItem\",\"position\":2,\"name\":\"Ligue des champions : L\u2019Etoile du Sahel laisse Rami Bedoui et Alaya Brigui \u00e0 la maison\"}]},{\"@type\":\"WebSite\",\"@id\":\"https:\/\/kapitalis.com\/tunisie\/#website\",\"url\":\"https:\/\/kapitalis.com\/tunisie\/\",\"name\":\"Kapitalis\",\"description\":\"L&#039;actualit\u00e9 en Tunisie et dans le monde\",\"publisher\":{\"@id\":\"https:\/\/kapitalis.com\/tunisie\/#organization\"},\"potentialAction\":[{\"@type\":\"SearchAction\",\"target\":{\"@type\":\"EntryPoint\",\"urlTemplate\":\"https:\/\/kapitalis.com\/tunisie\/?s={search_term_string}\"},\"query-input\":{\"@type\":\"PropertyValueSpecification\",\"valueRequired\":true,\"valueName\":\"search_term_string\"}}],\"inLanguage\":\"fr-FR\"},{\"@type\":\"Organization\",\"@id\":\"https:\/\/kapitalis.com\/tunisie\/#organization\",\"name\":\"Kapitalis\",\"url\":\"https:\/\/kapitalis.com\/tunisie\/\",\"logo\":{\"@type\":\"ImageObject\",\"inLanguage\":\"fr-FR\",\"@id\":\"https:\/\/kapitalis.com\/tunisie\/#\/schema\/logo\/image\/\",\"url\":\"https:\/\/kapitalis.com\/tunisie\/wp-content\/uploads\/2022\/05\/Kapitalis-big-size.png\",\"contentUrl\":\"https:\/\/kapitalis.com\/tunisie\/wp-content\/uploads\/2022\/05\/Kapitalis-big-size.png\",\"width\":5000,\"height\":1500,\"caption\":\"Kapitalis\"},\"image\":{\"@id\":\"https:\/\/kapitalis.com\/tunisie\/#\/schema\/logo\/image\/\"},\"sameAs\":[\"https:\/\/www.facebook.com\/KapitalisInfo\/\",\"https:\/\/x.com\/KapitalisInfo\",\"https:\/\/www.youtube.com\/channel\/UC-yDYrHyfFBWWZaOw3FPg9Q\"]},{\"@type\":\"Person\",\"@id\":\"https:\/\/kapitalis.com\/tunisie\/#\/schema\/person\/d71f33a9ca44f7bad4698210b480c8e9\",\"name\":\"webmaster kapitalis\",\"url\":\"https:\/\/kapitalis.com\/tunisie\/author\/webmaster-kapitalis\/\"}]}<\/script>\n<!-- \/ Yoast SEO plugin. -->","yoast_head_json":{"title":"Ligue des champions : L\u2019Etoile du Sahel laisse Rami Bedoui et Alaya Brigui \u00e0 la maison - Kapitalis","robots":{"index":"index","follow":"follow","max-snippet":"max-snippet:-1","max-image-preview":"max-image-preview:large","max-video-preview":"max-video-preview:-1"},"canonical":"https:\/\/kapitalis.com\/tunisie\/2019\/09\/14\/ligue-des-champions-letoile-du-sahel-laisse-rami-bedoui-et-alaya-brigui-a-la-maison\/","og_locale":"fr_FR","og_type":"article","og_title":"Ligue des champions : L\u2019Etoile du Sahel laisse Rami Bedoui et Alaya Brigui \u00e0 la maison - Kapitalis","og_description":"Apr\u00e8s avoir battu le Hafia Conakry en pr\u00e9liminaires de la Ligue des Champions, l\u2019Etoile sportive du Sahel (ESS) jouera la qualification au tournoi de groupes, en affrontant les Ghan\u00e9ens d\u2019Asante Kotoko, demain, dimanche 15 septembre 2019, \u00e0 partir de 16h00 (HT) au stade Baba Yaro de Kumasi, seconde grande ville situ\u00e9e \u00e0 quelques 500 km...","og_url":"https:\/\/kapitalis.com\/tunisie\/2019\/09\/14\/ligue-des-champions-letoile-du-sahel-laisse-rami-bedoui-et-alaya-brigui-a-la-maison\/","og_site_name":"Kapitalis","article_publisher":"https:\/\/www.facebook.com\/KapitalisInfo\/","article_published_time":"2019-09-14T09:37:13+00:00","article_modified_time":"2019-09-14T09:37:22+00:00","og_image":[{"url":"http:\/\/kapitalis.com\/tunisie\/wp-content\/uploads\/2019\/08\/Etoile-du-Sahel-2019.jpg","type":"","width":"","height":""}],"author":"webmaster kapitalis","twitter_card":"summary_large_image","twitter_creator":"@KapitalisInfo","twitter_site":"@KapitalisInfo","twitter_misc":{"\u00c9crit par":"webmaster kapitalis","Dur\u00e9e de lecture estim\u00e9e":"1 minute"},"schema":{"@context":"https:\/\/schema.org","@graph":[{"@type":"Article","@id":"https:\/\/kapitalis.com\/tunisie\/2019\/09\/14\/ligue-des-champions-letoile-du-sahel-laisse-rami-bedoui-et-alaya-brigui-a-la-maison\/#article","isPartOf":{"@id":"https:\/\/kapitalis.com\/tunisie\/2019\/09\/14\/ligue-des-champions-letoile-du-sahel-laisse-rami-bedoui-et-alaya-brigui-a-la-maison\/"},"author":{"name":"webmaster kapitalis","@id":"https:\/\/kapitalis.com\/tunisie\/#\/schema\/person\/d71f33a9ca44f7bad4698210b480c8e9"},"headline":"Ligue des champions : L\u2019Etoile du Sahel laisse Rami Bedoui et Alaya Brigui \u00e0 la maison","datePublished":"2019-09-14T09:37:13+00:00","dateModified":"2019-09-14T09:37:22+00:00","mainEntityOfPage":{"@id":"https:\/\/kapitalis.com\/tunisie\/2019\/09\/14\/ligue-des-champions-letoile-du-sahel-laisse-rami-bedoui-et-alaya-brigui-a-la-maison\/"},"wordCount":250,"commentCount":0,"publisher":{"@id":"https:\/\/kapitalis.com\/tunisie\/#organization"},"image":{"@id":"https:\/\/kapitalis.com\/tunisie\/2019\/09\/14\/ligue-des-champions-letoile-du-sahel-laisse-rami-bedoui-et-alaya-brigui-a-la-maison\/#primaryimage"},"thumbnailUrl":"http:\/\/kapitalis.com\/tunisie\/wp-content\/uploads\/2019\/08\/Etoile-du-Sahel-2019.jpg","keywords":["Alaya Brigui","Asante Kotoko","Faouzi Benzarti","Rami Bedoui","Wajdi Kechrida"],"articleSection":["SPORT","Tunisie"],"inLanguage":"fr-FR","potentialAction":[{"@type":"CommentAction","name":"Comment","target":["https:\/\/kapitalis.com\/tunisie\/2019\/09\/14\/ligue-des-champions-letoile-du-sahel-laisse-rami-bedoui-et-alaya-brigui-a-la-maison\/#respond"]}]},{"@type":"WebPage","@id":"https:\/\/kapitalis.com\/tunisie\/2019\/09\/14\/ligue-des-champions-letoile-du-sahel-laisse-rami-bedoui-et-alaya-brigui-a-la-maison\/","url":"https:\/\/kapitalis.com\/tunisie\/2019\/09\/14\/ligue-des-champions-letoile-du-sahel-laisse-rami-bedoui-et-alaya-brigui-a-la-maison\/","name":"Ligue des champions : L\u2019Etoile du Sahel laisse Rami Bedoui et Alaya Brigui \u00e0 la maison - Kapitalis","isPartOf":{"@id":"https:\/\/kapitalis.com\/tunisie\/#website"},"primaryImageOfPage":{"@id":"https:\/\/kapitalis.com\/tunisie\/2019\/09\/14\/ligue-des-champions-letoile-du-sahel-laisse-rami-bedoui-et-alaya-brigui-a-la-maison\/#primaryimage"},"image":{"@id":"https:\/\/kapitalis.com\/tunisie\/2019\/09\/14\/ligue-des-champions-letoile-du-sahel-laisse-rami-bedoui-et-alaya-brigui-a-la-maison\/#primaryimage"},"thumbnailUrl":"http:\/\/kapitalis.com\/tunisie\/wp-content\/uploads\/2019\/08\/Etoile-du-Sahel-2019.jpg","datePublished":"2019-09-14T09:37:13+00:00","dateModified":"2019-09-14T09:37:22+00:00","breadcrumb":{"@id":"https:\/\/kapitalis.com\/tunisie\/2019\/09\/14\/ligue-des-champions-letoile-du-sahel-laisse-rami-bedoui-et-alaya-brigui-a-la-maison\/#breadcrumb"},"inLanguage":"fr-FR","potentialAction":[{"@type":"ReadAction","target":["https:\/\/kapitalis.com\/tunisie\/2019\/09\/14\/ligue-des-champions-letoile-du-sahel-laisse-rami-bedoui-et-alaya-brigui-a-la-maison\/"]}]},{"@type":"ImageObject","inLanguage":"fr-FR","@id":"https:\/\/kapitalis.com\/tunisie\/2019\/09\/14\/ligue-des-champions-letoile-du-sahel-laisse-rami-bedoui-et-alaya-brigui-a-la-maison\/#primaryimage","url":"","contentUrl":""},{"@type":"BreadcrumbList","@id":"https:\/\/kapitalis.com\/tunisie\/2019\/09\/14\/ligue-des-champions-letoile-du-sahel-laisse-rami-bedoui-et-alaya-brigui-a-la-maison\/#breadcrumb","itemListElement":[{"@type":"ListItem","position":1,"name":"Accueil","item":"https:\/\/kapitalis.com\/tunisie\/"},{"@type":"ListItem","position":2,"name":"Ligue des champions : L\u2019Etoile du Sahel laisse Rami Bedoui et Alaya Brigui \u00e0 la maison"}]},{"@type":"WebSite","@id":"https:\/\/kapitalis.com\/tunisie\/#website","url":"https:\/\/kapitalis.com\/tunisie\/","name":"Kapitalis","description":"L&#039;actualit\u00e9 en Tunisie et dans le monde","publisher":{"@id":"https:\/\/kapitalis.com\/tunisie\/#organization"},"potentialAction":[{"@type":"SearchAction","target":{"@type":"EntryPoint","urlTemplate":"https:\/\/kapitalis.com\/tunisie\/?s={search_term_string}"},"query-input":{"@type":"PropertyValueSpecification","valueRequired":true,"valueName":"search_term_string"}}],"inLanguage":"fr-FR"},{"@type":"Organization","@id":"https:\/\/kapitalis.com\/tunisie\/#organization","name":"Kapitalis","url":"https:\/\/kapitalis.com\/tunisie\/","logo":{"@type":"ImageObject","inLanguage":"fr-FR","@id":"https:\/\/kapitalis.com\/tunisie\/#\/schema\/logo\/image\/","url":"https:\/\/kapitalis.com\/tunisie\/wp-content\/uploads\/2022\/05\/Kapitalis-big-size.png","contentUrl":"https:\/\/kapitalis.com\/tunisie\/wp-content\/uploads\/2022\/05\/Kapitalis-big-size.png","width":5000,"height":1500,"caption":"Kapitalis"},"image":{"@id":"https:\/\/kapitalis.com\/tunisie\/#\/schema\/logo\/image\/"},"sameAs":["https:\/\/www.facebook.com\/KapitalisInfo\/","https:\/\/x.com\/KapitalisInfo","https:\/\/www.youtube.com\/channel\/UC-yDYrHyfFBWWZaOw3FPg9Q"]},{"@type":"Person","@id":"https:\/\/kapitalis.com\/tunisie\/#\/schema\/person\/d71f33a9ca44f7bad4698210b480c8e9","name":"webmaster kapitalis","url":"https:\/\/kapitalis.com\/tunisie\/author\/webmaster-kapitalis\/"}]}},"_links":{"self":[{"href":"https:\/\/kapitalis.com\/tunisie\/wp-json\/wp\/v2\/posts\/239624","targetHints":{"allow":["GET"]}}],"collection":[{"href":"https:\/\/kapitalis.com\/tunisie\/wp-json\/wp\/v2\/posts"}],"about":[{"href":"https:\/\/kapitalis.com\/tunisie\/wp-json\/wp\/v2\/types\/post"}],"author":[{"embeddable":true,"href":"https:\/\/kapitalis.com\/tunisie\/wp-json\/wp\/v2\/users\/8"}],"replies":[{"embeddable":true,"href":"https:\/\/kapitalis.com\/tunisie\/wp-json\/wp\/v2\/comments?post=239624"}],"version-history":[{"count":0,"href":"https:\/\/kapitalis.com\/tunisie\/wp-json\/wp\/v2\/posts\/239624\/revisions"}],"wp:attachment":[{"href":"https:\/\/kapitalis.com\/tunisie\/wp-json\/wp\/v2\/media?parent=239624"}],"wp:term":[{"taxonomy":"category","embeddable":true,"href":"https:\/\/kapitalis.com\/tunisie\/wp-json\/wp\/v2\/categories?post=239624"},{"taxonomy":"post_tag","embeddable":true,"href":"https:\/\/kapitalis.com\/tunisie\/wp-json\/wp\/v2\/tags?post=239624"}],"curies":[{"name":"wp","href":"https:\/\/api.w.org\/{rel}","templated":true}]}}