{"id":23967,"date":"2015-11-08T14:00:50","date_gmt":"2015-11-08T13:00:50","guid":{"rendered":"http:\/\/kapitalis.com\/tunisie\/?p=23967"},"modified":"2015-11-08T14:00:50","modified_gmt":"2015-11-08T13:00:50","slug":"les-hoteliers-appeles-a-securiser-eux-memes-leurs-etablissements","status":"publish","type":"post","link":"https:\/\/kapitalis.com\/tunisie\/2015\/11\/08\/les-hoteliers-appeles-a-securiser-eux-memes-leurs-etablissements\/","title":{"rendered":"Les h\u00f4teliers appel\u00e9s \u00e0 s\u00e9curiser eux-m\u00eames leurs \u00e9tablissements"},"content":{"rendered":"<p><img loading=\"lazy\" decoding=\"async\" class=\"alignnone size-full wp-image-23968 aligncenter\" src=\"http:\/\/kapitalis.com\/tunisie\/wp-content\/uploads\/2015\/11\/Plage-surveillee.jpg\" alt=\"Plage-surveillee\" width=\"626\" height=\"380\" \/><\/p>\n<p><em><strong>La s\u00e9curisation des \u00e9tablissements h\u00f4teliers sera assur\u00e9e d\u00e9sormais par les h\u00f4teliers eux-m\u00eames, avec l\u2019aide du minist\u00e8re de l\u2019Int\u00e9rieur.<\/strong> <\/em><\/p>\n<p><!--more--><\/p>\n<p>C\u2019est ce qu\u2019a annonc\u00e9 aux m\u00e9dias, aujourd\u2019hui dimanche 8 novembre 2015, le ministre de l\u2019Int\u00e9rieur, Najem Gharsalli, en marge de l\u2019inauguration du nouveau poste frontalier d\u2019El-Faouar, \u00e0 Kebili (sud-ouest).<\/p>\n<p>Un accord conclu entre les minist\u00e8res de l\u2019Int\u00e9rieur et du Tourisme sera bient\u00f4t mis en oeuvre qui obligera les h\u00f4teliers \u00e0 assurer la s\u00e9curit\u00e9 \u00e0 l\u2019int\u00e9rieur de leurs \u00e9tablissements, parall\u00e8lement au dispositif s\u00e9curitaire mis en place par le minist\u00e8re de l\u2019Int\u00e9rieur dans les zones touristiques.<\/p>\n<p>Ces mesures viennent malheureusement un peu tardivement, apr\u00e8s les attentats du mus\u00e9e du Bardo, le 18 mars, et de l&rsquo;h\u00f4tel Imperial Marhaba \u00e0 Sousse, le 26 juin, qui ont fait des dizaines de morts parmi les touristes et port\u00e9 un coup dur au secteur du tourisme, aujourd&rsquo;hui en pleine crise.<\/p>\n<p style=\"text-align: right;\"><strong>Z. A.<\/strong><\/p>\n","protected":false},"excerpt":{"rendered":"<p>La s\u00e9curisation des \u00e9tablissements h\u00f4teliers sera assur\u00e9e d\u00e9sormais par les h\u00f4teliers eux-m\u00eames, avec l\u2019aide du minist\u00e8re de l\u2019Int\u00e9rieur.<\/p>\n","protected":false},"author":8,"featured_media":23968,"comment_status":"open","ping_status":"open","sticky":false,"template":"","format":"standard","meta":{"footnotes":""},"categories":[995,2433],"tags":[613,653,908],"class_list":["post-23967","post","type-post","status-publish","format-standard","has-post-thumbnail","hentry","category-economie","category-tunisie","tag-ministere-de-linterieur","tag-najem-gharsalli","tag-tourisme"],"yoast_head":"<!-- This site is optimized with the Yoast SEO plugin v26.6 - https:\/\/yoast.com\/wordpress\/plugins\/seo\/ -->\n<title>Les h\u00f4teliers appel\u00e9s \u00e0 s\u00e9curiser eux-m\u00eames leurs \u00e9tablissements - Kapitalis<\/title>\n<meta name=\"robots\" content=\"index, follow, max-snippet:-1, max-image-preview:large, max-video-preview:-1\" \/>\n<link rel=\"canonical\" href=\"https:\/\/kapitalis.com\/tunisie\/2015\/11\/08\/les-hoteliers-appeles-a-securiser-eux-memes-leurs-etablissements\/\" \/>\n<meta property=\"og:locale\" content=\"fr_FR\" \/>\n<meta property=\"og:type\" content=\"article\" \/>\n<meta property=\"og:title\" content=\"Les h\u00f4teliers appel\u00e9s \u00e0 s\u00e9curiser eux-m\u00eames leurs \u00e9tablissements - Kapitalis\" \/>\n<meta property=\"og:description\" content=\"La s\u00e9curisation des \u00e9tablissements h\u00f4teliers sera assur\u00e9e d\u00e9sormais par les h\u00f4teliers eux-m\u00eames, avec l\u2019aide du minist\u00e8re de l\u2019Int\u00e9rieur.\" \/>\n<meta property=\"og:url\" content=\"https:\/\/kapitalis.com\/tunisie\/2015\/11\/08\/les-hoteliers-appeles-a-securiser-eux-memes-leurs-etablissements\/\" \/>\n<meta property=\"og:site_name\" content=\"Kapitalis\" \/>\n<meta property=\"article:publisher\" content=\"https:\/\/www.facebook.com\/KapitalisInfo\/\" \/>\n<meta property=\"article:published_time\" content=\"2015-11-08T13:00:50+00:00\" \/>\n<meta property=\"og:image\" content=\"https:\/\/kapitalis.com\/tunisie\/wp-content\/uploads\/2022\/05\/kapitalis-logo-fb.png\" \/>\n\t<meta property=\"og:image:width\" content=\"1200\" \/>\n\t<meta property=\"og:image:height\" content=\"630\" \/>\n\t<meta property=\"og:image:type\" content=\"image\/png\" \/>\n<meta name=\"author\" content=\"webmaster kapitalis\" \/>\n<meta name=\"twitter:card\" content=\"summary_large_image\" \/>\n<meta name=\"twitter:creator\" content=\"@KapitalisInfo\" \/>\n<meta name=\"twitter:site\" content=\"@KapitalisInfo\" \/>\n<meta name=\"twitter:label1\" content=\"\u00c9crit par\" \/>\n\t<meta name=\"twitter:data1\" content=\"webmaster kapitalis\" \/>\n\t<meta name=\"twitter:label2\" content=\"Dur\u00e9e de lecture estim\u00e9e\" \/>\n\t<meta name=\"twitter:data2\" content=\"1 minute\" \/>\n<script type=\"application\/ld+json\" class=\"yoast-schema-graph\">{\"@context\":\"https:\/\/schema.org\",\"@graph\":[{\"@type\":\"Article\",\"@id\":\"https:\/\/kapitalis.com\/tunisie\/2015\/11\/08\/les-hoteliers-appeles-a-securiser-eux-memes-leurs-etablissements\/#article\",\"isPartOf\":{\"@id\":\"https:\/\/kapitalis.com\/tunisie\/2015\/11\/08\/les-hoteliers-appeles-a-securiser-eux-memes-leurs-etablissements\/\"},\"author\":{\"name\":\"webmaster kapitalis\",\"@id\":\"https:\/\/kapitalis.com\/tunisie\/#\/schema\/person\/d71f33a9ca44f7bad4698210b480c8e9\"},\"headline\":\"Les h\u00f4teliers appel\u00e9s \u00e0 s\u00e9curiser eux-m\u00eames leurs \u00e9tablissements\",\"datePublished\":\"2015-11-08T13:00:50+00:00\",\"mainEntityOfPage\":{\"@id\":\"https:\/\/kapitalis.com\/tunisie\/2015\/11\/08\/les-hoteliers-appeles-a-securiser-eux-memes-leurs-etablissements\/\"},\"wordCount\":181,\"commentCount\":0,\"publisher\":{\"@id\":\"https:\/\/kapitalis.com\/tunisie\/#organization\"},\"image\":{\"@id\":\"https:\/\/kapitalis.com\/tunisie\/2015\/11\/08\/les-hoteliers-appeles-a-securiser-eux-memes-leurs-etablissements\/#primaryimage\"},\"thumbnailUrl\":\"\",\"keywords\":[\"minist\u00e8re de l\u2019Int\u00e9rieur\",\"Najem Gharsalli\",\"tourisme\"],\"articleSection\":[\"ECONOMIE\",\"Tunisie\"],\"inLanguage\":\"fr-FR\",\"potentialAction\":[{\"@type\":\"CommentAction\",\"name\":\"Comment\",\"target\":[\"https:\/\/kapitalis.com\/tunisie\/2015\/11\/08\/les-hoteliers-appeles-a-securiser-eux-memes-leurs-etablissements\/#respond\"]}]},{\"@type\":\"WebPage\",\"@id\":\"https:\/\/kapitalis.com\/tunisie\/2015\/11\/08\/les-hoteliers-appeles-a-securiser-eux-memes-leurs-etablissements\/\",\"url\":\"https:\/\/kapitalis.com\/tunisie\/2015\/11\/08\/les-hoteliers-appeles-a-securiser-eux-memes-leurs-etablissements\/\",\"name\":\"Les h\u00f4teliers appel\u00e9s \u00e0 s\u00e9curiser eux-m\u00eames leurs \u00e9tablissements - Kapitalis\",\"isPartOf\":{\"@id\":\"https:\/\/kapitalis.com\/tunisie\/#website\"},\"primaryImageOfPage\":{\"@id\":\"https:\/\/kapitalis.com\/tunisie\/2015\/11\/08\/les-hoteliers-appeles-a-securiser-eux-memes-leurs-etablissements\/#primaryimage\"},\"image\":{\"@id\":\"https:\/\/kapitalis.com\/tunisie\/2015\/11\/08\/les-hoteliers-appeles-a-securiser-eux-memes-leurs-etablissements\/#primaryimage\"},\"thumbnailUrl\":\"\",\"datePublished\":\"2015-11-08T13:00:50+00:00\",\"breadcrumb\":{\"@id\":\"https:\/\/kapitalis.com\/tunisie\/2015\/11\/08\/les-hoteliers-appeles-a-securiser-eux-memes-leurs-etablissements\/#breadcrumb\"},\"inLanguage\":\"fr-FR\",\"potentialAction\":[{\"@type\":\"ReadAction\",\"target\":[\"https:\/\/kapitalis.com\/tunisie\/2015\/11\/08\/les-hoteliers-appeles-a-securiser-eux-memes-leurs-etablissements\/\"]}]},{\"@type\":\"ImageObject\",\"inLanguage\":\"fr-FR\",\"@id\":\"https:\/\/kapitalis.com\/tunisie\/2015\/11\/08\/les-hoteliers-appeles-a-securiser-eux-memes-leurs-etablissements\/#primaryimage\",\"url\":\"\",\"contentUrl\":\"\"},{\"@type\":\"BreadcrumbList\",\"@id\":\"https:\/\/kapitalis.com\/tunisie\/2015\/11\/08\/les-hoteliers-appeles-a-securiser-eux-memes-leurs-etablissements\/#breadcrumb\",\"itemListElement\":[{\"@type\":\"ListItem\",\"position\":1,\"name\":\"Accueil\",\"item\":\"https:\/\/kapitalis.com\/tunisie\/\"},{\"@type\":\"ListItem\",\"position\":2,\"name\":\"Les h\u00f4teliers appel\u00e9s \u00e0 s\u00e9curiser eux-m\u00eames leurs \u00e9tablissements\"}]},{\"@type\":\"WebSite\",\"@id\":\"https:\/\/kapitalis.com\/tunisie\/#website\",\"url\":\"https:\/\/kapitalis.com\/tunisie\/\",\"name\":\"Kapitalis\",\"description\":\"L&#039;actualit\u00e9 en Tunisie et dans le monde\",\"publisher\":{\"@id\":\"https:\/\/kapitalis.com\/tunisie\/#organization\"},\"potentialAction\":[{\"@type\":\"SearchAction\",\"target\":{\"@type\":\"EntryPoint\",\"urlTemplate\":\"https:\/\/kapitalis.com\/tunisie\/?s={search_term_string}\"},\"query-input\":{\"@type\":\"PropertyValueSpecification\",\"valueRequired\":true,\"valueName\":\"search_term_string\"}}],\"inLanguage\":\"fr-FR\"},{\"@type\":\"Organization\",\"@id\":\"https:\/\/kapitalis.com\/tunisie\/#organization\",\"name\":\"Kapitalis\",\"url\":\"https:\/\/kapitalis.com\/tunisie\/\",\"logo\":{\"@type\":\"ImageObject\",\"inLanguage\":\"fr-FR\",\"@id\":\"https:\/\/kapitalis.com\/tunisie\/#\/schema\/logo\/image\/\",\"url\":\"https:\/\/kapitalis.com\/tunisie\/wp-content\/uploads\/2022\/05\/Kapitalis-big-size.png\",\"contentUrl\":\"https:\/\/kapitalis.com\/tunisie\/wp-content\/uploads\/2022\/05\/Kapitalis-big-size.png\",\"width\":5000,\"height\":1500,\"caption\":\"Kapitalis\"},\"image\":{\"@id\":\"https:\/\/kapitalis.com\/tunisie\/#\/schema\/logo\/image\/\"},\"sameAs\":[\"https:\/\/www.facebook.com\/KapitalisInfo\/\",\"https:\/\/x.com\/KapitalisInfo\",\"https:\/\/www.youtube.com\/channel\/UC-yDYrHyfFBWWZaOw3FPg9Q\"]},{\"@type\":\"Person\",\"@id\":\"https:\/\/kapitalis.com\/tunisie\/#\/schema\/person\/d71f33a9ca44f7bad4698210b480c8e9\",\"name\":\"webmaster kapitalis\",\"url\":\"https:\/\/kapitalis.com\/tunisie\/author\/webmaster-kapitalis\/\"}]}<\/script>\n<!-- \/ Yoast SEO plugin. -->","yoast_head_json":{"title":"Les h\u00f4teliers appel\u00e9s \u00e0 s\u00e9curiser eux-m\u00eames leurs \u00e9tablissements - Kapitalis","robots":{"index":"index","follow":"follow","max-snippet":"max-snippet:-1","max-image-preview":"max-image-preview:large","max-video-preview":"max-video-preview:-1"},"canonical":"https:\/\/kapitalis.com\/tunisie\/2015\/11\/08\/les-hoteliers-appeles-a-securiser-eux-memes-leurs-etablissements\/","og_locale":"fr_FR","og_type":"article","og_title":"Les h\u00f4teliers appel\u00e9s \u00e0 s\u00e9curiser eux-m\u00eames leurs \u00e9tablissements - Kapitalis","og_description":"La s\u00e9curisation des \u00e9tablissements h\u00f4teliers sera assur\u00e9e d\u00e9sormais par les h\u00f4teliers eux-m\u00eames, avec l\u2019aide du minist\u00e8re de l\u2019Int\u00e9rieur.","og_url":"https:\/\/kapitalis.com\/tunisie\/2015\/11\/08\/les-hoteliers-appeles-a-securiser-eux-memes-leurs-etablissements\/","og_site_name":"Kapitalis","article_publisher":"https:\/\/www.facebook.com\/KapitalisInfo\/","article_published_time":"2015-11-08T13:00:50+00:00","og_image":[{"width":1200,"height":630,"url":"https:\/\/kapitalis.com\/tunisie\/wp-content\/uploads\/2022\/05\/kapitalis-logo-fb.png","type":"image\/png"}],"author":"webmaster kapitalis","twitter_card":"summary_large_image","twitter_creator":"@KapitalisInfo","twitter_site":"@KapitalisInfo","twitter_misc":{"\u00c9crit par":"webmaster kapitalis","Dur\u00e9e de lecture estim\u00e9e":"1 minute"},"schema":{"@context":"https:\/\/schema.org","@graph":[{"@type":"Article","@id":"https:\/\/kapitalis.com\/tunisie\/2015\/11\/08\/les-hoteliers-appeles-a-securiser-eux-memes-leurs-etablissements\/#article","isPartOf":{"@id":"https:\/\/kapitalis.com\/tunisie\/2015\/11\/08\/les-hoteliers-appeles-a-securiser-eux-memes-leurs-etablissements\/"},"author":{"name":"webmaster kapitalis","@id":"https:\/\/kapitalis.com\/tunisie\/#\/schema\/person\/d71f33a9ca44f7bad4698210b480c8e9"},"headline":"Les h\u00f4teliers appel\u00e9s \u00e0 s\u00e9curiser eux-m\u00eames leurs \u00e9tablissements","datePublished":"2015-11-08T13:00:50+00:00","mainEntityOfPage":{"@id":"https:\/\/kapitalis.com\/tunisie\/2015\/11\/08\/les-hoteliers-appeles-a-securiser-eux-memes-leurs-etablissements\/"},"wordCount":181,"commentCount":0,"publisher":{"@id":"https:\/\/kapitalis.com\/tunisie\/#organization"},"image":{"@id":"https:\/\/kapitalis.com\/tunisie\/2015\/11\/08\/les-hoteliers-appeles-a-securiser-eux-memes-leurs-etablissements\/#primaryimage"},"thumbnailUrl":"","keywords":["minist\u00e8re de l\u2019Int\u00e9rieur","Najem Gharsalli","tourisme"],"articleSection":["ECONOMIE","Tunisie"],"inLanguage":"fr-FR","potentialAction":[{"@type":"CommentAction","name":"Comment","target":["https:\/\/kapitalis.com\/tunisie\/2015\/11\/08\/les-hoteliers-appeles-a-securiser-eux-memes-leurs-etablissements\/#respond"]}]},{"@type":"WebPage","@id":"https:\/\/kapitalis.com\/tunisie\/2015\/11\/08\/les-hoteliers-appeles-a-securiser-eux-memes-leurs-etablissements\/","url":"https:\/\/kapitalis.com\/tunisie\/2015\/11\/08\/les-hoteliers-appeles-a-securiser-eux-memes-leurs-etablissements\/","name":"Les h\u00f4teliers appel\u00e9s \u00e0 s\u00e9curiser eux-m\u00eames leurs \u00e9tablissements - Kapitalis","isPartOf":{"@id":"https:\/\/kapitalis.com\/tunisie\/#website"},"primaryImageOfPage":{"@id":"https:\/\/kapitalis.com\/tunisie\/2015\/11\/08\/les-hoteliers-appeles-a-securiser-eux-memes-leurs-etablissements\/#primaryimage"},"image":{"@id":"https:\/\/kapitalis.com\/tunisie\/2015\/11\/08\/les-hoteliers-appeles-a-securiser-eux-memes-leurs-etablissements\/#primaryimage"},"thumbnailUrl":"","datePublished":"2015-11-08T13:00:50+00:00","breadcrumb":{"@id":"https:\/\/kapitalis.com\/tunisie\/2015\/11\/08\/les-hoteliers-appeles-a-securiser-eux-memes-leurs-etablissements\/#breadcrumb"},"inLanguage":"fr-FR","potentialAction":[{"@type":"ReadAction","target":["https:\/\/kapitalis.com\/tunisie\/2015\/11\/08\/les-hoteliers-appeles-a-securiser-eux-memes-leurs-etablissements\/"]}]},{"@type":"ImageObject","inLanguage":"fr-FR","@id":"https:\/\/kapitalis.com\/tunisie\/2015\/11\/08\/les-hoteliers-appeles-a-securiser-eux-memes-leurs-etablissements\/#primaryimage","url":"","contentUrl":""},{"@type":"BreadcrumbList","@id":"https:\/\/kapitalis.com\/tunisie\/2015\/11\/08\/les-hoteliers-appeles-a-securiser-eux-memes-leurs-etablissements\/#breadcrumb","itemListElement":[{"@type":"ListItem","position":1,"name":"Accueil","item":"https:\/\/kapitalis.com\/tunisie\/"},{"@type":"ListItem","position":2,"name":"Les h\u00f4teliers appel\u00e9s \u00e0 s\u00e9curiser eux-m\u00eames leurs \u00e9tablissements"}]},{"@type":"WebSite","@id":"https:\/\/kapitalis.com\/tunisie\/#website","url":"https:\/\/kapitalis.com\/tunisie\/","name":"Kapitalis","description":"L&#039;actualit\u00e9 en Tunisie et dans le monde","publisher":{"@id":"https:\/\/kapitalis.com\/tunisie\/#organization"},"potentialAction":[{"@type":"SearchAction","target":{"@type":"EntryPoint","urlTemplate":"https:\/\/kapitalis.com\/tunisie\/?s={search_term_string}"},"query-input":{"@type":"PropertyValueSpecification","valueRequired":true,"valueName":"search_term_string"}}],"inLanguage":"fr-FR"},{"@type":"Organization","@id":"https:\/\/kapitalis.com\/tunisie\/#organization","name":"Kapitalis","url":"https:\/\/kapitalis.com\/tunisie\/","logo":{"@type":"ImageObject","inLanguage":"fr-FR","@id":"https:\/\/kapitalis.com\/tunisie\/#\/schema\/logo\/image\/","url":"https:\/\/kapitalis.com\/tunisie\/wp-content\/uploads\/2022\/05\/Kapitalis-big-size.png","contentUrl":"https:\/\/kapitalis.com\/tunisie\/wp-content\/uploads\/2022\/05\/Kapitalis-big-size.png","width":5000,"height":1500,"caption":"Kapitalis"},"image":{"@id":"https:\/\/kapitalis.com\/tunisie\/#\/schema\/logo\/image\/"},"sameAs":["https:\/\/www.facebook.com\/KapitalisInfo\/","https:\/\/x.com\/KapitalisInfo","https:\/\/www.youtube.com\/channel\/UC-yDYrHyfFBWWZaOw3FPg9Q"]},{"@type":"Person","@id":"https:\/\/kapitalis.com\/tunisie\/#\/schema\/person\/d71f33a9ca44f7bad4698210b480c8e9","name":"webmaster kapitalis","url":"https:\/\/kapitalis.com\/tunisie\/author\/webmaster-kapitalis\/"}]}},"_links":{"self":[{"href":"https:\/\/kapitalis.com\/tunisie\/wp-json\/wp\/v2\/posts\/23967","targetHints":{"allow":["GET"]}}],"collection":[{"href":"https:\/\/kapitalis.com\/tunisie\/wp-json\/wp\/v2\/posts"}],"about":[{"href":"https:\/\/kapitalis.com\/tunisie\/wp-json\/wp\/v2\/types\/post"}],"author":[{"embeddable":true,"href":"https:\/\/kapitalis.com\/tunisie\/wp-json\/wp\/v2\/users\/8"}],"replies":[{"embeddable":true,"href":"https:\/\/kapitalis.com\/tunisie\/wp-json\/wp\/v2\/comments?post=23967"}],"version-history":[{"count":0,"href":"https:\/\/kapitalis.com\/tunisie\/wp-json\/wp\/v2\/posts\/23967\/revisions"}],"wp:featuredmedia":[{"embeddable":true,"href":"https:\/\/kapitalis.com\/tunisie\/wp-json\/wp\/v2\/media\/23968"}],"wp:attachment":[{"href":"https:\/\/kapitalis.com\/tunisie\/wp-json\/wp\/v2\/media?parent=23967"}],"wp:term":[{"taxonomy":"category","embeddable":true,"href":"https:\/\/kapitalis.com\/tunisie\/wp-json\/wp\/v2\/categories?post=23967"},{"taxonomy":"post_tag","embeddable":true,"href":"https:\/\/kapitalis.com\/tunisie\/wp-json\/wp\/v2\/tags?post=23967"}],"curies":[{"name":"wp","href":"https:\/\/api.w.org\/{rel}","templated":true}]}}