{"id":239788,"date":"2019-09-15T12:07:42","date_gmt":"2019-09-15T11:07:42","guid":{"rendered":"http:\/\/kapitalis.com\/tunisie\/?p=239788"},"modified":"2019-09-15T12:10:45","modified_gmt":"2019-09-15T11:10:45","slug":"presidentielle-mohamed-ennaceur-president-de-la-republique-par-interim-se-rend-aux-urnes-video","status":"publish","type":"post","link":"https:\/\/kapitalis.com\/tunisie\/2019\/09\/15\/presidentielle-mohamed-ennaceur-president-de-la-republique-par-interim-se-rend-aux-urnes-video\/","title":{"rendered":"Pr\u00e9sidentielle : Mohamed Ennaceur, pr\u00e9sident de la r\u00e9publique par int\u00e9rim se rend aux urnes (vid\u00e9o)"},"content":{"rendered":"\n<figure class=\"wp-block-image\"><img decoding=\"async\" src=\"http:\/\/kapitalis.com\/tunisie\/wp-content\/uploads\/2019\/09\/Mohamed-Ennaceur.jpg\" alt=\"\" class=\"wp-image-239791\"\/><\/figure>\n\n\n\n<p><strong><em>Le pr\u00e9sident de la r\u00e9publique par int\u00e9rim, Mohamed Ennaceur, s\u2019est rendu t\u00f4t ce matin, dimanche 15 septembre 2019, aux urnes pour choisir le futur pr\u00e9sident de la Tunisie.<\/em><\/strong><\/p>\n\n\n\n<!--more-->\n\n\n\n<p>Mohamed Ennaceur qui a vot\u00e9 \u00e0 l\u2019\u00e9cole primaire 2 mars 1934 dans la banlieue de Sidi Bou Sa\u00efd (banlieue nord) a appel\u00e9 les Tunisiens en Tunisie \u00e0 et \u00e0 l&rsquo;\u00e9tranger (o\u00f9 le taux de vote est tr\u00e8s faible 10%, Ndlr) \u00e0 se rendre dans les bureaux de vote pour choisir le candidat digne de leur confiance, tout e, si disan,t tr\u00e8s optimiste pour l&rsquo;avenir du pays et de son peuple.<\/p>\n\n\n\n<figure class=\"wp-block-embed-facebook wp-block-embed is-type-video is-provider-facebook\"><div class=\"wp-block-embed__wrapper\">\nhttps:\/\/www.facebook.com\/Presidence.tn\/videos\/1238103093027387\/\n<\/div><\/figure>\n\n\n\n<p>Le pr\u00e9sident de la r\u00e9publique par int\u00e9rim a rappel\u00e9 que l\u2019article 2 de la constitution stipule que la Tunisie est un Etat civil fond\u00e9 sur la citoyennet\u00e9, la volont\u00e9 du peuple et la primaut\u00e9 du droit, ajoutant que le vote est un droit et un devoir. <\/p>\n\n\n\n<p style=\"text-align:right\"><strong>Y. N.<\/strong><\/p>\n","protected":false},"excerpt":{"rendered":"<p>Le pr\u00e9sident de la r\u00e9publique par int\u00e9rim, Mohamed Ennaceur, s\u2019est rendu t\u00f4t ce matin, dimanche 15 septembre 2019, aux urnes pour choisir le futur pr\u00e9sident de la Tunisie.<\/p>\n","protected":false},"author":6,"featured_media":239791,"comment_status":"open","ping_status":"open","sticky":false,"template":"","format":"standard","meta":{"footnotes":""},"categories":[997,2433,4806],"tags":[313,1710,64488,4797,827,64489],"class_list":["post-239788","post","type-post","status-publish","format-standard","has-post-thumbnail","hentry","category-politique","category-tunisie","category-videos","tag-elections","tag-mohamed-ennaceur","tag-president-de-la-republique-par-interim","tag-presidentielle","tag-sidi-bou-said","tag-urnes"],"yoast_head":"<!-- This site is optimized with the Yoast SEO plugin v26.6 - https:\/\/yoast.com\/wordpress\/plugins\/seo\/ -->\n<title>Pr\u00e9sidentielle : Mohamed Ennaceur, pr\u00e9sident de la r\u00e9publique par int\u00e9rim se rend aux urnes (vid\u00e9o) - Kapitalis<\/title>\n<meta name=\"robots\" content=\"index, follow, max-snippet:-1, max-image-preview:large, max-video-preview:-1\" \/>\n<link rel=\"canonical\" href=\"https:\/\/kapitalis.com\/tunisie\/2019\/09\/15\/presidentielle-mohamed-ennaceur-president-de-la-republique-par-interim-se-rend-aux-urnes-video\/\" \/>\n<meta property=\"og:locale\" content=\"fr_FR\" \/>\n<meta property=\"og:type\" content=\"article\" \/>\n<meta property=\"og:title\" content=\"Pr\u00e9sidentielle : Mohamed Ennaceur, pr\u00e9sident de la r\u00e9publique par int\u00e9rim se rend aux urnes (vid\u00e9o) - Kapitalis\" \/>\n<meta property=\"og:description\" content=\"Le pr\u00e9sident de la r\u00e9publique par int\u00e9rim, Mohamed Ennaceur, s\u2019est rendu t\u00f4t ce matin, dimanche 15 septembre 2019, aux urnes pour choisir le futur pr\u00e9sident de la Tunisie.\" \/>\n<meta property=\"og:url\" content=\"https:\/\/kapitalis.com\/tunisie\/2019\/09\/15\/presidentielle-mohamed-ennaceur-president-de-la-republique-par-interim-se-rend-aux-urnes-video\/\" \/>\n<meta property=\"og:site_name\" content=\"Kapitalis\" \/>\n<meta property=\"article:publisher\" content=\"https:\/\/www.facebook.com\/KapitalisInfo\/\" \/>\n<meta property=\"article:published_time\" content=\"2019-09-15T11:07:42+00:00\" \/>\n<meta property=\"article:modified_time\" content=\"2019-09-15T11:10:45+00:00\" \/>\n<meta property=\"og:image\" content=\"https:\/\/kapitalis.com\/tunisie\/wp-content\/uploads\/2022\/05\/kapitalis-logo-fb.png\" \/>\n\t<meta property=\"og:image:width\" content=\"1200\" \/>\n\t<meta property=\"og:image:height\" content=\"630\" \/>\n\t<meta property=\"og:image:type\" content=\"image\/png\" \/>\n<meta name=\"author\" content=\"Yusra NY\" \/>\n<meta name=\"twitter:card\" content=\"summary_large_image\" \/>\n<meta name=\"twitter:creator\" content=\"@KapitalisInfo\" \/>\n<meta name=\"twitter:site\" content=\"@KapitalisInfo\" \/>\n<meta name=\"twitter:label1\" content=\"\u00c9crit par\" \/>\n\t<meta name=\"twitter:data1\" content=\"Yusra NY\" \/>\n\t<meta name=\"twitter:label2\" content=\"Dur\u00e9e de lecture estim\u00e9e\" \/>\n\t<meta name=\"twitter:data2\" content=\"1 minute\" \/>\n<script type=\"application\/ld+json\" class=\"yoast-schema-graph\">{\"@context\":\"https:\/\/schema.org\",\"@graph\":[{\"@type\":\"Article\",\"@id\":\"https:\/\/kapitalis.com\/tunisie\/2019\/09\/15\/presidentielle-mohamed-ennaceur-president-de-la-republique-par-interim-se-rend-aux-urnes-video\/#article\",\"isPartOf\":{\"@id\":\"https:\/\/kapitalis.com\/tunisie\/2019\/09\/15\/presidentielle-mohamed-ennaceur-president-de-la-republique-par-interim-se-rend-aux-urnes-video\/\"},\"author\":{\"name\":\"Yusra NY\",\"@id\":\"https:\/\/kapitalis.com\/tunisie\/#\/schema\/person\/74bbde0154d49d790a92aaeac5bc01d5\"},\"headline\":\"Pr\u00e9sidentielle : Mohamed Ennaceur, pr\u00e9sident de la r\u00e9publique par int\u00e9rim se rend aux urnes (vid\u00e9o)\",\"datePublished\":\"2019-09-15T11:07:42+00:00\",\"dateModified\":\"2019-09-15T11:10:45+00:00\",\"mainEntityOfPage\":{\"@id\":\"https:\/\/kapitalis.com\/tunisie\/2019\/09\/15\/presidentielle-mohamed-ennaceur-president-de-la-republique-par-interim-se-rend-aux-urnes-video\/\"},\"wordCount\":178,\"commentCount\":0,\"publisher\":{\"@id\":\"https:\/\/kapitalis.com\/tunisie\/#organization\"},\"image\":{\"@id\":\"https:\/\/kapitalis.com\/tunisie\/2019\/09\/15\/presidentielle-mohamed-ennaceur-president-de-la-republique-par-interim-se-rend-aux-urnes-video\/#primaryimage\"},\"thumbnailUrl\":\"\",\"keywords\":[\"\u00e9lections\",\"Mohamed Ennaceur\",\"pr\u00e9sident de la r\u00e9publique par int\u00e9rim\",\"pr\u00e9sidentielle\",\"Sidi Bou Sa\u00efd\",\"urnes\"],\"articleSection\":[\"POLITIQUE\",\"Tunisie\",\"VIDEOS\"],\"inLanguage\":\"fr-FR\",\"potentialAction\":[{\"@type\":\"CommentAction\",\"name\":\"Comment\",\"target\":[\"https:\/\/kapitalis.com\/tunisie\/2019\/09\/15\/presidentielle-mohamed-ennaceur-president-de-la-republique-par-interim-se-rend-aux-urnes-video\/#respond\"]}]},{\"@type\":\"WebPage\",\"@id\":\"https:\/\/kapitalis.com\/tunisie\/2019\/09\/15\/presidentielle-mohamed-ennaceur-president-de-la-republique-par-interim-se-rend-aux-urnes-video\/\",\"url\":\"https:\/\/kapitalis.com\/tunisie\/2019\/09\/15\/presidentielle-mohamed-ennaceur-president-de-la-republique-par-interim-se-rend-aux-urnes-video\/\",\"name\":\"Pr\u00e9sidentielle : Mohamed Ennaceur, pr\u00e9sident de la r\u00e9publique par int\u00e9rim se rend aux urnes (vid\u00e9o) - Kapitalis\",\"isPartOf\":{\"@id\":\"https:\/\/kapitalis.com\/tunisie\/#website\"},\"primaryImageOfPage\":{\"@id\":\"https:\/\/kapitalis.com\/tunisie\/2019\/09\/15\/presidentielle-mohamed-ennaceur-president-de-la-republique-par-interim-se-rend-aux-urnes-video\/#primaryimage\"},\"image\":{\"@id\":\"https:\/\/kapitalis.com\/tunisie\/2019\/09\/15\/presidentielle-mohamed-ennaceur-president-de-la-republique-par-interim-se-rend-aux-urnes-video\/#primaryimage\"},\"thumbnailUrl\":\"\",\"datePublished\":\"2019-09-15T11:07:42+00:00\",\"dateModified\":\"2019-09-15T11:10:45+00:00\",\"breadcrumb\":{\"@id\":\"https:\/\/kapitalis.com\/tunisie\/2019\/09\/15\/presidentielle-mohamed-ennaceur-president-de-la-republique-par-interim-se-rend-aux-urnes-video\/#breadcrumb\"},\"inLanguage\":\"fr-FR\",\"potentialAction\":[{\"@type\":\"ReadAction\",\"target\":[\"https:\/\/kapitalis.com\/tunisie\/2019\/09\/15\/presidentielle-mohamed-ennaceur-president-de-la-republique-par-interim-se-rend-aux-urnes-video\/\"]}]},{\"@type\":\"ImageObject\",\"inLanguage\":\"fr-FR\",\"@id\":\"https:\/\/kapitalis.com\/tunisie\/2019\/09\/15\/presidentielle-mohamed-ennaceur-president-de-la-republique-par-interim-se-rend-aux-urnes-video\/#primaryimage\",\"url\":\"\",\"contentUrl\":\"\"},{\"@type\":\"BreadcrumbList\",\"@id\":\"https:\/\/kapitalis.com\/tunisie\/2019\/09\/15\/presidentielle-mohamed-ennaceur-president-de-la-republique-par-interim-se-rend-aux-urnes-video\/#breadcrumb\",\"itemListElement\":[{\"@type\":\"ListItem\",\"position\":1,\"name\":\"Accueil\",\"item\":\"https:\/\/kapitalis.com\/tunisie\/\"},{\"@type\":\"ListItem\",\"position\":2,\"name\":\"Pr\u00e9sidentielle : Mohamed Ennaceur, pr\u00e9sident de la r\u00e9publique par int\u00e9rim se rend aux urnes (vid\u00e9o)\"}]},{\"@type\":\"WebSite\",\"@id\":\"https:\/\/kapitalis.com\/tunisie\/#website\",\"url\":\"https:\/\/kapitalis.com\/tunisie\/\",\"name\":\"Kapitalis\",\"description\":\"L&#039;actualit\u00e9 en Tunisie et dans le monde\",\"publisher\":{\"@id\":\"https:\/\/kapitalis.com\/tunisie\/#organization\"},\"potentialAction\":[{\"@type\":\"SearchAction\",\"target\":{\"@type\":\"EntryPoint\",\"urlTemplate\":\"https:\/\/kapitalis.com\/tunisie\/?s={search_term_string}\"},\"query-input\":{\"@type\":\"PropertyValueSpecification\",\"valueRequired\":true,\"valueName\":\"search_term_string\"}}],\"inLanguage\":\"fr-FR\"},{\"@type\":\"Organization\",\"@id\":\"https:\/\/kapitalis.com\/tunisie\/#organization\",\"name\":\"Kapitalis\",\"url\":\"https:\/\/kapitalis.com\/tunisie\/\",\"logo\":{\"@type\":\"ImageObject\",\"inLanguage\":\"fr-FR\",\"@id\":\"https:\/\/kapitalis.com\/tunisie\/#\/schema\/logo\/image\/\",\"url\":\"https:\/\/kapitalis.com\/tunisie\/wp-content\/uploads\/2022\/05\/Kapitalis-big-size.png\",\"contentUrl\":\"https:\/\/kapitalis.com\/tunisie\/wp-content\/uploads\/2022\/05\/Kapitalis-big-size.png\",\"width\":5000,\"height\":1500,\"caption\":\"Kapitalis\"},\"image\":{\"@id\":\"https:\/\/kapitalis.com\/tunisie\/#\/schema\/logo\/image\/\"},\"sameAs\":[\"https:\/\/www.facebook.com\/KapitalisInfo\/\",\"https:\/\/x.com\/KapitalisInfo\",\"https:\/\/www.youtube.com\/channel\/UC-yDYrHyfFBWWZaOw3FPg9Q\"]},{\"@type\":\"Person\",\"@id\":\"https:\/\/kapitalis.com\/tunisie\/#\/schema\/person\/74bbde0154d49d790a92aaeac5bc01d5\",\"name\":\"Yusra NY\",\"url\":\"https:\/\/kapitalis.com\/tunisie\/author\/yuza_adam\/\"}]}<\/script>\n<!-- \/ Yoast SEO plugin. -->","yoast_head_json":{"title":"Pr\u00e9sidentielle : Mohamed Ennaceur, pr\u00e9sident de la r\u00e9publique par int\u00e9rim se rend aux urnes (vid\u00e9o) - Kapitalis","robots":{"index":"index","follow":"follow","max-snippet":"max-snippet:-1","max-image-preview":"max-image-preview:large","max-video-preview":"max-video-preview:-1"},"canonical":"https:\/\/kapitalis.com\/tunisie\/2019\/09\/15\/presidentielle-mohamed-ennaceur-president-de-la-republique-par-interim-se-rend-aux-urnes-video\/","og_locale":"fr_FR","og_type":"article","og_title":"Pr\u00e9sidentielle : Mohamed Ennaceur, pr\u00e9sident de la r\u00e9publique par int\u00e9rim se rend aux urnes (vid\u00e9o) - Kapitalis","og_description":"Le pr\u00e9sident de la r\u00e9publique par int\u00e9rim, Mohamed Ennaceur, s\u2019est rendu t\u00f4t ce matin, dimanche 15 septembre 2019, aux urnes pour choisir le futur pr\u00e9sident de la Tunisie.","og_url":"https:\/\/kapitalis.com\/tunisie\/2019\/09\/15\/presidentielle-mohamed-ennaceur-president-de-la-republique-par-interim-se-rend-aux-urnes-video\/","og_site_name":"Kapitalis","article_publisher":"https:\/\/www.facebook.com\/KapitalisInfo\/","article_published_time":"2019-09-15T11:07:42+00:00","article_modified_time":"2019-09-15T11:10:45+00:00","og_image":[{"width":1200,"height":630,"url":"https:\/\/kapitalis.com\/tunisie\/wp-content\/uploads\/2022\/05\/kapitalis-logo-fb.png","type":"image\/png"}],"author":"Yusra NY","twitter_card":"summary_large_image","twitter_creator":"@KapitalisInfo","twitter_site":"@KapitalisInfo","twitter_misc":{"\u00c9crit par":"Yusra NY","Dur\u00e9e de lecture estim\u00e9e":"1 minute"},"schema":{"@context":"https:\/\/schema.org","@graph":[{"@type":"Article","@id":"https:\/\/kapitalis.com\/tunisie\/2019\/09\/15\/presidentielle-mohamed-ennaceur-president-de-la-republique-par-interim-se-rend-aux-urnes-video\/#article","isPartOf":{"@id":"https:\/\/kapitalis.com\/tunisie\/2019\/09\/15\/presidentielle-mohamed-ennaceur-president-de-la-republique-par-interim-se-rend-aux-urnes-video\/"},"author":{"name":"Yusra NY","@id":"https:\/\/kapitalis.com\/tunisie\/#\/schema\/person\/74bbde0154d49d790a92aaeac5bc01d5"},"headline":"Pr\u00e9sidentielle : Mohamed Ennaceur, pr\u00e9sident de la r\u00e9publique par int\u00e9rim se rend aux urnes (vid\u00e9o)","datePublished":"2019-09-15T11:07:42+00:00","dateModified":"2019-09-15T11:10:45+00:00","mainEntityOfPage":{"@id":"https:\/\/kapitalis.com\/tunisie\/2019\/09\/15\/presidentielle-mohamed-ennaceur-president-de-la-republique-par-interim-se-rend-aux-urnes-video\/"},"wordCount":178,"commentCount":0,"publisher":{"@id":"https:\/\/kapitalis.com\/tunisie\/#organization"},"image":{"@id":"https:\/\/kapitalis.com\/tunisie\/2019\/09\/15\/presidentielle-mohamed-ennaceur-president-de-la-republique-par-interim-se-rend-aux-urnes-video\/#primaryimage"},"thumbnailUrl":"","keywords":["\u00e9lections","Mohamed Ennaceur","pr\u00e9sident de la r\u00e9publique par int\u00e9rim","pr\u00e9sidentielle","Sidi Bou Sa\u00efd","urnes"],"articleSection":["POLITIQUE","Tunisie","VIDEOS"],"inLanguage":"fr-FR","potentialAction":[{"@type":"CommentAction","name":"Comment","target":["https:\/\/kapitalis.com\/tunisie\/2019\/09\/15\/presidentielle-mohamed-ennaceur-president-de-la-republique-par-interim-se-rend-aux-urnes-video\/#respond"]}]},{"@type":"WebPage","@id":"https:\/\/kapitalis.com\/tunisie\/2019\/09\/15\/presidentielle-mohamed-ennaceur-president-de-la-republique-par-interim-se-rend-aux-urnes-video\/","url":"https:\/\/kapitalis.com\/tunisie\/2019\/09\/15\/presidentielle-mohamed-ennaceur-president-de-la-republique-par-interim-se-rend-aux-urnes-video\/","name":"Pr\u00e9sidentielle : Mohamed Ennaceur, pr\u00e9sident de la r\u00e9publique par int\u00e9rim se rend aux urnes (vid\u00e9o) - Kapitalis","isPartOf":{"@id":"https:\/\/kapitalis.com\/tunisie\/#website"},"primaryImageOfPage":{"@id":"https:\/\/kapitalis.com\/tunisie\/2019\/09\/15\/presidentielle-mohamed-ennaceur-president-de-la-republique-par-interim-se-rend-aux-urnes-video\/#primaryimage"},"image":{"@id":"https:\/\/kapitalis.com\/tunisie\/2019\/09\/15\/presidentielle-mohamed-ennaceur-president-de-la-republique-par-interim-se-rend-aux-urnes-video\/#primaryimage"},"thumbnailUrl":"","datePublished":"2019-09-15T11:07:42+00:00","dateModified":"2019-09-15T11:10:45+00:00","breadcrumb":{"@id":"https:\/\/kapitalis.com\/tunisie\/2019\/09\/15\/presidentielle-mohamed-ennaceur-president-de-la-republique-par-interim-se-rend-aux-urnes-video\/#breadcrumb"},"inLanguage":"fr-FR","potentialAction":[{"@type":"ReadAction","target":["https:\/\/kapitalis.com\/tunisie\/2019\/09\/15\/presidentielle-mohamed-ennaceur-president-de-la-republique-par-interim-se-rend-aux-urnes-video\/"]}]},{"@type":"ImageObject","inLanguage":"fr-FR","@id":"https:\/\/kapitalis.com\/tunisie\/2019\/09\/15\/presidentielle-mohamed-ennaceur-president-de-la-republique-par-interim-se-rend-aux-urnes-video\/#primaryimage","url":"","contentUrl":""},{"@type":"BreadcrumbList","@id":"https:\/\/kapitalis.com\/tunisie\/2019\/09\/15\/presidentielle-mohamed-ennaceur-president-de-la-republique-par-interim-se-rend-aux-urnes-video\/#breadcrumb","itemListElement":[{"@type":"ListItem","position":1,"name":"Accueil","item":"https:\/\/kapitalis.com\/tunisie\/"},{"@type":"ListItem","position":2,"name":"Pr\u00e9sidentielle : Mohamed Ennaceur, pr\u00e9sident de la r\u00e9publique par int\u00e9rim se rend aux urnes (vid\u00e9o)"}]},{"@type":"WebSite","@id":"https:\/\/kapitalis.com\/tunisie\/#website","url":"https:\/\/kapitalis.com\/tunisie\/","name":"Kapitalis","description":"L&#039;actualit\u00e9 en Tunisie et dans le monde","publisher":{"@id":"https:\/\/kapitalis.com\/tunisie\/#organization"},"potentialAction":[{"@type":"SearchAction","target":{"@type":"EntryPoint","urlTemplate":"https:\/\/kapitalis.com\/tunisie\/?s={search_term_string}"},"query-input":{"@type":"PropertyValueSpecification","valueRequired":true,"valueName":"search_term_string"}}],"inLanguage":"fr-FR"},{"@type":"Organization","@id":"https:\/\/kapitalis.com\/tunisie\/#organization","name":"Kapitalis","url":"https:\/\/kapitalis.com\/tunisie\/","logo":{"@type":"ImageObject","inLanguage":"fr-FR","@id":"https:\/\/kapitalis.com\/tunisie\/#\/schema\/logo\/image\/","url":"https:\/\/kapitalis.com\/tunisie\/wp-content\/uploads\/2022\/05\/Kapitalis-big-size.png","contentUrl":"https:\/\/kapitalis.com\/tunisie\/wp-content\/uploads\/2022\/05\/Kapitalis-big-size.png","width":5000,"height":1500,"caption":"Kapitalis"},"image":{"@id":"https:\/\/kapitalis.com\/tunisie\/#\/schema\/logo\/image\/"},"sameAs":["https:\/\/www.facebook.com\/KapitalisInfo\/","https:\/\/x.com\/KapitalisInfo","https:\/\/www.youtube.com\/channel\/UC-yDYrHyfFBWWZaOw3FPg9Q"]},{"@type":"Person","@id":"https:\/\/kapitalis.com\/tunisie\/#\/schema\/person\/74bbde0154d49d790a92aaeac5bc01d5","name":"Yusra NY","url":"https:\/\/kapitalis.com\/tunisie\/author\/yuza_adam\/"}]}},"_links":{"self":[{"href":"https:\/\/kapitalis.com\/tunisie\/wp-json\/wp\/v2\/posts\/239788","targetHints":{"allow":["GET"]}}],"collection":[{"href":"https:\/\/kapitalis.com\/tunisie\/wp-json\/wp\/v2\/posts"}],"about":[{"href":"https:\/\/kapitalis.com\/tunisie\/wp-json\/wp\/v2\/types\/post"}],"author":[{"embeddable":true,"href":"https:\/\/kapitalis.com\/tunisie\/wp-json\/wp\/v2\/users\/6"}],"replies":[{"embeddable":true,"href":"https:\/\/kapitalis.com\/tunisie\/wp-json\/wp\/v2\/comments?post=239788"}],"version-history":[{"count":0,"href":"https:\/\/kapitalis.com\/tunisie\/wp-json\/wp\/v2\/posts\/239788\/revisions"}],"wp:featuredmedia":[{"embeddable":true,"href":"https:\/\/kapitalis.com\/tunisie\/wp-json\/wp\/v2\/media\/239791"}],"wp:attachment":[{"href":"https:\/\/kapitalis.com\/tunisie\/wp-json\/wp\/v2\/media?parent=239788"}],"wp:term":[{"taxonomy":"category","embeddable":true,"href":"https:\/\/kapitalis.com\/tunisie\/wp-json\/wp\/v2\/categories?post=239788"},{"taxonomy":"post_tag","embeddable":true,"href":"https:\/\/kapitalis.com\/tunisie\/wp-json\/wp\/v2\/tags?post=239788"}],"curies":[{"name":"wp","href":"https:\/\/api.w.org\/{rel}","templated":true}]}}