{"id":239881,"date":"2019-09-16T10:00:04","date_gmt":"2019-09-16T09:00:04","guid":{"rendered":"http:\/\/kapitalis.com\/tunisie\/?p=239881"},"modified":"2019-09-16T11:13:50","modified_gmt":"2019-09-16T10:13:50","slug":"presidentielle-anticipee-3-dates-potentielles-pour-le-deuxieme-tour","status":"publish","type":"post","link":"https:\/\/kapitalis.com\/tunisie\/2019\/09\/16\/presidentielle-anticipee-3-dates-potentielles-pour-le-deuxieme-tour\/","title":{"rendered":"Pr\u00e9sidentielle anticip\u00e9e : 3 dates potentielles pour le deuxi\u00e8me tour"},"content":{"rendered":"\n<figure class=\"wp-block-image\"><img decoding=\"async\" src=\"http:\/\/kapitalis.com\/tunisie\/wp-content\/uploads\/2019\/09\/Nabil-Karoui-Kaies-Saied.jpg\" alt=\"\" class=\"wp-image-239860\"\/><\/figure>\n\n\n\n<p><strong><em>Dans une d\u00e9claration faite \u00e0 Radio Tunis cha\u00eene internationale (RTCI), la membre de l&rsquo;Instance sup\u00e9rieure ind\u00e9pendante pour les \u00e9lections (Isie), Hasna Ben  Slimane, a fix\u00e9 3 dates hypoth\u00e9tiques pour le scrutin relatif au deuxi\u00e8me tour de l&rsquo;\u00e9lection pr\u00e9sidentielle anticip\u00e9e, qui devrait avoir lieu, selon ses dires, entre le 29 septembre et le 13 octobre 2019.<\/em><\/strong><\/p>\n\n\n\n<!--more-->\n\n\n\n<p>Mme Ben Slimane a rappel\u00e9 que 15 jours doivent s\u00e9parer l&rsquo;annonce d\u00e9finitive des r\u00e9sultats du 1er tour, pr\u00e9vue initialement pour demain, mardi, 17 septembre, et le jour du rendez-vous \u00e9lectoral du 2e tour. Cela signifie que, s&rsquo;il n&rsquo;y aura pas d&rsquo;appel aupr\u00e8s du tribunal administratif (TA), la premi\u00e8re date possible pour le scrutin est le dimanche, 29 septembre.<\/p>\n\n\n\n<p>L&rsquo;ancienne porte-parole de l&rsquo;Isie a rappel\u00e9, par ailleurs, que le d\u00e9lai de recours est, quant \u00e0 lui, pr\u00e9vu pour le 19 septembre. Et qu&rsquo;en cas d&rsquo;appel aux r\u00e9sultats de demain, on devrait avoir un jugement de premi\u00e8re instance la semaine d&rsquo;apr\u00e8s, puisqu&rsquo;il faut compter 2 jours pour les plaidoiries, 2 autres pour prononcer les jugements et 1 jour pour les avoir. <\/p>\n\n\n\n<p>Par cons\u00e9quent, s&rsquo;il n&rsquo;y aura pas de recours en appel \u00e0 ce jugement de premi\u00e8re instance, les r\u00e9sultats d\u00e9finitifs auront lieu aux alentours du 26 septembre, selon Mme Ben Slimane. Auquel cas, le scrutin pr\u00e9sidentiel du 2e tour pourrait avoir lieu le 6 octobre, en concomitance avec celui des l\u00e9gislatives.<\/p>\n\n\n\n<p>En revanche, en cas de recours en appel au jugement de premi\u00e8re instance, il faudrait rajouter une semaine de plus, et le 2e tour aurait donc probablement lieu le 13 octobre.<\/p>\n\n\n\n<p>Rappelons que le 25 octobre est la date limite avant laquelle nous devons avoir un pr\u00e9sident. Etant donn\u00e9e que la pr\u00e9sidence de la r\u00e9publique par int\u00e9rim, en cas de d\u00e9c\u00e8s du pr\u00e9sident en fonction, qui est assur\u00e9e par Mohamed Ennaceur, pr\u00e9sident de l&rsquo;Assembl\u00e9e des repr\u00e9sentants du peuple (ARP), depuis le 25 juillet, ne peut, selon la constitution, d\u00e9passer les 90 jours. Une vraie course contre la montre&#8230; <\/p>\n\n\n\n<p style=\"text-align:right\"><strong>C. B. Y.<\/strong><\/p>\n\n\n\n<p> <\/p>\n","protected":false},"excerpt":{"rendered":"<p>Dans une d\u00e9claration faite \u00e0 Radio Tunis cha\u00eene internationale (RTCI), la membre de l&rsquo;Instance sup\u00e9rieure ind\u00e9pendante pour les \u00e9lections (Isie), Hasna Ben Slimane, a fix\u00e9 3 dates hypoth\u00e9tiques pour le scrutin relatif au deuxi\u00e8me tour de l&rsquo;\u00e9lection pr\u00e9sidentielle anticip\u00e9e, qui devrait avoir lieu, selon ses dires, entre le 29 septembre et le 13 octobre 2019.<\/p>\n","protected":false},"author":24,"featured_media":0,"comment_status":"open","ping_status":"open","sticky":false,"template":"","format":"standard","meta":{"footnotes":""},"categories":[997,2433],"tags":[64505,64506,499,1710,63719],"class_list":["post-239881","post","type-post","status-publish","format-standard","hentry","category-politique","category-tunisie","tag-dexieme-tour","tag-hasna-ben-slimane","tag-isie","tag-mohamed-ennaceur","tag-presidentielle-anticipee"],"yoast_head":"<!-- This site is optimized with the Yoast SEO plugin v26.6 - https:\/\/yoast.com\/wordpress\/plugins\/seo\/ -->\n<title>Pr\u00e9sidentielle anticip\u00e9e : 3 dates potentielles pour le deuxi\u00e8me tour - Kapitalis<\/title>\n<meta name=\"robots\" content=\"index, follow, max-snippet:-1, max-image-preview:large, max-video-preview:-1\" \/>\n<link rel=\"canonical\" href=\"https:\/\/kapitalis.com\/tunisie\/2019\/09\/16\/presidentielle-anticipee-3-dates-potentielles-pour-le-deuxieme-tour\/\" \/>\n<meta property=\"og:locale\" content=\"fr_FR\" \/>\n<meta property=\"og:type\" content=\"article\" \/>\n<meta property=\"og:title\" content=\"Pr\u00e9sidentielle anticip\u00e9e : 3 dates potentielles pour le deuxi\u00e8me tour - Kapitalis\" \/>\n<meta property=\"og:description\" content=\"Dans une d\u00e9claration faite \u00e0 Radio Tunis cha\u00eene internationale (RTCI), la membre de l&rsquo;Instance sup\u00e9rieure ind\u00e9pendante pour les \u00e9lections (Isie), Hasna Ben Slimane, a fix\u00e9 3 dates hypoth\u00e9tiques pour le scrutin relatif au deuxi\u00e8me tour de l&rsquo;\u00e9lection pr\u00e9sidentielle anticip\u00e9e, qui devrait avoir lieu, selon ses dires, entre le 29 septembre et le 13 octobre 2019.\" \/>\n<meta property=\"og:url\" content=\"https:\/\/kapitalis.com\/tunisie\/2019\/09\/16\/presidentielle-anticipee-3-dates-potentielles-pour-le-deuxieme-tour\/\" \/>\n<meta property=\"og:site_name\" content=\"Kapitalis\" \/>\n<meta property=\"article:publisher\" content=\"https:\/\/www.facebook.com\/KapitalisInfo\/\" \/>\n<meta property=\"article:published_time\" content=\"2019-09-16T09:00:04+00:00\" \/>\n<meta property=\"article:modified_time\" content=\"2019-09-16T10:13:50+00:00\" \/>\n<meta property=\"og:image\" content=\"http:\/\/kapitalis.com\/tunisie\/wp-content\/uploads\/2019\/09\/Nabil-Karoui-Kaies-Saied.jpg\" \/>\n<meta name=\"author\" content=\"Cherif Benyounes\" \/>\n<meta name=\"twitter:card\" content=\"summary_large_image\" \/>\n<meta name=\"twitter:creator\" content=\"@KapitalisInfo\" \/>\n<meta name=\"twitter:site\" content=\"@KapitalisInfo\" \/>\n<meta name=\"twitter:label1\" content=\"\u00c9crit par\" \/>\n\t<meta name=\"twitter:data1\" content=\"Cherif Benyounes\" \/>\n\t<meta name=\"twitter:label2\" content=\"Dur\u00e9e de lecture estim\u00e9e\" \/>\n\t<meta name=\"twitter:data2\" content=\"2 minutes\" \/>\n<script type=\"application\/ld+json\" class=\"yoast-schema-graph\">{\"@context\":\"https:\/\/schema.org\",\"@graph\":[{\"@type\":\"Article\",\"@id\":\"https:\/\/kapitalis.com\/tunisie\/2019\/09\/16\/presidentielle-anticipee-3-dates-potentielles-pour-le-deuxieme-tour\/#article\",\"isPartOf\":{\"@id\":\"https:\/\/kapitalis.com\/tunisie\/2019\/09\/16\/presidentielle-anticipee-3-dates-potentielles-pour-le-deuxieme-tour\/\"},\"author\":{\"name\":\"Cherif Benyounes\",\"@id\":\"https:\/\/kapitalis.com\/tunisie\/#\/schema\/person\/b35b8d631961131107263178aeb8019e\"},\"headline\":\"Pr\u00e9sidentielle anticip\u00e9e : 3 dates potentielles pour le deuxi\u00e8me tour\",\"datePublished\":\"2019-09-16T09:00:04+00:00\",\"dateModified\":\"2019-09-16T10:13:50+00:00\",\"mainEntityOfPage\":{\"@id\":\"https:\/\/kapitalis.com\/tunisie\/2019\/09\/16\/presidentielle-anticipee-3-dates-potentielles-pour-le-deuxieme-tour\/\"},\"wordCount\":356,\"commentCount\":0,\"publisher\":{\"@id\":\"https:\/\/kapitalis.com\/tunisie\/#organization\"},\"image\":{\"@id\":\"https:\/\/kapitalis.com\/tunisie\/2019\/09\/16\/presidentielle-anticipee-3-dates-potentielles-pour-le-deuxieme-tour\/#primaryimage\"},\"thumbnailUrl\":\"http:\/\/kapitalis.com\/tunisie\/wp-content\/uploads\/2019\/09\/Nabil-Karoui-Kaies-Saied.jpg\",\"keywords\":[\"dexi\u00e8me tour\",\"Hasna Ben Slimane\",\"Isie\",\"Mohamed Ennaceur\",\"pr\u00e9sidentielle anticip\u00e9e\"],\"articleSection\":[\"POLITIQUE\",\"Tunisie\"],\"inLanguage\":\"fr-FR\",\"potentialAction\":[{\"@type\":\"CommentAction\",\"name\":\"Comment\",\"target\":[\"https:\/\/kapitalis.com\/tunisie\/2019\/09\/16\/presidentielle-anticipee-3-dates-potentielles-pour-le-deuxieme-tour\/#respond\"]}]},{\"@type\":\"WebPage\",\"@id\":\"https:\/\/kapitalis.com\/tunisie\/2019\/09\/16\/presidentielle-anticipee-3-dates-potentielles-pour-le-deuxieme-tour\/\",\"url\":\"https:\/\/kapitalis.com\/tunisie\/2019\/09\/16\/presidentielle-anticipee-3-dates-potentielles-pour-le-deuxieme-tour\/\",\"name\":\"Pr\u00e9sidentielle anticip\u00e9e : 3 dates potentielles pour le deuxi\u00e8me tour - Kapitalis\",\"isPartOf\":{\"@id\":\"https:\/\/kapitalis.com\/tunisie\/#website\"},\"primaryImageOfPage\":{\"@id\":\"https:\/\/kapitalis.com\/tunisie\/2019\/09\/16\/presidentielle-anticipee-3-dates-potentielles-pour-le-deuxieme-tour\/#primaryimage\"},\"image\":{\"@id\":\"https:\/\/kapitalis.com\/tunisie\/2019\/09\/16\/presidentielle-anticipee-3-dates-potentielles-pour-le-deuxieme-tour\/#primaryimage\"},\"thumbnailUrl\":\"http:\/\/kapitalis.com\/tunisie\/wp-content\/uploads\/2019\/09\/Nabil-Karoui-Kaies-Saied.jpg\",\"datePublished\":\"2019-09-16T09:00:04+00:00\",\"dateModified\":\"2019-09-16T10:13:50+00:00\",\"breadcrumb\":{\"@id\":\"https:\/\/kapitalis.com\/tunisie\/2019\/09\/16\/presidentielle-anticipee-3-dates-potentielles-pour-le-deuxieme-tour\/#breadcrumb\"},\"inLanguage\":\"fr-FR\",\"potentialAction\":[{\"@type\":\"ReadAction\",\"target\":[\"https:\/\/kapitalis.com\/tunisie\/2019\/09\/16\/presidentielle-anticipee-3-dates-potentielles-pour-le-deuxieme-tour\/\"]}]},{\"@type\":\"ImageObject\",\"inLanguage\":\"fr-FR\",\"@id\":\"https:\/\/kapitalis.com\/tunisie\/2019\/09\/16\/presidentielle-anticipee-3-dates-potentielles-pour-le-deuxieme-tour\/#primaryimage\",\"url\":\"\",\"contentUrl\":\"\"},{\"@type\":\"BreadcrumbList\",\"@id\":\"https:\/\/kapitalis.com\/tunisie\/2019\/09\/16\/presidentielle-anticipee-3-dates-potentielles-pour-le-deuxieme-tour\/#breadcrumb\",\"itemListElement\":[{\"@type\":\"ListItem\",\"position\":1,\"name\":\"Accueil\",\"item\":\"https:\/\/kapitalis.com\/tunisie\/\"},{\"@type\":\"ListItem\",\"position\":2,\"name\":\"Pr\u00e9sidentielle anticip\u00e9e : 3 dates potentielles pour le deuxi\u00e8me tour\"}]},{\"@type\":\"WebSite\",\"@id\":\"https:\/\/kapitalis.com\/tunisie\/#website\",\"url\":\"https:\/\/kapitalis.com\/tunisie\/\",\"name\":\"Kapitalis\",\"description\":\"L&#039;actualit\u00e9 en Tunisie et dans le monde\",\"publisher\":{\"@id\":\"https:\/\/kapitalis.com\/tunisie\/#organization\"},\"potentialAction\":[{\"@type\":\"SearchAction\",\"target\":{\"@type\":\"EntryPoint\",\"urlTemplate\":\"https:\/\/kapitalis.com\/tunisie\/?s={search_term_string}\"},\"query-input\":{\"@type\":\"PropertyValueSpecification\",\"valueRequired\":true,\"valueName\":\"search_term_string\"}}],\"inLanguage\":\"fr-FR\"},{\"@type\":\"Organization\",\"@id\":\"https:\/\/kapitalis.com\/tunisie\/#organization\",\"name\":\"Kapitalis\",\"url\":\"https:\/\/kapitalis.com\/tunisie\/\",\"logo\":{\"@type\":\"ImageObject\",\"inLanguage\":\"fr-FR\",\"@id\":\"https:\/\/kapitalis.com\/tunisie\/#\/schema\/logo\/image\/\",\"url\":\"https:\/\/kapitalis.com\/tunisie\/wp-content\/uploads\/2022\/05\/Kapitalis-big-size.png\",\"contentUrl\":\"https:\/\/kapitalis.com\/tunisie\/wp-content\/uploads\/2022\/05\/Kapitalis-big-size.png\",\"width\":5000,\"height\":1500,\"caption\":\"Kapitalis\"},\"image\":{\"@id\":\"https:\/\/kapitalis.com\/tunisie\/#\/schema\/logo\/image\/\"},\"sameAs\":[\"https:\/\/www.facebook.com\/KapitalisInfo\/\",\"https:\/\/x.com\/KapitalisInfo\",\"https:\/\/www.youtube.com\/channel\/UC-yDYrHyfFBWWZaOw3FPg9Q\"]},{\"@type\":\"Person\",\"@id\":\"https:\/\/kapitalis.com\/tunisie\/#\/schema\/person\/b35b8d631961131107263178aeb8019e\",\"name\":\"Cherif Benyounes\",\"url\":\"https:\/\/kapitalis.com\/tunisie\/author\/cherif\/\"}]}<\/script>\n<!-- \/ Yoast SEO plugin. -->","yoast_head_json":{"title":"Pr\u00e9sidentielle anticip\u00e9e : 3 dates potentielles pour le deuxi\u00e8me tour - Kapitalis","robots":{"index":"index","follow":"follow","max-snippet":"max-snippet:-1","max-image-preview":"max-image-preview:large","max-video-preview":"max-video-preview:-1"},"canonical":"https:\/\/kapitalis.com\/tunisie\/2019\/09\/16\/presidentielle-anticipee-3-dates-potentielles-pour-le-deuxieme-tour\/","og_locale":"fr_FR","og_type":"article","og_title":"Pr\u00e9sidentielle anticip\u00e9e : 3 dates potentielles pour le deuxi\u00e8me tour - Kapitalis","og_description":"Dans une d\u00e9claration faite \u00e0 Radio Tunis cha\u00eene internationale (RTCI), la membre de l&rsquo;Instance sup\u00e9rieure ind\u00e9pendante pour les \u00e9lections (Isie), Hasna Ben Slimane, a fix\u00e9 3 dates hypoth\u00e9tiques pour le scrutin relatif au deuxi\u00e8me tour de l&rsquo;\u00e9lection pr\u00e9sidentielle anticip\u00e9e, qui devrait avoir lieu, selon ses dires, entre le 29 septembre et le 13 octobre 2019.","og_url":"https:\/\/kapitalis.com\/tunisie\/2019\/09\/16\/presidentielle-anticipee-3-dates-potentielles-pour-le-deuxieme-tour\/","og_site_name":"Kapitalis","article_publisher":"https:\/\/www.facebook.com\/KapitalisInfo\/","article_published_time":"2019-09-16T09:00:04+00:00","article_modified_time":"2019-09-16T10:13:50+00:00","og_image":[{"url":"http:\/\/kapitalis.com\/tunisie\/wp-content\/uploads\/2019\/09\/Nabil-Karoui-Kaies-Saied.jpg","type":"","width":"","height":""}],"author":"Cherif Benyounes","twitter_card":"summary_large_image","twitter_creator":"@KapitalisInfo","twitter_site":"@KapitalisInfo","twitter_misc":{"\u00c9crit par":"Cherif Benyounes","Dur\u00e9e de lecture estim\u00e9e":"2 minutes"},"schema":{"@context":"https:\/\/schema.org","@graph":[{"@type":"Article","@id":"https:\/\/kapitalis.com\/tunisie\/2019\/09\/16\/presidentielle-anticipee-3-dates-potentielles-pour-le-deuxieme-tour\/#article","isPartOf":{"@id":"https:\/\/kapitalis.com\/tunisie\/2019\/09\/16\/presidentielle-anticipee-3-dates-potentielles-pour-le-deuxieme-tour\/"},"author":{"name":"Cherif Benyounes","@id":"https:\/\/kapitalis.com\/tunisie\/#\/schema\/person\/b35b8d631961131107263178aeb8019e"},"headline":"Pr\u00e9sidentielle anticip\u00e9e : 3 dates potentielles pour le deuxi\u00e8me tour","datePublished":"2019-09-16T09:00:04+00:00","dateModified":"2019-09-16T10:13:50+00:00","mainEntityOfPage":{"@id":"https:\/\/kapitalis.com\/tunisie\/2019\/09\/16\/presidentielle-anticipee-3-dates-potentielles-pour-le-deuxieme-tour\/"},"wordCount":356,"commentCount":0,"publisher":{"@id":"https:\/\/kapitalis.com\/tunisie\/#organization"},"image":{"@id":"https:\/\/kapitalis.com\/tunisie\/2019\/09\/16\/presidentielle-anticipee-3-dates-potentielles-pour-le-deuxieme-tour\/#primaryimage"},"thumbnailUrl":"http:\/\/kapitalis.com\/tunisie\/wp-content\/uploads\/2019\/09\/Nabil-Karoui-Kaies-Saied.jpg","keywords":["dexi\u00e8me tour","Hasna Ben Slimane","Isie","Mohamed Ennaceur","pr\u00e9sidentielle anticip\u00e9e"],"articleSection":["POLITIQUE","Tunisie"],"inLanguage":"fr-FR","potentialAction":[{"@type":"CommentAction","name":"Comment","target":["https:\/\/kapitalis.com\/tunisie\/2019\/09\/16\/presidentielle-anticipee-3-dates-potentielles-pour-le-deuxieme-tour\/#respond"]}]},{"@type":"WebPage","@id":"https:\/\/kapitalis.com\/tunisie\/2019\/09\/16\/presidentielle-anticipee-3-dates-potentielles-pour-le-deuxieme-tour\/","url":"https:\/\/kapitalis.com\/tunisie\/2019\/09\/16\/presidentielle-anticipee-3-dates-potentielles-pour-le-deuxieme-tour\/","name":"Pr\u00e9sidentielle anticip\u00e9e : 3 dates potentielles pour le deuxi\u00e8me tour - Kapitalis","isPartOf":{"@id":"https:\/\/kapitalis.com\/tunisie\/#website"},"primaryImageOfPage":{"@id":"https:\/\/kapitalis.com\/tunisie\/2019\/09\/16\/presidentielle-anticipee-3-dates-potentielles-pour-le-deuxieme-tour\/#primaryimage"},"image":{"@id":"https:\/\/kapitalis.com\/tunisie\/2019\/09\/16\/presidentielle-anticipee-3-dates-potentielles-pour-le-deuxieme-tour\/#primaryimage"},"thumbnailUrl":"http:\/\/kapitalis.com\/tunisie\/wp-content\/uploads\/2019\/09\/Nabil-Karoui-Kaies-Saied.jpg","datePublished":"2019-09-16T09:00:04+00:00","dateModified":"2019-09-16T10:13:50+00:00","breadcrumb":{"@id":"https:\/\/kapitalis.com\/tunisie\/2019\/09\/16\/presidentielle-anticipee-3-dates-potentielles-pour-le-deuxieme-tour\/#breadcrumb"},"inLanguage":"fr-FR","potentialAction":[{"@type":"ReadAction","target":["https:\/\/kapitalis.com\/tunisie\/2019\/09\/16\/presidentielle-anticipee-3-dates-potentielles-pour-le-deuxieme-tour\/"]}]},{"@type":"ImageObject","inLanguage":"fr-FR","@id":"https:\/\/kapitalis.com\/tunisie\/2019\/09\/16\/presidentielle-anticipee-3-dates-potentielles-pour-le-deuxieme-tour\/#primaryimage","url":"","contentUrl":""},{"@type":"BreadcrumbList","@id":"https:\/\/kapitalis.com\/tunisie\/2019\/09\/16\/presidentielle-anticipee-3-dates-potentielles-pour-le-deuxieme-tour\/#breadcrumb","itemListElement":[{"@type":"ListItem","position":1,"name":"Accueil","item":"https:\/\/kapitalis.com\/tunisie\/"},{"@type":"ListItem","position":2,"name":"Pr\u00e9sidentielle anticip\u00e9e : 3 dates potentielles pour le deuxi\u00e8me tour"}]},{"@type":"WebSite","@id":"https:\/\/kapitalis.com\/tunisie\/#website","url":"https:\/\/kapitalis.com\/tunisie\/","name":"Kapitalis","description":"L&#039;actualit\u00e9 en Tunisie et dans le monde","publisher":{"@id":"https:\/\/kapitalis.com\/tunisie\/#organization"},"potentialAction":[{"@type":"SearchAction","target":{"@type":"EntryPoint","urlTemplate":"https:\/\/kapitalis.com\/tunisie\/?s={search_term_string}"},"query-input":{"@type":"PropertyValueSpecification","valueRequired":true,"valueName":"search_term_string"}}],"inLanguage":"fr-FR"},{"@type":"Organization","@id":"https:\/\/kapitalis.com\/tunisie\/#organization","name":"Kapitalis","url":"https:\/\/kapitalis.com\/tunisie\/","logo":{"@type":"ImageObject","inLanguage":"fr-FR","@id":"https:\/\/kapitalis.com\/tunisie\/#\/schema\/logo\/image\/","url":"https:\/\/kapitalis.com\/tunisie\/wp-content\/uploads\/2022\/05\/Kapitalis-big-size.png","contentUrl":"https:\/\/kapitalis.com\/tunisie\/wp-content\/uploads\/2022\/05\/Kapitalis-big-size.png","width":5000,"height":1500,"caption":"Kapitalis"},"image":{"@id":"https:\/\/kapitalis.com\/tunisie\/#\/schema\/logo\/image\/"},"sameAs":["https:\/\/www.facebook.com\/KapitalisInfo\/","https:\/\/x.com\/KapitalisInfo","https:\/\/www.youtube.com\/channel\/UC-yDYrHyfFBWWZaOw3FPg9Q"]},{"@type":"Person","@id":"https:\/\/kapitalis.com\/tunisie\/#\/schema\/person\/b35b8d631961131107263178aeb8019e","name":"Cherif Benyounes","url":"https:\/\/kapitalis.com\/tunisie\/author\/cherif\/"}]}},"_links":{"self":[{"href":"https:\/\/kapitalis.com\/tunisie\/wp-json\/wp\/v2\/posts\/239881","targetHints":{"allow":["GET"]}}],"collection":[{"href":"https:\/\/kapitalis.com\/tunisie\/wp-json\/wp\/v2\/posts"}],"about":[{"href":"https:\/\/kapitalis.com\/tunisie\/wp-json\/wp\/v2\/types\/post"}],"author":[{"embeddable":true,"href":"https:\/\/kapitalis.com\/tunisie\/wp-json\/wp\/v2\/users\/24"}],"replies":[{"embeddable":true,"href":"https:\/\/kapitalis.com\/tunisie\/wp-json\/wp\/v2\/comments?post=239881"}],"version-history":[{"count":0,"href":"https:\/\/kapitalis.com\/tunisie\/wp-json\/wp\/v2\/posts\/239881\/revisions"}],"wp:attachment":[{"href":"https:\/\/kapitalis.com\/tunisie\/wp-json\/wp\/v2\/media?parent=239881"}],"wp:term":[{"taxonomy":"category","embeddable":true,"href":"https:\/\/kapitalis.com\/tunisie\/wp-json\/wp\/v2\/categories?post=239881"},{"taxonomy":"post_tag","embeddable":true,"href":"https:\/\/kapitalis.com\/tunisie\/wp-json\/wp\/v2\/tags?post=239881"}],"curies":[{"name":"wp","href":"https:\/\/api.w.org\/{rel}","templated":true}]}}