{"id":240086,"date":"2019-09-17T11:35:58","date_gmt":"2019-09-17T10:35:58","guid":{"rendered":"http:\/\/kapitalis.com\/tunisie\/?p=240086"},"modified":"2019-09-17T11:36:01","modified_gmt":"2019-09-17T10:36:01","slug":"stevie-award-2020-aux-emirats-trophees-pour-des-entreprises-des-pays-du-moyen-orient-et-afrique-du-nord","status":"publish","type":"post","link":"https:\/\/kapitalis.com\/tunisie\/2019\/09\/17\/stevie-award-2020-aux-emirats-trophees-pour-des-entreprises-des-pays-du-moyen-orient-et-afrique-du-nord\/","title":{"rendered":"Stevie Award 2020 aux Emirats : Troph\u00e9es pour des entreprises des pays du Moyen Orient et Afrique du Nord"},"content":{"rendered":"\n<figure class=\"wp-block-image\"><img decoding=\"async\" src=\"http:\/\/kapitalis.com\/tunisie\/wp-content\/uploads\/2019\/09\/Stevie-Award-ras-el-khaima....jpg\" alt=\"\" class=\"wp-image-240272\"\/><figcaption> Chambre de commerce de Ras El Khaima: Entente pour organiser Stevie Award en 2020 <\/figcaption><\/figure>\n\n\n\n<p><strong><em>Les Stevie Award, programme international de r\u00e9compenses pour les entreprises de 17 pays  du Moyen Orient et <\/em><\/strong><strong><em>d&rsquo;Afrique du Nord<\/em><\/strong><strong><em> (Mena), dont la Tunisie, aura lieu \u00e0 Ras El Khaima aux Emirats arabes unis, en f\u00e9vrier 2020.<\/em><\/strong><\/p>\n\n\n\n<!--more-->\n\n\n\n<p>Le Stevie Award est le seul programme international de r\u00e9compenses pour les entreprises.  <\/p>\n\n\n\n<p>Toutes les entreprises du monde peuvent participer aux Stevie Award<em>,<\/em> qui compte un large \u00e9ventail de cat\u00e9gories. Elles peuvent soumettre leurs candidatures dans la gestion, l&rsquo;entreprise de l&rsquo;ann\u00e9e, le marketing, les relations publiques, le service \u00e0 la client\u00e8le, les ressources humaines, les nouveaux produits, l&rsquo;informatique, les sites web, etc. <\/p>\n\n\n\n<p>Les laur\u00e9ats peuvent \u00eatre \u00e9ligibles aux prix Stevie d&rsquo;or, d&rsquo;argent ou de bronze. <\/p>\n\n\n\n<p>Les Stevie Awards sont d\u00e9cern\u00e9s dans 7 programmes : les Stevie Awards Asie-Pacifique, les Stevie Awards Allemagne, les American Business Awards\u00ae, les International Business Awards\u00ae, les Stevie Awards pour les femmes dans le monde des affaires, les Stevie Awards pour les grands employeurs et les Stevie Awards pour les ventes et le service client. <\/p>\n\n\n\n<p>Les concours Stevie Awards re\u00e7oivent chaque ann\u00e9e plus de 12.000 nominations \u00e9manant d&rsquo;entreprises de plus de 70 pays. En r\u00e9compensant les entreprises de tous types et de toutes tailles, ainsi que leurs collaborateurs, les Stevies reconnaissent les performances exceptionnelles sur le lieu de travail dans le monde entier.\u00a0 <\/p>\n\n\n\n<p>Les prix seront parrain\u00e9s par la Chambre de commerce et d&rsquo;industrie de Ras El Khaima (CCI-RAK), avec le bureau des m\u00e9dias du gouvernement de RAK en tant que partenaire.<\/p>\n\n\n\n<p>Les Stevie Awards de Mena sont ouverts \u00e0 toutes les entit\u00e9s \u00e9tatiques et priv\u00e9es des pays Mena. Les candidatures seront accept\u00e9es et \u00e9valu\u00e9es en arabe et en anglais dans plus de 100 cat\u00e9gories. L&rsquo;accent sera surtout plac\u00e9 sur l&rsquo;innovation.<\/p>\n\n\n<p style=\"text-align: right;\"><strong>Amina Mkada<\/strong> <em>(avec<span style=\"color: #0000ff;\"><a style=\"color: #0000ff;\" href=\"https:\/\/www.arabianbusiness.com\/article\/427950?utm_source=newsletter&amp;utm_medium=email&amp;utm_campaign=nl_en_am&amp;utm_email=mkadamina@gmail.com\" target=\"_blank\" rel=\"noopener noreferrer\"> Arabian Business<\/a><\/span>).<\/em><\/p>","protected":false},"excerpt":{"rendered":"<p>Les Stevie Award, programme international de r\u00e9compenses pour les entreprises de 17 pays du Moyen Orient et d&rsquo;Afrique du Nord (Mena), dont la Tunisie, aura lieu \u00e0 Ras El Khaima aux Emirats arabes unis, en f\u00e9vrier 2020.<\/p>\n","protected":false},"author":22,"featured_media":240108,"comment_status":"open","ping_status":"open","sticky":false,"template":"","format":"standard","meta":{"footnotes":""},"categories":[995,2433],"tags":[64552],"class_list":["post-240086","post","type-post","status-publish","format-standard","has-post-thumbnail","hentry","category-economie","category-tunisie","tag-pays-mena"],"yoast_head":"<!-- This site is optimized with the Yoast SEO plugin v26.6 - https:\/\/yoast.com\/wordpress\/plugins\/seo\/ -->\n<title>Stevie Award 2020 aux Emirats : Troph\u00e9es pour des entreprises des pays du Moyen Orient et Afrique du Nord - Kapitalis<\/title>\n<meta name=\"robots\" content=\"index, follow, max-snippet:-1, max-image-preview:large, max-video-preview:-1\" \/>\n<link rel=\"canonical\" href=\"https:\/\/kapitalis.com\/tunisie\/2019\/09\/17\/stevie-award-2020-aux-emirats-trophees-pour-des-entreprises-des-pays-du-moyen-orient-et-afrique-du-nord\/\" \/>\n<meta property=\"og:locale\" content=\"fr_FR\" \/>\n<meta property=\"og:type\" content=\"article\" \/>\n<meta property=\"og:title\" content=\"Stevie Award 2020 aux Emirats : Troph\u00e9es pour des entreprises des pays du Moyen Orient et Afrique du Nord - Kapitalis\" \/>\n<meta property=\"og:description\" content=\"Les Stevie Award, programme international de r\u00e9compenses pour les entreprises de 17 pays du Moyen Orient et d&rsquo;Afrique du Nord (Mena), dont la Tunisie, aura lieu \u00e0 Ras El Khaima aux Emirats arabes unis, en f\u00e9vrier 2020.\" \/>\n<meta property=\"og:url\" content=\"https:\/\/kapitalis.com\/tunisie\/2019\/09\/17\/stevie-award-2020-aux-emirats-trophees-pour-des-entreprises-des-pays-du-moyen-orient-et-afrique-du-nord\/\" \/>\n<meta property=\"og:site_name\" content=\"Kapitalis\" \/>\n<meta property=\"article:publisher\" content=\"https:\/\/www.facebook.com\/KapitalisInfo\/\" \/>\n<meta property=\"article:published_time\" content=\"2019-09-17T10:35:58+00:00\" \/>\n<meta property=\"article:modified_time\" content=\"2019-09-17T10:36:01+00:00\" \/>\n<meta property=\"og:image\" content=\"https:\/\/kapitalis.com\/tunisie\/wp-content\/uploads\/2022\/05\/kapitalis-logo-fb.png\" \/>\n\t<meta property=\"og:image:width\" content=\"1200\" \/>\n\t<meta property=\"og:image:height\" content=\"630\" \/>\n\t<meta property=\"og:image:type\" content=\"image\/png\" \/>\n<meta name=\"author\" content=\"Amina Mkada\" \/>\n<meta name=\"twitter:card\" content=\"summary_large_image\" \/>\n<meta name=\"twitter:creator\" content=\"@KapitalisInfo\" \/>\n<meta name=\"twitter:site\" content=\"@KapitalisInfo\" \/>\n<meta name=\"twitter:label1\" content=\"\u00c9crit par\" \/>\n\t<meta name=\"twitter:data1\" content=\"Amina Mkada\" \/>\n\t<meta name=\"twitter:label2\" content=\"Dur\u00e9e de lecture estim\u00e9e\" \/>\n\t<meta name=\"twitter:data2\" content=\"2 minutes\" \/>\n<script type=\"application\/ld+json\" class=\"yoast-schema-graph\">{\"@context\":\"https:\/\/schema.org\",\"@graph\":[{\"@type\":\"Article\",\"@id\":\"https:\/\/kapitalis.com\/tunisie\/2019\/09\/17\/stevie-award-2020-aux-emirats-trophees-pour-des-entreprises-des-pays-du-moyen-orient-et-afrique-du-nord\/#article\",\"isPartOf\":{\"@id\":\"https:\/\/kapitalis.com\/tunisie\/2019\/09\/17\/stevie-award-2020-aux-emirats-trophees-pour-des-entreprises-des-pays-du-moyen-orient-et-afrique-du-nord\/\"},\"author\":{\"name\":\"Amina Mkada\",\"@id\":\"https:\/\/kapitalis.com\/tunisie\/#\/schema\/person\/093913313d3017554cb3ad077fff3fbd\"},\"headline\":\"Stevie Award 2020 aux Emirats : Troph\u00e9es pour des entreprises des pays du Moyen Orient et Afrique du Nord\",\"datePublished\":\"2019-09-17T10:35:58+00:00\",\"dateModified\":\"2019-09-17T10:36:01+00:00\",\"mainEntityOfPage\":{\"@id\":\"https:\/\/kapitalis.com\/tunisie\/2019\/09\/17\/stevie-award-2020-aux-emirats-trophees-pour-des-entreprises-des-pays-du-moyen-orient-et-afrique-du-nord\/\"},\"wordCount\":327,\"commentCount\":0,\"publisher\":{\"@id\":\"https:\/\/kapitalis.com\/tunisie\/#organization\"},\"image\":{\"@id\":\"https:\/\/kapitalis.com\/tunisie\/2019\/09\/17\/stevie-award-2020-aux-emirats-trophees-pour-des-entreprises-des-pays-du-moyen-orient-et-afrique-du-nord\/#primaryimage\"},\"thumbnailUrl\":\"\",\"keywords\":[\"pays MENA\"],\"articleSection\":[\"ECONOMIE\",\"Tunisie\"],\"inLanguage\":\"fr-FR\",\"potentialAction\":[{\"@type\":\"CommentAction\",\"name\":\"Comment\",\"target\":[\"https:\/\/kapitalis.com\/tunisie\/2019\/09\/17\/stevie-award-2020-aux-emirats-trophees-pour-des-entreprises-des-pays-du-moyen-orient-et-afrique-du-nord\/#respond\"]}]},{\"@type\":\"WebPage\",\"@id\":\"https:\/\/kapitalis.com\/tunisie\/2019\/09\/17\/stevie-award-2020-aux-emirats-trophees-pour-des-entreprises-des-pays-du-moyen-orient-et-afrique-du-nord\/\",\"url\":\"https:\/\/kapitalis.com\/tunisie\/2019\/09\/17\/stevie-award-2020-aux-emirats-trophees-pour-des-entreprises-des-pays-du-moyen-orient-et-afrique-du-nord\/\",\"name\":\"Stevie Award 2020 aux Emirats : Troph\u00e9es pour des entreprises des pays du Moyen Orient et Afrique du Nord - Kapitalis\",\"isPartOf\":{\"@id\":\"https:\/\/kapitalis.com\/tunisie\/#website\"},\"primaryImageOfPage\":{\"@id\":\"https:\/\/kapitalis.com\/tunisie\/2019\/09\/17\/stevie-award-2020-aux-emirats-trophees-pour-des-entreprises-des-pays-du-moyen-orient-et-afrique-du-nord\/#primaryimage\"},\"image\":{\"@id\":\"https:\/\/kapitalis.com\/tunisie\/2019\/09\/17\/stevie-award-2020-aux-emirats-trophees-pour-des-entreprises-des-pays-du-moyen-orient-et-afrique-du-nord\/#primaryimage\"},\"thumbnailUrl\":\"\",\"datePublished\":\"2019-09-17T10:35:58+00:00\",\"dateModified\":\"2019-09-17T10:36:01+00:00\",\"breadcrumb\":{\"@id\":\"https:\/\/kapitalis.com\/tunisie\/2019\/09\/17\/stevie-award-2020-aux-emirats-trophees-pour-des-entreprises-des-pays-du-moyen-orient-et-afrique-du-nord\/#breadcrumb\"},\"inLanguage\":\"fr-FR\",\"potentialAction\":[{\"@type\":\"ReadAction\",\"target\":[\"https:\/\/kapitalis.com\/tunisie\/2019\/09\/17\/stevie-award-2020-aux-emirats-trophees-pour-des-entreprises-des-pays-du-moyen-orient-et-afrique-du-nord\/\"]}]},{\"@type\":\"ImageObject\",\"inLanguage\":\"fr-FR\",\"@id\":\"https:\/\/kapitalis.com\/tunisie\/2019\/09\/17\/stevie-award-2020-aux-emirats-trophees-pour-des-entreprises-des-pays-du-moyen-orient-et-afrique-du-nord\/#primaryimage\",\"url\":\"\",\"contentUrl\":\"\"},{\"@type\":\"BreadcrumbList\",\"@id\":\"https:\/\/kapitalis.com\/tunisie\/2019\/09\/17\/stevie-award-2020-aux-emirats-trophees-pour-des-entreprises-des-pays-du-moyen-orient-et-afrique-du-nord\/#breadcrumb\",\"itemListElement\":[{\"@type\":\"ListItem\",\"position\":1,\"name\":\"Accueil\",\"item\":\"https:\/\/kapitalis.com\/tunisie\/\"},{\"@type\":\"ListItem\",\"position\":2,\"name\":\"Stevie Award 2020 aux Emirats : Troph\u00e9es pour des entreprises des pays du Moyen Orient et Afrique du Nord\"}]},{\"@type\":\"WebSite\",\"@id\":\"https:\/\/kapitalis.com\/tunisie\/#website\",\"url\":\"https:\/\/kapitalis.com\/tunisie\/\",\"name\":\"Kapitalis\",\"description\":\"L&#039;actualit\u00e9 en Tunisie et dans le monde\",\"publisher\":{\"@id\":\"https:\/\/kapitalis.com\/tunisie\/#organization\"},\"potentialAction\":[{\"@type\":\"SearchAction\",\"target\":{\"@type\":\"EntryPoint\",\"urlTemplate\":\"https:\/\/kapitalis.com\/tunisie\/?s={search_term_string}\"},\"query-input\":{\"@type\":\"PropertyValueSpecification\",\"valueRequired\":true,\"valueName\":\"search_term_string\"}}],\"inLanguage\":\"fr-FR\"},{\"@type\":\"Organization\",\"@id\":\"https:\/\/kapitalis.com\/tunisie\/#organization\",\"name\":\"Kapitalis\",\"url\":\"https:\/\/kapitalis.com\/tunisie\/\",\"logo\":{\"@type\":\"ImageObject\",\"inLanguage\":\"fr-FR\",\"@id\":\"https:\/\/kapitalis.com\/tunisie\/#\/schema\/logo\/image\/\",\"url\":\"https:\/\/kapitalis.com\/tunisie\/wp-content\/uploads\/2022\/05\/Kapitalis-big-size.png\",\"contentUrl\":\"https:\/\/kapitalis.com\/tunisie\/wp-content\/uploads\/2022\/05\/Kapitalis-big-size.png\",\"width\":5000,\"height\":1500,\"caption\":\"Kapitalis\"},\"image\":{\"@id\":\"https:\/\/kapitalis.com\/tunisie\/#\/schema\/logo\/image\/\"},\"sameAs\":[\"https:\/\/www.facebook.com\/KapitalisInfo\/\",\"https:\/\/x.com\/KapitalisInfo\",\"https:\/\/www.youtube.com\/channel\/UC-yDYrHyfFBWWZaOw3FPg9Q\"]},{\"@type\":\"Person\",\"@id\":\"https:\/\/kapitalis.com\/tunisie\/#\/schema\/person\/093913313d3017554cb3ad077fff3fbd\",\"name\":\"Amina Mkada\",\"url\":\"https:\/\/kapitalis.com\/tunisie\/author\/amina\/\"}]}<\/script>\n<!-- \/ Yoast SEO plugin. -->","yoast_head_json":{"title":"Stevie Award 2020 aux Emirats : Troph\u00e9es pour des entreprises des pays du Moyen Orient et Afrique du Nord - Kapitalis","robots":{"index":"index","follow":"follow","max-snippet":"max-snippet:-1","max-image-preview":"max-image-preview:large","max-video-preview":"max-video-preview:-1"},"canonical":"https:\/\/kapitalis.com\/tunisie\/2019\/09\/17\/stevie-award-2020-aux-emirats-trophees-pour-des-entreprises-des-pays-du-moyen-orient-et-afrique-du-nord\/","og_locale":"fr_FR","og_type":"article","og_title":"Stevie Award 2020 aux Emirats : Troph\u00e9es pour des entreprises des pays du Moyen Orient et Afrique du Nord - Kapitalis","og_description":"Les Stevie Award, programme international de r\u00e9compenses pour les entreprises de 17 pays du Moyen Orient et d&rsquo;Afrique du Nord (Mena), dont la Tunisie, aura lieu \u00e0 Ras El Khaima aux Emirats arabes unis, en f\u00e9vrier 2020.","og_url":"https:\/\/kapitalis.com\/tunisie\/2019\/09\/17\/stevie-award-2020-aux-emirats-trophees-pour-des-entreprises-des-pays-du-moyen-orient-et-afrique-du-nord\/","og_site_name":"Kapitalis","article_publisher":"https:\/\/www.facebook.com\/KapitalisInfo\/","article_published_time":"2019-09-17T10:35:58+00:00","article_modified_time":"2019-09-17T10:36:01+00:00","og_image":[{"width":1200,"height":630,"url":"https:\/\/kapitalis.com\/tunisie\/wp-content\/uploads\/2022\/05\/kapitalis-logo-fb.png","type":"image\/png"}],"author":"Amina Mkada","twitter_card":"summary_large_image","twitter_creator":"@KapitalisInfo","twitter_site":"@KapitalisInfo","twitter_misc":{"\u00c9crit par":"Amina Mkada","Dur\u00e9e de lecture estim\u00e9e":"2 minutes"},"schema":{"@context":"https:\/\/schema.org","@graph":[{"@type":"Article","@id":"https:\/\/kapitalis.com\/tunisie\/2019\/09\/17\/stevie-award-2020-aux-emirats-trophees-pour-des-entreprises-des-pays-du-moyen-orient-et-afrique-du-nord\/#article","isPartOf":{"@id":"https:\/\/kapitalis.com\/tunisie\/2019\/09\/17\/stevie-award-2020-aux-emirats-trophees-pour-des-entreprises-des-pays-du-moyen-orient-et-afrique-du-nord\/"},"author":{"name":"Amina Mkada","@id":"https:\/\/kapitalis.com\/tunisie\/#\/schema\/person\/093913313d3017554cb3ad077fff3fbd"},"headline":"Stevie Award 2020 aux Emirats : Troph\u00e9es pour des entreprises des pays du Moyen Orient et Afrique du Nord","datePublished":"2019-09-17T10:35:58+00:00","dateModified":"2019-09-17T10:36:01+00:00","mainEntityOfPage":{"@id":"https:\/\/kapitalis.com\/tunisie\/2019\/09\/17\/stevie-award-2020-aux-emirats-trophees-pour-des-entreprises-des-pays-du-moyen-orient-et-afrique-du-nord\/"},"wordCount":327,"commentCount":0,"publisher":{"@id":"https:\/\/kapitalis.com\/tunisie\/#organization"},"image":{"@id":"https:\/\/kapitalis.com\/tunisie\/2019\/09\/17\/stevie-award-2020-aux-emirats-trophees-pour-des-entreprises-des-pays-du-moyen-orient-et-afrique-du-nord\/#primaryimage"},"thumbnailUrl":"","keywords":["pays MENA"],"articleSection":["ECONOMIE","Tunisie"],"inLanguage":"fr-FR","potentialAction":[{"@type":"CommentAction","name":"Comment","target":["https:\/\/kapitalis.com\/tunisie\/2019\/09\/17\/stevie-award-2020-aux-emirats-trophees-pour-des-entreprises-des-pays-du-moyen-orient-et-afrique-du-nord\/#respond"]}]},{"@type":"WebPage","@id":"https:\/\/kapitalis.com\/tunisie\/2019\/09\/17\/stevie-award-2020-aux-emirats-trophees-pour-des-entreprises-des-pays-du-moyen-orient-et-afrique-du-nord\/","url":"https:\/\/kapitalis.com\/tunisie\/2019\/09\/17\/stevie-award-2020-aux-emirats-trophees-pour-des-entreprises-des-pays-du-moyen-orient-et-afrique-du-nord\/","name":"Stevie Award 2020 aux Emirats : Troph\u00e9es pour des entreprises des pays du Moyen Orient et Afrique du Nord - Kapitalis","isPartOf":{"@id":"https:\/\/kapitalis.com\/tunisie\/#website"},"primaryImageOfPage":{"@id":"https:\/\/kapitalis.com\/tunisie\/2019\/09\/17\/stevie-award-2020-aux-emirats-trophees-pour-des-entreprises-des-pays-du-moyen-orient-et-afrique-du-nord\/#primaryimage"},"image":{"@id":"https:\/\/kapitalis.com\/tunisie\/2019\/09\/17\/stevie-award-2020-aux-emirats-trophees-pour-des-entreprises-des-pays-du-moyen-orient-et-afrique-du-nord\/#primaryimage"},"thumbnailUrl":"","datePublished":"2019-09-17T10:35:58+00:00","dateModified":"2019-09-17T10:36:01+00:00","breadcrumb":{"@id":"https:\/\/kapitalis.com\/tunisie\/2019\/09\/17\/stevie-award-2020-aux-emirats-trophees-pour-des-entreprises-des-pays-du-moyen-orient-et-afrique-du-nord\/#breadcrumb"},"inLanguage":"fr-FR","potentialAction":[{"@type":"ReadAction","target":["https:\/\/kapitalis.com\/tunisie\/2019\/09\/17\/stevie-award-2020-aux-emirats-trophees-pour-des-entreprises-des-pays-du-moyen-orient-et-afrique-du-nord\/"]}]},{"@type":"ImageObject","inLanguage":"fr-FR","@id":"https:\/\/kapitalis.com\/tunisie\/2019\/09\/17\/stevie-award-2020-aux-emirats-trophees-pour-des-entreprises-des-pays-du-moyen-orient-et-afrique-du-nord\/#primaryimage","url":"","contentUrl":""},{"@type":"BreadcrumbList","@id":"https:\/\/kapitalis.com\/tunisie\/2019\/09\/17\/stevie-award-2020-aux-emirats-trophees-pour-des-entreprises-des-pays-du-moyen-orient-et-afrique-du-nord\/#breadcrumb","itemListElement":[{"@type":"ListItem","position":1,"name":"Accueil","item":"https:\/\/kapitalis.com\/tunisie\/"},{"@type":"ListItem","position":2,"name":"Stevie Award 2020 aux Emirats : Troph\u00e9es pour des entreprises des pays du Moyen Orient et Afrique du Nord"}]},{"@type":"WebSite","@id":"https:\/\/kapitalis.com\/tunisie\/#website","url":"https:\/\/kapitalis.com\/tunisie\/","name":"Kapitalis","description":"L&#039;actualit\u00e9 en Tunisie et dans le monde","publisher":{"@id":"https:\/\/kapitalis.com\/tunisie\/#organization"},"potentialAction":[{"@type":"SearchAction","target":{"@type":"EntryPoint","urlTemplate":"https:\/\/kapitalis.com\/tunisie\/?s={search_term_string}"},"query-input":{"@type":"PropertyValueSpecification","valueRequired":true,"valueName":"search_term_string"}}],"inLanguage":"fr-FR"},{"@type":"Organization","@id":"https:\/\/kapitalis.com\/tunisie\/#organization","name":"Kapitalis","url":"https:\/\/kapitalis.com\/tunisie\/","logo":{"@type":"ImageObject","inLanguage":"fr-FR","@id":"https:\/\/kapitalis.com\/tunisie\/#\/schema\/logo\/image\/","url":"https:\/\/kapitalis.com\/tunisie\/wp-content\/uploads\/2022\/05\/Kapitalis-big-size.png","contentUrl":"https:\/\/kapitalis.com\/tunisie\/wp-content\/uploads\/2022\/05\/Kapitalis-big-size.png","width":5000,"height":1500,"caption":"Kapitalis"},"image":{"@id":"https:\/\/kapitalis.com\/tunisie\/#\/schema\/logo\/image\/"},"sameAs":["https:\/\/www.facebook.com\/KapitalisInfo\/","https:\/\/x.com\/KapitalisInfo","https:\/\/www.youtube.com\/channel\/UC-yDYrHyfFBWWZaOw3FPg9Q"]},{"@type":"Person","@id":"https:\/\/kapitalis.com\/tunisie\/#\/schema\/person\/093913313d3017554cb3ad077fff3fbd","name":"Amina Mkada","url":"https:\/\/kapitalis.com\/tunisie\/author\/amina\/"}]}},"_links":{"self":[{"href":"https:\/\/kapitalis.com\/tunisie\/wp-json\/wp\/v2\/posts\/240086","targetHints":{"allow":["GET"]}}],"collection":[{"href":"https:\/\/kapitalis.com\/tunisie\/wp-json\/wp\/v2\/posts"}],"about":[{"href":"https:\/\/kapitalis.com\/tunisie\/wp-json\/wp\/v2\/types\/post"}],"author":[{"embeddable":true,"href":"https:\/\/kapitalis.com\/tunisie\/wp-json\/wp\/v2\/users\/22"}],"replies":[{"embeddable":true,"href":"https:\/\/kapitalis.com\/tunisie\/wp-json\/wp\/v2\/comments?post=240086"}],"version-history":[{"count":0,"href":"https:\/\/kapitalis.com\/tunisie\/wp-json\/wp\/v2\/posts\/240086\/revisions"}],"wp:featuredmedia":[{"embeddable":true,"href":"https:\/\/kapitalis.com\/tunisie\/wp-json\/wp\/v2\/media\/240108"}],"wp:attachment":[{"href":"https:\/\/kapitalis.com\/tunisie\/wp-json\/wp\/v2\/media?parent=240086"}],"wp:term":[{"taxonomy":"category","embeddable":true,"href":"https:\/\/kapitalis.com\/tunisie\/wp-json\/wp\/v2\/categories?post=240086"},{"taxonomy":"post_tag","embeddable":true,"href":"https:\/\/kapitalis.com\/tunisie\/wp-json\/wp\/v2\/tags?post=240086"}],"curies":[{"name":"wp","href":"https:\/\/api.w.org\/{rel}","templated":true}]}}