{"id":2401407,"date":"2022-07-20T17:57:52","date_gmt":"2022-07-20T16:57:52","guid":{"rendered":"https:\/\/kapitalis.com\/tunisie\/?p=2401407"},"modified":"2022-07-20T17:59:58","modified_gmt":"2022-07-20T16:59:58","slug":"le-ministre-de-lemploi-revient-en-images-sur-le-premier-forum-d-clic-pro-tenu-les-19-et-20-juillet-a-tunis","status":"publish","type":"post","link":"https:\/\/kapitalis.com\/tunisie\/2022\/07\/20\/le-ministre-de-lemploi-revient-en-images-sur-le-premier-forum-d-clic-pro-tenu-les-19-et-20-juillet-a-tunis\/","title":{"rendered":"Le ministre de l&rsquo;Emploi revient en images sur le premier forum D-CLIC Pro, tenu les 19 et 20 juillet \u00e0 Tunis"},"content":{"rendered":"\n<p><strong><em>Nasreddine Nsibi ministre de l&rsquo;Emploi et de la formation professionnelle et porte-parole du gouvernement \u00e0 la pr\u00e9sidence du gouvernement s&rsquo;est f\u00e9licit\u00e9 de la r\u00e9ussite du premier forum D-CLIC Pro, tenu les 19 et 20 juillet 2022 \u00e0 la Cit\u00e9 de la Culture de Tunis<\/em><\/strong>.<\/p>\n\n\n\n<!--more-->\n\n\n\n<p>Ce forum est organis\u00e9 par l&rsquo;Organisation internationale de la Francophonie en collaboration avec WeCode Land, Netinfo et Tunis International Center for Digital Cultural Economy, rappelle Nasreddine Nsibi.<\/p>\n\n\n\n<figure class=\"wp-block-gallery aligncenter has-nested-images columns-2 is-cropped wp-block-gallery-1 is-layout-flex wp-block-gallery-is-layout-flex\">\n<figure class=\"wp-block-image size-large\"><img loading=\"lazy\" decoding=\"async\" width=\"960\" height=\"640\" data-id=\"2401505\" src=\"https:\/\/kapitalis.com\/tunisie\/wp-content\/uploads\/2022\/07\/e13.jpg\" alt=\"\" class=\"wp-image-2401505\" srcset=\"https:\/\/kapitalis.com\/tunisie\/wp-content\/uploads\/2022\/07\/e13.jpg 960w, https:\/\/kapitalis.com\/tunisie\/wp-content\/uploads\/2022\/07\/e13-300x200.jpg 300w, https:\/\/kapitalis.com\/tunisie\/wp-content\/uploads\/2022\/07\/e13-768x512.jpg 768w, https:\/\/kapitalis.com\/tunisie\/wp-content\/uploads\/2022\/07\/e13-580x387.jpg 580w, https:\/\/kapitalis.com\/tunisie\/wp-content\/uploads\/2022\/07\/e13-860x573.jpg 860w\" sizes=\"auto, (max-width: 960px) 100vw, 960px\" \/><\/figure>\n\n\n\n<figure class=\"wp-block-image size-large\"><img loading=\"lazy\" decoding=\"async\" width=\"960\" height=\"686\" data-id=\"2401514\" src=\"https:\/\/kapitalis.com\/tunisie\/wp-content\/uploads\/2022\/07\/e11.jpg\" alt=\"\" class=\"wp-image-2401514\" srcset=\"https:\/\/kapitalis.com\/tunisie\/wp-content\/uploads\/2022\/07\/e11.jpg 960w, https:\/\/kapitalis.com\/tunisie\/wp-content\/uploads\/2022\/07\/e11-300x214.jpg 300w, https:\/\/kapitalis.com\/tunisie\/wp-content\/uploads\/2022\/07\/e11-768x549.jpg 768w, https:\/\/kapitalis.com\/tunisie\/wp-content\/uploads\/2022\/07\/e11-580x414.jpg 580w, https:\/\/kapitalis.com\/tunisie\/wp-content\/uploads\/2022\/07\/e11-860x615.jpg 860w\" sizes=\"auto, (max-width: 960px) 100vw, 960px\" \/><\/figure>\n\n\n\n<figure class=\"wp-block-image size-large\"><img loading=\"lazy\" decoding=\"async\" width=\"960\" height=\"640\" data-id=\"2401508\" src=\"https:\/\/kapitalis.com\/tunisie\/wp-content\/uploads\/2022\/07\/e10.jpg\" alt=\"\" class=\"wp-image-2401508\" srcset=\"https:\/\/kapitalis.com\/tunisie\/wp-content\/uploads\/2022\/07\/e10.jpg 960w, https:\/\/kapitalis.com\/tunisie\/wp-content\/uploads\/2022\/07\/e10-300x200.jpg 300w, https:\/\/kapitalis.com\/tunisie\/wp-content\/uploads\/2022\/07\/e10-768x512.jpg 768w, https:\/\/kapitalis.com\/tunisie\/wp-content\/uploads\/2022\/07\/e10-580x387.jpg 580w, https:\/\/kapitalis.com\/tunisie\/wp-content\/uploads\/2022\/07\/e10-860x573.jpg 860w\" sizes=\"auto, (max-width: 960px) 100vw, 960px\" \/><\/figure>\n\n\n\n<figure class=\"wp-block-image size-large\"><img loading=\"lazy\" decoding=\"async\" width=\"960\" height=\"686\" data-id=\"2401511\" src=\"https:\/\/kapitalis.com\/tunisie\/wp-content\/uploads\/2022\/07\/e9.jpg\" alt=\"\" class=\"wp-image-2401511\" srcset=\"https:\/\/kapitalis.com\/tunisie\/wp-content\/uploads\/2022\/07\/e9.jpg 960w, https:\/\/kapitalis.com\/tunisie\/wp-content\/uploads\/2022\/07\/e9-300x214.jpg 300w, https:\/\/kapitalis.com\/tunisie\/wp-content\/uploads\/2022\/07\/e9-768x549.jpg 768w, https:\/\/kapitalis.com\/tunisie\/wp-content\/uploads\/2022\/07\/e9-580x414.jpg 580w, https:\/\/kapitalis.com\/tunisie\/wp-content\/uploads\/2022\/07\/e9-860x615.jpg 860w\" sizes=\"auto, (max-width: 960px) 100vw, 960px\" \/><\/figure>\n\n\n\n<figure class=\"wp-block-image size-large\"><img loading=\"lazy\" decoding=\"async\" width=\"960\" height=\"640\" data-id=\"2401509\" src=\"https:\/\/kapitalis.com\/tunisie\/wp-content\/uploads\/2022\/07\/e8.jpg\" alt=\"\" class=\"wp-image-2401509\" srcset=\"https:\/\/kapitalis.com\/tunisie\/wp-content\/uploads\/2022\/07\/e8.jpg 960w, https:\/\/kapitalis.com\/tunisie\/wp-content\/uploads\/2022\/07\/e8-300x200.jpg 300w, https:\/\/kapitalis.com\/tunisie\/wp-content\/uploads\/2022\/07\/e8-768x512.jpg 768w, https:\/\/kapitalis.com\/tunisie\/wp-content\/uploads\/2022\/07\/e8-580x387.jpg 580w, https:\/\/kapitalis.com\/tunisie\/wp-content\/uploads\/2022\/07\/e8-860x573.jpg 860w\" sizes=\"auto, (max-width: 960px) 100vw, 960px\" \/><\/figure>\n\n\n\n<figure class=\"wp-block-image size-large\"><img loading=\"lazy\" decoding=\"async\" width=\"960\" height=\"640\" data-id=\"2401515\" src=\"https:\/\/kapitalis.com\/tunisie\/wp-content\/uploads\/2022\/07\/e7.jpg\" alt=\"\" class=\"wp-image-2401515\" srcset=\"https:\/\/kapitalis.com\/tunisie\/wp-content\/uploads\/2022\/07\/e7.jpg 960w, https:\/\/kapitalis.com\/tunisie\/wp-content\/uploads\/2022\/07\/e7-300x200.jpg 300w, https:\/\/kapitalis.com\/tunisie\/wp-content\/uploads\/2022\/07\/e7-768x512.jpg 768w, https:\/\/kapitalis.com\/tunisie\/wp-content\/uploads\/2022\/07\/e7-580x387.jpg 580w, https:\/\/kapitalis.com\/tunisie\/wp-content\/uploads\/2022\/07\/e7-860x573.jpg 860w\" sizes=\"auto, (max-width: 960px) 100vw, 960px\" \/><\/figure>\n\n\n\n<figure class=\"wp-block-image size-large\"><img loading=\"lazy\" decoding=\"async\" width=\"960\" height=\"686\" data-id=\"2401510\" src=\"https:\/\/kapitalis.com\/tunisie\/wp-content\/uploads\/2022\/07\/e6.jpg\" alt=\"\" class=\"wp-image-2401510\" srcset=\"https:\/\/kapitalis.com\/tunisie\/wp-content\/uploads\/2022\/07\/e6.jpg 960w, https:\/\/kapitalis.com\/tunisie\/wp-content\/uploads\/2022\/07\/e6-300x214.jpg 300w, https:\/\/kapitalis.com\/tunisie\/wp-content\/uploads\/2022\/07\/e6-768x549.jpg 768w, https:\/\/kapitalis.com\/tunisie\/wp-content\/uploads\/2022\/07\/e6-580x414.jpg 580w, https:\/\/kapitalis.com\/tunisie\/wp-content\/uploads\/2022\/07\/e6-860x615.jpg 860w\" sizes=\"auto, (max-width: 960px) 100vw, 960px\" \/><\/figure>\n\n\n\n<figure class=\"wp-block-image size-large\"><img loading=\"lazy\" decoding=\"async\" width=\"960\" height=\"640\" data-id=\"2401512\" src=\"https:\/\/kapitalis.com\/tunisie\/wp-content\/uploads\/2022\/07\/e5.jpg\" alt=\"\" class=\"wp-image-2401512\" srcset=\"https:\/\/kapitalis.com\/tunisie\/wp-content\/uploads\/2022\/07\/e5.jpg 960w, https:\/\/kapitalis.com\/tunisie\/wp-content\/uploads\/2022\/07\/e5-300x200.jpg 300w, https:\/\/kapitalis.com\/tunisie\/wp-content\/uploads\/2022\/07\/e5-768x512.jpg 768w, https:\/\/kapitalis.com\/tunisie\/wp-content\/uploads\/2022\/07\/e5-580x387.jpg 580w, https:\/\/kapitalis.com\/tunisie\/wp-content\/uploads\/2022\/07\/e5-860x573.jpg 860w\" sizes=\"auto, (max-width: 960px) 100vw, 960px\" \/><\/figure>\n\n\n\n<figure class=\"wp-block-image size-large\"><img loading=\"lazy\" decoding=\"async\" width=\"960\" height=\"640\" data-id=\"2401506\" src=\"https:\/\/kapitalis.com\/tunisie\/wp-content\/uploads\/2022\/07\/e4.jpg\" alt=\"\" class=\"wp-image-2401506\" srcset=\"https:\/\/kapitalis.com\/tunisie\/wp-content\/uploads\/2022\/07\/e4.jpg 960w, https:\/\/kapitalis.com\/tunisie\/wp-content\/uploads\/2022\/07\/e4-300x200.jpg 300w, https:\/\/kapitalis.com\/tunisie\/wp-content\/uploads\/2022\/07\/e4-768x512.jpg 768w, https:\/\/kapitalis.com\/tunisie\/wp-content\/uploads\/2022\/07\/e4-580x387.jpg 580w, https:\/\/kapitalis.com\/tunisie\/wp-content\/uploads\/2022\/07\/e4-860x573.jpg 860w\" sizes=\"auto, (max-width: 960px) 100vw, 960px\" \/><\/figure>\n\n\n\n<figure class=\"wp-block-image size-large\"><img loading=\"lazy\" decoding=\"async\" width=\"960\" height=\"686\" data-id=\"2401513\" src=\"https:\/\/kapitalis.com\/tunisie\/wp-content\/uploads\/2022\/07\/e2.jpg\" alt=\"\" class=\"wp-image-2401513\" srcset=\"https:\/\/kapitalis.com\/tunisie\/wp-content\/uploads\/2022\/07\/e2.jpg 960w, https:\/\/kapitalis.com\/tunisie\/wp-content\/uploads\/2022\/07\/e2-300x214.jpg 300w, https:\/\/kapitalis.com\/tunisie\/wp-content\/uploads\/2022\/07\/e2-768x549.jpg 768w, https:\/\/kapitalis.com\/tunisie\/wp-content\/uploads\/2022\/07\/e2-580x414.jpg 580w, https:\/\/kapitalis.com\/tunisie\/wp-content\/uploads\/2022\/07\/e2-860x615.jpg 860w\" sizes=\"auto, (max-width: 960px) 100vw, 960px\" \/><\/figure>\n\n\n\n<figure class=\"wp-block-image size-large\"><img loading=\"lazy\" decoding=\"async\" width=\"960\" height=\"686\" data-id=\"2401507\" src=\"https:\/\/kapitalis.com\/tunisie\/wp-content\/uploads\/2022\/07\/e3.jpg\" alt=\"\" class=\"wp-image-2401507\" srcset=\"https:\/\/kapitalis.com\/tunisie\/wp-content\/uploads\/2022\/07\/e3.jpg 960w, https:\/\/kapitalis.com\/tunisie\/wp-content\/uploads\/2022\/07\/e3-300x214.jpg 300w, https:\/\/kapitalis.com\/tunisie\/wp-content\/uploads\/2022\/07\/e3-768x549.jpg 768w, https:\/\/kapitalis.com\/tunisie\/wp-content\/uploads\/2022\/07\/e3-580x414.jpg 580w, https:\/\/kapitalis.com\/tunisie\/wp-content\/uploads\/2022\/07\/e3-860x615.jpg 860w\" sizes=\"auto, (max-width: 960px) 100vw, 960px\" \/><\/figure>\n<\/figure>\n\n\n\n<p>\u00ab<em>Un \u00e9v\u00e9nement qui s&rsquo;inscrit dans le cadre du Projet D-CLIC con\u00e7u par l&rsquo;OIF pour la formation des jeunes aux m\u00e9tiers du num\u00e9rique et r\u00e9unira pr\u00e8s de 400 participants\u00bb<\/em>, a-t-il notamment \u00e9crit, en ajoutant :<em> \u00abLes entreprises et start-up \u00e9taient pr\u00e9sentes pour d\u00e9couvrir les profils form\u00e9s et proposer des opportunit\u00e9s de stages et d&#8217;embauches\u00bb.<\/em><\/p>\n\n\n\n<p>Et de conclure : \u00ab<em>Au niveau du minist\u00e8re de l\u2019Emploi nous avons ouvert six centres de formation professionnelle pour contribuer \u00e0 la r\u00e9ussite de ce programme, Bravo aux jeunes <\/em>\ud83c\uddf9\ud83c\uddf3\u00bb<\/p>\n","protected":false},"excerpt":{"rendered":"<p>Le ministre de l&rsquo;Emploi revient en images sur le premier forum D-CLIC Pro, tenu les 19 et 20 juillet \u00e0 la Cit\u00e9 de la Culture de Tunis.<\/p>\n","protected":false},"author":6,"featured_media":2401567,"comment_status":"open","ping_status":"open","sticky":false,"template":"","format":"standard","meta":{"footnotes":""},"categories":[995,998,2433],"tags":[43554,101525,95678,90335],"class_list":["post-2401407","post","type-post","status-publish","format-standard","has-post-thumbnail","hentry","category-economie","category-societe","category-tunisie","tag-cite-de-la-culture-de-tunis","tag-forum-d-clic-pro","tag-nasreddine-nsibi","tag-wecode-land"],"yoast_head":"<!-- This site is optimized with the Yoast SEO plugin v26.6 - https:\/\/yoast.com\/wordpress\/plugins\/seo\/ -->\n<title>Le ministre de l&#039;Emploi revient en images sur le premier forum D-CLIC Pro, tenu les 19 et 20 juillet \u00e0 Tunis - Kapitalis<\/title>\n<meta name=\"description\" content=\"Nasreddine Nsibi ministre de l&#039;Emploi et de la formation professionnelle et porte-parole du gouvernement \u00e0 la pr\u00e9sidence du gouvernement s&#039;est f\u00e9licit\u00e9 de la r\u00e9ussite du premier forum D-CLIC Pro, tenu les 19 et 20 juillet 2022 \u00e0 la Cit\u00e9 de la Culture de Tunis.\" \/>\n<meta name=\"robots\" content=\"index, follow, max-snippet:-1, max-image-preview:large, max-video-preview:-1\" \/>\n<link rel=\"canonical\" href=\"https:\/\/kapitalis.com\/tunisie\/2022\/07\/20\/le-ministre-de-lemploi-revient-en-images-sur-le-premier-forum-d-clic-pro-tenu-les-19-et-20-juillet-a-tunis\/\" \/>\n<meta property=\"og:locale\" content=\"fr_FR\" \/>\n<meta property=\"og:type\" content=\"article\" \/>\n<meta property=\"og:title\" content=\"Le ministre de l&#039;Emploi revient en images sur le premier forum D-CLIC Pro, tenu les 19 et 20 juillet \u00e0 Tunis - Kapitalis\" \/>\n<meta property=\"og:description\" content=\"Nasreddine Nsibi ministre de l&#039;Emploi et de la formation professionnelle et porte-parole du gouvernement \u00e0 la pr\u00e9sidence du gouvernement s&#039;est f\u00e9licit\u00e9 de la r\u00e9ussite du premier forum D-CLIC Pro, tenu les 19 et 20 juillet 2022 \u00e0 la Cit\u00e9 de la Culture de Tunis.\" \/>\n<meta property=\"og:url\" content=\"https:\/\/kapitalis.com\/tunisie\/2022\/07\/20\/le-ministre-de-lemploi-revient-en-images-sur-le-premier-forum-d-clic-pro-tenu-les-19-et-20-juillet-a-tunis\/\" \/>\n<meta property=\"og:site_name\" content=\"Kapitalis\" \/>\n<meta property=\"article:publisher\" content=\"https:\/\/www.facebook.com\/KapitalisInfo\/\" \/>\n<meta property=\"article:published_time\" content=\"2022-07-20T16:57:52+00:00\" \/>\n<meta property=\"article:modified_time\" content=\"2022-07-20T16:59:58+00:00\" \/>\n<meta property=\"og:image\" content=\"https:\/\/kapitalis.com\/tunisie\/wp-content\/uploads\/2022\/07\/forum-D-CLIC-Pro-Nsibi.jpg\" \/>\n\t<meta property=\"og:image:width\" content=\"1200\" \/>\n\t<meta property=\"og:image:height\" content=\"630\" \/>\n\t<meta property=\"og:image:type\" content=\"image\/jpeg\" \/>\n<meta name=\"author\" content=\"Yusra NY\" \/>\n<meta name=\"twitter:card\" content=\"summary_large_image\" \/>\n<meta name=\"twitter:creator\" content=\"@KapitalisInfo\" \/>\n<meta name=\"twitter:site\" content=\"@KapitalisInfo\" \/>\n<meta name=\"twitter:label1\" content=\"\u00c9crit par\" \/>\n\t<meta name=\"twitter:data1\" content=\"Yusra NY\" \/>\n\t<meta name=\"twitter:label2\" content=\"Dur\u00e9e de lecture estim\u00e9e\" \/>\n\t<meta name=\"twitter:data2\" content=\"3 minutes\" \/>\n<script type=\"application\/ld+json\" class=\"yoast-schema-graph\">{\"@context\":\"https:\/\/schema.org\",\"@graph\":[{\"@type\":\"Article\",\"@id\":\"https:\/\/kapitalis.com\/tunisie\/2022\/07\/20\/le-ministre-de-lemploi-revient-en-images-sur-le-premier-forum-d-clic-pro-tenu-les-19-et-20-juillet-a-tunis\/#article\",\"isPartOf\":{\"@id\":\"https:\/\/kapitalis.com\/tunisie\/2022\/07\/20\/le-ministre-de-lemploi-revient-en-images-sur-le-premier-forum-d-clic-pro-tenu-les-19-et-20-juillet-a-tunis\/\"},\"author\":{\"name\":\"Yusra NY\",\"@id\":\"https:\/\/kapitalis.com\/tunisie\/#\/schema\/person\/74bbde0154d49d790a92aaeac5bc01d5\"},\"headline\":\"Le ministre de l&rsquo;Emploi revient en images sur le premier forum D-CLIC Pro, tenu les 19 et 20 juillet \u00e0 Tunis\",\"datePublished\":\"2022-07-20T16:57:52+00:00\",\"dateModified\":\"2022-07-20T16:59:58+00:00\",\"mainEntityOfPage\":{\"@id\":\"https:\/\/kapitalis.com\/tunisie\/2022\/07\/20\/le-ministre-de-lemploi-revient-en-images-sur-le-premier-forum-d-clic-pro-tenu-les-19-et-20-juillet-a-tunis\/\"},\"wordCount\":178,\"commentCount\":0,\"publisher\":{\"@id\":\"https:\/\/kapitalis.com\/tunisie\/#organization\"},\"image\":{\"@id\":\"https:\/\/kapitalis.com\/tunisie\/2022\/07\/20\/le-ministre-de-lemploi-revient-en-images-sur-le-premier-forum-d-clic-pro-tenu-les-19-et-20-juillet-a-tunis\/#primaryimage\"},\"thumbnailUrl\":\"https:\/\/kapitalis.com\/tunisie\/wp-content\/uploads\/2022\/07\/forum-D-CLIC-Pro-Nsibi.jpg\",\"keywords\":[\"Cit\u00e9 de la Culture de Tunis\",\"forum D-CLIC Pro\",\"Nasreddine Nsibi\",\"WeCode Land\"],\"articleSection\":[\"ECONOMIE\",\"SOCIETE\",\"Tunisie\"],\"inLanguage\":\"fr-FR\",\"potentialAction\":[{\"@type\":\"CommentAction\",\"name\":\"Comment\",\"target\":[\"https:\/\/kapitalis.com\/tunisie\/2022\/07\/20\/le-ministre-de-lemploi-revient-en-images-sur-le-premier-forum-d-clic-pro-tenu-les-19-et-20-juillet-a-tunis\/#respond\"]}]},{\"@type\":\"WebPage\",\"@id\":\"https:\/\/kapitalis.com\/tunisie\/2022\/07\/20\/le-ministre-de-lemploi-revient-en-images-sur-le-premier-forum-d-clic-pro-tenu-les-19-et-20-juillet-a-tunis\/\",\"url\":\"https:\/\/kapitalis.com\/tunisie\/2022\/07\/20\/le-ministre-de-lemploi-revient-en-images-sur-le-premier-forum-d-clic-pro-tenu-les-19-et-20-juillet-a-tunis\/\",\"name\":\"Le ministre de l'Emploi revient en images sur le premier forum D-CLIC Pro, tenu les 19 et 20 juillet \u00e0 Tunis - Kapitalis\",\"isPartOf\":{\"@id\":\"https:\/\/kapitalis.com\/tunisie\/#website\"},\"primaryImageOfPage\":{\"@id\":\"https:\/\/kapitalis.com\/tunisie\/2022\/07\/20\/le-ministre-de-lemploi-revient-en-images-sur-le-premier-forum-d-clic-pro-tenu-les-19-et-20-juillet-a-tunis\/#primaryimage\"},\"image\":{\"@id\":\"https:\/\/kapitalis.com\/tunisie\/2022\/07\/20\/le-ministre-de-lemploi-revient-en-images-sur-le-premier-forum-d-clic-pro-tenu-les-19-et-20-juillet-a-tunis\/#primaryimage\"},\"thumbnailUrl\":\"https:\/\/kapitalis.com\/tunisie\/wp-content\/uploads\/2022\/07\/forum-D-CLIC-Pro-Nsibi.jpg\",\"datePublished\":\"2022-07-20T16:57:52+00:00\",\"dateModified\":\"2022-07-20T16:59:58+00:00\",\"description\":\"Nasreddine Nsibi ministre de l'Emploi et de la formation professionnelle et porte-parole du gouvernement \u00e0 la pr\u00e9sidence du gouvernement s'est f\u00e9licit\u00e9 de la r\u00e9ussite du premier forum D-CLIC Pro, tenu les 19 et 20 juillet 2022 \u00e0 la Cit\u00e9 de la Culture de Tunis.\",\"breadcrumb\":{\"@id\":\"https:\/\/kapitalis.com\/tunisie\/2022\/07\/20\/le-ministre-de-lemploi-revient-en-images-sur-le-premier-forum-d-clic-pro-tenu-les-19-et-20-juillet-a-tunis\/#breadcrumb\"},\"inLanguage\":\"fr-FR\",\"potentialAction\":[{\"@type\":\"ReadAction\",\"target\":[\"https:\/\/kapitalis.com\/tunisie\/2022\/07\/20\/le-ministre-de-lemploi-revient-en-images-sur-le-premier-forum-d-clic-pro-tenu-les-19-et-20-juillet-a-tunis\/\"]}]},{\"@type\":\"ImageObject\",\"inLanguage\":\"fr-FR\",\"@id\":\"https:\/\/kapitalis.com\/tunisie\/2022\/07\/20\/le-ministre-de-lemploi-revient-en-images-sur-le-premier-forum-d-clic-pro-tenu-les-19-et-20-juillet-a-tunis\/#primaryimage\",\"url\":\"https:\/\/kapitalis.com\/tunisie\/wp-content\/uploads\/2022\/07\/forum-D-CLIC-Pro-Nsibi.jpg\",\"contentUrl\":\"https:\/\/kapitalis.com\/tunisie\/wp-content\/uploads\/2022\/07\/forum-D-CLIC-Pro-Nsibi.jpg\",\"width\":1200,\"height\":630},{\"@type\":\"BreadcrumbList\",\"@id\":\"https:\/\/kapitalis.com\/tunisie\/2022\/07\/20\/le-ministre-de-lemploi-revient-en-images-sur-le-premier-forum-d-clic-pro-tenu-les-19-et-20-juillet-a-tunis\/#breadcrumb\",\"itemListElement\":[{\"@type\":\"ListItem\",\"position\":1,\"name\":\"Accueil\",\"item\":\"https:\/\/kapitalis.com\/tunisie\/\"},{\"@type\":\"ListItem\",\"position\":2,\"name\":\"Le ministre de l&rsquo;Emploi revient en images sur le premier forum D-CLIC Pro, tenu les 19 et 20 juillet \u00e0 Tunis\"}]},{\"@type\":\"WebSite\",\"@id\":\"https:\/\/kapitalis.com\/tunisie\/#website\",\"url\":\"https:\/\/kapitalis.com\/tunisie\/\",\"name\":\"Kapitalis\",\"description\":\"L&#039;actualit\u00e9 en Tunisie et dans le monde\",\"publisher\":{\"@id\":\"https:\/\/kapitalis.com\/tunisie\/#organization\"},\"potentialAction\":[{\"@type\":\"SearchAction\",\"target\":{\"@type\":\"EntryPoint\",\"urlTemplate\":\"https:\/\/kapitalis.com\/tunisie\/?s={search_term_string}\"},\"query-input\":{\"@type\":\"PropertyValueSpecification\",\"valueRequired\":true,\"valueName\":\"search_term_string\"}}],\"inLanguage\":\"fr-FR\"},{\"@type\":\"Organization\",\"@id\":\"https:\/\/kapitalis.com\/tunisie\/#organization\",\"name\":\"Kapitalis\",\"url\":\"https:\/\/kapitalis.com\/tunisie\/\",\"logo\":{\"@type\":\"ImageObject\",\"inLanguage\":\"fr-FR\",\"@id\":\"https:\/\/kapitalis.com\/tunisie\/#\/schema\/logo\/image\/\",\"url\":\"https:\/\/kapitalis.com\/tunisie\/wp-content\/uploads\/2022\/05\/Kapitalis-big-size.png\",\"contentUrl\":\"https:\/\/kapitalis.com\/tunisie\/wp-content\/uploads\/2022\/05\/Kapitalis-big-size.png\",\"width\":5000,\"height\":1500,\"caption\":\"Kapitalis\"},\"image\":{\"@id\":\"https:\/\/kapitalis.com\/tunisie\/#\/schema\/logo\/image\/\"},\"sameAs\":[\"https:\/\/www.facebook.com\/KapitalisInfo\/\",\"https:\/\/x.com\/KapitalisInfo\",\"https:\/\/www.youtube.com\/channel\/UC-yDYrHyfFBWWZaOw3FPg9Q\"]},{\"@type\":\"Person\",\"@id\":\"https:\/\/kapitalis.com\/tunisie\/#\/schema\/person\/74bbde0154d49d790a92aaeac5bc01d5\",\"name\":\"Yusra NY\",\"url\":\"https:\/\/kapitalis.com\/tunisie\/author\/yuza_adam\/\"}]}<\/script>\n<!-- \/ Yoast SEO plugin. -->","yoast_head_json":{"title":"Le ministre de l'Emploi revient en images sur le premier forum D-CLIC Pro, tenu les 19 et 20 juillet \u00e0 Tunis - Kapitalis","description":"Nasreddine Nsibi ministre de l'Emploi et de la formation professionnelle et porte-parole du gouvernement \u00e0 la pr\u00e9sidence du gouvernement s'est f\u00e9licit\u00e9 de la r\u00e9ussite du premier forum D-CLIC Pro, tenu les 19 et 20 juillet 2022 \u00e0 la Cit\u00e9 de la Culture de Tunis.","robots":{"index":"index","follow":"follow","max-snippet":"max-snippet:-1","max-image-preview":"max-image-preview:large","max-video-preview":"max-video-preview:-1"},"canonical":"https:\/\/kapitalis.com\/tunisie\/2022\/07\/20\/le-ministre-de-lemploi-revient-en-images-sur-le-premier-forum-d-clic-pro-tenu-les-19-et-20-juillet-a-tunis\/","og_locale":"fr_FR","og_type":"article","og_title":"Le ministre de l'Emploi revient en images sur le premier forum D-CLIC Pro, tenu les 19 et 20 juillet \u00e0 Tunis - Kapitalis","og_description":"Nasreddine Nsibi ministre de l'Emploi et de la formation professionnelle et porte-parole du gouvernement \u00e0 la pr\u00e9sidence du gouvernement s'est f\u00e9licit\u00e9 de la r\u00e9ussite du premier forum D-CLIC Pro, tenu les 19 et 20 juillet 2022 \u00e0 la Cit\u00e9 de la Culture de Tunis.","og_url":"https:\/\/kapitalis.com\/tunisie\/2022\/07\/20\/le-ministre-de-lemploi-revient-en-images-sur-le-premier-forum-d-clic-pro-tenu-les-19-et-20-juillet-a-tunis\/","og_site_name":"Kapitalis","article_publisher":"https:\/\/www.facebook.com\/KapitalisInfo\/","article_published_time":"2022-07-20T16:57:52+00:00","article_modified_time":"2022-07-20T16:59:58+00:00","og_image":[{"width":1200,"height":630,"url":"https:\/\/kapitalis.com\/tunisie\/wp-content\/uploads\/2022\/07\/forum-D-CLIC-Pro-Nsibi.jpg","type":"image\/jpeg"}],"author":"Yusra NY","twitter_card":"summary_large_image","twitter_creator":"@KapitalisInfo","twitter_site":"@KapitalisInfo","twitter_misc":{"\u00c9crit par":"Yusra NY","Dur\u00e9e de lecture estim\u00e9e":"3 minutes"},"schema":{"@context":"https:\/\/schema.org","@graph":[{"@type":"Article","@id":"https:\/\/kapitalis.com\/tunisie\/2022\/07\/20\/le-ministre-de-lemploi-revient-en-images-sur-le-premier-forum-d-clic-pro-tenu-les-19-et-20-juillet-a-tunis\/#article","isPartOf":{"@id":"https:\/\/kapitalis.com\/tunisie\/2022\/07\/20\/le-ministre-de-lemploi-revient-en-images-sur-le-premier-forum-d-clic-pro-tenu-les-19-et-20-juillet-a-tunis\/"},"author":{"name":"Yusra NY","@id":"https:\/\/kapitalis.com\/tunisie\/#\/schema\/person\/74bbde0154d49d790a92aaeac5bc01d5"},"headline":"Le ministre de l&rsquo;Emploi revient en images sur le premier forum D-CLIC Pro, tenu les 19 et 20 juillet \u00e0 Tunis","datePublished":"2022-07-20T16:57:52+00:00","dateModified":"2022-07-20T16:59:58+00:00","mainEntityOfPage":{"@id":"https:\/\/kapitalis.com\/tunisie\/2022\/07\/20\/le-ministre-de-lemploi-revient-en-images-sur-le-premier-forum-d-clic-pro-tenu-les-19-et-20-juillet-a-tunis\/"},"wordCount":178,"commentCount":0,"publisher":{"@id":"https:\/\/kapitalis.com\/tunisie\/#organization"},"image":{"@id":"https:\/\/kapitalis.com\/tunisie\/2022\/07\/20\/le-ministre-de-lemploi-revient-en-images-sur-le-premier-forum-d-clic-pro-tenu-les-19-et-20-juillet-a-tunis\/#primaryimage"},"thumbnailUrl":"https:\/\/kapitalis.com\/tunisie\/wp-content\/uploads\/2022\/07\/forum-D-CLIC-Pro-Nsibi.jpg","keywords":["Cit\u00e9 de la Culture de Tunis","forum D-CLIC Pro","Nasreddine Nsibi","WeCode Land"],"articleSection":["ECONOMIE","SOCIETE","Tunisie"],"inLanguage":"fr-FR","potentialAction":[{"@type":"CommentAction","name":"Comment","target":["https:\/\/kapitalis.com\/tunisie\/2022\/07\/20\/le-ministre-de-lemploi-revient-en-images-sur-le-premier-forum-d-clic-pro-tenu-les-19-et-20-juillet-a-tunis\/#respond"]}]},{"@type":"WebPage","@id":"https:\/\/kapitalis.com\/tunisie\/2022\/07\/20\/le-ministre-de-lemploi-revient-en-images-sur-le-premier-forum-d-clic-pro-tenu-les-19-et-20-juillet-a-tunis\/","url":"https:\/\/kapitalis.com\/tunisie\/2022\/07\/20\/le-ministre-de-lemploi-revient-en-images-sur-le-premier-forum-d-clic-pro-tenu-les-19-et-20-juillet-a-tunis\/","name":"Le ministre de l'Emploi revient en images sur le premier forum D-CLIC Pro, tenu les 19 et 20 juillet \u00e0 Tunis - Kapitalis","isPartOf":{"@id":"https:\/\/kapitalis.com\/tunisie\/#website"},"primaryImageOfPage":{"@id":"https:\/\/kapitalis.com\/tunisie\/2022\/07\/20\/le-ministre-de-lemploi-revient-en-images-sur-le-premier-forum-d-clic-pro-tenu-les-19-et-20-juillet-a-tunis\/#primaryimage"},"image":{"@id":"https:\/\/kapitalis.com\/tunisie\/2022\/07\/20\/le-ministre-de-lemploi-revient-en-images-sur-le-premier-forum-d-clic-pro-tenu-les-19-et-20-juillet-a-tunis\/#primaryimage"},"thumbnailUrl":"https:\/\/kapitalis.com\/tunisie\/wp-content\/uploads\/2022\/07\/forum-D-CLIC-Pro-Nsibi.jpg","datePublished":"2022-07-20T16:57:52+00:00","dateModified":"2022-07-20T16:59:58+00:00","description":"Nasreddine Nsibi ministre de l'Emploi et de la formation professionnelle et porte-parole du gouvernement \u00e0 la pr\u00e9sidence du gouvernement s'est f\u00e9licit\u00e9 de la r\u00e9ussite du premier forum D-CLIC Pro, tenu les 19 et 20 juillet 2022 \u00e0 la Cit\u00e9 de la Culture de Tunis.","breadcrumb":{"@id":"https:\/\/kapitalis.com\/tunisie\/2022\/07\/20\/le-ministre-de-lemploi-revient-en-images-sur-le-premier-forum-d-clic-pro-tenu-les-19-et-20-juillet-a-tunis\/#breadcrumb"},"inLanguage":"fr-FR","potentialAction":[{"@type":"ReadAction","target":["https:\/\/kapitalis.com\/tunisie\/2022\/07\/20\/le-ministre-de-lemploi-revient-en-images-sur-le-premier-forum-d-clic-pro-tenu-les-19-et-20-juillet-a-tunis\/"]}]},{"@type":"ImageObject","inLanguage":"fr-FR","@id":"https:\/\/kapitalis.com\/tunisie\/2022\/07\/20\/le-ministre-de-lemploi-revient-en-images-sur-le-premier-forum-d-clic-pro-tenu-les-19-et-20-juillet-a-tunis\/#primaryimage","url":"https:\/\/kapitalis.com\/tunisie\/wp-content\/uploads\/2022\/07\/forum-D-CLIC-Pro-Nsibi.jpg","contentUrl":"https:\/\/kapitalis.com\/tunisie\/wp-content\/uploads\/2022\/07\/forum-D-CLIC-Pro-Nsibi.jpg","width":1200,"height":630},{"@type":"BreadcrumbList","@id":"https:\/\/kapitalis.com\/tunisie\/2022\/07\/20\/le-ministre-de-lemploi-revient-en-images-sur-le-premier-forum-d-clic-pro-tenu-les-19-et-20-juillet-a-tunis\/#breadcrumb","itemListElement":[{"@type":"ListItem","position":1,"name":"Accueil","item":"https:\/\/kapitalis.com\/tunisie\/"},{"@type":"ListItem","position":2,"name":"Le ministre de l&rsquo;Emploi revient en images sur le premier forum D-CLIC Pro, tenu les 19 et 20 juillet \u00e0 Tunis"}]},{"@type":"WebSite","@id":"https:\/\/kapitalis.com\/tunisie\/#website","url":"https:\/\/kapitalis.com\/tunisie\/","name":"Kapitalis","description":"L&#039;actualit\u00e9 en Tunisie et dans le monde","publisher":{"@id":"https:\/\/kapitalis.com\/tunisie\/#organization"},"potentialAction":[{"@type":"SearchAction","target":{"@type":"EntryPoint","urlTemplate":"https:\/\/kapitalis.com\/tunisie\/?s={search_term_string}"},"query-input":{"@type":"PropertyValueSpecification","valueRequired":true,"valueName":"search_term_string"}}],"inLanguage":"fr-FR"},{"@type":"Organization","@id":"https:\/\/kapitalis.com\/tunisie\/#organization","name":"Kapitalis","url":"https:\/\/kapitalis.com\/tunisie\/","logo":{"@type":"ImageObject","inLanguage":"fr-FR","@id":"https:\/\/kapitalis.com\/tunisie\/#\/schema\/logo\/image\/","url":"https:\/\/kapitalis.com\/tunisie\/wp-content\/uploads\/2022\/05\/Kapitalis-big-size.png","contentUrl":"https:\/\/kapitalis.com\/tunisie\/wp-content\/uploads\/2022\/05\/Kapitalis-big-size.png","width":5000,"height":1500,"caption":"Kapitalis"},"image":{"@id":"https:\/\/kapitalis.com\/tunisie\/#\/schema\/logo\/image\/"},"sameAs":["https:\/\/www.facebook.com\/KapitalisInfo\/","https:\/\/x.com\/KapitalisInfo","https:\/\/www.youtube.com\/channel\/UC-yDYrHyfFBWWZaOw3FPg9Q"]},{"@type":"Person","@id":"https:\/\/kapitalis.com\/tunisie\/#\/schema\/person\/74bbde0154d49d790a92aaeac5bc01d5","name":"Yusra NY","url":"https:\/\/kapitalis.com\/tunisie\/author\/yuza_adam\/"}]}},"_links":{"self":[{"href":"https:\/\/kapitalis.com\/tunisie\/wp-json\/wp\/v2\/posts\/2401407","targetHints":{"allow":["GET"]}}],"collection":[{"href":"https:\/\/kapitalis.com\/tunisie\/wp-json\/wp\/v2\/posts"}],"about":[{"href":"https:\/\/kapitalis.com\/tunisie\/wp-json\/wp\/v2\/types\/post"}],"author":[{"embeddable":true,"href":"https:\/\/kapitalis.com\/tunisie\/wp-json\/wp\/v2\/users\/6"}],"replies":[{"embeddable":true,"href":"https:\/\/kapitalis.com\/tunisie\/wp-json\/wp\/v2\/comments?post=2401407"}],"version-history":[{"count":0,"href":"https:\/\/kapitalis.com\/tunisie\/wp-json\/wp\/v2\/posts\/2401407\/revisions"}],"wp:featuredmedia":[{"embeddable":true,"href":"https:\/\/kapitalis.com\/tunisie\/wp-json\/wp\/v2\/media\/2401567"}],"wp:attachment":[{"href":"https:\/\/kapitalis.com\/tunisie\/wp-json\/wp\/v2\/media?parent=2401407"}],"wp:term":[{"taxonomy":"category","embeddable":true,"href":"https:\/\/kapitalis.com\/tunisie\/wp-json\/wp\/v2\/categories?post=2401407"},{"taxonomy":"post_tag","embeddable":true,"href":"https:\/\/kapitalis.com\/tunisie\/wp-json\/wp\/v2\/tags?post=2401407"}],"curies":[{"name":"wp","href":"https:\/\/api.w.org\/{rel}","templated":true}]}}