{"id":240198,"date":"2019-09-17T10:15:24","date_gmt":"2019-09-17T09:15:24","guid":{"rendered":"http:\/\/kapitalis.com\/tunisie\/?p=240198"},"modified":"2019-09-17T10:15:27","modified_gmt":"2019-09-17T09:15:27","slug":"ouverture-le-30-septembre-de-lacademie-arabe-des-startups-a-dubai","status":"publish","type":"post","link":"https:\/\/kapitalis.com\/tunisie\/2019\/09\/17\/ouverture-le-30-septembre-de-lacademie-arabe-des-startups-a-dubai\/","title":{"rendered":"Ouverture le 30 septembre de l&rsquo;Acad\u00e9mie arabe des Startups \u00e0 Duba\u00ef"},"content":{"rendered":"\n<figure class=\"wp-block-image\"><img decoding=\"async\" src=\"http:\/\/kapitalis.com\/tunisie\/wp-content\/uploads\/2019\/09\/arab-startup-academy....jpg\" alt=\"\" class=\"wp-image-240224\"\/><\/figure>\n\n\n\n<p><em style=\"\"><b>L&rsquo;Acad\u00e9mie arabe des startups annonce son ouverture, le 30 septembre 2019, <\/b><\/em><em><strong>\u00e0 <\/strong><\/em><strong><em>Duba\u00ef<\/em><\/strong>, <em style=\"\"><b>aux candidats arabes int\u00e9ress\u00e9s \u00e0 y participer<\/b><\/em><strong><em>.<\/em><\/strong> <strong><em>Tous les pays arabes sont concern\u00e9s, y compris, bien s\u00fbr, la Tunisie.<\/em><\/strong><\/p>\n\n\n\n<!--more-->\n\n\n\n<p>L&rsquo;\u00e9v\u00e9nement aura lieu le 30 septembre \u00e0 partir de 9:30 \u00e0 <em><a rel=\"noreferrer noopener\" aria-label=\"Lets Work (s\u2019ouvre dans un nouvel onglet)\" href=\"https:\/\/www.letswork.io\/\" target=\"_blank\">Lets Work<\/a><\/em>, un espace de travail collaboratif \u00e0 Rove Marina Dubai (Level M2).<\/p>\n\n\n\n<p>La Arabian Startup Academy sert de centre de discussion sur les derni\u00e8res opportunit\u00e9s commerciales, les perturbations de cr\u00e9ation d&rsquo;entreprise, les accords de financement, les \u00e9tapes l\u00e9gales et r\u00e9glementaires \u00e0 suivre.  <\/p>\n\n\n\n<p>Le 1er panel comportera une pr\u00e9sentation de<em> <\/em>Sahiqa Bennett, entrepreneur et Pdg fondateur de Searchie, une plate-forme bas\u00e9e sur les talents qui utilise les avanc\u00e9es technologiques modernes, pour aider \u00e0 s\u00e9lectionner des candidats sur la base du mandat de l&#8217;employeur. <\/p>\n\n\n\n<p>Bennett d\u00e9crira \u00e9galement son travail en tant que conseill\u00e8re principale aupr\u00e8s de Lead Ventures de Sheikh Sultan, o\u00f9 elle conseille sur l&rsquo;innovation et la technologie.<\/p>\n\n\n\n<p>Le 2e panel se penchera sur la mani\u00e8re dont les nouveaux entrepreneurs peuvent se d\u00e9velopper hors de leur zone et p\u00e9n\u00e9trer des march\u00e9s au-del\u00e0 de leurs march\u00e9s d&rsquo;origine.<\/p>\n\n\n\n<p>Plusieurs startups prendront part \u00e0 ce panel, comme Aleph Hospitality, Kennedy Towers, Arrow Labs, et The Grooming Company Holding, qui a r\u00e9cemment remport\u00e9 une reconnaissance internationale lors d\u2019une c\u00e9r\u00e9monie de remise des prix.<\/p>\n\n\n\n<p>Le 3e panel examinera les astuces et conseils sur la mani\u00e8re dont les nouvelles entreprises peuvent se lancer sur le march\u00e9, faire passer leur message et cr\u00e9er un profil, le tout avec un budget serr\u00e9. Ce panel se terminera sur des questions-r\u00e9ponses.<\/p>\n\n\n<p>Les inscriptions peuvent se faire \u00e0 partir du <span style=\"color: #0000ff;\">site web de l&rsquo;Acad\u00e9mie.<\/span><\/p>\n<p style=\"text-align: right;\"><strong>Amina Mkada<\/strong> <em>(avec <span style=\"color: #0000ff;\"><a style=\"color: #0000ff;\" href=\"https:\/\/www.arabianbusiness.com\/startup-academy\" target=\"_blank\" rel=\"noreferrer noopener\" aria-label=\"Arabian Business (s\u2019ouvre dans un nouvel onglet)\">Arabian Business<\/a><\/span>).<\/em><\/p>","protected":false},"excerpt":{"rendered":"<p>L&rsquo;Acad\u00e9mie arabe des startups annonce son ouverture, le 30 septembre 2019, \u00e0 Duba\u00ef, aux candidats arabes int\u00e9ress\u00e9s \u00e0 y participer. Tous les pays arabes sont concern\u00e9s, y compris, bien s\u00fbr, la Tunisie.<\/p>\n","protected":false},"author":22,"featured_media":240224,"comment_status":"open","ping_status":"open","sticky":false,"template":"","format":"standard","meta":{"footnotes":""},"categories":[995,2433],"tags":[],"class_list":["post-240198","post","type-post","status-publish","format-standard","has-post-thumbnail","hentry","category-economie","category-tunisie"],"yoast_head":"<!-- This site is optimized with the Yoast SEO plugin v26.6 - https:\/\/yoast.com\/wordpress\/plugins\/seo\/ -->\n<title>Ouverture le 30 septembre de l&#039;Acad\u00e9mie arabe des Startups \u00e0 Duba\u00ef - Kapitalis<\/title>\n<meta name=\"robots\" content=\"index, follow, max-snippet:-1, max-image-preview:large, max-video-preview:-1\" \/>\n<link rel=\"canonical\" href=\"https:\/\/kapitalis.com\/tunisie\/2019\/09\/17\/ouverture-le-30-septembre-de-lacademie-arabe-des-startups-a-dubai\/\" \/>\n<meta property=\"og:locale\" content=\"fr_FR\" \/>\n<meta property=\"og:type\" content=\"article\" \/>\n<meta property=\"og:title\" content=\"Ouverture le 30 septembre de l&#039;Acad\u00e9mie arabe des Startups \u00e0 Duba\u00ef - Kapitalis\" \/>\n<meta property=\"og:description\" content=\"L&rsquo;Acad\u00e9mie arabe des startups annonce son ouverture, le 30 septembre 2019, \u00e0 Duba\u00ef, aux candidats arabes int\u00e9ress\u00e9s \u00e0 y participer. Tous les pays arabes sont concern\u00e9s, y compris, bien s\u00fbr, la Tunisie.\" \/>\n<meta property=\"og:url\" content=\"https:\/\/kapitalis.com\/tunisie\/2019\/09\/17\/ouverture-le-30-septembre-de-lacademie-arabe-des-startups-a-dubai\/\" \/>\n<meta property=\"og:site_name\" content=\"Kapitalis\" \/>\n<meta property=\"article:publisher\" content=\"https:\/\/www.facebook.com\/KapitalisInfo\/\" \/>\n<meta property=\"article:published_time\" content=\"2019-09-17T09:15:24+00:00\" \/>\n<meta property=\"article:modified_time\" content=\"2019-09-17T09:15:27+00:00\" \/>\n<meta property=\"og:image\" content=\"https:\/\/kapitalis.com\/tunisie\/wp-content\/uploads\/2022\/05\/kapitalis-logo-fb.png\" \/>\n\t<meta property=\"og:image:width\" content=\"1200\" \/>\n\t<meta property=\"og:image:height\" content=\"630\" \/>\n\t<meta property=\"og:image:type\" content=\"image\/png\" \/>\n<meta name=\"author\" content=\"Amina Mkada\" \/>\n<meta name=\"twitter:card\" content=\"summary_large_image\" \/>\n<meta name=\"twitter:creator\" content=\"@KapitalisInfo\" \/>\n<meta name=\"twitter:site\" content=\"@KapitalisInfo\" \/>\n<meta name=\"twitter:label1\" content=\"\u00c9crit par\" \/>\n\t<meta name=\"twitter:data1\" content=\"Amina Mkada\" \/>\n\t<meta name=\"twitter:label2\" content=\"Dur\u00e9e de lecture estim\u00e9e\" \/>\n\t<meta name=\"twitter:data2\" content=\"1 minute\" \/>\n<script type=\"application\/ld+json\" class=\"yoast-schema-graph\">{\"@context\":\"https:\/\/schema.org\",\"@graph\":[{\"@type\":\"Article\",\"@id\":\"https:\/\/kapitalis.com\/tunisie\/2019\/09\/17\/ouverture-le-30-septembre-de-lacademie-arabe-des-startups-a-dubai\/#article\",\"isPartOf\":{\"@id\":\"https:\/\/kapitalis.com\/tunisie\/2019\/09\/17\/ouverture-le-30-septembre-de-lacademie-arabe-des-startups-a-dubai\/\"},\"author\":{\"name\":\"Amina Mkada\",\"@id\":\"https:\/\/kapitalis.com\/tunisie\/#\/schema\/person\/093913313d3017554cb3ad077fff3fbd\"},\"headline\":\"Ouverture le 30 septembre de l&rsquo;Acad\u00e9mie arabe des Startups \u00e0 Duba\u00ef\",\"datePublished\":\"2019-09-17T09:15:24+00:00\",\"dateModified\":\"2019-09-17T09:15:27+00:00\",\"mainEntityOfPage\":{\"@id\":\"https:\/\/kapitalis.com\/tunisie\/2019\/09\/17\/ouverture-le-30-septembre-de-lacademie-arabe-des-startups-a-dubai\/\"},\"wordCount\":301,\"commentCount\":0,\"publisher\":{\"@id\":\"https:\/\/kapitalis.com\/tunisie\/#organization\"},\"image\":{\"@id\":\"https:\/\/kapitalis.com\/tunisie\/2019\/09\/17\/ouverture-le-30-septembre-de-lacademie-arabe-des-startups-a-dubai\/#primaryimage\"},\"thumbnailUrl\":\"\",\"articleSection\":[\"ECONOMIE\",\"Tunisie\"],\"inLanguage\":\"fr-FR\",\"potentialAction\":[{\"@type\":\"CommentAction\",\"name\":\"Comment\",\"target\":[\"https:\/\/kapitalis.com\/tunisie\/2019\/09\/17\/ouverture-le-30-septembre-de-lacademie-arabe-des-startups-a-dubai\/#respond\"]}]},{\"@type\":\"WebPage\",\"@id\":\"https:\/\/kapitalis.com\/tunisie\/2019\/09\/17\/ouverture-le-30-septembre-de-lacademie-arabe-des-startups-a-dubai\/\",\"url\":\"https:\/\/kapitalis.com\/tunisie\/2019\/09\/17\/ouverture-le-30-septembre-de-lacademie-arabe-des-startups-a-dubai\/\",\"name\":\"Ouverture le 30 septembre de l'Acad\u00e9mie arabe des Startups \u00e0 Duba\u00ef - Kapitalis\",\"isPartOf\":{\"@id\":\"https:\/\/kapitalis.com\/tunisie\/#website\"},\"primaryImageOfPage\":{\"@id\":\"https:\/\/kapitalis.com\/tunisie\/2019\/09\/17\/ouverture-le-30-septembre-de-lacademie-arabe-des-startups-a-dubai\/#primaryimage\"},\"image\":{\"@id\":\"https:\/\/kapitalis.com\/tunisie\/2019\/09\/17\/ouverture-le-30-septembre-de-lacademie-arabe-des-startups-a-dubai\/#primaryimage\"},\"thumbnailUrl\":\"\",\"datePublished\":\"2019-09-17T09:15:24+00:00\",\"dateModified\":\"2019-09-17T09:15:27+00:00\",\"breadcrumb\":{\"@id\":\"https:\/\/kapitalis.com\/tunisie\/2019\/09\/17\/ouverture-le-30-septembre-de-lacademie-arabe-des-startups-a-dubai\/#breadcrumb\"},\"inLanguage\":\"fr-FR\",\"potentialAction\":[{\"@type\":\"ReadAction\",\"target\":[\"https:\/\/kapitalis.com\/tunisie\/2019\/09\/17\/ouverture-le-30-septembre-de-lacademie-arabe-des-startups-a-dubai\/\"]}]},{\"@type\":\"ImageObject\",\"inLanguage\":\"fr-FR\",\"@id\":\"https:\/\/kapitalis.com\/tunisie\/2019\/09\/17\/ouverture-le-30-septembre-de-lacademie-arabe-des-startups-a-dubai\/#primaryimage\",\"url\":\"\",\"contentUrl\":\"\"},{\"@type\":\"BreadcrumbList\",\"@id\":\"https:\/\/kapitalis.com\/tunisie\/2019\/09\/17\/ouverture-le-30-septembre-de-lacademie-arabe-des-startups-a-dubai\/#breadcrumb\",\"itemListElement\":[{\"@type\":\"ListItem\",\"position\":1,\"name\":\"Accueil\",\"item\":\"https:\/\/kapitalis.com\/tunisie\/\"},{\"@type\":\"ListItem\",\"position\":2,\"name\":\"Ouverture le 30 septembre de l&rsquo;Acad\u00e9mie arabe des Startups \u00e0 Duba\u00ef\"}]},{\"@type\":\"WebSite\",\"@id\":\"https:\/\/kapitalis.com\/tunisie\/#website\",\"url\":\"https:\/\/kapitalis.com\/tunisie\/\",\"name\":\"Kapitalis\",\"description\":\"L&#039;actualit\u00e9 en Tunisie et dans le monde\",\"publisher\":{\"@id\":\"https:\/\/kapitalis.com\/tunisie\/#organization\"},\"potentialAction\":[{\"@type\":\"SearchAction\",\"target\":{\"@type\":\"EntryPoint\",\"urlTemplate\":\"https:\/\/kapitalis.com\/tunisie\/?s={search_term_string}\"},\"query-input\":{\"@type\":\"PropertyValueSpecification\",\"valueRequired\":true,\"valueName\":\"search_term_string\"}}],\"inLanguage\":\"fr-FR\"},{\"@type\":\"Organization\",\"@id\":\"https:\/\/kapitalis.com\/tunisie\/#organization\",\"name\":\"Kapitalis\",\"url\":\"https:\/\/kapitalis.com\/tunisie\/\",\"logo\":{\"@type\":\"ImageObject\",\"inLanguage\":\"fr-FR\",\"@id\":\"https:\/\/kapitalis.com\/tunisie\/#\/schema\/logo\/image\/\",\"url\":\"https:\/\/kapitalis.com\/tunisie\/wp-content\/uploads\/2022\/05\/Kapitalis-big-size.png\",\"contentUrl\":\"https:\/\/kapitalis.com\/tunisie\/wp-content\/uploads\/2022\/05\/Kapitalis-big-size.png\",\"width\":5000,\"height\":1500,\"caption\":\"Kapitalis\"},\"image\":{\"@id\":\"https:\/\/kapitalis.com\/tunisie\/#\/schema\/logo\/image\/\"},\"sameAs\":[\"https:\/\/www.facebook.com\/KapitalisInfo\/\",\"https:\/\/x.com\/KapitalisInfo\",\"https:\/\/www.youtube.com\/channel\/UC-yDYrHyfFBWWZaOw3FPg9Q\"]},{\"@type\":\"Person\",\"@id\":\"https:\/\/kapitalis.com\/tunisie\/#\/schema\/person\/093913313d3017554cb3ad077fff3fbd\",\"name\":\"Amina Mkada\",\"url\":\"https:\/\/kapitalis.com\/tunisie\/author\/amina\/\"}]}<\/script>\n<!-- \/ Yoast SEO plugin. -->","yoast_head_json":{"title":"Ouverture le 30 septembre de l'Acad\u00e9mie arabe des Startups \u00e0 Duba\u00ef - Kapitalis","robots":{"index":"index","follow":"follow","max-snippet":"max-snippet:-1","max-image-preview":"max-image-preview:large","max-video-preview":"max-video-preview:-1"},"canonical":"https:\/\/kapitalis.com\/tunisie\/2019\/09\/17\/ouverture-le-30-septembre-de-lacademie-arabe-des-startups-a-dubai\/","og_locale":"fr_FR","og_type":"article","og_title":"Ouverture le 30 septembre de l'Acad\u00e9mie arabe des Startups \u00e0 Duba\u00ef - Kapitalis","og_description":"L&rsquo;Acad\u00e9mie arabe des startups annonce son ouverture, le 30 septembre 2019, \u00e0 Duba\u00ef, aux candidats arabes int\u00e9ress\u00e9s \u00e0 y participer. Tous les pays arabes sont concern\u00e9s, y compris, bien s\u00fbr, la Tunisie.","og_url":"https:\/\/kapitalis.com\/tunisie\/2019\/09\/17\/ouverture-le-30-septembre-de-lacademie-arabe-des-startups-a-dubai\/","og_site_name":"Kapitalis","article_publisher":"https:\/\/www.facebook.com\/KapitalisInfo\/","article_published_time":"2019-09-17T09:15:24+00:00","article_modified_time":"2019-09-17T09:15:27+00:00","og_image":[{"width":1200,"height":630,"url":"https:\/\/kapitalis.com\/tunisie\/wp-content\/uploads\/2022\/05\/kapitalis-logo-fb.png","type":"image\/png"}],"author":"Amina Mkada","twitter_card":"summary_large_image","twitter_creator":"@KapitalisInfo","twitter_site":"@KapitalisInfo","twitter_misc":{"\u00c9crit par":"Amina Mkada","Dur\u00e9e de lecture estim\u00e9e":"1 minute"},"schema":{"@context":"https:\/\/schema.org","@graph":[{"@type":"Article","@id":"https:\/\/kapitalis.com\/tunisie\/2019\/09\/17\/ouverture-le-30-septembre-de-lacademie-arabe-des-startups-a-dubai\/#article","isPartOf":{"@id":"https:\/\/kapitalis.com\/tunisie\/2019\/09\/17\/ouverture-le-30-septembre-de-lacademie-arabe-des-startups-a-dubai\/"},"author":{"name":"Amina Mkada","@id":"https:\/\/kapitalis.com\/tunisie\/#\/schema\/person\/093913313d3017554cb3ad077fff3fbd"},"headline":"Ouverture le 30 septembre de l&rsquo;Acad\u00e9mie arabe des Startups \u00e0 Duba\u00ef","datePublished":"2019-09-17T09:15:24+00:00","dateModified":"2019-09-17T09:15:27+00:00","mainEntityOfPage":{"@id":"https:\/\/kapitalis.com\/tunisie\/2019\/09\/17\/ouverture-le-30-septembre-de-lacademie-arabe-des-startups-a-dubai\/"},"wordCount":301,"commentCount":0,"publisher":{"@id":"https:\/\/kapitalis.com\/tunisie\/#organization"},"image":{"@id":"https:\/\/kapitalis.com\/tunisie\/2019\/09\/17\/ouverture-le-30-septembre-de-lacademie-arabe-des-startups-a-dubai\/#primaryimage"},"thumbnailUrl":"","articleSection":["ECONOMIE","Tunisie"],"inLanguage":"fr-FR","potentialAction":[{"@type":"CommentAction","name":"Comment","target":["https:\/\/kapitalis.com\/tunisie\/2019\/09\/17\/ouverture-le-30-septembre-de-lacademie-arabe-des-startups-a-dubai\/#respond"]}]},{"@type":"WebPage","@id":"https:\/\/kapitalis.com\/tunisie\/2019\/09\/17\/ouverture-le-30-septembre-de-lacademie-arabe-des-startups-a-dubai\/","url":"https:\/\/kapitalis.com\/tunisie\/2019\/09\/17\/ouverture-le-30-septembre-de-lacademie-arabe-des-startups-a-dubai\/","name":"Ouverture le 30 septembre de l'Acad\u00e9mie arabe des Startups \u00e0 Duba\u00ef - Kapitalis","isPartOf":{"@id":"https:\/\/kapitalis.com\/tunisie\/#website"},"primaryImageOfPage":{"@id":"https:\/\/kapitalis.com\/tunisie\/2019\/09\/17\/ouverture-le-30-septembre-de-lacademie-arabe-des-startups-a-dubai\/#primaryimage"},"image":{"@id":"https:\/\/kapitalis.com\/tunisie\/2019\/09\/17\/ouverture-le-30-septembre-de-lacademie-arabe-des-startups-a-dubai\/#primaryimage"},"thumbnailUrl":"","datePublished":"2019-09-17T09:15:24+00:00","dateModified":"2019-09-17T09:15:27+00:00","breadcrumb":{"@id":"https:\/\/kapitalis.com\/tunisie\/2019\/09\/17\/ouverture-le-30-septembre-de-lacademie-arabe-des-startups-a-dubai\/#breadcrumb"},"inLanguage":"fr-FR","potentialAction":[{"@type":"ReadAction","target":["https:\/\/kapitalis.com\/tunisie\/2019\/09\/17\/ouverture-le-30-septembre-de-lacademie-arabe-des-startups-a-dubai\/"]}]},{"@type":"ImageObject","inLanguage":"fr-FR","@id":"https:\/\/kapitalis.com\/tunisie\/2019\/09\/17\/ouverture-le-30-septembre-de-lacademie-arabe-des-startups-a-dubai\/#primaryimage","url":"","contentUrl":""},{"@type":"BreadcrumbList","@id":"https:\/\/kapitalis.com\/tunisie\/2019\/09\/17\/ouverture-le-30-septembre-de-lacademie-arabe-des-startups-a-dubai\/#breadcrumb","itemListElement":[{"@type":"ListItem","position":1,"name":"Accueil","item":"https:\/\/kapitalis.com\/tunisie\/"},{"@type":"ListItem","position":2,"name":"Ouverture le 30 septembre de l&rsquo;Acad\u00e9mie arabe des Startups \u00e0 Duba\u00ef"}]},{"@type":"WebSite","@id":"https:\/\/kapitalis.com\/tunisie\/#website","url":"https:\/\/kapitalis.com\/tunisie\/","name":"Kapitalis","description":"L&#039;actualit\u00e9 en Tunisie et dans le monde","publisher":{"@id":"https:\/\/kapitalis.com\/tunisie\/#organization"},"potentialAction":[{"@type":"SearchAction","target":{"@type":"EntryPoint","urlTemplate":"https:\/\/kapitalis.com\/tunisie\/?s={search_term_string}"},"query-input":{"@type":"PropertyValueSpecification","valueRequired":true,"valueName":"search_term_string"}}],"inLanguage":"fr-FR"},{"@type":"Organization","@id":"https:\/\/kapitalis.com\/tunisie\/#organization","name":"Kapitalis","url":"https:\/\/kapitalis.com\/tunisie\/","logo":{"@type":"ImageObject","inLanguage":"fr-FR","@id":"https:\/\/kapitalis.com\/tunisie\/#\/schema\/logo\/image\/","url":"https:\/\/kapitalis.com\/tunisie\/wp-content\/uploads\/2022\/05\/Kapitalis-big-size.png","contentUrl":"https:\/\/kapitalis.com\/tunisie\/wp-content\/uploads\/2022\/05\/Kapitalis-big-size.png","width":5000,"height":1500,"caption":"Kapitalis"},"image":{"@id":"https:\/\/kapitalis.com\/tunisie\/#\/schema\/logo\/image\/"},"sameAs":["https:\/\/www.facebook.com\/KapitalisInfo\/","https:\/\/x.com\/KapitalisInfo","https:\/\/www.youtube.com\/channel\/UC-yDYrHyfFBWWZaOw3FPg9Q"]},{"@type":"Person","@id":"https:\/\/kapitalis.com\/tunisie\/#\/schema\/person\/093913313d3017554cb3ad077fff3fbd","name":"Amina Mkada","url":"https:\/\/kapitalis.com\/tunisie\/author\/amina\/"}]}},"_links":{"self":[{"href":"https:\/\/kapitalis.com\/tunisie\/wp-json\/wp\/v2\/posts\/240198","targetHints":{"allow":["GET"]}}],"collection":[{"href":"https:\/\/kapitalis.com\/tunisie\/wp-json\/wp\/v2\/posts"}],"about":[{"href":"https:\/\/kapitalis.com\/tunisie\/wp-json\/wp\/v2\/types\/post"}],"author":[{"embeddable":true,"href":"https:\/\/kapitalis.com\/tunisie\/wp-json\/wp\/v2\/users\/22"}],"replies":[{"embeddable":true,"href":"https:\/\/kapitalis.com\/tunisie\/wp-json\/wp\/v2\/comments?post=240198"}],"version-history":[{"count":0,"href":"https:\/\/kapitalis.com\/tunisie\/wp-json\/wp\/v2\/posts\/240198\/revisions"}],"wp:featuredmedia":[{"embeddable":true,"href":"https:\/\/kapitalis.com\/tunisie\/wp-json\/wp\/v2\/media\/240224"}],"wp:attachment":[{"href":"https:\/\/kapitalis.com\/tunisie\/wp-json\/wp\/v2\/media?parent=240198"}],"wp:term":[{"taxonomy":"category","embeddable":true,"href":"https:\/\/kapitalis.com\/tunisie\/wp-json\/wp\/v2\/categories?post=240198"},{"taxonomy":"post_tag","embeddable":true,"href":"https:\/\/kapitalis.com\/tunisie\/wp-json\/wp\/v2\/tags?post=240198"}],"curies":[{"name":"wp","href":"https:\/\/api.w.org\/{rel}","templated":true}]}}