{"id":240491,"date":"2019-09-17T22:56:50","date_gmt":"2019-09-17T21:56:50","guid":{"rendered":"http:\/\/kapitalis.com\/tunisie\/?p=240491"},"modified":"2019-09-18T08:25:12","modified_gmt":"2019-09-18T07:25:12","slug":"presidentielle-anticipee-lotfi-mraihi-annonce-son-soutien-a-kais-saied-pour-le-2e-tour-video","status":"publish","type":"post","link":"https:\/\/kapitalis.com\/tunisie\/2019\/09\/17\/presidentielle-anticipee-lotfi-mraihi-annonce-son-soutien-a-kais-saied-pour-le-2e-tour-video\/","title":{"rendered":"Pr\u00e9sidentielle anticip\u00e9e : Lotfi Mraihi annonce son soutien \u00e0 Ka\u00efs Sa\u00efed pour le 2e tour (vid\u00e9o)"},"content":{"rendered":"\n<figure class=\"wp-block-image\"><img decoding=\"async\" src=\"http:\/\/kapitalis.com\/tunisie\/wp-content\/uploads\/2019\/09\/Lotfi-Mraihi.jpg\" alt=\"\" class=\"wp-image-240494\"\/><\/figure>\n\n\n\n<p><strong><em>Lotfi Mraihi, candidat de l&rsquo;Union populaire r\u00e9publicaine (UPR), class\u00e9 7e au 1er tour de la pr\u00e9sidentielle anticip\u00e9e du 15 septembre 2019, avec 6,56% des suffrages exprim\u00e9s, a annonc\u00e9 son soutien \u00e0 Kais Sa\u00efed pour le 2e tour de ce scrutin, en indiquant qu&rsquo;il ne peut pas voter pour Nabil Karoui.<\/em><\/strong><\/p>\n\n\n\n<!--more-->\n\n\n\n<p>Lotfi Maraihi a ajout\u00e9, dans une vid\u00e9o publi\u00e9 aujourd\u2019hui, mardi 17 septembre 2019, sur sa page Facebook, qu&rsquo;il ne peut que soutenir une personne propre et int\u00e8gre, en rappelant son interview, en ao\u00fbt dernier, sur Nessma TV, cha\u00eene de Nabil Karoui, o\u00f9 il avait indiqu\u00e9 que ce dernier ne respecte pas la loi et ne devrait pas se pr\u00e9senter \u00e0 la pr\u00e9sidentielle. <\/p>\n\n\n\n<p>M. Mrahi a \u00e9galement pr\u00e9cis\u00e9 ni conna\u00eetre Ka\u00efs Sa\u00efd personnellement, ni la totalit\u00e9 de son programme, mais estime que ce candidat est un homme \u00ab<em>int\u00e8gre, r\u00e9volutionnaire et proche du peuple<\/em>\u00bb.<\/p>\n\n\n\n<figure class=\"wp-block-embed-facebook wp-block-embed is-type-video is-provider-facebook\"><div class=\"wp-block-embed__wrapper\">\nhttps:\/\/www.facebook.com\/lotfi.mraihi\/videos\/914701622249457\/\n<\/div><\/figure>\n\n\n\n<p>Sur un autre plan, Lotfi Mraihi s\u2019est dit satisfait de ses r\u00e9sultats lors du premier tour de la pr\u00e9sidentielle, pour sa premi\u00e8re exp\u00e9rience, tout en regrettant que les m\u00e9dias ne lui aient pas accord\u00e9 beaucoup de temps lors de sa campagne \u00e9lectorale, ajoutant qu&rsquo;il ne s&rsquo;est fait conna\u00eetre que lors des 15 derniers jours.<\/p>\n\n\n\n<p>Il a \u00e9galement remerci\u00e9 ceux qui l&rsquo;ont soutenu et cru en lui, en se disant reconnaissant et en s&rsquo;engageant \u00e0 poursuivre le travail et son engagement pour la patrie et pour r\u00e9ussir les l\u00e9gislatives avec les 22 listes de l&rsquo;Union populaire r\u00e9publicaine.<\/p>\n\n\n\n<p style=\"text-align:right\"><strong>Y. N.<\/strong><\/p>\n\n\n\n<figure class=\"wp-block-embed-wordpress wp-block-embed is-type-wp-embed is-provider-kapitalis\"><div class=\"wp-block-embed__wrapper\">\n<blockquote class=\"wp-embedded-content\" data-secret=\"IU5epZnx2u\"><a href=\"https:\/\/kapitalis.com\/tunisie\/2019\/08\/08\/lotfi-mraihi-sur-nessma-tv-karoui-ne-respecte-pas-la-loi-et-ne-devrait-pas-se-presenter-a-la-presidentielle-video\/\">Lotfi Mraihi sur Nessma TV :  Karoui ne respecte pas la loi et ne devrait pas se pr\u00e9senter \u00e0 la pr\u00e9sidentielle (vid\u00e9o)<\/a><\/blockquote><iframe loading=\"lazy\" class=\"wp-embedded-content\" sandbox=\"allow-scripts\" security=\"restricted\" style=\"position: absolute; clip: rect(1px, 1px, 1px, 1px);\" title=\"\u00ab\u00a0Lotfi Mraihi sur Nessma TV :  Karoui ne respecte pas la loi et ne devrait pas se pr\u00e9senter \u00e0 la pr\u00e9sidentielle (vid\u00e9o)\u00a0\u00bb &#8212; Kapitalis\" src=\"https:\/\/kapitalis.com\/tunisie\/2019\/08\/08\/lotfi-mraihi-sur-nessma-tv-karoui-ne-respecte-pas-la-loi-et-ne-devrait-pas-se-presenter-a-la-presidentielle-video\/embed\/#?secret=eKTIdSBZhP#?secret=IU5epZnx2u\" data-secret=\"IU5epZnx2u\" width=\"600\" height=\"338\" frameborder=\"0\" marginwidth=\"0\" marginheight=\"0\" scrolling=\"no\"><\/iframe>\n<\/div><\/figure>\n\n\n\n<figure class=\"wp-block-embed-wordpress wp-block-embed is-type-wp-embed is-provider-kapitalis\"><div class=\"wp-block-embed__wrapper\">\n<blockquote class=\"wp-embedded-content\" data-secret=\"afJji5WDLq\"><a href=\"https:\/\/kapitalis.com\/tunisie\/2019\/09\/03\/biographie-de-lotfi-meraihi-candidat-aux-presidentielles-anticipees-du-15-septembre\/\">Biographie de Mohamed Lotfi Mra\u00efhi, candidat aux pr\u00e9sidentielles anticip\u00e9es du 15 septembre 2019<\/a><\/blockquote><iframe loading=\"lazy\" class=\"wp-embedded-content\" sandbox=\"allow-scripts\" security=\"restricted\" style=\"position: absolute; clip: rect(1px, 1px, 1px, 1px);\" title=\"\u00ab\u00a0Biographie de Mohamed Lotfi Mra\u00efhi, candidat aux pr\u00e9sidentielles anticip\u00e9es du 15 septembre 2019\u00a0\u00bb &#8212; Kapitalis\" src=\"https:\/\/kapitalis.com\/tunisie\/2019\/09\/03\/biographie-de-lotfi-meraihi-candidat-aux-presidentielles-anticipees-du-15-septembre\/embed\/#?secret=IbImpn0bxH#?secret=afJji5WDLq\" data-secret=\"afJji5WDLq\" width=\"600\" height=\"338\" frameborder=\"0\" marginwidth=\"0\" marginheight=\"0\" scrolling=\"no\"><\/iframe>\n<\/div><\/figure>\n","protected":false},"excerpt":{"rendered":"<p>Lotfi Mraihi, candidat de l&rsquo;Union populaire r\u00e9publicaine (UPR), class\u00e9 7e au 1er tour de la pr\u00e9sidentielle anticip\u00e9e du 15 septembre 2019, avec 6,56% des suffrages exprim\u00e9s, a annonc\u00e9 son soutien \u00e0 Kais Sa\u00efed pour le 2e tour de ce scrutin, en indiquant qu&rsquo;il ne peut pas voter pour Nabil Karoui.<\/p>\n","protected":false},"author":6,"featured_media":240494,"comment_status":"open","ping_status":"open","sticky":false,"template":"","format":"standard","meta":{"footnotes":""},"categories":[997,2433,4806],"tags":[],"class_list":["post-240491","post","type-post","status-publish","format-standard","has-post-thumbnail","hentry","category-politique","category-tunisie","category-videos"],"yoast_head":"<!-- This site is optimized with the Yoast SEO plugin v26.6 - https:\/\/yoast.com\/wordpress\/plugins\/seo\/ -->\n<title>Pr\u00e9sidentielle anticip\u00e9e : Lotfi Mraihi annonce son soutien \u00e0 Ka\u00efs Sa\u00efed pour le 2e tour (vid\u00e9o) - Kapitalis<\/title>\n<meta name=\"robots\" content=\"index, follow, max-snippet:-1, max-image-preview:large, max-video-preview:-1\" \/>\n<link rel=\"canonical\" href=\"https:\/\/kapitalis.com\/tunisie\/2019\/09\/17\/presidentielle-anticipee-lotfi-mraihi-annonce-son-soutien-a-kais-saied-pour-le-2e-tour-video\/\" \/>\n<meta property=\"og:locale\" content=\"fr_FR\" \/>\n<meta property=\"og:type\" content=\"article\" \/>\n<meta property=\"og:title\" content=\"Pr\u00e9sidentielle anticip\u00e9e : Lotfi Mraihi annonce son soutien \u00e0 Ka\u00efs Sa\u00efed pour le 2e tour (vid\u00e9o) - Kapitalis\" \/>\n<meta property=\"og:description\" content=\"Lotfi Mraihi, candidat de l&rsquo;Union populaire r\u00e9publicaine (UPR), class\u00e9 7e au 1er tour de la pr\u00e9sidentielle anticip\u00e9e du 15 septembre 2019, avec 6,56% des suffrages exprim\u00e9s, a annonc\u00e9 son soutien \u00e0 Kais Sa\u00efed pour le 2e tour de ce scrutin, en indiquant qu&rsquo;il ne peut pas voter pour Nabil Karoui.\" \/>\n<meta property=\"og:url\" content=\"https:\/\/kapitalis.com\/tunisie\/2019\/09\/17\/presidentielle-anticipee-lotfi-mraihi-annonce-son-soutien-a-kais-saied-pour-le-2e-tour-video\/\" \/>\n<meta property=\"og:site_name\" content=\"Kapitalis\" \/>\n<meta property=\"article:publisher\" content=\"https:\/\/www.facebook.com\/KapitalisInfo\/\" \/>\n<meta property=\"article:published_time\" content=\"2019-09-17T21:56:50+00:00\" \/>\n<meta property=\"article:modified_time\" content=\"2019-09-18T07:25:12+00:00\" \/>\n<meta property=\"og:image\" content=\"https:\/\/kapitalis.com\/tunisie\/wp-content\/uploads\/2022\/05\/kapitalis-logo-fb.png\" \/>\n\t<meta property=\"og:image:width\" content=\"1200\" \/>\n\t<meta property=\"og:image:height\" content=\"630\" \/>\n\t<meta property=\"og:image:type\" content=\"image\/png\" \/>\n<meta name=\"author\" content=\"Yusra NY\" \/>\n<meta name=\"twitter:card\" content=\"summary_large_image\" \/>\n<meta name=\"twitter:creator\" content=\"@KapitalisInfo\" \/>\n<meta name=\"twitter:site\" content=\"@KapitalisInfo\" \/>\n<meta name=\"twitter:label1\" content=\"\u00c9crit par\" \/>\n\t<meta name=\"twitter:data1\" content=\"Yusra NY\" \/>\n\t<meta name=\"twitter:label2\" content=\"Dur\u00e9e de lecture estim\u00e9e\" \/>\n\t<meta name=\"twitter:data2\" content=\"1 minute\" \/>\n<script type=\"application\/ld+json\" class=\"yoast-schema-graph\">{\"@context\":\"https:\/\/schema.org\",\"@graph\":[{\"@type\":\"Article\",\"@id\":\"https:\/\/kapitalis.com\/tunisie\/2019\/09\/17\/presidentielle-anticipee-lotfi-mraihi-annonce-son-soutien-a-kais-saied-pour-le-2e-tour-video\/#article\",\"isPartOf\":{\"@id\":\"https:\/\/kapitalis.com\/tunisie\/2019\/09\/17\/presidentielle-anticipee-lotfi-mraihi-annonce-son-soutien-a-kais-saied-pour-le-2e-tour-video\/\"},\"author\":{\"name\":\"Yusra NY\",\"@id\":\"https:\/\/kapitalis.com\/tunisie\/#\/schema\/person\/74bbde0154d49d790a92aaeac5bc01d5\"},\"headline\":\"Pr\u00e9sidentielle anticip\u00e9e : Lotfi Mraihi annonce son soutien \u00e0 Ka\u00efs Sa\u00efed pour le 2e tour (vid\u00e9o)\",\"datePublished\":\"2019-09-17T21:56:50+00:00\",\"dateModified\":\"2019-09-18T07:25:12+00:00\",\"mainEntityOfPage\":{\"@id\":\"https:\/\/kapitalis.com\/tunisie\/2019\/09\/17\/presidentielle-anticipee-lotfi-mraihi-annonce-son-soutien-a-kais-saied-pour-le-2e-tour-video\/\"},\"wordCount\":295,\"commentCount\":2,\"publisher\":{\"@id\":\"https:\/\/kapitalis.com\/tunisie\/#organization\"},\"image\":{\"@id\":\"https:\/\/kapitalis.com\/tunisie\/2019\/09\/17\/presidentielle-anticipee-lotfi-mraihi-annonce-son-soutien-a-kais-saied-pour-le-2e-tour-video\/#primaryimage\"},\"thumbnailUrl\":\"\",\"articleSection\":[\"POLITIQUE\",\"Tunisie\",\"VIDEOS\"],\"inLanguage\":\"fr-FR\",\"potentialAction\":[{\"@type\":\"CommentAction\",\"name\":\"Comment\",\"target\":[\"https:\/\/kapitalis.com\/tunisie\/2019\/09\/17\/presidentielle-anticipee-lotfi-mraihi-annonce-son-soutien-a-kais-saied-pour-le-2e-tour-video\/#respond\"]}]},{\"@type\":\"WebPage\",\"@id\":\"https:\/\/kapitalis.com\/tunisie\/2019\/09\/17\/presidentielle-anticipee-lotfi-mraihi-annonce-son-soutien-a-kais-saied-pour-le-2e-tour-video\/\",\"url\":\"https:\/\/kapitalis.com\/tunisie\/2019\/09\/17\/presidentielle-anticipee-lotfi-mraihi-annonce-son-soutien-a-kais-saied-pour-le-2e-tour-video\/\",\"name\":\"Pr\u00e9sidentielle anticip\u00e9e : Lotfi Mraihi annonce son soutien \u00e0 Ka\u00efs Sa\u00efed pour le 2e tour (vid\u00e9o) - Kapitalis\",\"isPartOf\":{\"@id\":\"https:\/\/kapitalis.com\/tunisie\/#website\"},\"primaryImageOfPage\":{\"@id\":\"https:\/\/kapitalis.com\/tunisie\/2019\/09\/17\/presidentielle-anticipee-lotfi-mraihi-annonce-son-soutien-a-kais-saied-pour-le-2e-tour-video\/#primaryimage\"},\"image\":{\"@id\":\"https:\/\/kapitalis.com\/tunisie\/2019\/09\/17\/presidentielle-anticipee-lotfi-mraihi-annonce-son-soutien-a-kais-saied-pour-le-2e-tour-video\/#primaryimage\"},\"thumbnailUrl\":\"\",\"datePublished\":\"2019-09-17T21:56:50+00:00\",\"dateModified\":\"2019-09-18T07:25:12+00:00\",\"breadcrumb\":{\"@id\":\"https:\/\/kapitalis.com\/tunisie\/2019\/09\/17\/presidentielle-anticipee-lotfi-mraihi-annonce-son-soutien-a-kais-saied-pour-le-2e-tour-video\/#breadcrumb\"},\"inLanguage\":\"fr-FR\",\"potentialAction\":[{\"@type\":\"ReadAction\",\"target\":[\"https:\/\/kapitalis.com\/tunisie\/2019\/09\/17\/presidentielle-anticipee-lotfi-mraihi-annonce-son-soutien-a-kais-saied-pour-le-2e-tour-video\/\"]}]},{\"@type\":\"ImageObject\",\"inLanguage\":\"fr-FR\",\"@id\":\"https:\/\/kapitalis.com\/tunisie\/2019\/09\/17\/presidentielle-anticipee-lotfi-mraihi-annonce-son-soutien-a-kais-saied-pour-le-2e-tour-video\/#primaryimage\",\"url\":\"\",\"contentUrl\":\"\"},{\"@type\":\"BreadcrumbList\",\"@id\":\"https:\/\/kapitalis.com\/tunisie\/2019\/09\/17\/presidentielle-anticipee-lotfi-mraihi-annonce-son-soutien-a-kais-saied-pour-le-2e-tour-video\/#breadcrumb\",\"itemListElement\":[{\"@type\":\"ListItem\",\"position\":1,\"name\":\"Accueil\",\"item\":\"https:\/\/kapitalis.com\/tunisie\/\"},{\"@type\":\"ListItem\",\"position\":2,\"name\":\"Pr\u00e9sidentielle anticip\u00e9e : Lotfi Mraihi annonce son soutien \u00e0 Ka\u00efs Sa\u00efed pour le 2e tour (vid\u00e9o)\"}]},{\"@type\":\"WebSite\",\"@id\":\"https:\/\/kapitalis.com\/tunisie\/#website\",\"url\":\"https:\/\/kapitalis.com\/tunisie\/\",\"name\":\"Kapitalis\",\"description\":\"L&#039;actualit\u00e9 en Tunisie et dans le monde\",\"publisher\":{\"@id\":\"https:\/\/kapitalis.com\/tunisie\/#organization\"},\"potentialAction\":[{\"@type\":\"SearchAction\",\"target\":{\"@type\":\"EntryPoint\",\"urlTemplate\":\"https:\/\/kapitalis.com\/tunisie\/?s={search_term_string}\"},\"query-input\":{\"@type\":\"PropertyValueSpecification\",\"valueRequired\":true,\"valueName\":\"search_term_string\"}}],\"inLanguage\":\"fr-FR\"},{\"@type\":\"Organization\",\"@id\":\"https:\/\/kapitalis.com\/tunisie\/#organization\",\"name\":\"Kapitalis\",\"url\":\"https:\/\/kapitalis.com\/tunisie\/\",\"logo\":{\"@type\":\"ImageObject\",\"inLanguage\":\"fr-FR\",\"@id\":\"https:\/\/kapitalis.com\/tunisie\/#\/schema\/logo\/image\/\",\"url\":\"https:\/\/kapitalis.com\/tunisie\/wp-content\/uploads\/2022\/05\/Kapitalis-big-size.png\",\"contentUrl\":\"https:\/\/kapitalis.com\/tunisie\/wp-content\/uploads\/2022\/05\/Kapitalis-big-size.png\",\"width\":5000,\"height\":1500,\"caption\":\"Kapitalis\"},\"image\":{\"@id\":\"https:\/\/kapitalis.com\/tunisie\/#\/schema\/logo\/image\/\"},\"sameAs\":[\"https:\/\/www.facebook.com\/KapitalisInfo\/\",\"https:\/\/x.com\/KapitalisInfo\",\"https:\/\/www.youtube.com\/channel\/UC-yDYrHyfFBWWZaOw3FPg9Q\"]},{\"@type\":\"Person\",\"@id\":\"https:\/\/kapitalis.com\/tunisie\/#\/schema\/person\/74bbde0154d49d790a92aaeac5bc01d5\",\"name\":\"Yusra NY\",\"url\":\"https:\/\/kapitalis.com\/tunisie\/author\/yuza_adam\/\"}]}<\/script>\n<!-- \/ Yoast SEO plugin. -->","yoast_head_json":{"title":"Pr\u00e9sidentielle anticip\u00e9e : Lotfi Mraihi annonce son soutien \u00e0 Ka\u00efs Sa\u00efed pour le 2e tour (vid\u00e9o) - Kapitalis","robots":{"index":"index","follow":"follow","max-snippet":"max-snippet:-1","max-image-preview":"max-image-preview:large","max-video-preview":"max-video-preview:-1"},"canonical":"https:\/\/kapitalis.com\/tunisie\/2019\/09\/17\/presidentielle-anticipee-lotfi-mraihi-annonce-son-soutien-a-kais-saied-pour-le-2e-tour-video\/","og_locale":"fr_FR","og_type":"article","og_title":"Pr\u00e9sidentielle anticip\u00e9e : Lotfi Mraihi annonce son soutien \u00e0 Ka\u00efs Sa\u00efed pour le 2e tour (vid\u00e9o) - Kapitalis","og_description":"Lotfi Mraihi, candidat de l&rsquo;Union populaire r\u00e9publicaine (UPR), class\u00e9 7e au 1er tour de la pr\u00e9sidentielle anticip\u00e9e du 15 septembre 2019, avec 6,56% des suffrages exprim\u00e9s, a annonc\u00e9 son soutien \u00e0 Kais Sa\u00efed pour le 2e tour de ce scrutin, en indiquant qu&rsquo;il ne peut pas voter pour Nabil Karoui.","og_url":"https:\/\/kapitalis.com\/tunisie\/2019\/09\/17\/presidentielle-anticipee-lotfi-mraihi-annonce-son-soutien-a-kais-saied-pour-le-2e-tour-video\/","og_site_name":"Kapitalis","article_publisher":"https:\/\/www.facebook.com\/KapitalisInfo\/","article_published_time":"2019-09-17T21:56:50+00:00","article_modified_time":"2019-09-18T07:25:12+00:00","og_image":[{"width":1200,"height":630,"url":"https:\/\/kapitalis.com\/tunisie\/wp-content\/uploads\/2022\/05\/kapitalis-logo-fb.png","type":"image\/png"}],"author":"Yusra NY","twitter_card":"summary_large_image","twitter_creator":"@KapitalisInfo","twitter_site":"@KapitalisInfo","twitter_misc":{"\u00c9crit par":"Yusra NY","Dur\u00e9e de lecture estim\u00e9e":"1 minute"},"schema":{"@context":"https:\/\/schema.org","@graph":[{"@type":"Article","@id":"https:\/\/kapitalis.com\/tunisie\/2019\/09\/17\/presidentielle-anticipee-lotfi-mraihi-annonce-son-soutien-a-kais-saied-pour-le-2e-tour-video\/#article","isPartOf":{"@id":"https:\/\/kapitalis.com\/tunisie\/2019\/09\/17\/presidentielle-anticipee-lotfi-mraihi-annonce-son-soutien-a-kais-saied-pour-le-2e-tour-video\/"},"author":{"name":"Yusra NY","@id":"https:\/\/kapitalis.com\/tunisie\/#\/schema\/person\/74bbde0154d49d790a92aaeac5bc01d5"},"headline":"Pr\u00e9sidentielle anticip\u00e9e : Lotfi Mraihi annonce son soutien \u00e0 Ka\u00efs Sa\u00efed pour le 2e tour (vid\u00e9o)","datePublished":"2019-09-17T21:56:50+00:00","dateModified":"2019-09-18T07:25:12+00:00","mainEntityOfPage":{"@id":"https:\/\/kapitalis.com\/tunisie\/2019\/09\/17\/presidentielle-anticipee-lotfi-mraihi-annonce-son-soutien-a-kais-saied-pour-le-2e-tour-video\/"},"wordCount":295,"commentCount":2,"publisher":{"@id":"https:\/\/kapitalis.com\/tunisie\/#organization"},"image":{"@id":"https:\/\/kapitalis.com\/tunisie\/2019\/09\/17\/presidentielle-anticipee-lotfi-mraihi-annonce-son-soutien-a-kais-saied-pour-le-2e-tour-video\/#primaryimage"},"thumbnailUrl":"","articleSection":["POLITIQUE","Tunisie","VIDEOS"],"inLanguage":"fr-FR","potentialAction":[{"@type":"CommentAction","name":"Comment","target":["https:\/\/kapitalis.com\/tunisie\/2019\/09\/17\/presidentielle-anticipee-lotfi-mraihi-annonce-son-soutien-a-kais-saied-pour-le-2e-tour-video\/#respond"]}]},{"@type":"WebPage","@id":"https:\/\/kapitalis.com\/tunisie\/2019\/09\/17\/presidentielle-anticipee-lotfi-mraihi-annonce-son-soutien-a-kais-saied-pour-le-2e-tour-video\/","url":"https:\/\/kapitalis.com\/tunisie\/2019\/09\/17\/presidentielle-anticipee-lotfi-mraihi-annonce-son-soutien-a-kais-saied-pour-le-2e-tour-video\/","name":"Pr\u00e9sidentielle anticip\u00e9e : Lotfi Mraihi annonce son soutien \u00e0 Ka\u00efs Sa\u00efed pour le 2e tour (vid\u00e9o) - Kapitalis","isPartOf":{"@id":"https:\/\/kapitalis.com\/tunisie\/#website"},"primaryImageOfPage":{"@id":"https:\/\/kapitalis.com\/tunisie\/2019\/09\/17\/presidentielle-anticipee-lotfi-mraihi-annonce-son-soutien-a-kais-saied-pour-le-2e-tour-video\/#primaryimage"},"image":{"@id":"https:\/\/kapitalis.com\/tunisie\/2019\/09\/17\/presidentielle-anticipee-lotfi-mraihi-annonce-son-soutien-a-kais-saied-pour-le-2e-tour-video\/#primaryimage"},"thumbnailUrl":"","datePublished":"2019-09-17T21:56:50+00:00","dateModified":"2019-09-18T07:25:12+00:00","breadcrumb":{"@id":"https:\/\/kapitalis.com\/tunisie\/2019\/09\/17\/presidentielle-anticipee-lotfi-mraihi-annonce-son-soutien-a-kais-saied-pour-le-2e-tour-video\/#breadcrumb"},"inLanguage":"fr-FR","potentialAction":[{"@type":"ReadAction","target":["https:\/\/kapitalis.com\/tunisie\/2019\/09\/17\/presidentielle-anticipee-lotfi-mraihi-annonce-son-soutien-a-kais-saied-pour-le-2e-tour-video\/"]}]},{"@type":"ImageObject","inLanguage":"fr-FR","@id":"https:\/\/kapitalis.com\/tunisie\/2019\/09\/17\/presidentielle-anticipee-lotfi-mraihi-annonce-son-soutien-a-kais-saied-pour-le-2e-tour-video\/#primaryimage","url":"","contentUrl":""},{"@type":"BreadcrumbList","@id":"https:\/\/kapitalis.com\/tunisie\/2019\/09\/17\/presidentielle-anticipee-lotfi-mraihi-annonce-son-soutien-a-kais-saied-pour-le-2e-tour-video\/#breadcrumb","itemListElement":[{"@type":"ListItem","position":1,"name":"Accueil","item":"https:\/\/kapitalis.com\/tunisie\/"},{"@type":"ListItem","position":2,"name":"Pr\u00e9sidentielle anticip\u00e9e : Lotfi Mraihi annonce son soutien \u00e0 Ka\u00efs Sa\u00efed pour le 2e tour (vid\u00e9o)"}]},{"@type":"WebSite","@id":"https:\/\/kapitalis.com\/tunisie\/#website","url":"https:\/\/kapitalis.com\/tunisie\/","name":"Kapitalis","description":"L&#039;actualit\u00e9 en Tunisie et dans le monde","publisher":{"@id":"https:\/\/kapitalis.com\/tunisie\/#organization"},"potentialAction":[{"@type":"SearchAction","target":{"@type":"EntryPoint","urlTemplate":"https:\/\/kapitalis.com\/tunisie\/?s={search_term_string}"},"query-input":{"@type":"PropertyValueSpecification","valueRequired":true,"valueName":"search_term_string"}}],"inLanguage":"fr-FR"},{"@type":"Organization","@id":"https:\/\/kapitalis.com\/tunisie\/#organization","name":"Kapitalis","url":"https:\/\/kapitalis.com\/tunisie\/","logo":{"@type":"ImageObject","inLanguage":"fr-FR","@id":"https:\/\/kapitalis.com\/tunisie\/#\/schema\/logo\/image\/","url":"https:\/\/kapitalis.com\/tunisie\/wp-content\/uploads\/2022\/05\/Kapitalis-big-size.png","contentUrl":"https:\/\/kapitalis.com\/tunisie\/wp-content\/uploads\/2022\/05\/Kapitalis-big-size.png","width":5000,"height":1500,"caption":"Kapitalis"},"image":{"@id":"https:\/\/kapitalis.com\/tunisie\/#\/schema\/logo\/image\/"},"sameAs":["https:\/\/www.facebook.com\/KapitalisInfo\/","https:\/\/x.com\/KapitalisInfo","https:\/\/www.youtube.com\/channel\/UC-yDYrHyfFBWWZaOw3FPg9Q"]},{"@type":"Person","@id":"https:\/\/kapitalis.com\/tunisie\/#\/schema\/person\/74bbde0154d49d790a92aaeac5bc01d5","name":"Yusra NY","url":"https:\/\/kapitalis.com\/tunisie\/author\/yuza_adam\/"}]}},"_links":{"self":[{"href":"https:\/\/kapitalis.com\/tunisie\/wp-json\/wp\/v2\/posts\/240491","targetHints":{"allow":["GET"]}}],"collection":[{"href":"https:\/\/kapitalis.com\/tunisie\/wp-json\/wp\/v2\/posts"}],"about":[{"href":"https:\/\/kapitalis.com\/tunisie\/wp-json\/wp\/v2\/types\/post"}],"author":[{"embeddable":true,"href":"https:\/\/kapitalis.com\/tunisie\/wp-json\/wp\/v2\/users\/6"}],"replies":[{"embeddable":true,"href":"https:\/\/kapitalis.com\/tunisie\/wp-json\/wp\/v2\/comments?post=240491"}],"version-history":[{"count":0,"href":"https:\/\/kapitalis.com\/tunisie\/wp-json\/wp\/v2\/posts\/240491\/revisions"}],"wp:featuredmedia":[{"embeddable":true,"href":"https:\/\/kapitalis.com\/tunisie\/wp-json\/wp\/v2\/media\/240494"}],"wp:attachment":[{"href":"https:\/\/kapitalis.com\/tunisie\/wp-json\/wp\/v2\/media?parent=240491"}],"wp:term":[{"taxonomy":"category","embeddable":true,"href":"https:\/\/kapitalis.com\/tunisie\/wp-json\/wp\/v2\/categories?post=240491"},{"taxonomy":"post_tag","embeddable":true,"href":"https:\/\/kapitalis.com\/tunisie\/wp-json\/wp\/v2\/tags?post=240491"}],"curies":[{"name":"wp","href":"https:\/\/api.w.org\/{rel}","templated":true}]}}